{"id":8301,"date":"2026-04-28T02:57:02","date_gmt":"2026-04-28T05:57:02","guid":{"rendered":"https:\/\/cliente1.publisher.highstack.com.ar\/?p=8301"},"modified":"2026-04-28T02:57:02","modified_gmt":"2026-04-28T05:57:02","slug":"detuvieron-a-dos-empleados-por-la-muerte-de-un-contratista-rural-pretendieron-simular-un-suicidio","status":"publish","type":"post","link":"https:\/\/cliente1.publisher.highstack.com.ar\/?p=8301","title":{"rendered":"Detuvieron a dos empleados por la muerte de un contratista rural: pretendieron simular un suicidio"},"content":{"rendered":"<p><\/p>\n<div>\n<p>Detuvieron a dos empleados por la muerte de un contratista rural y la Justicia investiga si se trat\u00f3 de un homicidio. La v\u00edctima fue identificada como Germ\u00e1n Daniel Piatti, de 53 a\u00f1os, quien el jueves fue encontrado gravemente herido en un campo ubicado en Sancti Sp\u00edritu, en la provincia de Santa Fe. <\/p>\n<p><!-- is a <br \/>--><\/p>\n<p>\u00a0<\/p>\n<p><!-- is a <br \/>--><\/p>\n<p>El hombre fue trasladado en estado cr\u00edtico al Hospital Guti\u00e9rrez, donde falleci\u00f3 al d\u00eda siguiente. En un primer momento, el hecho hab\u00eda sido interpretado como un posible suicidio, pero el resultado de la autopsia modific\u00f3 el rumbo de la investigaci\u00f3n. <\/p>\n<p><!-- is a <br \/>--><\/p>\n<p><!-- is a object --><br \/>\n<!-- embed start --><!-- embed end --><br \/>\n<!-- end object --><\/p>\n<p><!-- is a object --><\/p>\n<h3>Pericias y cambio de hip\u00f3tesis<\/h3>\n<p><!-- end object --><\/p>\n<p>\u00a0<\/p>\n<p><!-- is a <br \/>--><\/p>\n<p>El examen m\u00e9dico determin\u00f3 que la v\u00edctima presentaba dos disparos en la cabeza, lo que gener\u00f3 dudas sobre la versi\u00f3n inicial. A partir de ese dato, el fiscal interviniente, Mauro Men\u00e9ndez, orden\u00f3 la detenci\u00f3n de los dos trabajadores rurales que se encontraban en el lugar. <\/p>\n<p><!-- is a <br \/>--><\/p>\n<p>\u00a0<\/p>\n<p><!-- is a <br \/>--><\/p>\n<p>Los sospechosos, identificados como Agust\u00edn B. y C\u00e9sar M., hab\u00edan declarado que escucharon un disparo y luego encontraron al hombre herido en una casilla instalada en el campo, donde conviv\u00edan mientras realizaban tareas de cosecha. <\/p>\n<p><!-- is a <br \/>--><\/p>\n<p><!-- is a object --><br \/>\n<!-- embed start --><!-- embed end --><br \/>\n<!-- end object --><\/p>\n<p><!-- is a object --><\/p>\n<h3>Hallazgo en el lugar<\/h3>\n<p><!-- end object --><\/p>\n<p>\u00a0<\/p>\n<p><!-- is a <br \/>--><\/p>\n<p>El hecho se conoci\u00f3 luego de un llamado a la polic\u00eda que alert\u00f3 sobre un presunto intento de suicidio con una carabina calibre .22. Al llegar, los efectivos encontraron a la v\u00edctima en una cama dentro de la casilla rural. <\/p>\n<p><!-- is a <br \/>--><\/p>\n<p>\u00a0<\/p>\n<p><!-- is a <br \/>--><\/p>\n<p>En la escena se hall\u00f3 una vaina servida y se realizaron pruebas de dermotest tanto a la v\u00edctima como a los empleados. Adem\u00e1s, en una requisa a una camioneta Ford Ranger se secuestraron m\u00e1s de tres millones de pesos en efectivo. <\/p>\n<p><!-- is a <br \/>--><\/p>\n<p><!-- is a object --><br \/>\n<!-- embed start --><!-- embed end --><br \/>\n<!-- end object --><\/p>\n<p><!-- is a object --><\/p>\n<h3>Avance de la causa<\/h3>\n<p><!-- end object --><\/p>\n<p>\u00a0<\/p>\n<p><!-- is a <br \/>--><\/p>\n<p>Con el avance de las pericias, la causa pas\u00f3 a ser investigada como homicidio agravado, seg\u00fan la hip\u00f3tesis preliminar del fiscal. Los dos empleados quedaron detenidos y se prev\u00e9 que sean imputados en los pr\u00f3ximos d\u00edas. <\/p>\n<p><!-- is a <br \/>--><\/p>\n<p>\u00a0<\/p>\n<p><!-- is a <br \/>--><\/p>\n<p>No obstante, voceros judiciales indicaron que la investigaci\u00f3n contin\u00faa y que no se descartan otras hip\u00f3tesis en torno a la muerte del contratista rural. <\/p>\n<p><!-- is a <br \/>--><\/p>\n<p><!-- is a object --><br \/>\n<!-- embed start --><!-- embed end --><br \/>\n<!-- end object --><\/p><\/div>\n","protected":false},"excerpt":{"rendered":"<p>Detuvieron a dos empleados por la muerte de un contratista rural y la Justicia investiga si se trat\u00f3 de un homicidio. La v\u00edctima fue identificada como Germ\u00e1n Daniel Piatti, de 53 a\u00f1os, quien el jueves fue encontrado gravemente herido en un campo ubicado en Sancti Sp\u00edritu, en la provincia de Santa Fe. \u00a0 El hombre [&hellip;]<\/p>\n","protected":false},"author":1,"featured_media":8302,"comment_status":"open","ping_status":"open","sticky":false,"template":"","format":"standard","meta":{"footnotes":""},"categories":[1],"tags":[],"class_list":["post-8301","post","type-post","status-publish","format-standard","has-post-thumbnail","hentry","category-uncategorized"],"_links":{"self":[{"href":"https:\/\/cliente1.publisher.highstack.com.ar\/index.php?rest_route=\/wp\/v2\/posts\/8301","targetHints":{"allow":["GET"]}}],"collection":[{"href":"https:\/\/cliente1.publisher.highstack.com.ar\/index.php?rest_route=\/wp\/v2\/posts"}],"about":[{"href":"https:\/\/cliente1.publisher.highstack.com.ar\/index.php?rest_route=\/wp\/v2\/types\/post"}],"author":[{"embeddable":true,"href":"https:\/\/cliente1.publisher.highstack.com.ar\/index.php?rest_route=\/wp\/v2\/users\/1"}],"replies":[{"embeddable":true,"href":"https:\/\/cliente1.publisher.highstack.com.ar\/index.php?rest_route=%2Fwp%2Fv2%2Fcomments&post=8301"}],"version-history":[{"count":0,"href":"https:\/\/cliente1.publisher.highstack.com.ar\/index.php?rest_route=\/wp\/v2\/posts\/8301\/revisions"}],"wp:featuredmedia":[{"embeddable":true,"href":"https:\/\/cliente1.publisher.highstack.com.ar\/index.php?rest_route=\/wp\/v2\/media\/8302"}],"wp:attachment":[{"href":"https:\/\/cliente1.publisher.highstack.com.ar\/index.php?rest_route=%2Fwp%2Fv2%2Fmedia&parent=8301"}],"wp:term":[{"taxonomy":"category","embeddable":true,"href":"https:\/\/cliente1.publisher.highstack.com.ar\/index.php?rest_route=%2Fwp%2Fv2%2Fcategories&post=8301"},{"taxonomy":"post_tag","embeddable":true,"href":"https:\/\/cliente1.publisher.highstack.com.ar\/index.php?rest_route=%2Fwp%2Fv2%2Ftags&post=8301"}],"curies":[{"name":"wp","href":"https:\/\/api.w.org\/{rel}","templated":true}]}}