{"id":8290,"date":"2026-04-27T23:39:29","date_gmt":"2026-04-28T02:39:29","guid":{"rendered":"https:\/\/cliente1.publisher.highstack.com.ar\/?p=8290"},"modified":"2026-04-27T23:39:29","modified_gmt":"2026-04-28T02:39:29","slug":"mauricio-macri-siento-que-el-populismo-se-esta-acabando-aca-y-en-la-region","status":"publish","type":"post","link":"https:\/\/cliente1.publisher.highstack.com.ar\/?p=8290","title":{"rendered":"Mauricio Macri: \u201cSiento que el populismo se est\u00e1 acabando ac\u00e1 y en la regi\u00f3n\u201d"},"content":{"rendered":"<div class=\"jwplayer-ctn\"><script src=\"https:\/\/census-web.scorecardresearch.com\/plugins\/streaming-jwplayer\/v2\/current.js\"><\/script><\/p>\n<div>\n<div id=\"44VP5UGBBVHDNBCZ4AEWIJOEDQ-custom_embed0\"><\/div>\n<\/div><figcaption class=\"jwplayer-figcaption\">El ex Presidente Mauricio Macri y \u00c1lvaro Vargas Llosa participaron en un panel de discusi\u00f3n durante la cena anual de la Fundaci\u00f3n Libertad en Rosario. El evento abord\u00f3 la direcci\u00f3n pol\u00edtica de Argentina y la regi\u00f3n.<\/figcaption><\/div>\n<p class=\"paragraph\">En la cena anual de la <a href=\"https:\/\/www.infobae.com\/tag\/fundacion-libertad\/\" target=\"_blank\" rel=\"noreferrer\" title=\"https:\/\/www.infobae.com\/tag\/fundacion-libertad\/\"><b>Fundaci\u00f3n Libertad<\/b><\/a>, el ex presidente <a href=\"https:\/\/www.infobae.com\/tag\/mauricio-macri\/\" target=\"_blank\" rel=\"noreferrer\" title=\"https:\/\/www.infobae.com\/tag\/mauricio-macri\/\"><b>Mauricio Macri<\/b><\/a> fue uno de los principales protagonistas al exponer su mirada sobre el rumbo pol\u00edtico del pa\u00eds y de la regi\u00f3n. Durante un intercambio con <b>\u00c1lvaro Vargas Llosa<\/b>, Macri plante\u00f3 que percibe un cambio de \u00e9poca: <b>\u201cSiento que el populismo se est\u00e1 acabando ac\u00e1 y en la regi\u00f3n\u201d<\/b>.<\/p>\n<p class=\"paragraph\">La velada en la Fundaci\u00f3n reuni\u00f3 a referentes pol\u00edticos y sociales de distintas partes del continente. Macri, ya sin cargo institucional pero activo en el debate p\u00fablico, renov\u00f3 conceptos sobre la situaci\u00f3n de <b>Venezuela<\/b>. Ante la consulta sobre el impacto de los recientes movimientos pol\u00edticos en ese pa\u00eds, el ex mandatario subray\u00f3 que el proceso abierto <b>\u201cno es un punto de llegada, sino de partida\u201d<\/b>. Sugiri\u00f3 la importancia de sostener la presi\u00f3n internacional y de establecer un calendario electoral que permita restituir la normalidad institucional. En su perspectiva, <b>\u201cno est\u00e1 imperando un sistema democr\u00e1tico\u201d<\/b> en Venezuela y la soluci\u00f3n exige pasos concretos.<\/p>\n<div class=\"inline ad-wrapper dfpAd ad-inline ad-text ad-component-container\" style=\"--ad-shell-height:250px;--ad-shell-width:300px\" data-ad-wrapper=\"arcad\" data-ad-type=\"inline\" data-ad-slot=\"infobae\/politica\/nota\/inline\" data-ad-container=\"dfp\" data-ad-slot-name=\"infobae\/politica\/nota\/inline\">\n<p class=\"ad-shell-label\">PUBLICIDAD<\/p>\n<div id=\"infobae\/politica\/nota\/inline\" class=\"infobae\/politica\/nota\/inline arcad ad-slot-node ad-slot-node--boxed\" data-ad-slot-id=\"infobae\/politica\/nota\/inline\"><\/div>\n<\/div>\n<p class=\"paragraph\">Durante el evento, se proyect\u00f3 un mensaje grabado por <b>Mar\u00eda Corina Machado<\/b>, dirigente de la oposici\u00f3n venezolana, quien reclam\u00f3 avances en la democratizaci\u00f3n y la restauraci\u00f3n de los derechos pol\u00edticos. Macri valor\u00f3 su liderazgo y el modo en que, pese a las adversidades, logr\u00f3 mantener la coherencia en su accionar. <\/p>\n<p class=\"paragraph\"><b>\u201cEs un gran ejemplo para muchos de los dirigentes que hoy est\u00e1n ac\u00e1\u201d<\/b>, sostuvo el expresidente, quien remarc\u00f3 la importancia de priorizar objetivos de largo plazo. En esa l\u00ednea, record\u00f3 que Machado enfrent\u00f3 una persecuci\u00f3n sostenida por parte del gobierno venezolano y que, aun as\u00ed, sostuvo su rol opositor. <\/p>\n<div class=\"inline_2 ad-wrapper dfpAd ad-inline ad-text ad-component-container\" style=\"--ad-shell-height:250px;--ad-shell-width:300px\" data-ad-wrapper=\"arcad\" data-ad-type=\"inline_2\" data-ad-slot=\"infobae\/politica\/nota\/inline_2\" data-ad-container=\"dfp\" data-ad-slot-name=\"infobae\/politica\/nota\/inline_2\">\n<p class=\"ad-shell-label\">PUBLICIDAD<\/p>\n<div id=\"infobae\/politica\/nota\/inline_2\" class=\"infobae\/politica\/nota\/inline_2 arcad ad-slot-node ad-slot-node--boxed\" data-ad-slot-id=\"infobae\/politica\/nota\/inline_2\"><\/div>\n<\/div>\n<div class=\"visual__image\"><picture><source srcset=\"https:\/\/www.infobae.com\/resizer\/v2\/VXOP6NOBR5GV5D5QYB6BWQ5HUI.jpg?auth=5d3b94d714f31367e533158c523bc22d006e08700111a26e562bf1f5167be83f&amp;smart=true&amp;width=992&amp;height=661&amp;quality=85\" media=\"(min-width: 1000px)\"><\/source><source srcset=\"https:\/\/www.infobae.com\/resizer\/v2\/VXOP6NOBR5GV5D5QYB6BWQ5HUI.jpg?auth=5d3b94d714f31367e533158c523bc22d006e08700111a26e562bf1f5167be83f&amp;smart=true&amp;width=768&amp;height=512&amp;quality=85\" media=\"(min-width: 768px)\"><\/source><source srcset=\"https:\/\/www.infobae.com\/resizer\/v2\/VXOP6NOBR5GV5D5QYB6BWQ5HUI.jpg?auth=5d3b94d714f31367e533158c523bc22d006e08700111a26e562bf1f5167be83f&amp;smart=true&amp;width=577&amp;height=385&amp;quality=85\" media=\"(min-width: 580px)\"><\/source><source srcset=\"https:\/\/www.infobae.com\/resizer\/v2\/VXOP6NOBR5GV5D5QYB6BWQ5HUI.jpg?auth=5d3b94d714f31367e533158c523bc22d006e08700111a26e562bf1f5167be83f&amp;smart=true&amp;width=420&amp;height=280&amp;quality=85\" media=\"(min-width: 350px)\"><\/source><source srcset=\"https:\/\/www.infobae.com\/resizer\/v2\/VXOP6NOBR5GV5D5QYB6BWQ5HUI.jpg?auth=5d3b94d714f31367e533158c523bc22d006e08700111a26e562bf1f5167be83f&amp;smart=true&amp;width=350&amp;height=233&amp;quality=85\" media=\"(min-width: 80px)\"><\/source><img alt=\"Cena Fundacion Libertad 2026\" class=\"global-image\" decoding=\"async\" fetchpriority=\"low\" height=\"1280\" loading=\"lazy\" src=\"https:\/\/www.infobae.com\/resizer\/v2\/VXOP6NOBR5GV5D5QYB6BWQ5HUI.jpg?auth=5d3b94d714f31367e533158c523bc22d006e08700111a26e562bf1f5167be83f&amp;smart=true&amp;width=350&amp;height=233&amp;quality=85\" width=\"1920\"><\/picture><\/div>\n<p class=\"paragraph\"><b>\u201cCorina tuvo todo un Gobierno persigui\u00e9ndola, batallando como una gladiadora y de golpe ver este movimiento de los venezolanos, es muy positivo\u201d<\/b>, expres\u00f3 Macri, atribuyendo al pueblo venezolano el m\u00e9rito de haber recuperado la esperanza tras largos a\u00f1os de crisis. <b>\u201cLos venezolanos dijeron: \u2018al menos salimos del punto del no retorno y tenemos esperanza\u2019\u201d<\/b>.<\/p>\n<p class=\"paragraph\">El expresidente describi\u00f3 el liderazgo de Machado como \u201cfirme pero sereno\u201d, y comparti\u00f3 su opini\u00f3n sobre la necesidad de sumar apoyos internacionales al proceso de transici\u00f3n. En particular, mencion\u00f3 la visita de Machado a la Casa Blanca para agradecer el respaldo de <b>Donald Trump<\/b> y destac\u00f3 el valor de ese gesto en un contexto de incertidumbre pol\u00edtica.<b> \u201cVenezuela merece restablecer la democracia plena\u201d<\/b>, afirm\u00f3, y propuso que el proceso no puede extenderse de manera indefinida.<\/p>\n<div class=\"ad_1 ad-wrapper dfpAd ad-1-al-6 ad-text ad-component-container\" style=\"--ad-shell-height:250px;--ad-shell-width:300px\" data-ad-wrapper=\"arcad\" data-ad-type=\"ad_1\" data-ad-slot=\"infobae\/politica\/nota\/ad_1\" data-ad-container=\"dfp\" data-ad-slot-name=\"infobae\/politica\/nota\/ad_1\">\n<p class=\"ad-shell-label\">PUBLICIDAD<\/p>\n<div id=\"infobae\/politica\/nota\/ad_1\" class=\"infobae\/politica\/nota\/ad_1 arcad ad-slot-node ad-slot-node--boxed\" data-ad-slot-id=\"infobae\/politica\/nota\/ad_1\"><\/div>\n<\/div>\n<p class=\"paragraph\">En el plano regional, Macri se mostr\u00f3 convencido de que la etapa del populismo est\u00e1 llegando a su fin. Plante\u00f3 que la sociedad valora cada vez m\u00e1s la <b>meritocracia<\/b>, el <b>esfuerzo personal<\/b> y la <b>iniciativa emprendedora<\/b>. \u201cHay much\u00edsima m\u00e1s gente que entiende la importancia de la meritocracia, del libre emprender, cosas que antes estaban tapadas\u201d, expres\u00f3. En su an\u00e1lisis, los pa\u00edses de la regi\u00f3n buscan nuevas respuestas y apuestan por caminos que apunten a la generaci\u00f3n de confianza y a la consolidaci\u00f3n de marcos institucionales m\u00e1s s\u00f3lidos.<\/p>\n<div class=\"visual__image\"><picture><source srcset=\"https:\/\/www.infobae.com\/resizer\/v2\/7KNVJK65GFDS5KZ3M3W5VJ43KE.jpg?auth=c7801b83b89e2fb2e025de91a1d280ae24c546859b39f14e267827d94205a06d&amp;smart=true&amp;width=992&amp;height=661&amp;quality=85\" media=\"(min-width: 1000px)\"><\/source><source srcset=\"https:\/\/www.infobae.com\/resizer\/v2\/7KNVJK65GFDS5KZ3M3W5VJ43KE.jpg?auth=c7801b83b89e2fb2e025de91a1d280ae24c546859b39f14e267827d94205a06d&amp;smart=true&amp;width=768&amp;height=512&amp;quality=85\" media=\"(min-width: 768px)\"><\/source><source srcset=\"https:\/\/www.infobae.com\/resizer\/v2\/7KNVJK65GFDS5KZ3M3W5VJ43KE.jpg?auth=c7801b83b89e2fb2e025de91a1d280ae24c546859b39f14e267827d94205a06d&amp;smart=true&amp;width=577&amp;height=385&amp;quality=85\" media=\"(min-width: 580px)\"><\/source><source srcset=\"https:\/\/www.infobae.com\/resizer\/v2\/7KNVJK65GFDS5KZ3M3W5VJ43KE.jpg?auth=c7801b83b89e2fb2e025de91a1d280ae24c546859b39f14e267827d94205a06d&amp;smart=true&amp;width=420&amp;height=280&amp;quality=85\" media=\"(min-width: 350px)\"><\/source><source srcset=\"https:\/\/www.infobae.com\/resizer\/v2\/7KNVJK65GFDS5KZ3M3W5VJ43KE.jpg?auth=c7801b83b89e2fb2e025de91a1d280ae24c546859b39f14e267827d94205a06d&amp;smart=true&amp;width=350&amp;height=233&amp;quality=85\" media=\"(min-width: 80px)\"><\/source><img alt=\"Cena Fundacion Libertad 2026\" class=\"global-image\" decoding=\"async\" fetchpriority=\"low\" height=\"1280\" loading=\"lazy\" src=\"https:\/\/www.infobae.com\/resizer\/v2\/7KNVJK65GFDS5KZ3M3W5VJ43KE.jpg?auth=c7801b83b89e2fb2e025de91a1d280ae24c546859b39f14e267827d94205a06d&amp;smart=true&amp;width=350&amp;height=233&amp;quality=85\" width=\"1920\"><\/picture><\/div>\n<p class=\"paragraph\">Macri vincul\u00f3 ese proceso con la situaci\u00f3n interna de la Argentina, donde, seg\u00fan su mirada, las ideas de la libertad ganan lugar y generan nuevas oportunidades. <b>\u201cEstas ideas que hoy imperan en la Argentina conducen a la felicidad\u201d<\/b>, subray\u00f3, asociando esa tendencia con la seguridad jur\u00eddica, la menor cantidad de regulaciones y la mejora de la infraestructura. Defini\u00f3 a la confianza como un elemento central para el desarrollo y describi\u00f3 la necesidad de perseverar en la aplicaci\u00f3n de leyes modernas para sostener ese rumbo.<\/p>\n<div class=\"ad_2 ad-wrapper dfpAd ad-1-al-6 ad-text ad-component-container\" style=\"--ad-shell-height:250px;--ad-shell-width:300px\" data-ad-wrapper=\"arcad\" data-ad-type=\"ad_2\" data-ad-slot=\"infobae\/politica\/nota\/ad_2\" data-ad-container=\"dfp\" data-ad-slot-name=\"infobae\/politica\/nota\/ad_2\">\n<p class=\"ad-shell-label\">PUBLICIDAD<\/p>\n<div id=\"infobae\/politica\/nota\/ad_2\" class=\"infobae\/politica\/nota\/ad_2 arcad ad-slot-node ad-slot-node--boxed\" data-ad-slot-id=\"infobae\/politica\/nota\/ad_2\"><\/div>\n<\/div>\n<p class=\"paragraph\">Consultado sobre el contexto internacional, el exmandatario describi\u00f3 a Am\u00e9rica Latina como \u201cuna regi\u00f3n de paz\u201d con posibilidades de crecimiento, aun en medio de las tensiones globales. <b>\u201cLa confianza se genera a trav\u00e9s de la perseverancia con leyes inteligentes y modernas\u201d<\/b>, a\u00f1adi\u00f3, y sugiri\u00f3 que la regi\u00f3n est\u00e1 llamada a aprovechar las oportunidades que surgen en el nuevo escenario mundial.<\/p>\n<p class=\"paragraph\">El evento tambi\u00e9n permiti\u00f3 un cruce de referencias con Vargas Llosa, quien analiz\u00f3 el predominio de fuerzas de izquierda en pa\u00edses como Brasil y M\u00e9xico. Macri insisti\u00f3 en su optimismo, al considerar que los procesos de cambio avanzan aunque de modo gradual. <b>\u201cSon procesos de acumulaci\u00f3n lentos, pero hay oportunidades para la regi\u00f3n\u201d<\/b>, concluy\u00f3.<\/p>\n<div class=\"ad_3 ad-wrapper dfpAd ad-1-al-6 ad-text ad-component-container\" style=\"--ad-shell-height:250px;--ad-shell-width:300px\" data-ad-wrapper=\"arcad\" data-ad-type=\"ad_3\" data-ad-slot=\"infobae\/politica\/nota\/ad_3\" data-ad-container=\"dfp\" data-ad-slot-name=\"infobae\/politica\/nota\/ad_3\">\n<p class=\"ad-shell-label\">PUBLICIDAD<\/p>\n<div id=\"infobae\/politica\/nota\/ad_3\" class=\"infobae\/politica\/nota\/ad_3 arcad ad-slot-node ad-slot-node--boxed\" data-ad-slot-id=\"infobae\/politica\/nota\/ad_3\"><\/div>\n<\/div>\n","protected":false},"excerpt":{"rendered":"<p>En la cena anual de la Fundaci\u00f3n Libertad, el ex presidente comparti\u00f3 su visi\u00f3n sobre el panorama pol\u00edtico latinoamericano, abordando la necesidad de un calendario electoral en Venezuela y destacando el rol de Mar\u00eda Corina Machado en el proceso de transici\u00f3n<\/p>\n","protected":false},"author":1,"featured_media":8292,"comment_status":"open","ping_status":"open","sticky":false,"template":"","format":"standard","meta":{"footnotes":""},"categories":[1],"tags":[],"class_list":["post-8290","post","type-post","status-publish","format-standard","has-post-thumbnail","hentry","category-uncategorized"],"_links":{"self":[{"href":"https:\/\/cliente1.publisher.highstack.com.ar\/index.php?rest_route=\/wp\/v2\/posts\/8290","targetHints":{"allow":["GET"]}}],"collection":[{"href":"https:\/\/cliente1.publisher.highstack.com.ar\/index.php?rest_route=\/wp\/v2\/posts"}],"about":[{"href":"https:\/\/cliente1.publisher.highstack.com.ar\/index.php?rest_route=\/wp\/v2\/types\/post"}],"author":[{"embeddable":true,"href":"https:\/\/cliente1.publisher.highstack.com.ar\/index.php?rest_route=\/wp\/v2\/users\/1"}],"replies":[{"embeddable":true,"href":"https:\/\/cliente1.publisher.highstack.com.ar\/index.php?rest_route=%2Fwp%2Fv2%2Fcomments&post=8290"}],"version-history":[{"count":1,"href":"https:\/\/cliente1.publisher.highstack.com.ar\/index.php?rest_route=\/wp\/v2\/posts\/8290\/revisions"}],"predecessor-version":[{"id":8291,"href":"https:\/\/cliente1.publisher.highstack.com.ar\/index.php?rest_route=\/wp\/v2\/posts\/8290\/revisions\/8291"}],"wp:featuredmedia":[{"embeddable":true,"href":"https:\/\/cliente1.publisher.highstack.com.ar\/index.php?rest_route=\/wp\/v2\/media\/8292"}],"wp:attachment":[{"href":"https:\/\/cliente1.publisher.highstack.com.ar\/index.php?rest_route=%2Fwp%2Fv2%2Fmedia&parent=8290"}],"wp:term":[{"taxonomy":"category","embeddable":true,"href":"https:\/\/cliente1.publisher.highstack.com.ar\/index.php?rest_route=%2Fwp%2Fv2%2Fcategories&post=8290"},{"taxonomy":"post_tag","embeddable":true,"href":"https:\/\/cliente1.publisher.highstack.com.ar\/index.php?rest_route=%2Fwp%2Fv2%2Ftags&post=8290"}],"curies":[{"name":"wp","href":"https:\/\/api.w.org\/{rel}","templated":true}]}}