{"id":8278,"date":"2026-04-27T21:52:04","date_gmt":"2026-04-28T00:52:04","guid":{"rendered":"https:\/\/cliente1.publisher.highstack.com.ar\/?p=8278"},"modified":"2026-04-27T21:52:04","modified_gmt":"2026-04-28T00:52:04","slug":"la-mesa-chica-del-gobierno-se-reunio-en-casa-rosada-con-eje-en-el-informe-de-manuel-adorni-y-la-reforma-electoral","status":"publish","type":"post","link":"https:\/\/cliente1.publisher.highstack.com.ar\/?p=8278","title":{"rendered":"La mesa chica del Gobierno se reuni\u00f3 en Casa Rosada, con eje en el informe de Manuel Adorni y la reforma electoral"},"content":{"rendered":"<p><\/p>\n<div id=\"\">\n<p id=\"p-1777328843785-26684\">El encuentro dur\u00f3 dos horas y cont\u00f3 con la presencia del propio jefe de Ministros del Poder Ejecutivo, en un nuevo gesto de blindaje en un contexto de avanzada judicial en las causas por enriquecimiento il\u00edcito. Los <strong>ministros<\/strong> y la secretaria general de Presidencia, <strong>Karina<\/strong> <strong>Milei<\/strong> abordaron su presentaci\u00f3n y evaluaron ejes del informe.<\/p>\n<\/div>\n<div id=\"\">\n<p id=\"p-1777329316521-9846\">Del encuentro de la mesa chica del Gobierno, que se realiz\u00f3 en la oficina del ministro del Interior, <strong>Diego Santilli. Participaron el jefe de Gabinete<\/strong>; el asesor presidencial, <strong>Santiago Caputo; Patricia Bullrich<\/strong>; el titular de la C\u00e1mara de Diputados, <strong>Mart\u00edn Menem;<\/strong> el armador nacional, <strong>Eduardo \u201cLule\u201d Menem<\/strong>; y el secretario de Asuntos Estrat\u00e9gicos, <strong>Ignacio Devitt,<\/strong> bajo la supervisi\u00f3n de la secretaria general de la Presidencia<strong>. <\/strong>El ministro Luis Caputo no estuvo presente: es la segunda ausencia a la reuni\u00f3n de la mesa del Gobierno.<\/p>\n<\/div>\n<div id=\"\">\n<p id=\"p-1777328843785-97443\"><strong>El tema central fue el informe que Adorni<\/strong> <strong>deber\u00e1 presentarse este mi\u00e9rcoles en la<\/strong> <strong>C\u00e1mara de Diputados, <\/strong>en lo que ser\u00e1 su primera defensa ante el <strong>Congreso.<\/strong> Se espera su presencia <strong>a partir de las 10.30<\/strong>, acompa\u00f1ado desde el palco por funcionarios nacionales, entre ellos el presidente <strong>Javier Milei.<\/strong> A la Jefatura de Gabinete llegaron m\u00e1s de 4.800 preguntas.<\/p>\n<p id=\"p-1777328843785-22456\">Denunciado por la compra de inmuebles que no incluy\u00f3 en su declaraci\u00f3n patrimonial y con su actuaci\u00f3n en tela de juicio por viajes al exterior en un avi\u00f3n privado, el funcionario contar\u00e1 no solo con la presencia de <strong>Milei<\/strong> sino con la de su hermana y principal sost\u00e9n del exvocero.<\/p>\n<p id=\"p-1777328843785-94498\">Seg\u00fan supo <strong>\u00c1mbito,<\/strong> <strong>Adorni comenzar\u00e1 su exposici\u00f3n entre las 10 y las 11 y lo har\u00e1 con una alocuci\u00f3n de aproximadamente una hora<\/strong>, en la que resaltar\u00e1 los logros del Gobierno, especialmente en materia econ\u00f3mica. Para la presentaci\u00f3n, Adorni hace tres semanas que se prepara con su equipo t\u00e9cnico.<\/p>\n<p id=\"p-1777329111634-77239\">Los bloques de la oposici\u00f3n aguardan al funcionario con m\u00e1s de 4.800 preguntas, por lo que se espera que la sesi\u00f3n informativa se extienda por aproximadamente seis horas, en las que desde el oficialismo se descuenta que no responder\u00e1 cuestionamientos de su situaci\u00f3n patrimonial por estar bajo investigaci\u00f3n en la Justicia<\/p>\n<p id=\"p-1777329134643-67889\">La expectativa de la presencia de Adorni es tan grande, que voceros de distintos bloques coincidieron en que se trata del informe m\u00e1s esperado, tanto por la oposici\u00f3n como por los medios de comunicaci\u00f3n, de los 145 que se brindaron en los diferentes gobiernos desde 1994 hasta ahora.<\/p>\n<h2 id=\"p-1777329137977-97937\">Reforma electoral, otro punto de la reuni\u00f3n<\/h2>\n<p id=\"p-1777328843785-91371\">Durante el <strong>c\u00f3nclave de este mediod\u00eda conversaron sobre las iniciativas con destino parlamentario<\/strong>. Una de ellas, la <strong>reforma electoral<\/strong> ya se encuentra en poder del Congreso y que comenz\u00f3 a generar dudas entre los gobernadores. La propuesta plantea eliminar las Primarias Abiertas, Simultaneas y Obligatorias (PASO), <strong>Ficha Limpia<\/strong> y cambios en el financiamiento de los partidos.<\/p>\n<p id=\"p-1777328971269-9250\">La suerte de la reforma electoral estar\u00e1 atada, en parte, a la decisi\u00f3n de provincias que incluyen el sistema PASO en sus comicios locales. Se trata de <strong>Mendoza<\/strong>, <strong>Chaco<\/strong>, <strong>Entre R\u00edos<\/strong>, <strong>Buenos Aires<\/strong>, <strong>CABA<\/strong>, <strong>Santa Fe <\/strong>y <strong>Catamarca<\/strong>. Las tres primeras son aliadas del Gobierno, por lo que esperan contar con votos favorables.<\/p>\n<p id=\"p-1777329057235-71301\">No obstante, otros caciques dialoguistas que suelen jugar con Naci\u00f3n en distintas discusiones hicieron p\u00fablicas sus diferencias con la iniciativa de Milei. Como mascar\u00f3n de proa, <strong>subyace la batalla del 2027,<\/strong> donde tanto el Presidente como los jefes provinciales disputar\u00e1n el poder en las urnas.<\/p>\n<p id=\"p-1777329449931-73821\">Por si fuera poco, en las \u00faltimas horas, senadores de la <strong>Uni\u00f3n C\u00edvica Radical (UCR)<\/strong> \u2013aliado clave del oficialismo en la C\u00e1mara alta\u2013 se expresaron en contra de la <strong>eliminaci\u00f3n de las PASO<\/strong>. A esto hay que sumarle que el PRO \u2013otro aliado clave de <strong> Milei<\/strong> en el Senado\u2013 sigue sin pronunciarse al respecto. Es decir, <strong>Bullrich<\/strong> no tiene su acompa\u00f1amiento garantizado en el Senado.<\/p>\n<p id=\"p-1777329616769-9836\">En la Casa Rosada le restan importancia a los pronunciamientos y aseguran que las negociaciones todav\u00eda no comenzaron. Reci\u00e9n dejada atr\u00e1s la exposici\u00f3n de Adorni,<strong> los funcionarios se enfocar\u00e1n en la reforma electoral.<\/strong> \u201cVa a estar en negociaciones estas semanas\u201d, dijeron fuentes libertarias. Y remataron: <strong>\u201cNo tenemos fecha exacta de tratamiento\u201d.<\/strong><\/p>\n<\/p><\/div>\n<p><script>\n!function(f,b,e,v,n,t,s)\n{if(f.fbq)return;n=f.fbq=function(){n.callMethod?\nn.callMethod.apply(n,arguments):n.queue.push(arguments)};\nif(!f._fbq)f._fbq=n;n.push=n;n.loaded=!0;n.version='2.0';\nn.queue=[];t=b.createElement(e);t.async=!0;\nt.src=v;s=b.getElementsByTagName(e)[0];\ns.parentNode.insertBefore(t,s)}(window,document,'script',\n'\nfbq('init', '2047048335588113');\nfbq('track', 'PageView');\n<\/script><\/p>\n","protected":false},"excerpt":{"rendered":"<p>El encuentro dur\u00f3 dos horas y cont\u00f3 con la presencia del propio jefe de Ministros del Poder Ejecutivo, en un nuevo gesto de blindaje en un contexto de avanzada judicial en las causas por enriquecimiento il\u00edcito. Los ministros y la secretaria general de Presidencia, Karina Milei abordaron su presentaci\u00f3n y evaluaron ejes del informe. Del [&hellip;]<\/p>\n","protected":false},"author":1,"featured_media":8279,"comment_status":"open","ping_status":"open","sticky":false,"template":"","format":"standard","meta":{"footnotes":""},"categories":[1],"tags":[4],"class_list":["post-8278","post","type-post","status-publish","format-standard","has-post-thumbnail","hentry","category-uncategorized","tag-entre-rios"],"_links":{"self":[{"href":"https:\/\/cliente1.publisher.highstack.com.ar\/index.php?rest_route=\/wp\/v2\/posts\/8278","targetHints":{"allow":["GET"]}}],"collection":[{"href":"https:\/\/cliente1.publisher.highstack.com.ar\/index.php?rest_route=\/wp\/v2\/posts"}],"about":[{"href":"https:\/\/cliente1.publisher.highstack.com.ar\/index.php?rest_route=\/wp\/v2\/types\/post"}],"author":[{"embeddable":true,"href":"https:\/\/cliente1.publisher.highstack.com.ar\/index.php?rest_route=\/wp\/v2\/users\/1"}],"replies":[{"embeddable":true,"href":"https:\/\/cliente1.publisher.highstack.com.ar\/index.php?rest_route=%2Fwp%2Fv2%2Fcomments&post=8278"}],"version-history":[{"count":1,"href":"https:\/\/cliente1.publisher.highstack.com.ar\/index.php?rest_route=\/wp\/v2\/posts\/8278\/revisions"}],"predecessor-version":[{"id":8280,"href":"https:\/\/cliente1.publisher.highstack.com.ar\/index.php?rest_route=\/wp\/v2\/posts\/8278\/revisions\/8280"}],"wp:featuredmedia":[{"embeddable":true,"href":"https:\/\/cliente1.publisher.highstack.com.ar\/index.php?rest_route=\/wp\/v2\/media\/8279"}],"wp:attachment":[{"href":"https:\/\/cliente1.publisher.highstack.com.ar\/index.php?rest_route=%2Fwp%2Fv2%2Fmedia&parent=8278"}],"wp:term":[{"taxonomy":"category","embeddable":true,"href":"https:\/\/cliente1.publisher.highstack.com.ar\/index.php?rest_route=%2Fwp%2Fv2%2Fcategories&post=8278"},{"taxonomy":"post_tag","embeddable":true,"href":"https:\/\/cliente1.publisher.highstack.com.ar\/index.php?rest_route=%2Fwp%2Fv2%2Ftags&post=8278"}],"curies":[{"name":"wp","href":"https:\/\/api.w.org\/{rel}","templated":true}]}}