{"id":8276,"date":"2026-04-27T21:42:13","date_gmt":"2026-04-28T00:42:13","guid":{"rendered":"https:\/\/cliente1.publisher.highstack.com.ar\/?p=8276"},"modified":"2026-04-27T21:42:13","modified_gmt":"2026-04-28T00:42:13","slug":"el-gobierno-le-presento-al-campo-un-nuevo-esquema-para-la-fiscalizacion-en-semillas","status":"publish","type":"post","link":"https:\/\/cliente1.publisher.highstack.com.ar\/?p=8276","title":{"rendered":"El Gobierno le present\u00f3 al campo un  nuevo esquema para la fiscalizaci\u00f3n en semillas"},"content":{"rendered":"<div class=\"col-12\">\n<p class=\"com-paragraph  --capital --s\">El <strong>Gobierno present\u00f3 al sector agropecuario una propuesta para fortalecer la fiscalizaci\u00f3n en semillas, con un rol activo del sector privado.<\/strong> Apunta a facilitar la incorporaci\u00f3n de nuevas tecnolog\u00edas en un contexto de reclamos de la industria semillera para que se mejore el respeto a la propiedad intelectual en aut\u00f3gamas como la soja, el trigo y productos de econom\u00edas regionales. Fue tras un encuentro en la <strong>Secretar\u00eda de Agricultura<\/strong> con todos los actores de la cadena, <strong>donde el eje central fue la implementaci\u00f3n de un nuevo sistema para las variedades que se registren a partir de ahora.<\/strong> <strong>La adhesi\u00f3n a las nuevas variedades ser\u00e1 opcional de cada productor.<\/strong> En el encuentro estuvieron el ministro de Desregulaci\u00f3n y Transformaci\u00f3n del Estado, <strong>Federico Sturzenegger,<\/strong> y el secretario de Agricultura, <strong>Sergio Iraeta,<\/strong> adem\u00e1s de integrantes de la <strong>Mesa de Enlace.<\/strong><\/p>\n<div class=\"ln-banner-container --caja1_mob\">\n<div id=\"caja1_mob\" class=\"ln-banner\" data-slot-group=\"nota\" data-device=\"mobile\" data-subscription=\"false\" data-ad-unit-path=\"\/133919216\/campo_mobile\/Nota\/caja1_mob\" data-targeting='{\"sitio\":\"lanacion\",\"seccion\":\"nota\"}' data-without-hide=\"true\" data-size=\"[[320,100],[300,250],[1,1],[300,450],[320,450]]\" data-sizemap=\"[]\" data-prebid-enabled=\"true\"><\/div>\n<\/div>\n<p class=\"com-paragraph   --s\">En ese marco, el Instituto Nacional de Semillas <strong>(Inase)<\/strong> avanzar\u00e1 con convenios con <strong>entidades habilitadas<\/strong> para <strong>realizar controles y an\u00e1lisis de identidad varietal,<\/strong> cuyos resultados ser\u00e1n remitidos a los titulares de las variedades, <strong>quienes podr\u00e1n efectuar denuncias ante el organismo, que actuar\u00e1 conforme a los procedimientos vigentes.<\/strong> La implementaci\u00f3n ser\u00e1 mediante una resoluci\u00f3n conjunta entre la Secretar\u00eda de Agricultura y el INASE, y ser\u00e1 publicada en el <strong>Bolet\u00edn Oficial<\/strong>.<\/p>\n<p class=\"com-paragraph   --s\">La iniciativa, impulsada por el Ministerio de Desregulaci\u00f3n y Transformaci\u00f3n del Estado en conjunto con la Secretar\u00eda de Agricultura y el Inase, no modifica la ley vigente, sino que <strong>introduce herramientas operativas para hacer m\u00e1s efectivo el control a lo largo del circuito comercial del grano, en un esquema que combina participaci\u00f3n p\u00fablica y privada.<\/strong><\/p>\n<p class=\"com-paragraph   --s\">Del encuentro participaron, adem\u00e1s de Sturzenegger e Iraeta, el director del Inase, Mart\u00edn Famulari; representantes de la Sociedad Rural Argentina (SRA), Coninagro, Federaci\u00f3n Agraria Argentina (FAA), Confederaciones Rurales Argentinas (CRA), la Asociaci\u00f3n de Semilleros de la Argentina (ASA), CREA y Aapresid, adem\u00e1s de actores de la cadena semillera.<\/p>\n<div class=\"ln-banner-container --caja2_mob\">\n<div id=\"caja2_mob\" class=\"ln-banner\" data-slot-group=\"nota\" data-device=\"mobile\" data-subscription=\"true\" data-ad-unit-path=\"\/133919216\/campo_mobile\/Nota\/caja2_mob\" data-targeting='{\"sitio\":\"lanacion\",\"seccion\":\"nota\"}' data-without-hide=\"true\" data-size=\"[[320,100],[300,250],[300,450],[1,1],[360,270],[320,180]]\" data-sizemap=\"[]\" data-prebid-enabled=\"true\"><\/div>\n<\/div>\n<div class=\"content-media\">\n<section role=\"button\" class=\"mod-media   \">\n<figure role=\"button\" tabindex=\"0\" class=\"mod-figure \">\n<div class=\"placeholder \">\n<div class=\"com-image\"><picture><source media=\"(min-width: 768px)\" srcset=\"https:\/\/resizer.glanacion.com\/resizer\/v2\/carlos-castagnani-presidente-de-cra-llega-a-la-HHUEXK4ATNH6LNEBFHTF2KSC74.jpg?auth=c46462bc46a8463f0406d137ac903f31b56908a769bb86f9bae316ccfb97fd06&amp;width=780&amp;height=554&amp;quality=70&amp;smart=true\"><\/source><img class=\"image com-image flex --cover\" decoding=\"async\" fetchpriority=\"low\" loading=\"lazy\" src=\"https:\/\/resizer.glanacion.com\/resizer\/v2\/carlos-castagnani-presidente-de-cra-llega-a-la-HHUEXK4ATNH6LNEBFHTF2KSC74.jpg?auth=c46462bc46a8463f0406d137ac903f31b56908a769bb86f9bae316ccfb97fd06&amp;width=420&amp;height=298&amp;quality=70&amp;smart=true\" width=\"5370\" alt=\"Carlos Castagnani presidente de CRA, llega a la reuni\u00f3n en Agricultura\" height=\"3813\"><\/picture><\/div>\n<\/div><figcaption class=\"mod-figcaption\"><span class=\"com-text --caption --twoxs\">Carlos Castagnani presidente de CRA, llega a la reuni\u00f3n en Agricultura<\/span><span class=\"com-text --credit --twoxs\">Rodrigo N\u00e9spolo<\/span><\/figcaption><\/figure>\n<\/section>\n<\/div>\n<div class=\"ln-banner-container --middle_2_dsk\">\n<div id=\"middle_2_dsk\" class=\"ln-banner\" data-slot-group=\"nota\" data-device=\"desktop\" data-subscription=\"true\" data-ad-unit-path=\"\/133919216\/campo_desktop\/Nota\/middle_2_dsk\" data-targeting='{\"sitio\":\"lanacion\",\"seccion\":\"nota\"}' data-without-hide=\"true\" data-size=\"[[1,1],[728,90]]\" data-sizemap=\"[]\" data-prebid-enabled=\"true\"><\/div>\n<\/div>\n<p class=\"com-paragraph   --s\">Fuentes del <strong>Ministerio de Desregulaci\u00f3n y Transformaci\u00f3n del Estado <\/strong>aseguraron a <strong>LA NACION<\/strong> que la reuni\u00f3n con entidades rurales, semilleras y representantes de la cadena productiva tuvo un resultado \u201cexcelente\u201d y con amplio consenso en torno a la necesidad de mejorar la productividad agr\u00edcola.<\/p>\n<div class=\"ln-banner-container --caja3_mob\">\n<div id=\"caja3_mob\" class=\"ln-banner\" data-slot-group=\"nota\" data-device=\"mobile\" data-subscription=\"false\" data-ad-unit-path=\"\/133919216\/campo_mobile\/Nota\/caja3_mob\" data-targeting='{\"sitio\":\"lanacion\",\"seccion\":\"nota\"}' data-without-hide=\"true\" data-size=\"[[320,100],[300,250],[1,1],[300,450],[360,270]]\" data-sizemap=\"[]\" data-prebid-enabled=\"true\"><\/div>\n<\/div>\n<div class=\"ln-banner-container --middle_2_tab\">\n<div id=\"middle_2_tab\" class=\"ln-banner\" data-slot-group=\"nota\" data-device=\"tablet\" data-subscription=\"false\" data-ad-unit-path=\"\/133919216\/campo_tablet\/Nota\/middle_2_tab\" data-targeting='{\"sitio\":\"lanacion\",\"seccion\":\"nota\"}' data-without-hide=\"true\" data-size=\"[[728,90],[640,480],[468,60],[1,1]]\" data-sizemap=\"[]\" data-prebid-enabled=\"true\"><\/div>\n<\/div>\n<p class=\"com-paragraph   --s\">Seg\u00fan explicaron, <strong>entre los actores existe una coincidencia en avanzar hacia un esquema que permita incorporar nuevas tecnolog\u00edas en semillas<\/strong>. \u201cSe trata de generar las condiciones para que materiales con mayor rendimiento puedan ingresar al pa\u00eds, evitando situaciones como que otros pa\u00edses aumenten su producci\u00f3n con tecnolog\u00eda desarrollada en Argentina\u201d, se\u00f1alaron.<\/p>\n<div class=\"content-media\">\n<section role=\"button\" class=\"mod-media   \">\n<figure role=\"button\" tabindex=\"0\" class=\"mod-figure \">\n<div class=\"placeholder \">\n<div class=\"com-image\"><picture><source media=\"(min-width: 768px)\" srcset=\"https:\/\/resizer.glanacion.com\/resizer\/v2\/en-el-centro-alfredo-paseyro-director-dela-PQ6Z4PYU6FBSLIVFS27QWEKYJY.jpg?auth=b20534d2c9a0eb2f0914f3dd60d5f66fd2ab0fc6518241f8747819a5a9688853&amp;width=780&amp;height=513&amp;quality=70&amp;smart=true\"><\/source><img class=\"image com-image flex --cover\" decoding=\"async\" fetchpriority=\"low\" loading=\"lazy\" src=\"https:\/\/resizer.glanacion.com\/resizer\/v2\/en-el-centro-alfredo-paseyro-director-dela-PQ6Z4PYU6FBSLIVFS27QWEKYJY.jpg?auth=b20534d2c9a0eb2f0914f3dd60d5f66fd2ab0fc6518241f8747819a5a9688853&amp;width=420&amp;height=276&amp;quality=70&amp;smart=true\" width=\"3706\" alt=\"En el centro, Alfredo Paseyro, director dela Asociaci\u00f3n de Semilleros Argentinos (ASA) al arribar a Agricultura\" height=\"2436\"><\/picture><\/div>\n<\/div><figcaption class=\"mod-figcaption\"><span class=\"com-text --caption --twoxs\">En el centro, Alfredo Paseyro, director dela Asociaci\u00f3n de Semilleros Argentinos (ASA) al arribar a Agricultura<\/span><span class=\"com-text --credit --twoxs\">Rodrigo N\u00e9spolo<\/span><\/figcaption><\/figure>\n<\/section>\n<\/div>\n<p class=\"com-paragraph   --s\">En un comunicado, el Ministerio de Sturzenegger dio detalles de la propuesta: \u201cEntre sus principales ejes <strong>se destaca el establecimiento de controles en el primer punto de entrega del grano, como acopios, plantas de procesamiento y puertos; este es el nodo m\u00e1s eficiente para el monitoreo, ya que concentra el flujo previo a su dispersi\u00f3n&#8221;. <\/strong><\/p>\n<div class=\"ln-banner-container --caja4_mob\">\n<div id=\"caja4_mob\" class=\"ln-banner\" data-slot-group=\"nota\" data-device=\"mobile\" data-subscription=\"false\" data-ad-unit-path=\"\/133919216\/campo_mobile\/Nota\/caja4_mob\" data-targeting='{\"sitio\":\"lanacion\",\"seccion\":\"nota\"}' data-without-hide=\"true\" data-size=\"[[320,100],[300,250],[1,1]]\" data-sizemap=\"[]\" data-prebid-enabled=\"true\"><\/div>\n<\/div>\n<p class=\"com-paragraph   --s\">\u201cAsimismo, se prev\u00e9 la integraci\u00f3n con el Sistema de Informaci\u00f3n Simplificado Agr\u00edcola (SISA): todos los establecimientos que operen como punto de entrega primaria deber\u00e1n estar registrados en el SISA, en cumplimiento de las Resoluciones conjuntas 4248\/2018 y 5673\/2025. Esto permitir\u00e1 articular el control de identidad varietal con la infraestructura de trazabilidad fiscal ya existente\u201d, agreg\u00f3. <\/p>\n<p class=\"com-paragraph   --s\">Remarc\u00f3 que<strong> \u201cel esquema contempla, adem\u00e1s, la participaci\u00f3n de C\u00e1maras Arbitrales y entidades que hayan suscripto convenios con el Inase o est\u00e9n habilitadas por el mismo, en un modelo de articulaci\u00f3n p\u00fablico-privada que permite aprovechar la capacidad t\u00e9cnica e infraestructura del sector sin reemplazar el rol de la autoridad de aplicaci\u00f3n\u201d.<\/strong> <\/p>\n<div class=\"ln-banner-container --caja6_mob\">\n<div id=\"caja6_mob\" class=\"ln-banner\" data-slot-group=\"nota\" data-device=\"mobile\" data-subscription=\"false\" data-ad-unit-path=\"\/133919216\/campo_mobile\/Nota\/caja6_mob\" data-targeting='{\"sitio\":\"lanacion\",\"seccion\":\"nota\"}' data-without-hide=\"true\" data-size=\"[[300,250],[230,50],[300,450],[1,1],[320,100]]\" data-sizemap=\"[]\" data-prebid-enabled=\"true\"><\/div>\n<\/div>\n<p class=\"com-paragraph   --s\">Seg\u00fan indic\u00f3, en cuanto a los m\u00e9todos de identificaci\u00f3n varietal, <strong>\u201clos an\u00e1lisis se realizar\u00e1n mediante m\u00e9todos reconocidos por el Inase, con resguardo de muestras de respaldo\u201d. <\/strong><\/p>\n<div class=\"content-media\">\n<section role=\"button\" class=\"mod-media   \">\n<figure role=\"button\" tabindex=\"0\" class=\"mod-figure \">\n<div class=\"placeholder \">\n<div class=\"com-image\"><picture><source media=\"(min-width: 768px)\" srcset=\"https:\/\/resizer.glanacion.com\/resizer\/v2\/desde-principios-de-los-90-se-observa-una-brecha-UPBCE2NNCZCYNBS65VEB3MDA2M.jpeg?auth=8242a329b62998e24d342c2381e044e06c8a9a12a68ea3cdff5248474cb209cd&amp;width=780&amp;height=611&amp;quality=70&amp;smart=true\"><\/source><img class=\"image com-image flex --cover\" decoding=\"async\" fetchpriority=\"low\" loading=\"lazy\" src=\"https:\/\/resizer.glanacion.com\/resizer\/v2\/desde-principios-de-los-90-se-observa-una-brecha-UPBCE2NNCZCYNBS65VEB3MDA2M.jpeg?auth=8242a329b62998e24d342c2381e044e06c8a9a12a68ea3cdff5248474cb209cd&amp;width=420&amp;height=329&amp;quality=70&amp;smart=true\" width=\"847\" alt=\"Desde principios de los 90 se observa una brecha creciente entre el rendimiento local y el potencial estimado, en l\u00ednea con el menor ritmo de adopci\u00f3n tecnol\u00f3gica en el pa\u00eds, seg\u00fan se mostr\u00f3 en la reuni\u00f3n del Gobierno con el campo\" height=\"664\"><\/picture><\/div>\n<\/div><figcaption class=\"mod-figcaption\"><span class=\"com-text --caption --twoxs\">Desde principios de los 90 se observa una brecha creciente entre el rendimiento local y el potencial estimado, en l\u00ednea con el menor ritmo de adopci\u00f3n tecnol\u00f3gica en el pa\u00eds, seg\u00fan se mostr\u00f3 en la reuni\u00f3n del Gobierno con el campo<\/span><\/figcaption><\/figure>\n<\/section>\n<\/div>\n<div class=\"ln-banner-container --caja7_mob\">\n<div id=\"caja7_mob\" class=\"ln-banner\" data-slot-group=\"nota\" data-device=\"mobile\" data-subscription=\"true\" data-ad-unit-path=\"\/133919216\/campo_mobile\/Nota\/caja7_mob\" data-targeting='{\"sitio\":\"lanacion\",\"seccion\":\"nota\"}' data-without-hide=\"true\" data-size=\"[[300,250],[320,50],[300,450],[1,1],[320,100]]\" data-sizemap=\"[]\" data-prebid-enabled=\"true\"><\/div>\n<\/div>\n<p class=\"com-paragraph   --s\">\u201cLos resultados ser\u00e1n remitidos directamente a los titulares de las variedades inscriptas en el Registro Nacional de la Propiedad de Cultivares, quienes podr\u00e1n, en caso de corresponder, efectuar denuncias ante el INASE, que dar\u00e1 curso a las acciones sumarias pertinentes. <strong>El titular podr\u00e1 adem\u00e1s promover las acciones civiles o penales que considere correspondan. <\/strong>Las infracciones ser\u00e1n sancionadas seg\u00fan el art\u00edculo 38 de la Ley 20.247\u2033, precis\u00f3. <\/p>\n<p class=\"com-paragraph   --s\">Fuentes del <strong>Ministerio de Desregulaci\u00f3n y Transformaci\u00f3n del Estado<\/strong> agregaron que el esquema fue dise\u00f1ado como una transici\u00f3n:<strong> \u201cEl nuevo sistema solo aplicar\u00e1 a las variedades que se registren a partir de ahora, mientras que el stock actual continuar\u00e1 bajo las reglas vigentes\u201d.<\/strong> El objetivo es avanzar hacia un mayor respeto por la propiedad intelectual sin generar un impacto negativo sobre los productores que ya operan con materiales existentes. <strong>\u201cEl que quiera incorporar tecnolog\u00eda lo har\u00e1 porque le conviene; quien no, puede seguir como est\u00e1\u201d,<\/strong> se\u00f1alaron.<\/p>\n<div class=\"ln-banner-container --caja8_mob\">\n<div id=\"caja8_mob\" class=\"ln-banner\" data-slot-group=\"nota\" data-device=\"mobile\" data-subscription=\"true\" data-ad-unit-path=\"\/133919216\/campo_mobile\/Nota\/caja8_mob\" data-targeting='{\"sitio\":\"lanacion\",\"seccion\":\"nota\"}' data-without-hide=\"true\" data-size=\"[[300,250],[320,50],[300,450],[1,1],[320,100]]\" data-sizemap=\"[]\" data-prebid-enabled=\"true\"><\/div>\n<\/div>\n<p class=\"com-paragraph   --s\">En el Gobierno estimaron que una mayor adopci\u00f3n de gen\u00e9tica mejorada podr\u00eda traducirse en un salto significativo en la productividad, especialmente en aut\u00f3gamas donde la Argentina muestra rezagos frente a otros pa\u00edses. Seg\u00fan c\u00e1lculos oficiales,<strong> \u201calinearse con los niveles internacionales podr\u00eda generar entre US$4000 y US$5000 millones adicionales en exportaciones<\/strong>\u201c.<\/p>\n<div class=\"content-media\">\n<section role=\"button\" class=\"mod-media   \">\n<figure role=\"button\" tabindex=\"0\" class=\"mod-figure \">\n<div class=\"placeholder \">\n<div class=\"com-image\"><picture><source media=\"(min-width: 768px)\" srcset=\"https:\/\/resizer.glanacion.com\/resizer\/v2\/la-argentina-quedo-por-debajo-de-su-potencial-en-XBCMUMR3CBDYLFMAJRBTRX5IIY.jpeg?auth=b0495b90c051caff4a916fa90ee304dc3a109c8893a6a4d60836f1be8d22e14d&amp;width=780&amp;height=596&amp;quality=70&amp;smart=true\"><\/source><img class=\"image com-image flex --cover\" decoding=\"async\" fetchpriority=\"low\" loading=\"lazy\" src=\"https:\/\/resizer.glanacion.com\/resizer\/v2\/la-argentina-quedo-por-debajo-de-su-potencial-en-XBCMUMR3CBDYLFMAJRBTRX5IIY.jpeg?auth=b0495b90c051caff4a916fa90ee304dc3a109c8893a6a4d60836f1be8d22e14d&amp;width=420&amp;height=321&amp;quality=70&amp;smart=true\" width=\"851\" alt=\"La Argentina qued\u00f3 por debajo de su potencial en el algod\u00f3n desde los a\u00f1os 90, con una brecha creciente frente a pa\u00edses comparables\" height=\"650\"><\/picture><\/div>\n<\/div><figcaption class=\"mod-figcaption\"><span class=\"com-text --caption --twoxs\">La Argentina qued\u00f3 por debajo de su potencial en el algod\u00f3n desde los a\u00f1os 90, con una brecha creciente frente a pa\u00edses comparables<\/span><\/figcaption><\/figure>\n<\/section>\n<\/div>\n<div class=\"ln-banner-container --caja9_mob\">\n<div id=\"caja9_mob\" class=\"ln-banner\" data-slot-group=\"nota\" data-device=\"mobile\" data-subscription=\"true\" data-ad-unit-path=\"\/133919216\/campo_mobile\/Nota\/caja9_mob\" data-targeting='{\"sitio\":\"lanacion\",\"seccion\":\"nota\"}' data-without-hide=\"true\" data-size=\"[[300,250],[320,50],[300,450],[1,1],[320,100]]\" data-sizemap=\"[]\" data-prebid-enabled=\"true\"><\/div>\n<\/div>\n<p class=\"com-paragraph   --s\">De acuerdo con el diagn\u00f3stico oficial, <strong>la Argentina qued\u00f3 rezagada en el desarrollo tecnol\u00f3gico <\/strong>en <strong>aut\u00f3gamas <\/strong>\u2014como <strong>soja y trigo<\/strong>\u2014 en comparaci\u00f3n con pa\u00edses de la regi\u00f3n, en gran medida por las dificultades para hacer cumplir los derechos de propiedad intelectual. Se\u00f1alaron que lo que est\u00e1n haciendo es fortalecer el control y el respeto a la propiedad intelectual en semillas. En rigor, remarcaron que la idea es avanzar usando el marco vigente: ley de semillas m\u00e1s normativa del Inase, sin cambiar la ley ni pasar por el Congreso.<\/p>\n<div data-fusion-lazy-id=\"f0f2aQl9N0Nc5yq\"><\/div>\n<div data-fusion-lazy-id=\"f0fGQeo7N0Nc5He\"><\/div>\n<div class=\"ln-banner-container --caja5_mob\">\n<div id=\"caja5_mob\" class=\"ln-banner\" data-slot-group=\"nota\" data-device=\"mobile\" data-subscription=\"false\" data-ad-unit-path=\"\/133919216\/campo_mobile\/Nota\/caja5_mob\" data-targeting='{\"sitio\":\"lanacion\",\"seccion\":\"nota\"}' data-without-hide=\"true\" data-size='[[320,100],[300,250],[1,1],[\" fluid\"]]' data-sizemap=\"[]\" data-prebid-enabled=\"true\"><\/div>\n<\/div>\n<div data-fusion-lazy-id=\"f0fSc0ngN0Nc5KL\">\n<div><\/div>\n<\/div>\n<div class=\"ln-banner-container --middle_3_dsk\">\n<div id=\"middle_3_dsk\" class=\"ln-banner\" data-slot-group=\"nota\" data-device=\"desktop\" data-subscription=\"true\" data-ad-unit-path=\"\/133919216\/campo_desktop\/Nota\/middle_3_dsk\" data-targeting='{\"sitio\":\"lanacion\",\"seccion\":\"nota\"}' data-without-hide=\"true\" data-size=\"[[1,1],[728,90],[640,360],[728,360]]\" data-sizemap=\"[]\" data-prebid-enabled=\"true\"><\/div>\n<\/div>\n<\/div>\n","protected":false},"excerpt":{"rendered":"<p>El Gobierno present\u00f3 al sector agropecuario una propuesta para fortalecer la fiscalizaci\u00f3n en semillas, con un rol activo del sector privado. Apunta a facilitar la incorporaci\u00f3n de nuevas tecnolog\u00edas en un contexto de reclamos de la industria semillera para que se mejore el respeto a la propiedad intelectual en aut\u00f3gamas como la soja, el trigo [&hellip;]<\/p>\n","protected":false},"author":1,"featured_media":8277,"comment_status":"open","ping_status":"open","sticky":false,"template":"","format":"standard","meta":{"footnotes":""},"categories":[1],"tags":[],"class_list":["post-8276","post","type-post","status-publish","format-standard","has-post-thumbnail","hentry","category-uncategorized"],"_links":{"self":[{"href":"https:\/\/cliente1.publisher.highstack.com.ar\/index.php?rest_route=\/wp\/v2\/posts\/8276","targetHints":{"allow":["GET"]}}],"collection":[{"href":"https:\/\/cliente1.publisher.highstack.com.ar\/index.php?rest_route=\/wp\/v2\/posts"}],"about":[{"href":"https:\/\/cliente1.publisher.highstack.com.ar\/index.php?rest_route=\/wp\/v2\/types\/post"}],"author":[{"embeddable":true,"href":"https:\/\/cliente1.publisher.highstack.com.ar\/index.php?rest_route=\/wp\/v2\/users\/1"}],"replies":[{"embeddable":true,"href":"https:\/\/cliente1.publisher.highstack.com.ar\/index.php?rest_route=%2Fwp%2Fv2%2Fcomments&post=8276"}],"version-history":[{"count":0,"href":"https:\/\/cliente1.publisher.highstack.com.ar\/index.php?rest_route=\/wp\/v2\/posts\/8276\/revisions"}],"wp:featuredmedia":[{"embeddable":true,"href":"https:\/\/cliente1.publisher.highstack.com.ar\/index.php?rest_route=\/wp\/v2\/media\/8277"}],"wp:attachment":[{"href":"https:\/\/cliente1.publisher.highstack.com.ar\/index.php?rest_route=%2Fwp%2Fv2%2Fmedia&parent=8276"}],"wp:term":[{"taxonomy":"category","embeddable":true,"href":"https:\/\/cliente1.publisher.highstack.com.ar\/index.php?rest_route=%2Fwp%2Fv2%2Fcategories&post=8276"},{"taxonomy":"post_tag","embeddable":true,"href":"https:\/\/cliente1.publisher.highstack.com.ar\/index.php?rest_route=%2Fwp%2Fv2%2Ftags&post=8276"}],"curies":[{"name":"wp","href":"https:\/\/api.w.org\/{rel}","templated":true}]}}