{"id":8273,"date":"2026-04-27T21:18:28","date_gmt":"2026-04-28T00:18:28","guid":{"rendered":"https:\/\/cliente1.publisher.highstack.com.ar\/?p=8273"},"modified":"2026-04-27T21:18:28","modified_gmt":"2026-04-28T00:18:28","slug":"privatizaciones-cuales-son-las-empresas-que-compiten-para-quedarse-con-transener","status":"publish","type":"post","link":"https:\/\/cliente1.publisher.highstack.com.ar\/?p=8273","title":{"rendered":"Privatizaciones: cu\u00e1les son las empresas que compiten para quedarse con Transener"},"content":{"rendered":"<div class=\"article__content standard\" id=\"article-content\">\n<p>El Gobierno <strong>confirm\u00f3 la precalificaci\u00f3n t\u00e9cnica <\/strong>de tres empresas que compiten por<strong> comprar el 50% de las acciones que ENARSA posee en Citelec<\/strong><strong> S.A. <\/strong>Esta sociedad controla el 52,65% de Transener, empresa responsable de operar la red de transporte de electricidad en alta tensi\u00f3n en todo el pa\u00eds.<\/p>\n<p>La aprobaci\u00f3n de los oferentes se formaliz\u00f3 mediante la <a target=\"_blank\" href=\"https:\/\/www.boletinoficial.gob.ar\/detalleAviso\/primera\/341189\/20260427\">Resoluci\u00f3n 540\/2026<\/a>, publicada este lunes en el Bolet\u00edn Oficial. Se confirm\u00f3 que ma\u00f1ana martes se abrir\u00e1n los sobres con las ofertas para definir quien finalmente se queda con las acciones de Citelec.<\/p>\n<p>La operaci\u00f3n que involucra a la principal empresa de transporte de energ\u00eda el\u00e9ctrica en alta tensi\u00f3n del pa\u00eds se inscribe<strong> dentro del proceso de privatizaci\u00f3n de activos y actividades de Energ\u00eda Argentina S.A. (ENARSA), <\/strong>que busca atraer capitales privados a un segmento estrat\u00e9gico del sistema energ\u00e9tico argentino.<\/p>\n<p>Con la venta, el Gobierno busca embolsar m\u00e1s de US$ 200 millones que se inyectar\u00e1n directamente a las reservas del <strong>Tesoro.<\/strong> Algo que ya sucedi\u00f3 con la privatizaci\u00f3n de las represas hidroel\u00e9ctricas en el sur del pa\u00eds, donde se recolectaron m\u00e1s de 700 millones de d\u00f3lares que sirvieron para el pago de vencimientos de deuda.<\/p>\n<p style=\"text-align:center\"><picture><source media=\"(max-width: 440px)\" srcset=\"https:\/\/fotos.perfil.com\/\/2024\/12\/13\/440\/0\/cierre-de-mercados-por-que-subio-tanto-transener-este-13-de-diciembre-1930530.jpg?webp\"><\/source><source media=\"(max-width: 1019px)\" srcset=\"https:\/\/fotos.perfil.com\/\/2024\/12\/13\/712\/0\/cierre-de-mercados-por-que-subio-tanto-transener-este-13-de-diciembre-1930530.jpg?webp\"><\/source><img decoding=\"async\" style=\"max-width: 100%; width: 100%;\" alt=\"Cierre de mercados: por qu\u00e9 subi\u00f3 tanto Transener este 13 de diciembre\" src=\"https:\/\/fotos.perfil.com\/\/2024\/12\/13\/900\/0\/cierre-de-mercados-por-que-subio-tanto-transener-este-13-de-diciembre-1930530.jpg?webp\" loading=\"lazy\"><\/picture><\/p>\n<h2><strong>\u00bfCu\u00e1les son las empresas que compiten para quedarse con Transener?<\/strong><\/h2>\n<p>Las firmas que consiguieron el aval de la Comisi\u00f3n Evaluadora<strong> son Genneia y Grupo Edison en forma conjunta, Central Puerto SA y Edenor. <\/strong>Estas<strong> empresas <\/strong>cumplieron los requisitos del pliego en la apertura del &#8220;Sobre N\u00b0 1&#8221; realizada el pasado 14 de abril a trav\u00e9s de la plataforma CONTRAT.AR.<\/p>\n<p>Desde el Gobierno destacaron que la Agencia de Transformaci\u00f3n de Empresas P\u00fablicas supervis\u00f3 todo el proceso, validando la capacidad t\u00e9cnica y financiera de los interesados y descartando impugnaciones.<\/p>\n<p>La apertura del Sobre N\u00b0 2, correspondiente a las propuestas econ\u00f3micas, est\u00e1 prevista para el 28 de abril a trav\u00e9s de la misma plataforma oficial.<\/p>\n<p>Respecto a la firma conjunta de Genneia y Edinson, el modelo se da en sociedad de dos empresas pujantes del sector energ\u00e9tico, con foco en las energ\u00edas renovables. Con los hermanos <strong>Juan y Patricio Neuss, Rub\u00e9n Chernajovsky y Luis Galli <\/strong>a la cabeza, Edinson accedi\u00f3 a la compra de dos hidroel\u00e9ctricas claves del <strong>Comahue<\/strong> como <strong>Cerros Colorados<\/strong> y <strong>Alicur\u00e1,<\/strong> pisando fuerte en el pasado reciente del mercado energ\u00e9tico. Por otro lado, Genneia tiene como presidente y accionista principal a Jorge Brito, quien adem\u00e1s es due\u00f1o del Banco Macro.<\/p>\n<p>En el caso de Central Puerto, se trata de la mayor generadora el\u00e9ctrica privada del pa\u00eds. Con amplia trayectoria en el sector, la compa\u00f1\u00eda controlada por <strong>Miguens-Bemberg, Eduardo Escassany y Guillermo Reca<\/strong> es una de las de mayor expansi\u00f3n en el sector energ\u00e9tico a nivel local y en busca de ampliar su cartera, con inversiones programadas no s\u00f3lo en el sector el\u00e9ctrico, sino tambi\u00e9n en el \u00e1mbito del gas y la producci\u00f3n de hidrocarburos en <strong>Vaca Muerta.<\/strong><\/p>\n<p>Por \u00faltimo, aparece Edenor con los empresarios <strong>Jos\u00e9 Luis Manzano, Daniel Vila y Edgardo Filiberti <\/strong>encabezando el proyecto. Esta compa\u00f1\u00eda es la m\u00e1s importante de transporte y distribuci\u00f3n directa a consumidores en todo el pa\u00eds, abarcando a gran parte de los clientes a nivel nacional.<\/p>\n<p style=\"text-align:center\"><picture><source media=\"(max-width: 440px)\" srcset=\"https:\/\/fotos.perfil.com\/\/2026\/04\/27\/440\/0\/grafico-270420026-2228702.jpg?webp\"><\/source><source media=\"(max-width: 1019px)\" srcset=\"https:\/\/fotos.perfil.com\/\/2026\/04\/27\/712\/0\/grafico-270420026-2228702.jpg?webp\"><\/source><img decoding=\"async\" style=\"max-width: 100%; width: 100%;\" alt=\"Gr\u00e1fico 270420026\" src=\"https:\/\/fotos.perfil.com\/\/2026\/04\/27\/900\/0\/grafico-270420026-2228702.jpg?webp\" loading=\"lazy\"><\/picture><\/p>\n<h2><strong>Qu\u00e9 est\u00e1 en juego: el control del transporte el\u00e9ctrico<\/strong><\/h2>\n<p>Actualmente Transener es la empresa responsable de operar la red de transporte de electricidad en alta tensi\u00f3n en todo el pa\u00eds. El peso estrat\u00e9gico de la empresa radica en que su red conecta los principales centros de generaci\u00f3n con los de consumo, lo que la convierte en una pieza central para garantizar la estabilidad del sistema el\u00e9ctrico. <\/p>\n<p><strong>Transener opera <\/strong>el <strong>85% de la red de alta tensi\u00f3n del pa\u00eds y supervisa el resto<\/strong>. Administra m\u00e1s de 15.000 kil\u00f3metros de l\u00edneas de 500 kV y una red que recorre cerca de 3.700 kil\u00f3metros de norte a sur.<\/p>\n<p>El director de IGPUBA, <strong>Juan Jos\u00e9 Carbajales<\/strong>, coment\u00f3 para Perfil que Transener es el actor central en la red de alta tensi\u00f3n del pa\u00eds. &#8220;Opera las l\u00edneas de 500 kV y 330 kV que integran el Sistema Argentino de Interconexi\u00f3n (SADI)&#8221;, <strong>lo que la convierte en una pieza monop\u00f3lica dentro del esquema energ\u00e9tico.<\/strong><\/p>\n<p>\u201cEs una empresa \u00fanica en el sector. <strong>Maneja la transmisi\u00f3n de extra alta tensi\u00f3n, que son como las grandes autopistas el\u00e9ctricas del pa\u00eds\u201d<\/strong>, explic\u00f3 Carbajales.<\/p>\n<p>Adem\u00e1s, remarc\u00f3 que se trata de una compa\u00f1\u00eda con buen desempe\u00f1o: \u201cEs una empresa que tiene altos est\u00e1ndares de eficiencia t\u00e9cnica, solvencia econ\u00f3mica y que siempre funcion\u00f3 de manera muy profesional\u201d.<\/p>\n<p>Para Carbajales, el principal atractivo de la operaci\u00f3n est\u00e1 claro: \u201cSe va a adjudicar un negocio que es redondo, <strong>que tiene tarifa y una empresa que est\u00e1 saneada\u201d.<\/strong><\/p>\n<p>Sin embargo, advirti\u00f3 que el impacto en el sistema el\u00e9ctrico ser\u00e1 nulo en el corto plazo: <strong>\u201cEl Gobierno va a usar esa plata para pagar deuda. El sistema no lo va a ver, no habr\u00e1 una mejora directa por eso\u201d.<\/strong><\/p>\n<p>El punto central, seg\u00fan el especialista, pasa por lo que se har\u00e1 una vez concretada la operaci\u00f3n. \u201cLa gran pregunta es si el inversor que ingrese<strong> va a hacer ampliaciones de l\u00edneas de alta tensi\u00f3n para que entren nuevos proyectos, o si solo va a mantener la red tal como est\u00e1\u201d<\/strong>, plante\u00f3.<\/p>\n<p>Consultado sobre el impacto de la privatizaci\u00f3n en el servicio, Carbajales fue categ\u00f3rico: \u201cNo hay un cambio sist\u00e9mico<strong>. Hay un cambio de manos, un negocio para un privado y el Estado que se corre\u201d.<\/strong><\/p>\n<p>La venta en curso de la empresa <strong>no implica la transferencia total, sino del control compartido: <\/strong>el otro 50% de Citelec pertenece a Pampa Energ\u00eda, del empresario <strong>Marcelo Mindlin.<\/strong><\/p>\n<p>A su vez,<strong> <\/strong>Citelec es accionista minoritaria y controlante indirecta, a trav\u00e9s de Transener, de las compa\u00f1\u00edas<strong> Transener Internacional,<\/strong> que presta servicios de transmisi\u00f3n de energ\u00eda en Brasil, y de<strong> Transba, <\/strong>prestadora del servicio de transporte de energ\u00eda el\u00e9ctrica por distribuci\u00f3n troncal de la provincia de Buenos Aires.<\/p>\n<h2><strong>Qu\u00e9 otras privatizaciones est\u00e1n en la lista<\/strong><\/h2>\n<p>En lo inmediato, el plan de privatizaciones que el Ministerio de Econom\u00eda lleva adelante contempla la posibilidad de privatizar al menos cuatro empresas clave del control estatal. Adem\u00e1s de Citelec (Transener), el Gobierno estar\u00eda listo para avanzar con la venta de<strong> AySA, Intercargo y Corredores Viales.<\/strong><\/p>\n<p>Para el 2026, el Gobierno espera recaudar al menos US$ 2.000 millones en privatizaciones que puedan servir para cumplir con compromisos vigentes. A esos proyectos se sumar\u00edan tambi\u00e9n las privatizaciones de <strong>Belgrano Cargas, Nucleoel\u00e9ctrica Argentina, Metrogas y la Hidrov\u00eda<\/strong>.<\/p>\n<p>FN \/ EM<\/p>\n<\/p><\/div>\n<p><\/p>\n","protected":false},"excerpt":{"rendered":"<p>        La operaci\u00f3n que involucra a la principal empresa de transporte de energ\u00eda el\u00e9ctrica en alta tensi\u00f3n del pa\u00eds se inscribe\u00a0dentro del proceso de privatizaci\u00f3n de activos y actividades de Energ\u00eda Argentina S.A. (ENARSA), que\u00a0busca atraer capitales privados a un segmento estrat\u00e9gico del sistema energ\u00e9tico argentino.<\/p>\n","protected":false},"author":1,"featured_media":8275,"comment_status":"open","ping_status":"open","sticky":false,"template":"","format":"standard","meta":{"footnotes":""},"categories":[1],"tags":[14],"class_list":["post-8273","post","type-post","status-publish","format-standard","has-post-thumbnail","hentry","category-uncategorized","tag-hidrovia"],"_links":{"self":[{"href":"https:\/\/cliente1.publisher.highstack.com.ar\/index.php?rest_route=\/wp\/v2\/posts\/8273","targetHints":{"allow":["GET"]}}],"collection":[{"href":"https:\/\/cliente1.publisher.highstack.com.ar\/index.php?rest_route=\/wp\/v2\/posts"}],"about":[{"href":"https:\/\/cliente1.publisher.highstack.com.ar\/index.php?rest_route=\/wp\/v2\/types\/post"}],"author":[{"embeddable":true,"href":"https:\/\/cliente1.publisher.highstack.com.ar\/index.php?rest_route=\/wp\/v2\/users\/1"}],"replies":[{"embeddable":true,"href":"https:\/\/cliente1.publisher.highstack.com.ar\/index.php?rest_route=%2Fwp%2Fv2%2Fcomments&post=8273"}],"version-history":[{"count":1,"href":"https:\/\/cliente1.publisher.highstack.com.ar\/index.php?rest_route=\/wp\/v2\/posts\/8273\/revisions"}],"predecessor-version":[{"id":8274,"href":"https:\/\/cliente1.publisher.highstack.com.ar\/index.php?rest_route=\/wp\/v2\/posts\/8273\/revisions\/8274"}],"wp:featuredmedia":[{"embeddable":true,"href":"https:\/\/cliente1.publisher.highstack.com.ar\/index.php?rest_route=\/wp\/v2\/media\/8275"}],"wp:attachment":[{"href":"https:\/\/cliente1.publisher.highstack.com.ar\/index.php?rest_route=%2Fwp%2Fv2%2Fmedia&parent=8273"}],"wp:term":[{"taxonomy":"category","embeddable":true,"href":"https:\/\/cliente1.publisher.highstack.com.ar\/index.php?rest_route=%2Fwp%2Fv2%2Fcategories&post=8273"},{"taxonomy":"post_tag","embeddable":true,"href":"https:\/\/cliente1.publisher.highstack.com.ar\/index.php?rest_route=%2Fwp%2Fv2%2Ftags&post=8273"}],"curies":[{"name":"wp","href":"https:\/\/api.w.org\/{rel}","templated":true}]}}