{"id":8267,"date":"2026-04-27T20:26:20","date_gmt":"2026-04-27T23:26:20","guid":{"rendered":"https:\/\/cliente1.publisher.highstack.com.ar\/?p=8267"},"modified":"2026-04-27T20:26:20","modified_gmt":"2026-04-27T23:26:20","slug":"el-presidente-de-irak-encargo-a-ali-al-zaidi-la-formacion-de-un-nuevo-gobierno","status":"publish","type":"post","link":"https:\/\/cliente1.publisher.highstack.com.ar\/?p=8267","title":{"rendered":"El presidente de Irak encarg\u00f3 a Ali al Zaidi la formaci\u00f3n de un nuevo gobierno"},"content":{"rendered":"<div class=\"visual__image image-initial-width\"><picture><source srcset=\"https:\/\/www.infobae.com\/resizer\/v2\/HKTJN2XYSNCG7IMOZJH4SGCDFY.JPG?auth=a8ae8a7526ca805862672dee8ecba9e77d7a964be2fc151168b8713eb56ad60d&amp;smart=true&amp;width=992&amp;height=558&amp;quality=85\" media=\"(min-width: 1000px)\"><\/source><source srcset=\"https:\/\/www.infobae.com\/resizer\/v2\/HKTJN2XYSNCG7IMOZJH4SGCDFY.JPG?auth=a8ae8a7526ca805862672dee8ecba9e77d7a964be2fc151168b8713eb56ad60d&amp;smart=true&amp;width=768&amp;height=432&amp;quality=85\" media=\"(min-width: 768px)\"><\/source><source srcset=\"https:\/\/www.infobae.com\/resizer\/v2\/HKTJN2XYSNCG7IMOZJH4SGCDFY.JPG?auth=a8ae8a7526ca805862672dee8ecba9e77d7a964be2fc151168b8713eb56ad60d&amp;smart=true&amp;width=577&amp;height=325&amp;quality=85\" media=\"(min-width: 580px)\"><\/source><source srcset=\"https:\/\/www.infobae.com\/resizer\/v2\/HKTJN2XYSNCG7IMOZJH4SGCDFY.JPG?auth=a8ae8a7526ca805862672dee8ecba9e77d7a964be2fc151168b8713eb56ad60d&amp;smart=true&amp;width=420&amp;height=236&amp;quality=85\" media=\"(min-width: 350px)\"><\/source><source srcset=\"https:\/\/www.infobae.com\/resizer\/v2\/HKTJN2XYSNCG7IMOZJH4SGCDFY.JPG?auth=a8ae8a7526ca805862672dee8ecba9e77d7a964be2fc151168b8713eb56ad60d&amp;smart=true&amp;width=350&amp;height=197&amp;quality=85\" media=\"(min-width: 80px)\"><\/source><img alt=\"La retirada de las candidaturas de Mohamed Shia al Sudani y Nuri al Maliki destraba el bloqueo pol\u00edtico generado luego de las elecciones parlamentarias de 2025. (REUTERS)\" class=\"global-image\" decoding=\"async\" fetchpriority=\"high\" height=\"1381\" loading=\"eager\" src=\"https:\/\/www.infobae.com\/resizer\/v2\/HKTJN2XYSNCG7IMOZJH4SGCDFY.JPG?auth=a8ae8a7526ca805862672dee8ecba9e77d7a964be2fc151168b8713eb56ad60d&amp;smart=true&amp;width=350&amp;height=197&amp;quality=85\" width=\"2455\"><\/picture><\/div>\n<p class=\"paragraph\">El <b>presidente de<\/b><i><b> <\/b><\/i><a rel=\"noopener noreferrer\" href=\"https:\/\/www.infobae.com\/tag\/irak\/\" target=\"_blank\" title=\"https:\/\/www.infobae.com\/tag\/irak\/\"><i><b>Irak<\/b><\/i><\/a><b>,<\/b> <b>Nizar Amedi<\/b>, ha encargado este lunes al <b>empresario Ali al Zaidi<\/b> la formaci\u00f3n de un nuevo gobierno, tras recibir el respaldo del bloque parlamentario chi\u00ed <b>Marco de Coordinaci\u00f3n<\/b> y la retirada de las candidaturas de <b>Mohamed Shia al Sudani<\/b> y <b>Nuri al Maliki<\/b>. La decisi\u00f3n fue adoptada despu\u00e9s de que <b>Estados Unidos<\/b> manifestara su rechazo a la postulaci\u00f3n de Al Maliki por sus presuntas conexiones con Ir\u00e1n.<\/p>\n<p class=\"paragraph\">El encargo fue oficializado en una ceremonia en el Palacio de Bagdad. <b>Amedi<\/b> afirm\u00f3 que <b>\u201clos intereses de Irak son primordiales\u201d<\/b> y pidi\u00f3 a las fuerzas pol\u00edticas que cooperen para acelerar la formaci\u00f3n del nuevo gabinete. <b>Ali al Zaidi<\/b> agradeci\u00f3 al mandatario <b>\u201cpor completar el proceso dentro del plazo constitucional\u201d<\/b> y sostuvo que formar\u00e1 un ejecutivo que atienda las demandas de la ciudadan\u00eda.<\/p>\n<div class=\"inline ad-wrapper dfpAd ad-inline ad-text ad-component-container\" style=\"--ad-shell-height:250px;--ad-shell-width:300px\" data-ad-wrapper=\"arcad\" data-ad-type=\"inline\" data-ad-slot=\"infobae\/america\/mundo\/nota\/inline\" data-ad-container=\"dfp\" data-ad-slot-name=\"infobae\/america\/mundo\/nota\/inline\">\n<p class=\"ad-shell-label\">PUBLICIDAD<\/p>\n<div id=\"infobae\/america\/mundo\/nota\/inline\" class=\"infobae\/america\/mundo\/nota\/inline arcad ad-slot-node ad-slot-node--boxed\" data-ad-slot-id=\"infobae\/america\/mundo\/nota\/inline\"><\/div>\n<\/div>\n<p class=\"paragraph\">La designaci\u00f3n de <b>Al Zaidi<\/b> se produjo tras la retirada de <b>Al Maliki<\/b> y <b>Al Sudani<\/b>, lo que, seg\u00fan el <b>Marco de Coordinaci\u00f3n<\/b>, permite superar el bloqueo pol\u00edtico iniciado tras las elecciones parlamentarias de noviembre de 2025. La formaci\u00f3n chi\u00ed sostiene que este paso posibilita elegir a \u201cun candidato capacitado para afrontar los desaf\u00edos de la etapa actual\u201d.<\/p>\n<div class=\"visual__image\"><picture><source srcset=\"https:\/\/www.infobae.com\/resizer\/v2\/OODPLVU3JFE47AMGAIQD7VPEUM.jpg?auth=f369e5468ffc60dde0f4eb377fd69a27ce40061b5f4dd2f5177ca6131ec2e6b2&amp;smart=true&amp;width=992&amp;height=661&amp;quality=85\" media=\"(min-width: 1000px)\"><\/source><source srcset=\"https:\/\/www.infobae.com\/resizer\/v2\/OODPLVU3JFE47AMGAIQD7VPEUM.jpg?auth=f369e5468ffc60dde0f4eb377fd69a27ce40061b5f4dd2f5177ca6131ec2e6b2&amp;smart=true&amp;width=768&amp;height=512&amp;quality=85\" media=\"(min-width: 768px)\"><\/source><source srcset=\"https:\/\/www.infobae.com\/resizer\/v2\/OODPLVU3JFE47AMGAIQD7VPEUM.jpg?auth=f369e5468ffc60dde0f4eb377fd69a27ce40061b5f4dd2f5177ca6131ec2e6b2&amp;smart=true&amp;width=577&amp;height=385&amp;quality=85\" media=\"(min-width: 580px)\"><\/source><source srcset=\"https:\/\/www.infobae.com\/resizer\/v2\/OODPLVU3JFE47AMGAIQD7VPEUM.jpg?auth=f369e5468ffc60dde0f4eb377fd69a27ce40061b5f4dd2f5177ca6131ec2e6b2&amp;smart=true&amp;width=420&amp;height=280&amp;quality=85\" media=\"(min-width: 350px)\"><\/source><source srcset=\"https:\/\/www.infobae.com\/resizer\/v2\/OODPLVU3JFE47AMGAIQD7VPEUM.jpg?auth=f369e5468ffc60dde0f4eb377fd69a27ce40061b5f4dd2f5177ca6131ec2e6b2&amp;smart=true&amp;width=350&amp;height=233&amp;quality=85\" media=\"(min-width: 80px)\"><\/source><img alt=\"La decisi\u00f3n de Amedi sigue al retiro de las candidaturas de Mohamed Shia al Sudani y Nuri al Maliki, vetadas por Estados Unidos por presuntas conexiones con Ir\u00e1n. (EP)\n\" class=\"global-image\" decoding=\"async\" fetchpriority=\"low\" height=\"1280\" loading=\"lazy\" src=\"https:\/\/www.infobae.com\/resizer\/v2\/OODPLVU3JFE47AMGAIQD7VPEUM.jpg?auth=f369e5468ffc60dde0f4eb377fd69a27ce40061b5f4dd2f5177ca6131ec2e6b2&amp;smart=true&amp;width=350&amp;height=233&amp;quality=85\" width=\"1920\"><\/picture><\/div>\n<p class=\"paragraph\">En Irak, el sistema pol\u00edtico establece que el presidente debe ser kurdo, el primer ministro chi\u00ed y el titular del Parlamento sun\u00ed, un reparto acordado tras la invasi\u00f3n estadounidense de 2003. La reciente elecci\u00f3n de <b>Nizar Amedi<\/b> como presidente, impulsada por la <b>Uni\u00f3n Patri\u00f3tica del Kurdist\u00e1n<\/b> y rechazada por el <b>Partido Democr\u00e1tico del Kurdist\u00e1n (PDK)<\/b>, gener\u00f3 una crisis institucional. El <b>PDK<\/b> denunci\u00f3 <b>\u201cerrores de procedimiento\u201d<\/b> en la votaci\u00f3n y anunci\u00f3 la retirada indefinida del Parlamento iraqu\u00ed.<\/p>\n<div class=\"inline_2 ad-wrapper dfpAd ad-inline ad-text ad-component-container\" style=\"--ad-shell-height:250px;--ad-shell-width:300px\" data-ad-wrapper=\"arcad\" data-ad-type=\"inline_2\" data-ad-slot=\"infobae\/america\/mundo\/nota\/inline_2\" data-ad-container=\"dfp\" data-ad-slot-name=\"infobae\/america\/mundo\/nota\/inline_2\">\n<p class=\"ad-shell-label\">PUBLICIDAD<\/p>\n<div id=\"infobae\/america\/mundo\/nota\/inline_2\" class=\"infobae\/america\/mundo\/nota\/inline_2 arcad ad-slot-node ad-slot-node--boxed\" data-ad-slot-id=\"infobae\/america\/mundo\/nota\/inline_2\"><\/div>\n<\/div>\n<p class=\"paragraph\">La nominaci\u00f3n de <b>Ali al Zaidi<\/b> ocurri\u00f3 en un contexto de divisiones entre los principales bloques pol\u00edticos y presiones externas, en medio de negociaciones marcadas por desacuerdos sobre la integraci\u00f3n del gabinete y el reparto de poder.<\/p>\n<p class=\"paragraph\"><b>Ali al Zaidi<\/b> tiene 40 a\u00f1os y es licenciado en Derecho. Ha presidido el <b>Banco Isl\u00e1mico Al Yanub<\/b>, entidad financiera de referencia en el sur del pa\u00eds, y actualmente dirige la <b>Compa\u00f1\u00eda Nacional de Holdings<\/b>, un grupo relevante en inversi\u00f3n privada. Adem\u00e1s, encabeza el consejo de administraci\u00f3n de la <b>Universidad Al Shaab<\/b> y es propietario del canal de televisi\u00f3n <b>Dijlah<\/b>, de amplia cobertura informativa nacional. Naci\u00f3 en la gobernaci\u00f3n de <b>Dhi Qar<\/b>, en el sudeste de Irak.<\/p>\n<div class=\"ad_1 ad-wrapper dfpAd ad-1-al-6 ad-text ad-component-container\" style=\"--ad-shell-height:250px;--ad-shell-width:300px\" data-ad-wrapper=\"arcad\" data-ad-type=\"ad_1\" data-ad-slot=\"infobae\/america\/mundo\/nota\/ad_1\" data-ad-container=\"dfp\" data-ad-slot-name=\"infobae\/america\/mundo\/nota\/ad_1\">\n<p class=\"ad-shell-label\">PUBLICIDAD<\/p>\n<div id=\"infobae\/america\/mundo\/nota\/ad_1\" class=\"infobae\/america\/mundo\/nota\/ad_1 arcad ad-slot-node ad-slot-node--boxed\" data-ad-slot-id=\"infobae\/america\/mundo\/nota\/ad_1\"><\/div>\n<\/div>\n<p class=\"paragraph\">El <b>Marco de Coordinaci\u00f3n<\/b> mencion\u00f3 la gesti\u00f3n de <b>Mohamed Shia al Sudani<\/b> como primer ministro saliente, destacando su <b>\u201cenfoque nacional\u201d<\/b> ante los desaf\u00edos econ\u00f3micos y regionales.<\/p>\n<p class=\"paragraph\">La formaci\u00f3n del nuevo gobierno queda pendiente de la aprobaci\u00f3n parlamentaria y del desarrollo de las negociaciones entre los distintos bloques, en un escenario de fragmentaci\u00f3n pol\u00edtica y tensiones sectarias.<\/p>\n<div class=\"ad_2 ad-wrapper dfpAd ad-1-al-6 ad-text ad-component-container\" style=\"--ad-shell-height:250px;--ad-shell-width:300px\" data-ad-wrapper=\"arcad\" data-ad-type=\"ad_2\" data-ad-slot=\"infobae\/america\/mundo\/nota\/ad_2\" data-ad-container=\"dfp\" data-ad-slot-name=\"infobae\/america\/mundo\/nota\/ad_2\">\n<p class=\"ad-shell-label\">PUBLICIDAD<\/p>\n<div id=\"infobae\/america\/mundo\/nota\/ad_2\" class=\"infobae\/america\/mundo\/nota\/ad_2 arcad ad-slot-node ad-slot-node--boxed\" data-ad-slot-id=\"infobae\/america\/mundo\/nota\/ad_2\"><\/div>\n<\/div>\n<p class=\"paragraph\"><i>(Con informaci\u00f3n de EFE y Europa Press)<\/i><\/p>\n","protected":false},"excerpt":{"rendered":"<p>La designaci\u00f3n se formaliz\u00f3 despu\u00e9s de que Estados Unidos expresara objeciones contra candidatos previos, en medio de diferencias entre los principales partidos y demandas de un gabinete representativo<\/p>\n","protected":false},"author":1,"featured_media":8269,"comment_status":"open","ping_status":"open","sticky":false,"template":"","format":"standard","meta":{"footnotes":""},"categories":[1],"tags":[],"class_list":["post-8267","post","type-post","status-publish","format-standard","has-post-thumbnail","hentry","category-uncategorized"],"_links":{"self":[{"href":"https:\/\/cliente1.publisher.highstack.com.ar\/index.php?rest_route=\/wp\/v2\/posts\/8267","targetHints":{"allow":["GET"]}}],"collection":[{"href":"https:\/\/cliente1.publisher.highstack.com.ar\/index.php?rest_route=\/wp\/v2\/posts"}],"about":[{"href":"https:\/\/cliente1.publisher.highstack.com.ar\/index.php?rest_route=\/wp\/v2\/types\/post"}],"author":[{"embeddable":true,"href":"https:\/\/cliente1.publisher.highstack.com.ar\/index.php?rest_route=\/wp\/v2\/users\/1"}],"replies":[{"embeddable":true,"href":"https:\/\/cliente1.publisher.highstack.com.ar\/index.php?rest_route=%2Fwp%2Fv2%2Fcomments&post=8267"}],"version-history":[{"count":1,"href":"https:\/\/cliente1.publisher.highstack.com.ar\/index.php?rest_route=\/wp\/v2\/posts\/8267\/revisions"}],"predecessor-version":[{"id":8268,"href":"https:\/\/cliente1.publisher.highstack.com.ar\/index.php?rest_route=\/wp\/v2\/posts\/8267\/revisions\/8268"}],"wp:featuredmedia":[{"embeddable":true,"href":"https:\/\/cliente1.publisher.highstack.com.ar\/index.php?rest_route=\/wp\/v2\/media\/8269"}],"wp:attachment":[{"href":"https:\/\/cliente1.publisher.highstack.com.ar\/index.php?rest_route=%2Fwp%2Fv2%2Fmedia&parent=8267"}],"wp:term":[{"taxonomy":"category","embeddable":true,"href":"https:\/\/cliente1.publisher.highstack.com.ar\/index.php?rest_route=%2Fwp%2Fv2%2Fcategories&post=8267"},{"taxonomy":"post_tag","embeddable":true,"href":"https:\/\/cliente1.publisher.highstack.com.ar\/index.php?rest_route=%2Fwp%2Fv2%2Ftags&post=8267"}],"curies":[{"name":"wp","href":"https:\/\/api.w.org\/{rel}","templated":true}]}}