{"id":8264,"date":"2026-04-27T20:18:30","date_gmt":"2026-04-27T23:18:30","guid":{"rendered":"https:\/\/cliente1.publisher.highstack.com.ar\/?p=8264"},"modified":"2026-04-27T20:18:30","modified_gmt":"2026-04-27T23:18:30","slug":"martin-yeza-diputado-del-pro-la-kriptonita-de-cualquier-ajuste-es-la-corrupcion","status":"publish","type":"post","link":"https:\/\/cliente1.publisher.highstack.com.ar\/?p=8264","title":{"rendered":"Mart\u00edn Yeza, diputado del PRO: \u201cLa kriptonita de cualquier ajuste es la corrupci\u00f3n\u201d"},"content":{"rendered":"<div class=\"jwplayer-ctn\"><script src=\"https:\/\/census-web.scorecardresearch.com\/plugins\/streaming-jwplayer\/v2\/current.js\"><\/script><\/p>\n<div>\n<div id=\"EBXJJE6BJRFNTJW4PLXZYPN2MU-custom_embed0\"><\/div>\n<\/div><figcaption class=\"jwplayer-figcaption\">Mart\u00edn Yeza advierte sobre el riesgo de corrupci\u00f3n en el contexto del ajuste econ\u00f3mico implementado por el gobierno de Javier Milei<\/figcaption><\/div>\n<p class=\"paragraph\">En una entrevista exclusiva en <a href=\"https:\/\/www.infobae.com\/tag\/infobae-al-regreso\/\" target=\"_blank\" rel=\"noreferrer\" title=\"https:\/\/www.infobae.com\/tag\/infobae-al-regreso\/\"><b>Infobae al Regreso<\/b><\/a>, el diputado nacional <b>Mart\u00edn Yeza<\/b> advirti\u00f3 sobre la falta de certezas en torno a la figura del jefe de gabinete <a href=\"https:\/\/www.infobae.com\/tag\/manuel-adorni\/\" target=\"_blank\" rel=\"noreferrer\" title=\"https:\/\/www.infobae.com\/tag\/manuel-adorni\/\"><b>Adorni<\/b><\/a><b> <\/b>y abord\u00f3 los desaf\u00edos que enfrenta el <b>PRO <\/b>para sostener la gobernabilidad en medio del ajuste econ\u00f3mico impulsado por el presidente <b>Javier Milei<\/b>.<\/p>\n<p class=\"paragraph\">Durante la charla con el equipo de Infobae al Regreso, integrado por Gonzalo Aziz, Diego Iglesias, Malena de los R\u00edos y Mat\u00edas Barber\u00eda, Yeza relat\u00f3 el clima de incertidumbre que atraviesa la <b>C\u00e1mara de Diputados<\/b> ante la inminente exposici\u00f3n de Adorni, quien este mi\u00e9rcoles deber\u00e1 responder preguntas de los legisladores sobre las pol\u00e9micas en torno a su patrimonio y sus viajes.<\/p>\n<div class=\"inline ad-wrapper dfpAd ad-inline ad-text ad-component-container\" style=\"--ad-shell-height:250px;--ad-shell-width:300px\" data-ad-wrapper=\"arcad\" data-ad-type=\"inline\" data-ad-slot=\"infobae\/politica\/nota\/inline\" data-ad-container=\"dfp\" data-ad-slot-name=\"infobae\/politica\/nota\/inline\">\n<p class=\"ad-shell-label\">PUBLICIDAD<\/p>\n<div id=\"infobae\/politica\/nota\/inline\" class=\"infobae\/politica\/nota\/inline arcad ad-slot-node ad-slot-node--boxed\" data-ad-slot-id=\"infobae\/politica\/nota\/inline\"><\/div>\n<\/div>\n<div class=\"streaming-feed streaming-feed-powerup\">\n<p class=\"streaming-feed-title\">Nueva Programaci\u00f3n<\/p>\n<div class=\"streaming-feed-slider\"><svg class=\"prev-arrow prev-slider-sf-fc86f82d-e5eb-4dc4-8422-38f407e501b5\" viewbox=\"0 0 50 50\" xmlns=\"http:\/\/www.w3.org\/2000\/svg\"><g transform=\"translate(.159 .327)\"><circle cx=\"25\" cy=\"25\" r=\"25\" fill=\"#fff\" style=\"isolation:isolate;opacity:0.89\"><\/circle><path d=\"M28.09 13.71a1.426 1.426 0 0 1 .96 2.48l-9.55 8.78 9.55 8.78c.58.53.62 1.44.09 2.02-.54.58-1.44.62-2.02.09l-10.69-9.83c-.29-.27-.46-.65-.46-1.05s.17-.78.46-1.05l10.69-9.83c.27-.25.62-.38.97-.38Z\" fill=\"#3b3b3b\"><\/path><\/g><\/svg><\/p>\n<div class=\"swiper\">\n<div class=\"swiper-wrapper\">\n<div class=\"swiper-slide streaming-feed-slide\"><a class=\"streaming-feed-card\" href=\"https:\/\/www.youtube.com\/@Infobae\" target=\"_blank\" rel=\"noopener noreferrer\"><img alt=\"streaming-image\" class=\"streaming-feed-card-image\" decoding=\"auto\" fetchpriority=\"low\" loading=\"lazy\" src=\"https:\/\/www.infobae.com\/resizer\/v2\/YDYIWXRF4FEVVNHPOA7LF3YDXA.png?auth=3f092edca7a56a9b6ec277bcecc898433dbaed898d5824790bccc739588cd7c8\"><\/p>\n<div class=\"streaming-feed-card-content\">\n<p class=\"streaming-feed-card-title\">INFOBAE AL AMANECER<\/p>\n<p class=\"streaming-feed-card-description\">Infobae En Vivo inicia su jornada con una primera edici\u00f3n informativa pensada para arrancar el d\u00eda bien informado. Un espacio \u00e1gil y plural, con las noticias clave de la ma\u00f1ana, an\u00e1lisis temprano y contexto para anticipar la agenda del d\u00eda.<\/p>\n<p class=\"streaming-feed-card-schedule\">De Lun a Vie 10 a 12 hs<\/p>\n<\/div>\n<p><\/a><\/div>\n<div class=\"swiper-slide streaming-feed-slide\"><a class=\"streaming-feed-card\" href=\"https:\/\/www.youtube.com\/@Infobae\" target=\"_blank\" rel=\"noopener noreferrer\"><img alt=\"streaming-image\" class=\"streaming-feed-card-image\" decoding=\"auto\" fetchpriority=\"low\" loading=\"lazy\" src=\"https:\/\/www.infobae.com\/resizer\/v2\/J6FOZY4QKZHRRI4YGGQCG3WWPA.png?auth=a21d17528ba5cb775b32e68980de2cfc03021664949b235e2d678e2a27f192a7\"><\/p>\n<div class=\"streaming-feed-card-content\">\n<p class=\"streaming-feed-card-title\">INFOBAE A LAS NUEVE<\/p>\n<p class=\"streaming-feed-card-description\">La edici\u00f3n am abordar\u00e1 la informaci\u00f3n que define el d\u00eda, en un formato \u00e1gil que atrapa a la audiencia.<\/p>\n<p class=\"streaming-feed-card-schedule\">De Lun a Vie 12 a 15 hs<\/p>\n<\/div>\n<p><\/a><\/div>\n<div class=\"swiper-slide streaming-feed-slide\"><a class=\"streaming-feed-card\" href=\"https:\/\/www.youtube.com\/@Infobae\" target=\"_blank\" rel=\"noopener noreferrer\"><img alt=\"streaming-image\" class=\"streaming-feed-card-image\" decoding=\"auto\" fetchpriority=\"low\" loading=\"lazy\" src=\"https:\/\/www.infobae.com\/resizer\/v2\/7OCB73OBF5CCNGT4BSPIPOSKQE.png?auth=573ea9cf95fa2e04247a1d6e62a635b74b612e11246d5b9b4e4c40cd4996e691\"><\/p>\n<div class=\"streaming-feed-card-content\">\n<p class=\"streaming-feed-card-title\">INFOBAE AL MEDIOD\u00cdA<\/p>\n<p class=\"streaming-feed-card-description\">La edici\u00f3n del mediod\u00eda propone una mirada amplia de la actualidad, con contenidos diversos, foco internacional y el respaldo de las redacciones de Infobae en el mundo.<\/p>\n<p class=\"streaming-feed-card-schedule\">De Lun a Vie 15 a 18 hs<\/p>\n<\/div>\n<p><\/a><\/div>\n<div class=\"swiper-slide streaming-feed-slide\"><a class=\"streaming-feed-card\" href=\"https:\/\/www.youtube.com\/@Infobae\" target=\"_blank\" rel=\"noopener noreferrer\"><img alt=\"streaming-image\" class=\"streaming-feed-card-image\" decoding=\"auto\" fetchpriority=\"low\" loading=\"lazy\" src=\"https:\/\/www.infobae.com\/resizer\/v2\/UIRLFN4CTZBJ5OK7BHQHPOAQMI.png?auth=504d631b6dbc42d9a7efdb0ed2658616679575e57b56059b777e5b2e5a838c92\"><\/p>\n<div class=\"streaming-feed-card-content\">\n<p class=\"streaming-feed-card-title\">INFOBAE A LA TARDE<\/p>\n<p class=\"streaming-feed-card-description\">La edici\u00f3n de la tarde propone un espacio de an\u00e1lisis y debate sobre los temas que marcan la agenda del d\u00eda, con un enfoque din\u00e1mico, elocuente y profundo.<\/p>\n<p class=\"streaming-feed-card-schedule\">De Lun a Vie 18 a 21 hs<\/p>\n<\/div>\n<p><\/a><\/div>\n<div class=\"swiper-slide streaming-feed-slide\"><a class=\"streaming-feed-card in-stream\" href=\"https:\/\/www.youtube.com\/@Infobae\" target=\"_blank\" rel=\"noopener noreferrer\"><img alt=\"streaming-image\" class=\"streaming-feed-card-image\" decoding=\"auto\" fetchpriority=\"low\" loading=\"lazy\" src=\"https:\/\/www.infobae.com\/resizer\/v2\/74XNX45OL5GYXIQFH3EKCODQUI.png?auth=cf05033654359b754eed9c9742064e31ef7d5ddd15f6077e2d00af964476875e\"><\/p>\n<div class=\"streaming-feed-card-content\">\n<p class=\"streaming-feed-card-title\">INFOBAE AL REGRESO<\/p>\n<p class=\"streaming-feed-card-description\">La edici\u00f3n PM se centra en el an\u00e1lisis pol\u00edtico de la jornada, con contexto, debate y las claves de la agenda del d\u00eda siguiente.<\/p>\n<p class=\"streaming-feed-card-schedule\">De Lun a Vie 21 a 0 hs<\/p>\n<\/div>\n<p><\/a><\/div>\n<div class=\"swiper-slide streaming-feed-slide\"><a class=\"streaming-feed-card\" href=\"https:\/\/www.youtube.com\/@Infobae\" target=\"_blank\" rel=\"noopener noreferrer\"><img alt=\"streaming-image\" class=\"streaming-feed-card-image\" decoding=\"auto\" fetchpriority=\"low\" loading=\"lazy\" src=\"https:\/\/www.infobae.com\/resizer\/v2\/SNT34ZF4PFFZRPH4D5Q5HB6DBQ.png?auth=4df6862f4cc8b56ed2002f5d05755d47ea9da2668983c75e1466d803eda6239a\"><\/p>\n<div class=\"streaming-feed-card-content\">\n<p class=\"streaming-feed-card-title\">INFOBAE A LA NOCHE<\/p>\n<p class=\"streaming-feed-card-description\">A partir de las 21hs y hasta las 7am, inicia Infobae de Noche, una propuesta musical que completa la grilla y acompa\u00f1a a la audiencia.<\/p>\n<p class=\"streaming-feed-card-schedule\">De Lun a Dom 0 a 10 hs<\/p>\n<\/div>\n<p><\/a><\/div>\n<\/div>\n<\/div>\n<p><svg class=\"next-arrow next-slider-sf-fc86f82d-e5eb-4dc4-8422-38f407e501b5\" viewbox=\"0 0 50 50\" xmlns=\"http:\/\/www.w3.org\/2000\/svg\"><g transform=\"translate(.159 .327)\"><circle cx=\"25\" cy=\"25\" r=\"25\" fill=\"#fff\" style=\"isolation:isolate;opacity:0.89\"><\/circle><path d=\"M21.91 36.29a1.426 1.426 0 0 1-.96-2.48l9.55-8.78-9.55-8.78c-.58-.53-.62-1.44-.09-2.02.54-.58 1.44-.62 2.02-.09l10.69 9.83c.29.27.46.65.46 1.05s-.17.78-.46 1.05L22.88 35.9c-.27.25-.62.38-.97.38Z\" fill=\"#3b3b3b\"><\/path><\/g><\/svg><\/div>\n<\/div>\n<h2 class=\"header headline-class-h2 headline\" id=\"el-pro-frente-al-caso-adorni-y-el-desafio-de-la-transparencia\">El PRO frente al caso Adorni y el desaf\u00edo de la transparencia<\/h2>\n<p class=\"paragraph\"><b>\u201cDefinitivamente creo que si estamos discutiendo esto y vos me est\u00e1s preguntando esto es porque es evidente que las explicaciones no fueron suficientes, o al menos no generaron una certeza, una certidumbre en un mont\u00f3n de gente\u201d<\/b>, expres\u00f3 Yeza acerca de la situaci\u00f3n de Adorni.<\/p>\n<p class=\"paragraph\">El diputado fue enf\u00e1tico al se\u00f1alar: <b>\u201cEspero que lo resuelva\u201d<\/b>. A\u00f1adi\u00f3: \u201cNo s\u00e9 c\u00f3mo puede llevar adelante una tarea tan importante una persona que tiene que dedicarle tanto tiempo a esto, esa s\u00ed es una duda razonable, saliendo de la \u00e9tica\u201d.<\/p>\n<div class=\"inline_2 ad-wrapper dfpAd ad-inline ad-text ad-component-container\" style=\"--ad-shell-height:250px;--ad-shell-width:300px\" data-ad-wrapper=\"arcad\" data-ad-type=\"inline_2\" data-ad-slot=\"infobae\/politica\/nota\/inline_2\" data-ad-container=\"dfp\" data-ad-slot-name=\"infobae\/politica\/nota\/inline_2\">\n<p class=\"ad-shell-label\">PUBLICIDAD<\/p>\n<div id=\"infobae\/politica\/nota\/inline_2\" class=\"infobae\/politica\/nota\/inline_2 arcad ad-slot-node ad-slot-node--boxed\" data-ad-slot-id=\"infobae\/politica\/nota\/inline_2\"><\/div>\n<\/div>\n<div class=\"visual__image\"><picture><source srcset=\"https:\/\/www.infobae.com\/resizer\/v2\/VR4ZQ5KLYVAZHE2OUTI6PASPEY.jpg?auth=1c2a82dbdbb6e69f8428be787eb8b071685ff22e09d033fda64b7c797226b05e&amp;smart=true&amp;width=992&amp;height=558&amp;quality=85\" media=\"(min-width: 1000px)\"><\/source><source srcset=\"https:\/\/www.infobae.com\/resizer\/v2\/VR4ZQ5KLYVAZHE2OUTI6PASPEY.jpg?auth=1c2a82dbdbb6e69f8428be787eb8b071685ff22e09d033fda64b7c797226b05e&amp;smart=true&amp;width=768&amp;height=432&amp;quality=85\" media=\"(min-width: 768px)\"><\/source><source srcset=\"https:\/\/www.infobae.com\/resizer\/v2\/VR4ZQ5KLYVAZHE2OUTI6PASPEY.jpg?auth=1c2a82dbdbb6e69f8428be787eb8b071685ff22e09d033fda64b7c797226b05e&amp;smart=true&amp;width=577&amp;height=325&amp;quality=85\" media=\"(min-width: 580px)\"><\/source><source srcset=\"https:\/\/www.infobae.com\/resizer\/v2\/VR4ZQ5KLYVAZHE2OUTI6PASPEY.jpg?auth=1c2a82dbdbb6e69f8428be787eb8b071685ff22e09d033fda64b7c797226b05e&amp;smart=true&amp;width=420&amp;height=236&amp;quality=85\" media=\"(min-width: 350px)\"><\/source><source srcset=\"https:\/\/www.infobae.com\/resizer\/v2\/VR4ZQ5KLYVAZHE2OUTI6PASPEY.jpg?auth=1c2a82dbdbb6e69f8428be787eb8b071685ff22e09d033fda64b7c797226b05e&amp;smart=true&amp;width=350&amp;height=197&amp;quality=85\" media=\"(min-width: 80px)\"><\/source><img alt=\"Jura Diputados Nacionales electos en el Congreso 3 de diciembre 2025 - Manuel Adorni\" class=\"global-image\" decoding=\"async\" fetchpriority=\"low\" height=\"1688\" loading=\"lazy\" src=\"https:\/\/www.infobae.com\/resizer\/v2\/VR4ZQ5KLYVAZHE2OUTI6PASPEY.jpg?auth=1c2a82dbdbb6e69f8428be787eb8b071685ff22e09d033fda64b7c797226b05e&amp;smart=true&amp;width=350&amp;height=197&amp;quality=85\" width=\"3000\"><\/picture><\/div>\n<p class=\"paragraph\">Yeza reconoci\u00f3 que \u201ca los efectos de lo que es la figura del jefe de gabinete, creo que hubo 4800 preguntas que se le hicieron\u201d y sostuvo que \u201cla mayor\u00eda versan sobre los mismos temas, pero es un momento muy delicado de la Argentina, en donde el Presidente de la Naci\u00f3n est\u00e1 llevando adelante una misi\u00f3n muy importante\u201d. Para el legislador, la sociedad exige que \u201cse haga el mejor esfuerzo posible\u201d en la administraci\u00f3n p\u00fablica, y resalt\u00f3: <b>\u201cLa kriptonita de cualquier ajuste siempre es la corrupci\u00f3n\u201d<\/b>.<\/p>\n<p class=\"paragraph\">Al recordar por qu\u00e9 apoy\u00f3 a Milei en el balotaje de 2023, Yeza afirm\u00f3: <b>\u201cYo lo fui a votar a Milei porque hablaba de la lucha contra la casta y de ordenar la econom\u00eda. Siendo sincero, en la que m\u00e1s expectativa creo que ten\u00edamos la mayor\u00eda era ordenar la econom\u00eda\u201d<\/b>.<\/p>\n<div class=\"ad_1 ad-wrapper dfpAd ad-1-al-6 ad-text ad-component-container\" style=\"--ad-shell-height:250px;--ad-shell-width:300px\" data-ad-wrapper=\"arcad\" data-ad-type=\"ad_1\" data-ad-slot=\"infobae\/politica\/nota\/ad_1\" data-ad-container=\"dfp\" data-ad-slot-name=\"infobae\/politica\/nota\/ad_1\">\n<p class=\"ad-shell-label\">PUBLICIDAD<\/p>\n<div id=\"infobae\/politica\/nota\/ad_1\" class=\"infobae\/politica\/nota\/ad_1 arcad ad-slot-node ad-slot-node--boxed\" data-ad-slot-id=\"infobae\/politica\/nota\/ad_1\"><\/div>\n<\/div>\n<h2 class=\"header headline-class-h2 headline\" id=\"el-pro-la-gobernabilidad-y-el-equilibrio-con-el-oficialismo\">El PRO, la gobernabilidad y el equilibrio con el oficialismo<\/h2>\n<p class=\"paragraph\">En otro tramo del di\u00e1logo, Yeza describi\u00f3 la complejidad de la convivencia parlamentaria: <b>\u201cF\u00edsicamente estamos en el medio, yo soy como el \u00faltimo basti\u00f3n y ya al lado m\u00edo est\u00e1 el bloque del peronismo\u201d<\/b>. Al ser consultado sobre la estrategia para la sesi\u00f3n clave del mi\u00e9rcoles, se refiri\u00f3 a la \u201ccoreograf\u00eda parlamentaria\u201d y sostuvo que \u201chay algo guionado, hay actores y hay una historia que ya sabemos c\u00f3mo va a tener su desenlace\u201d.<\/p>\n<div class=\"visual__image\"><picture><source srcset=\"https:\/\/www.infobae.com\/resizer\/v2\/VCOGGSAC2BFB7J2K5EF6IDGZPQ.png?auth=26cdce5f717e5be4e0f8442f33b9b07a3c75da029d301f0a8f08992ec02f5bb0&amp;smart=true&amp;width=992&amp;height=665&amp;quality=85\" media=\"(min-width: 1000px)\"><\/source><source srcset=\"https:\/\/www.infobae.com\/resizer\/v2\/VCOGGSAC2BFB7J2K5EF6IDGZPQ.png?auth=26cdce5f717e5be4e0f8442f33b9b07a3c75da029d301f0a8f08992ec02f5bb0&amp;smart=true&amp;width=768&amp;height=515&amp;quality=85\" media=\"(min-width: 768px)\"><\/source><source srcset=\"https:\/\/www.infobae.com\/resizer\/v2\/VCOGGSAC2BFB7J2K5EF6IDGZPQ.png?auth=26cdce5f717e5be4e0f8442f33b9b07a3c75da029d301f0a8f08992ec02f5bb0&amp;smart=true&amp;width=577&amp;height=387&amp;quality=85\" media=\"(min-width: 580px)\"><\/source><source srcset=\"https:\/\/www.infobae.com\/resizer\/v2\/VCOGGSAC2BFB7J2K5EF6IDGZPQ.png?auth=26cdce5f717e5be4e0f8442f33b9b07a3c75da029d301f0a8f08992ec02f5bb0&amp;smart=true&amp;width=420&amp;height=282&amp;quality=85\" media=\"(min-width: 350px)\"><\/source><source srcset=\"https:\/\/www.infobae.com\/resizer\/v2\/VCOGGSAC2BFB7J2K5EF6IDGZPQ.png?auth=26cdce5f717e5be4e0f8442f33b9b07a3c75da029d301f0a8f08992ec02f5bb0&amp;smart=true&amp;width=350&amp;height=235&amp;quality=85\" media=\"(min-width: 80px)\"><\/source><img alt=\"(Infobae en Vivo)\" class=\"global-image\" decoding=\"async\" fetchpriority=\"low\" height=\"540\" loading=\"lazy\" src=\"https:\/\/www.infobae.com\/resizer\/v2\/VCOGGSAC2BFB7J2K5EF6IDGZPQ.png?auth=26cdce5f717e5be4e0f8442f33b9b07a3c75da029d301f0a8f08992ec02f5bb0&amp;smart=true&amp;width=350&amp;height=235&amp;quality=85\" width=\"805\"><\/picture><\/div>\n<p class=\"paragraph\">Sobre las dificultades para criticar a un gobierno aliado, explic\u00f3: <b>\u201cNo es lo mismo criticar al peronismo, que tiene el toro por las astas, que criticar a Milei. Hay una asimetr\u00eda entre un gobernante y un ciudadano, y nosotros tambi\u00e9n somos conscientes de que, en los primeros dos a\u00f1os, para nosotros fue mucho m\u00e1s complejo que ahora\u201d<\/b>.<\/p>\n<div class=\"ad_2 ad-wrapper dfpAd ad-1-al-6 ad-text ad-component-container\" style=\"--ad-shell-height:250px;--ad-shell-width:300px\" data-ad-wrapper=\"arcad\" data-ad-type=\"ad_2\" data-ad-slot=\"infobae\/politica\/nota\/ad_2\" data-ad-container=\"dfp\" data-ad-slot-name=\"infobae\/politica\/nota\/ad_2\">\n<p class=\"ad-shell-label\">PUBLICIDAD<\/p>\n<div id=\"infobae\/politica\/nota\/ad_2\" class=\"infobae\/politica\/nota\/ad_2 arcad ad-slot-node ad-slot-node--boxed\" data-ad-slot-id=\"infobae\/politica\/nota\/ad_2\"><\/div>\n<\/div>\n<p class=\"paragraph\">Respecto al rol del PRO y el aporte a la gobernabilidad, Yeza admiti\u00f3: <b>\u201cMe pasa que cuando veo los proyectos legislativos son proyectos que tranquilamente podr\u00edan ser nuestros<\/b>. La reforma laboral, los discursos de un lado y del otro, y despu\u00e9s leo el proyecto y digo: \u2018Obligar a los privados a hacer un fondo de desempleo, \u00bfes de libertario o es socialdem\u00f3crata?\u2019\u201d.<\/p>\n<p class=\"paragraph\">Al abordar la discusi\u00f3n sobre las PASO, se\u00f1al\u00f3: \u201cEn general, hay un consenso para que no existan en las legislativas y hay menos consenso para eliminarlas en las ejecutivas. La afiliaci\u00f3n digital me parece una innovaci\u00f3n que puede permitir el desarrollo de una infraestructura digital para que se puedan tomar decisiones deliberativas de manera digital\u201d.<\/p>\n<div class=\"ad_3 ad-wrapper dfpAd ad-1-al-6 ad-text ad-component-container\" style=\"--ad-shell-height:250px;--ad-shell-width:300px\" data-ad-wrapper=\"arcad\" data-ad-type=\"ad_3\" data-ad-slot=\"infobae\/politica\/nota\/ad_3\" data-ad-container=\"dfp\" data-ad-slot-name=\"infobae\/politica\/nota\/ad_3\">\n<p class=\"ad-shell-label\">PUBLICIDAD<\/p>\n<div id=\"infobae\/politica\/nota\/ad_3\" class=\"infobae\/politica\/nota\/ad_3 arcad ad-slot-node ad-slot-node--boxed\" data-ad-slot-id=\"infobae\/politica\/nota\/ad_3\"><\/div>\n<\/div>\n<div class=\"visual__image\"><picture><source srcset=\"https:\/\/www.infobae.com\/resizer\/v2\/54NXPN7XWNA2PM2ZUOWJITIHGY.png?auth=df684b6981bcf82f1014ec97ee2597f2cda082305011353130c14a52545304f0&amp;smart=true&amp;width=992&amp;height=599&amp;quality=85\" media=\"(min-width: 1000px)\"><\/source><source srcset=\"https:\/\/www.infobae.com\/resizer\/v2\/54NXPN7XWNA2PM2ZUOWJITIHGY.png?auth=df684b6981bcf82f1014ec97ee2597f2cda082305011353130c14a52545304f0&amp;smart=true&amp;width=768&amp;height=463&amp;quality=85\" media=\"(min-width: 768px)\"><\/source><source srcset=\"https:\/\/www.infobae.com\/resizer\/v2\/54NXPN7XWNA2PM2ZUOWJITIHGY.png?auth=df684b6981bcf82f1014ec97ee2597f2cda082305011353130c14a52545304f0&amp;smart=true&amp;width=577&amp;height=348&amp;quality=85\" media=\"(min-width: 580px)\"><\/source><source srcset=\"https:\/\/www.infobae.com\/resizer\/v2\/54NXPN7XWNA2PM2ZUOWJITIHGY.png?auth=df684b6981bcf82f1014ec97ee2597f2cda082305011353130c14a52545304f0&amp;smart=true&amp;width=420&amp;height=253&amp;quality=85\" media=\"(min-width: 350px)\"><\/source><source srcset=\"https:\/\/www.infobae.com\/resizer\/v2\/54NXPN7XWNA2PM2ZUOWJITIHGY.png?auth=df684b6981bcf82f1014ec97ee2597f2cda082305011353130c14a52545304f0&amp;smart=true&amp;width=350&amp;height=211&amp;quality=85\" media=\"(min-width: 80px)\"><\/source><img alt=\"(Infobae en Vivo)\" class=\"global-image\" decoding=\"async\" fetchpriority=\"low\" height=\"537\" loading=\"lazy\" src=\"https:\/\/www.infobae.com\/resizer\/v2\/54NXPN7XWNA2PM2ZUOWJITIHGY.png?auth=df684b6981bcf82f1014ec97ee2597f2cda082305011353130c14a52545304f0&amp;smart=true&amp;width=350&amp;height=211&amp;quality=85\" width=\"890\"><\/picture><\/div>\n<h2 class=\"header headline-class-h2 headline\" id=\"libertad-de-prensa-y-tensiones-con-el-gobierno\">Libertad de prensa y tensiones con el gobierno<\/h2>\n<p class=\"paragraph\">El cierre de la sala de prensa y los insultos del presidente Milei a periodistas fueron otro punto central de la entrevista. Yeza fue categ\u00f3rico: <b>\u201cLo que menos me gust\u00f3 fue que cerraran la sala de prensa. Si la regla es que la libertad no ofende, el ejercicio de la libertad no ofende, pero cerrar la sala de prensa ya es otra cosa. Es algo con lo que no estamos de acuerdo, no compartimos\u201d<\/b>.<\/p>\n<p class=\"paragraph\">Consultado por la ausencia de una reacci\u00f3n m\u00e1s enf\u00e1tica del PRO ante los ataques a la prensa, Yeza defendi\u00f3 su posici\u00f3n: <b>\u201cNo hay media democracia o media libertad de expresi\u00f3n<\/b>. Parte del ejercicio de la libertad de expresi\u00f3n viene con la posibilidad de que alguien se pueda sentir ofendido. Pero al final del camino, los que somos liberales partimos de la base de que la gente es inteligente\u201d.<\/p>\n<div class=\"ad_4 ad-wrapper dfpAd ad-1-al-6 ad-text ad-component-container\" style=\"--ad-shell-height:250px;--ad-shell-width:300px\" data-ad-wrapper=\"arcad\" data-ad-type=\"ad_4\" data-ad-slot=\"infobae\/politica\/nota\/ad_4\" data-ad-container=\"dfp\" data-ad-slot-name=\"infobae\/politica\/nota\/ad_4\">\n<p class=\"ad-shell-label\">PUBLICIDAD<\/p>\n<div id=\"infobae\/politica\/nota\/ad_4\" class=\"infobae\/politica\/nota\/ad_4 arcad ad-slot-node ad-slot-node--boxed\" data-ad-slot-id=\"infobae\/politica\/nota\/ad_4\"><\/div>\n<\/div>\n<p class=\"paragraph\">Sobre la comparaci\u00f3n con gobiernos anteriores, Yeza analiz\u00f3: \u201cNo es lo mismo el peronismo en el poder, que tiene la suma del poder p\u00fablico y es hegem\u00f3nico en muchos casos, que un gobierno como el de Milei\u201d.<\/p>\n<p class=\"paragraph\">Para cerrar, el diputado remarc\u00f3: \u201cMe preocupa que cuando uno habilita ese tipo de lenguaje, si yo ahora te insulto a vos, tambi\u00e9n te estoy habilitando a que vos me insultes. Eso es lo que creo que tambi\u00e9n se termina autoinfligiendo de alguna manera la autoridad gubernamental cuando hace ese tipo de cosas\u201d.<\/p>\n<div class=\"ad_5 ad-wrapper dfpAd ad-1-al-6 ad-text ad-component-container\" style=\"--ad-shell-height:250px;--ad-shell-width:300px\" data-ad-wrapper=\"arcad\" data-ad-type=\"ad_5\" data-ad-slot=\"infobae\/politica\/nota\/ad_5\" data-ad-container=\"dfp\" data-ad-slot-name=\"infobae\/politica\/nota\/ad_5\">\n<p class=\"ad-shell-label\">PUBLICIDAD<\/p>\n<div id=\"infobae\/politica\/nota\/ad_5\" class=\"infobae\/politica\/nota\/ad_5 arcad ad-slot-node ad-slot-node--boxed\" data-ad-slot-id=\"infobae\/politica\/nota\/ad_5\"><\/div>\n<\/div>\n<p class=\"paragraph\">&#8212;<\/p>\n<p class=\"paragraph\"><b>Infobae <\/b>te acompa\u00f1a cada d\u00eda en YouTube con entrevistas, an\u00e1lisis y la informaci\u00f3n m\u00e1s destacada, en un formato cercano y din\u00e1mico.<\/p>\n<div class=\"ad_6 ad-wrapper dfpAd ad-1-al-6 ad-text ad-component-container\" style=\"--ad-shell-height:250px;--ad-shell-width:300px\" data-ad-wrapper=\"arcad\" data-ad-type=\"ad_6\" data-ad-slot=\"infobae\/politica\/nota\/ad_6\" data-ad-container=\"dfp\" data-ad-slot-name=\"infobae\/politica\/nota\/ad_6\">\n<p class=\"ad-shell-label\">PUBLICIDAD<\/p>\n<div id=\"infobae\/politica\/nota\/ad_6\" class=\"infobae\/politica\/nota\/ad_6 arcad ad-slot-node ad-slot-node--boxed\" data-ad-slot-id=\"infobae\/politica\/nota\/ad_6\"><\/div>\n<\/div>\n<p class=\"paragraph\">\u2022 De 7 a 9: <b>Infobae al Amanecer<\/b>: Nacho Giron, Luciana Rubinska y Bel\u00e9n Escobar.<\/p>\n<p class=\"paragraph\">\u2022 De 9 a 12: <b>Infobae a las Nueve<\/b>: Gonzalo S\u00e1nchez, Tatiana Schapiro, Ram\u00f3n Indart y Cecilia Boufflet.<\/p>\n<p class=\"paragraph\">\u2022 De 12 a 15: <b>Infobae al Mediodia<\/b>: Maru Duffard, Andrei Serbin Pont, Jimena Grandinetti, Fede Mayol y Facundo Kablan.<\/p>\n<p class=\"paragraph\">\u2022 De 15 a 18: <b>Infobae a la Tarde<\/b>: Manu Jove, Maia Jastreblansky y Paula Guardia Bourdin; rotan en la semana Marcos Shaw, Lara L\u00f3pez Calvo y Tom\u00e1s Trap\u00e9<\/p>\n<p class=\"paragraph\">\u2022 De 18 a 21: <b>Infobae al Regreso<\/b>: Gonzalo Aziz, Diego Iglesias, Malena de los R\u00edos y Mat\u00edas Barber\u00eda; rotan en la semana Gustavo Lazzari, Mart\u00edn Tetaz y Mica Mendelevich<\/p>\n<p class=\"paragraph\">Seguinos en nuestro canal de <b>YouTube <\/b>@infobae.<\/p>\n","protected":false},"excerpt":{"rendered":"<p>Durante una entrevista en Infobae al Regreso, el legislador del PRO remarc\u00f3 el peligro de la corrupci\u00f3n en medio del ajuste econ\u00f3mico y pidi\u00f3 explicaciones claras al gobierno de Javier Milei<\/p>\n","protected":false},"author":1,"featured_media":8266,"comment_status":"open","ping_status":"open","sticky":false,"template":"","format":"standard","meta":{"footnotes":""},"categories":[1],"tags":[],"class_list":["post-8264","post","type-post","status-publish","format-standard","has-post-thumbnail","hentry","category-uncategorized"],"_links":{"self":[{"href":"https:\/\/cliente1.publisher.highstack.com.ar\/index.php?rest_route=\/wp\/v2\/posts\/8264","targetHints":{"allow":["GET"]}}],"collection":[{"href":"https:\/\/cliente1.publisher.highstack.com.ar\/index.php?rest_route=\/wp\/v2\/posts"}],"about":[{"href":"https:\/\/cliente1.publisher.highstack.com.ar\/index.php?rest_route=\/wp\/v2\/types\/post"}],"author":[{"embeddable":true,"href":"https:\/\/cliente1.publisher.highstack.com.ar\/index.php?rest_route=\/wp\/v2\/users\/1"}],"replies":[{"embeddable":true,"href":"https:\/\/cliente1.publisher.highstack.com.ar\/index.php?rest_route=%2Fwp%2Fv2%2Fcomments&post=8264"}],"version-history":[{"count":1,"href":"https:\/\/cliente1.publisher.highstack.com.ar\/index.php?rest_route=\/wp\/v2\/posts\/8264\/revisions"}],"predecessor-version":[{"id":8265,"href":"https:\/\/cliente1.publisher.highstack.com.ar\/index.php?rest_route=\/wp\/v2\/posts\/8264\/revisions\/8265"}],"wp:featuredmedia":[{"embeddable":true,"href":"https:\/\/cliente1.publisher.highstack.com.ar\/index.php?rest_route=\/wp\/v2\/media\/8266"}],"wp:attachment":[{"href":"https:\/\/cliente1.publisher.highstack.com.ar\/index.php?rest_route=%2Fwp%2Fv2%2Fmedia&parent=8264"}],"wp:term":[{"taxonomy":"category","embeddable":true,"href":"https:\/\/cliente1.publisher.highstack.com.ar\/index.php?rest_route=%2Fwp%2Fv2%2Fcategories&post=8264"},{"taxonomy":"post_tag","embeddable":true,"href":"https:\/\/cliente1.publisher.highstack.com.ar\/index.php?rest_route=%2Fwp%2Fv2%2Ftags&post=8264"}],"curies":[{"name":"wp","href":"https:\/\/api.w.org\/{rel}","templated":true}]}}