{"id":8262,"date":"2026-04-27T20:15:12","date_gmt":"2026-04-27T23:15:12","guid":{"rendered":"https:\/\/cliente1.publisher.highstack.com.ar\/?p=8262"},"modified":"2026-04-27T20:15:12","modified_gmt":"2026-04-27T23:15:12","slug":"dos-detenidos-por-el-crimen-de-estudiante-universitario-en-violento-asalto","status":"publish","type":"post","link":"https:\/\/cliente1.publisher.highstack.com.ar\/?p=8262","title":{"rendered":"Dos detenidos por el crimen de estudiante universitario en violento asalto"},"content":{"rendered":"<p><\/p>\n<div>\n<p><b>Hay dos detenidos por el crimen de Agust\u00edn Rivero,<\/b> un joven estudiante universitario de 21 a\u00f1os que regresaba de la facultad cuando unos delincuentes le dieron un disparo en el abdomen para robarle su mochila y celular. El cruento hecho de sangre ocurri\u00f3 el pasado viernes, alrededor de las 19:30hs, en el barrio San Jos\u00e9, en Temperley, partido bonaerense de <b>Lomas de Zamora.<\/b> <\/p>\n<p><!-- is a <br \/>--><\/p>\n<p>\u00a0<\/p>\n<p><!-- is a <br \/>--><\/p>\n<p>Testigos del hecho indicaron que los asaltantes descendieron de un <b>Volkswagen Voyage<\/b> negro, el cual se tratar\u00eda de un veh\u00edculo robado, se acercaron al joven estudiante, lo intimidaron con un arma de fuego y, luego de concretar el robo, efectuaron el disparo mortal, dejando al chico herido en plena v\u00eda p\u00fablica. <\/p>\n<p><!-- is a <br \/>--><\/p>\n<blockquote class=\"twitter-tweet\" data-media-max-width=\"560\">\n<p lang=\"es\" dir=\"ltr\"><a href=\"https:\/\/twitter.com\/hashtag\/IMPOTENCIA?src=hash&amp;ref_src=twsrc%5Etfw\">#IMPOTENCIA<\/a>. <\/p>\n<p><!-- is a <br \/>--><\/p>\n<p>\u00a0<\/p>\n<p><!-- is a <br \/>--><\/p>\n<p>MATAN A JOVEN DE 21 A\u00d1OS PARA ROBARLE EL CELULAR <\/p>\n<p><!-- is a <br \/>--><\/p>\n<p>\u00a0<\/p>\n<p><!-- is a <br \/>--><\/p>\n<p>Un nuevo hecho de inseguridad sacude a Argentina. El joven Agust\u00edn Rivero, de 21 a\u00f1os, fue asesinado de un disparo mientras regresaba de la facultad en la localidad de Lomas de Zamora. <a href=\"https:\/\/t.co\/k3KPMHYz0o\">pic.twitter.com\/k3KPMHYz0o<\/a><\/p>\n<p>\u2014 Gilberto (@Gilbert1835230) <a href=\"https:\/\/twitter.com\/Gilbert1835230\/status\/2048280315286716478?ref_src=twsrc%5Etfw\">April 26, 2026<\/a><\/p><\/blockquote>\n<p> <!-- end code --><b>&#8220;\u00a1Dame las cosas!&#8221;,<\/b> exigi\u00f3 uno de los ladrones a los gritos, apunt\u00e1ndole a la v\u00edctima con un arma de fuego. Ante la amenaza, Rivero entregado la mochila y quiso alejarse para escapar. No obstante, el sospechoso quiso robarle tambi\u00e9n el celular, por lo que <b>le dispar\u00f3<\/b>. Acto seguido, subi\u00f3 al auto y escap\u00f3. <!-- is a <br \/>--><\/p>\n<p>\u00a0<\/p>\n<p><!-- is a <br \/>--><\/p>\n<p>El joven, herido de gravedad, cruz\u00f3 la calle y le pidi\u00f3 ayuda a una vecina, la cual lo asisti\u00f3 y lo puso a resguardo. Poco despu\u00e9s, el chico fue trasladado a una cl\u00ednica de Banfield donde se confirm\u00f3 <b>su muerte por una herida de bala mortal<\/b> en el abdomen. <\/p>\n<p><!-- is a <br \/>--><\/p>\n<p>\u00a0<\/p>\n<p><!-- is a <br \/>--><\/p>\n<p>Al tomar conocimiento del episodio, personal de la DDI de Lomas de Zamora, junto a la Comisar\u00eda Sexta y el Departamento de Homicidios, realiz\u00f3 un seguimiento de las c\u00e1maras de seguridad municipales y privadas de la zona a trav\u00e9s del cual <b>se reconstruy\u00f3 la secuencia delictiva previa al asesinato<\/b>. <\/p>\n<p><!-- is a <br \/>--><\/p>\n<p><!-- is a object --><br \/>\n<!-- embed start --><!-- embed end --><br \/>\n<!-- end object --><\/p>\n<p>A partir de la investigaci\u00f3n se determin\u00f3 que el veh\u00edculo hab\u00eda sido robado horas antes en Lan\u00fas y que el grupo de delincuentes estaba compuesto por<b> cuatro sospechosos masculinos armados<\/b>, el cual previamente hab\u00eda sustra\u00eddo una Renault Kangoo que funcion\u00f3 como apoyo en el robo que deriv\u00f3 en la muerte del joven. <\/p>\n<p><!-- is a <br \/>--><\/p>\n<p>\u00a0<\/p>\n<p><!-- is a <br \/>--><\/p>\n<p>Seg\u00fan indicaron fuentes policiales a la <i>Agencia Noticias Argentinas<\/i>, alrededor de las 23:30hs, el veh\u00edculo Volkswagen Voyage apareci\u00f3 en Avellaneda, mientras que la camioneta Renault Kangoo fue abandonada en Monte Chingolo, donde los uniformados detectaron a dos j\u00f3venes que se alejaron del utilitario e ingresaron a una vivienda cercana. <\/p>\n<p><!-- is a <br \/>--><\/p>\n<p>\u00a0<\/p>\n<p><!-- is a <br \/>--><\/p>\n<p>A trav\u00e9s de una orden de allanamiento de urgencia, efectivos policiales ingresaron al domicilio ubicado sobre la calle Blas Pladeras al 300 y <b>detuvieron a Lautaro Ezequiel Silva (21), con antecedentes, y Miguel \u00c1ngel Silva (25).<\/b> <\/p>\n<p><!-- is a <br \/>--><\/p>\n<p><!-- is a object --><br \/>\n<!-- embed start --><\/p>\n<figure class=\"embed\">\n<p>    <img decoding=\"async\" src=\"https:\/\/elonce-media.elonce.com\/fotos\/2026\/04\/27\/e_1777308235_42222.webp\" loading=\"lazy\" width=\"600\" height=\"400\" alt=\"\"\/><\/p>\n<\/figure>\n<p><!-- embed end --><br \/>\n<!-- end object --><\/p>\n<p>Durante el allanamiento la Polic\u00eda tambi\u00e9n encontr\u00f3 prendas de vestir que coinciden con las registradas en las grabaciones del momento del crimen, entre ellas un buzo negro tipo canguro y otro rojo y calzado espec\u00edfico utilizado en la escena del crimen, junto a dos tel\u00e9fonos celulares. <\/p>\n<p><!-- is a <br \/>--><\/p>\n<p>\u00a0<\/p>\n<p><!-- is a <br \/>--><\/p>\n<p>La causa fue caratulada como <b>&#8220;Homicidio Criminis Causa y Robo Agravado por el empleo de arma de fuego, en poblado y en banda&#8221;<\/b> y qued\u00f3 en manos de la UFI N\u00b007 del Departamento Judicial de Lomas de Zamora. El delito mencionado prev\u00e9 una \u00fanica pena de prisi\u00f3n perpetua. <\/p>\n<p><!-- is a <br \/>--><\/p>\n<p>\u00a0<\/p>\n<p><!-- is a <br \/>--><\/p>\n<p><!-- is a object --><\/p>\n<h3>&#8220;Te arrebataron la vida como si nada\u201d<\/h3>\n<p><!-- end object --><\/p>\n<p>\u00a0<\/p>\n<p><!-- is a <br \/>--><\/p>\n<p>Tras darse a conocer la noticia, la Universidad Nacional de Lomas de Zamora lament\u00f3 profundamente la muerte del joven, que estudiaba Administraci\u00f3n de Empresas y tambi\u00e9n se preparaba para ser despachante de aduana. <\/p>\n<p><!-- is a <br \/>--><\/p>\n<p>\u00a0<\/p>\n<p><!-- is a <br \/>--><\/p>\n<p>\u201cSu muerte, como v\u00edctima de un hecho delictivo, nos lastima y nos conmueve como comunidad, record\u00e1ndonos el impacto que esa problem\u00e1tica tiene sobre nuestra sociedad\u201d, expresaron desde la instituci\u00f3n. <\/p>\n<p><!-- is a <br \/>--><\/p>\n<p>\u00a0<\/p>\n<p><!-- is a <br \/>--><\/p>\n<p>\u201cAcompa\u00f1amos en este dif\u00edcil momento a sus familiares, amigos y compa\u00f1eros, reclamando el pronto esclarecimiento de este crimen y el pedido de justicia\u201d, a\u00f1adieron. <\/p>\n<p><!-- is a <br \/>--><\/p>\n<p><!-- is a object --><br \/>\n<!-- embed start --><\/p>\n<figure class=\"embed\">\n<p>    <img decoding=\"async\" src=\"https:\/\/elonce-media.elonce.com\/fotos\/2026\/04\/26\/e_1777247017_64002.webp\" loading=\"lazy\" width=\"600\" height=\"400\" alt=\"Agust\u00edn Rivero, v\u00edctima de homicidio en violento asalto\"\/><figcaption>\n            <span>Agust\u00edn Rivero, v\u00edctima de homicidio en violento asalto<\/span><br \/>\n        <\/figcaption><\/figure>\n<p><!-- embed end --><br \/>\n<!-- end object --><\/p>\n<p>El dolor se multiplic\u00f3 entre familiares, amigos y vecinos, que se reunieron para despedirlo y exigir justicia. \u201cFue criado con amor, con buenos valores, un pibe sano, que iba a la facultad, trabajaba y con solo 21 a\u00f1itos fue asesinado por un celular\u201d, lament\u00f3 una conocida en redes. <\/p>\n<p><!-- is a <br \/>--><\/p>\n<p>\u00a0<\/p>\n<p><!-- is a <br \/>--><\/p>\n<p>Agust\u00edn viv\u00eda con <b>sus padres, Silvina y Fernando (quienes son oriundos de la localidad entrerriana de Santa Elena)<\/b>, y su hermana de diez a\u00f1os. Trabajaba, estudiaba y se esforzaba por salir adelante. El d\u00eda que lo mataron, volv\u00eda de clases particulares porque rend\u00eda un examen la semana siguiente. <\/p>\n<p><!-- is a <br \/>--><\/p>\n<p>\u00a0<\/p>\n<p><!-- is a <br \/>--><\/p>\n<p>Tambi\u00e9n ten\u00eda un grupo de amigos con los que compart\u00eda sue\u00f1os y proyectos. Uno de ellos lo despidi\u00f3 con un mensaje cargado de dolor: \u201cNo hay palabras, amigo de mi coraz\u00f3n. <b>Te arrebataron la vida como si nada\u201d.<\/b> <\/p>\n<p><!-- is a <br \/>--><\/p>\n<p><!-- is a object --><br \/>\n<!-- code --><\/p>\n<p><iframe loading=\"lazy\" title=\"CRIMEN EN TEMPERLEY: lo asaltaron cuando volv\u00eda de la facultad, entreg\u00f3 todo y lo mataron de un tiro\" width=\"500\" height=\"281\" src=\"https:\/\/www.youtube.com\/embed\/GZDE8XoE60E?feature=oembed\" frameborder=\"0\" allow=\"accelerometer; autoplay; clipboard-write; encrypted-media; gyroscope; picture-in-picture; web-share\" referrerpolicy=\"strict-origin-when-cross-origin\" allowfullscreen><\/iframe><\/p>\n<p><!-- end code --><br \/>\n<!-- end object --><\/p>\n<p>Los vecinos tambi\u00e9n pidieron justicia y m\u00e1s seguridad en Temperley. \u201cUna tragedia que nos golpea a todos como vecinos y como padres. Es terrible que le quiten la vida a un chico de esta manera\u201d, expres\u00f3 una mujer en redes.<\/p>\n<\/p><\/div>\n<p><script async src=\"\/\/platform.twitter.com\/widgets.js\" charset=\"utf-8\"><\/script><\/p>\n","protected":false},"excerpt":{"rendered":"<p>Hay dos detenidos por el crimen de Agust\u00edn Rivero, un joven estudiante universitario de 21 a\u00f1os que regresaba de la facultad cuando unos delincuentes le dieron un disparo en el abdomen para robarle su mochila y celular. El cruento hecho de sangre ocurri\u00f3 el pasado viernes, alrededor de las 19:30hs, en el barrio San Jos\u00e9, [&hellip;]<\/p>\n","protected":false},"author":1,"featured_media":8263,"comment_status":"open","ping_status":"open","sticky":false,"template":"","format":"standard","meta":{"footnotes":""},"categories":[1],"tags":[],"class_list":["post-8262","post","type-post","status-publish","format-standard","has-post-thumbnail","hentry","category-uncategorized"],"_links":{"self":[{"href":"https:\/\/cliente1.publisher.highstack.com.ar\/index.php?rest_route=\/wp\/v2\/posts\/8262","targetHints":{"allow":["GET"]}}],"collection":[{"href":"https:\/\/cliente1.publisher.highstack.com.ar\/index.php?rest_route=\/wp\/v2\/posts"}],"about":[{"href":"https:\/\/cliente1.publisher.highstack.com.ar\/index.php?rest_route=\/wp\/v2\/types\/post"}],"author":[{"embeddable":true,"href":"https:\/\/cliente1.publisher.highstack.com.ar\/index.php?rest_route=\/wp\/v2\/users\/1"}],"replies":[{"embeddable":true,"href":"https:\/\/cliente1.publisher.highstack.com.ar\/index.php?rest_route=%2Fwp%2Fv2%2Fcomments&post=8262"}],"version-history":[{"count":0,"href":"https:\/\/cliente1.publisher.highstack.com.ar\/index.php?rest_route=\/wp\/v2\/posts\/8262\/revisions"}],"wp:featuredmedia":[{"embeddable":true,"href":"https:\/\/cliente1.publisher.highstack.com.ar\/index.php?rest_route=\/wp\/v2\/media\/8263"}],"wp:attachment":[{"href":"https:\/\/cliente1.publisher.highstack.com.ar\/index.php?rest_route=%2Fwp%2Fv2%2Fmedia&parent=8262"}],"wp:term":[{"taxonomy":"category","embeddable":true,"href":"https:\/\/cliente1.publisher.highstack.com.ar\/index.php?rest_route=%2Fwp%2Fv2%2Fcategories&post=8262"},{"taxonomy":"post_tag","embeddable":true,"href":"https:\/\/cliente1.publisher.highstack.com.ar\/index.php?rest_route=%2Fwp%2Fv2%2Ftags&post=8262"}],"curies":[{"name":"wp","href":"https:\/\/api.w.org\/{rel}","templated":true}]}}