{"id":8259,"date":"2026-04-27T20:12:02","date_gmt":"2026-04-27T23:12:02","guid":{"rendered":"https:\/\/cliente1.publisher.highstack.com.ar\/?p=8259"},"modified":"2026-04-27T20:12:02","modified_gmt":"2026-04-27T23:12:02","slug":"la-libertad-avanza-impulsa-una-reforma-electoral-en-caba-para-eliminar-las-paso-ante-resistencias-del-pro-y-el-pj","status":"publish","type":"post","link":"https:\/\/cliente1.publisher.highstack.com.ar\/?p=8259","title":{"rendered":"La Libertad Avanza impulsa una reforma electoral en CABA para eliminar las PASO, ante resistencias del PRO y el PJ"},"content":{"rendered":"<p><\/p>\n<div id=\"\">\n<p id=\"p-1777316420118-27944\">Luego del encuentro que mantuvo la tropa violeta con <strong>Karina Milei<\/strong> en las oficinas del partido en Avenida de Mayo a mitad de mes, <strong>Pilar Ram\u00edrez,<\/strong> jefa de bloque de LLA en el Parlamento, puso quinta y aceler\u00f3 a fondo para plasmar en el territorio la hoja de ruta que el Presidente intenta aprobar en el \u00e1mbito nacional.<\/p>\n<\/div>\n<div id=\"\">\n<p id=\"p-1777316981644-54537\">La supresi\u00f3n de las <strong>PASO<\/strong> tiene como objetivo <strong>reducir el gasto p\u00fablico en $34.000 millones, seg\u00fan estiman en LLA<\/strong>, desde donde consideran que cada escuder\u00eda deber\u00eda resolver sus internas sin utilizar fondos p\u00fablicos.<strong> &#8220;Los porte\u00f1os no queremos seguir pagando los caprichos de la pol\u00edtica&#8221;, afirma la legisladora Marina Kienast.<\/strong><\/p>\n<\/p><\/div>\n<div id=\"\">\n<h2 id=\"p-1777325138349-2289\">El PRO anticipa su rechazo a la eliminaci\u00f3n de las PASO en CABA<\/h2>\n<p id=\"p-1777317375059-60264\">Sin las <strong>PASO,<\/strong> la construcci\u00f3n de alianzas entra en jaque y la incorporaci\u00f3n de otros partidos a un armado superior queda a merced de la voluntad de quien tenga la lapicera y el poder de veto. En <strong>LLA,<\/strong> los <strong>hermanos Milei<\/strong> <strong>dominan sin oposici\u00f3n<\/strong> <strong>y sin necesidad de PASO<\/strong>. Por el contrario, en un <strong>PRO<\/strong> debilitado y obligado a ampliarse, la herramienta cobra a\u00fan m\u00e1s valor que la que tuvo en tiempos de Cambiemos o de <strong>Juntos por el Cambio. <\/strong><\/p>\n<p id=\"p-1777317625402-86826\">En su momento, el macrismo supo hacer uso de las primarias para dirimir la conducci\u00f3n de la alianza que construy\u00f3 con la <strong>Uni\u00f3n C\u00edvica Radical<\/strong> y con la <strong>Coalici\u00f3n C\u00edvica<\/strong> (CC). Actualmente, ante la avanzada libertaria, en el <strong>PRO<\/strong> <strong>seduce la idea de reflotar JxC<\/strong> para defender el distrito.<\/p>\n<p id=\"p-1777317963389-54231\">Uno de los encargados de intentar reunir a la tropa de centro es el radical <strong>Daniel Angelici,<\/strong> quien intenta tejer puentes al interior de su propio espacio y con los <strong>c\u00edvicos<\/strong> para dar lugar a un frente m\u00e1s amplio, algo que en la <strong>CC<\/strong> no estar\u00edan dispuestos a aceptar dada las hist\u00f3ricas diferencias de <strong>Elisa Carri\u00f3<\/strong> con el expresidente de Boca Juniors.<\/p>\n<p id=\"p-1777318683352-26717\">El boquense oficia hoy por hoy como asesor no oficial del jefe de Gobierno porte\u00f1o, <strong>Jorge Macri,<\/strong> y es quien empuja la reconstrucci\u00f3n de la vieja alianza como <strong>plan<\/strong> <strong>B<\/strong>, en caso de que el PRO no se presente solo. Para ello <strong>intenta seducir tambi\u00e9n a Horacio Rodr\u00edgueza Larreta<\/strong>, con quien el alcalde mantiene una disputa permanente.<\/p>\n<p id=\"p-1777319025514-15612\">Las recurrentes cr\u00edticas cruzadas entre ambos dificultan un acercamiento. Recientemente, Macri anticip\u00f3 que buscar\u00e1 la reelecci\u00f3n y en el entorno de Larreta no cierran ninguna puerta a ninguna opci\u00f3n. <strong>En caso de una tregua, las PASO servir\u00edan como herramienta para que ambos diriman una interna.<\/strong><\/p>\n<p id=\"p-1777319210936-11362\">Fuentes del <strong>PRO<\/strong> con despacho en la Legislatura aseguraron a <strong>\u00c1mbito<\/strong> que la posici\u00f3n del partido y del bloque que conduce Silvia Lospennato es defender la continuidad de la herramienta. <strong>&#8220;Estamos en contra de la eliminaci\u00f3n de las PASO&#8221;,<\/strong> aseveran en el espacio. El propio Macri lo recalc\u00f3 en di\u00e1logo con Border Periodismo: <strong>&#8220;En elecciones ejecutivas, cuando eleg\u00eds Presidente, jefe de Gobierno o gobernador, es una buena manera de dirimir de cara a la sociedad&#8221;<\/strong>, dijo.<\/p>\n<div contenteditable=\"false\" class=\"embed_cont type_imagen\" id=\"7832197-Libre-617198047_wrap\">\n<p>bue telam.jpg <span onclick=\"parent.parent.TinyMCETdcuerpo.preview_embed('7832197-Libre-617198047')\" class=\"embed_colapse less\" id=\"7832197-Libre-617198047_colapse\"\/>  <span onclick=\"parent.parent.TinyMCETdcuerpo.delete_embed('7832197-Libre-617198047')\" class=\"embed_delete less\" id=\"7832197-Libre-617198047_delete\"\/><\/p>\n<div id=\"7832197-Libre-617198047_content\" class=\"embed_content\"><img data-td-src-property=\"https:\/\/media.ambito.com\/p\/6ebe341d0e55e3469fa7f9fba59f04b9\/adjuntos\/239\/imagenes\/040\/922\/0040922534\/bue-telamjpg.jpg?2023-08-18-15-48-43\" alt=\"La eliminaci\u00f3n de las PASO enfrenta resistencia en el PJ y el PRO. \" title=\"La eliminaci\u00f3n de las PASO enfrenta resistencia en el PJ y el PRO. \" width=\"730\" height=\"410\" id=\"7832197-Libre-617198047_embed\"\/><\/div>\n<div class=\"embed_wrapper-cont\" id=\"p-1777325496137-56672\">\n<div id=\"7832197-Libre-617198047_epigrafe\" class=\"embed_epigrafe\">\n<p id=\"p-1777325496137-35785\">La eliminaci\u00f3n de las PASO enfrenta resistencia en el PJ y el PRO.<\/p>\n<\/div>\n<p>T\u00e9lam<\/p>\n<\/div><\/div>\n<h2 id=\"p-1777325112761-54844\">La resistencia del peronismo a la eliminaci\u00f3n de las PASO en CABA<\/h2>\n<p id=\"p-1777317717994-67406\">La <strong>eliminaci\u00f3n de las PASO tampoco es acompa\u00f1ada por el peronismo porte\u00f1o.<\/strong> Si bien en 2025 el bloque vot\u00f3 por unanimidad el proyecto de Macri para suspender por \u00fanica vez las primarias, lo hizo luego de un<strong> debate profundo entre las diferentes tribus <\/strong>que conforman Fuerza Buenos Aires, en el que prim\u00f3 el contexto econ\u00f3mico y el clima de descontento con la pol\u00edtica.<\/p>\n<p id=\"p-1777320297155-76216\">El justicialismo porte\u00f1o se inclin\u00f3 por la suspensi\u00f3n al considerar que<strong> el desdoblamiento promovido por Macri iba a empujar a los porte\u00f1os a tener que votar tres veces<\/strong>, aumentando el malestar con los partidos, o elevar\u00eda la tasa de ausentismo. Adem\u00e1s, remarcaban que la herramienta era &#8220;menos necesaria&#8221; que cuando hay cargos ejecutivos en juego. Y argumentaban tambi\u00e9n que buena parte de las provincias hab\u00edan seguido el mismo camino.<\/p>\n<p id=\"p-1777321307493-61439\">En esta oportunidad, el escenario es diferente. No solamente se votar\u00e1 para renovar la mitad de la Legislatura, sino que en especial se pondr\u00e1 en juego el cargo de jefe de Gobierno. <strong>Dentro del partido que conduce Mariano Recalde consideran que las PASO son &#8220;una herramienta v\u00e1lida y genuina&#8221; que permite &#8220;ordenar las preferencias&#8221;<\/strong>. Es llamada como la <strong>\u201cgran encuesta\u201d<\/strong> de los partidos de cara a la sociedad.<\/p>\n<p id=\"p-1777321269665-7369\">El bloque que conduce <strong>Claudia Neira<\/strong> cuenta con <strong>20 miembros.<\/strong> Es la primera minor\u00eda de la Legislatura. Dado que <strong>para sancionar una reforma al C\u00f3digo Electoral se requerir\u00edan 40 votos<\/strong>, el peronismo estar\u00eda en condiciones de bloquear su aprobaci\u00f3n en el recinto. Sumado al rechazo del PRO, los libertarios no lograr\u00edan reunir el apoyo necesario. Por estas horas, corren en una carrera que todav\u00eda no comenz\u00f3 y que, a priori, tiene un final cantado.<\/p>\n<p id=\"p-1777322651072-22148\">Adem\u00e1s de la resistencia que hay en CABA, en las provincias no hay consenso en cuanto a acompa\u00f1ar la eliminaci\u00f3n en el Congreso. Como cont\u00f3 <strong>\u00c1mbito,<\/strong> los gobernadores toman distancia de la iniciativa que impulsa Naci\u00f3n. La suerte estar\u00e1 atada a lo que ocurra no solo en la Ciudad de Buenos Aires sino tambi\u00e9n en distritos como <strong>Buenos Aires<\/strong>, <strong>Santa Fe, Mendoza, Chaco, Entre R\u00edos <\/strong>y <strong>Catamarca<\/strong>. De fondo ya se empieza a jugar la batalla por el 2027, en la que Milei y los mandatarios disputar\u00e1n el poder en las urnas.<\/p>\n<div contenteditable=\"false\" class=\"embed_cont type_imagen\" id=\"8204181-Libre-709584802_wrap\">\n<p>Fotos Justicia (1) <span onclick=\"parent.parent.TinyMCETdcuerpo.preview_embed('8204181-Libre-709584802')\" class=\"embed_colapse less\" id=\"8204181-Libre-709584802_colapse\"\/>  <span onclick=\"parent.parent.TinyMCETdcuerpo.delete_embed('8204181-Libre-709584802')\" class=\"embed_delete less\" id=\"8204181-Libre-709584802_delete\"\/><\/p>\n<div id=\"8204181-Libre-709584802_content\" class=\"embed_content\"><img data-td-src-property=\"https:\/\/media.ambito.com\/p\/dc4b24e78bfe5affffd97944abd26ba7\/adjuntos\/239\/imagenes\/043\/261\/0043261768\/730x0\/smart\/fotos-justicia-1.jpg\" alt=\"Los libertarios vuelven a la carga por Ficha Limpia, ahora en la Ciudad de Buenos Aires. \" title=\"Los libertarios vuelven a la carga por Ficha Limpia, ahora en la Ciudad de Buenos Aires. \" width=\"730\" height=\"undefined\" id=\"8204181-Libre-709584802_embed\"\/><\/div>\n<div class=\"embed_wrapper-cont\" id=\"p-1777325466055-93489\">\n<div id=\"8204181-Libre-709584802_epigrafe\" class=\"embed_epigrafe\">\n<p id=\"p-1777325822450-31329\">Los libertarios vuelven a la carga por Ficha Limpia, ahora en la Ciudad de Buenos Aires.<\/p>\n<\/div><\/div>\n<\/p><\/div>\n<h2 id=\"p-1777325089985-73082\">La Libertad Avanza impulsa Ficha Limpia en CABA<\/h2>\n<p id=\"p-1777321269315-33105\">En paralelo, el bloque de <strong>Pilar Ram\u00edrez<\/strong> anunci\u00f3 que tambi\u00e9n ir\u00e1n en busca de la sanci\u00f3n de Ficha Limpia. <strong>&#8220;Se termin\u00f3 la impunidad, los condenados no van a poder ser candidatos&#8221;, afirman.<\/strong> A diferencia de lo que ocurre con las <strong>PASO,<\/strong> la iniciativa que bloquea el acceso a candidaturas a personas con condena en segunda instancia cosecha apoyos en el <strong>PRO.<\/strong><\/p>\n<p id=\"p-1777323388757-87410\">Lospenatto, jefa de bloque de los amarillos, fue una de las impulsoras de la propuesta en el \u00e1mbito del <strong>Congreso.<\/strong> En sus tiempos de diputada nacional, llev\u00f3 el tratamiento hasta el recinto, donde naufrag\u00f3 debido a la falta de apoyo libertario, lo que provoc\u00f3 un ida y vuelta entre <strong>Milei<\/strong> y <strong>Mauricio Macri<\/strong> que escal\u00f3 hasta terminar en acusaciones cruzadas de pacto con el kirchnerismo.<\/p>\n<p id=\"p-1777323578036-46573\">En el \u00e1mbito porte\u00f1o, el macrismo impuls\u00f3 debate sobre <strong>Ficha Limpia,<\/strong> pero no logr\u00f3 alcanzar los 40 votos necesarios. En aquel entonces, el peronismo denunci\u00f3 que la iniciativa era un espejo de la que se intentaba aprobar en Naci\u00f3n, la cual defin\u00edan como un intento de proscripci\u00f3n de Cristina Kirchner previo a la condena por la causa Vialidad que deriv\u00f3 en la prisi\u00f3n domiciliaria.<\/p>\n<p id=\"p-1777323718399-89117\">Con la expresidenta detenida en San Jos\u00e9 1111, que el PJ aporte los votos para la aprobaci\u00f3n de la iniciativa ser\u00eda cuanto menos un escenario de realismo m\u00e1gico. Por otro lado, no tan imaginario es que el bloque violeta pueda estar afectando las aspiraciones de Manuel Adorni con Ficha Limpia. El jefe de Gabinete a\u00fan persigue el sue\u00f1o de ser candidato a jefe de Gobierno y LLA todav\u00eda no defini\u00f3 si cambiar\u00e1 de estrategia y buscar\u00e1 otra opci\u00f3n.<\/p>\n<p id=\"p-1777324043653-77098\">As\u00ed las cosas, la <strong>bancada libertaria<\/strong> se enfrenta a un escenario complejo en la <strong>Legislatura.<\/strong> De proceder con ambos proyectos, por el momento se encaminar\u00eda a cosechar <strong>dos derrotas que devolver\u00edan al bloque al plano de la realidad<\/strong>, donde no cuenta con los votos para avanzar por s\u00ed solos en la implementaci\u00f3n de la agenda de <strong>Milei<\/strong> y donde necesita negociar a toda costa. Sin demasiado margen de maniobra, apostar por usufructuar los reveces parlamentarios mediante la <strong>batalla cultural<\/strong> no ser\u00eda igual de redituable como lo era en los dos primeros a\u00f1os de Gobierno nacional. Menos a\u00fan en un contexto de presi\u00f3n judicial, con $LIBRA, ANDIS y Adorni acechando.<\/p>\n<\/p><\/div>\n<p><script>\n!function(f,b,e,v,n,t,s)\n{if(f.fbq)return;n=f.fbq=function(){n.callMethod?\nn.callMethod.apply(n,arguments):n.queue.push(arguments)};\nif(!f._fbq)f._fbq=n;n.push=n;n.loaded=!0;n.version='2.0';\nn.queue=[];t=b.createElement(e);t.async=!0;\nt.src=v;s=b.getElementsByTagName(e)[0];\ns.parentNode.insertBefore(t,s)}(window,document,'script',\n'\nfbq('init', '2047048335588113');\nfbq('track', 'PageView');\n<\/script><\/p>\n","protected":false},"excerpt":{"rendered":"<p>Luego del encuentro que mantuvo la tropa violeta con Karina Milei en las oficinas del partido en Avenida de Mayo a mitad de mes, Pilar Ram\u00edrez, jefa de bloque de LLA en el Parlamento, puso quinta y aceler\u00f3 a fondo para plasmar en el territorio la hoja de ruta que el Presidente intenta aprobar en [&hellip;]<\/p>\n","protected":false},"author":1,"featured_media":8260,"comment_status":"open","ping_status":"open","sticky":false,"template":"","format":"standard","meta":{"footnotes":""},"categories":[1],"tags":[4],"class_list":["post-8259","post","type-post","status-publish","format-standard","has-post-thumbnail","hentry","category-uncategorized","tag-entre-rios"],"_links":{"self":[{"href":"https:\/\/cliente1.publisher.highstack.com.ar\/index.php?rest_route=\/wp\/v2\/posts\/8259","targetHints":{"allow":["GET"]}}],"collection":[{"href":"https:\/\/cliente1.publisher.highstack.com.ar\/index.php?rest_route=\/wp\/v2\/posts"}],"about":[{"href":"https:\/\/cliente1.publisher.highstack.com.ar\/index.php?rest_route=\/wp\/v2\/types\/post"}],"author":[{"embeddable":true,"href":"https:\/\/cliente1.publisher.highstack.com.ar\/index.php?rest_route=\/wp\/v2\/users\/1"}],"replies":[{"embeddable":true,"href":"https:\/\/cliente1.publisher.highstack.com.ar\/index.php?rest_route=%2Fwp%2Fv2%2Fcomments&post=8259"}],"version-history":[{"count":1,"href":"https:\/\/cliente1.publisher.highstack.com.ar\/index.php?rest_route=\/wp\/v2\/posts\/8259\/revisions"}],"predecessor-version":[{"id":8261,"href":"https:\/\/cliente1.publisher.highstack.com.ar\/index.php?rest_route=\/wp\/v2\/posts\/8259\/revisions\/8261"}],"wp:featuredmedia":[{"embeddable":true,"href":"https:\/\/cliente1.publisher.highstack.com.ar\/index.php?rest_route=\/wp\/v2\/media\/8260"}],"wp:attachment":[{"href":"https:\/\/cliente1.publisher.highstack.com.ar\/index.php?rest_route=%2Fwp%2Fv2%2Fmedia&parent=8259"}],"wp:term":[{"taxonomy":"category","embeddable":true,"href":"https:\/\/cliente1.publisher.highstack.com.ar\/index.php?rest_route=%2Fwp%2Fv2%2Fcategories&post=8259"},{"taxonomy":"post_tag","embeddable":true,"href":"https:\/\/cliente1.publisher.highstack.com.ar\/index.php?rest_route=%2Fwp%2Fv2%2Ftags&post=8259"}],"curies":[{"name":"wp","href":"https:\/\/api.w.org\/{rel}","templated":true}]}}