{"id":8244,"date":"2026-04-27T18:25:50","date_gmt":"2026-04-27T21:25:50","guid":{"rendered":"https:\/\/cliente1.publisher.highstack.com.ar\/?p=8244"},"modified":"2026-04-27T18:25:51","modified_gmt":"2026-04-27T21:25:51","slug":"intendenta-chaquena-debera-pagar-millonaria-indemnizacion-por-publicaciones-en-twitter-a-funcionario","status":"publish","type":"post","link":"https:\/\/cliente1.publisher.highstack.com.ar\/?p=8244","title":{"rendered":"Intendenta chaque\u00f1a deber\u00e1 pagar millonaria indemnizaci\u00f3n por publicaciones en Twitter a funcionario"},"content":{"rendered":"<div id=\"article-content\">\n<p><strong>La Corte Suprema de Justicia dej\u00f3 firme la condena contra la intendenta chaque\u00f1a Claudia Panzardi<\/strong>, quien deber\u00e1 indemnizar por da\u00f1os y perjuicios a <strong> Livio Guti\u00e9rrez<\/strong> por publicaciones en<strong> Twitte<\/strong>r que afectaron su honor.<\/p>\n<p>El m\u00e1ximo tribunal rechaz\u00f3 el recurso interpuesto por la <strong>demandada debido a incumplimientos formales<\/strong>, con lo que quedaron firmes las resoluciones de la justicia de Chaco que hab\u00edan hecho lugar a la demanda iniciada por el entonces legislador provincial, hoy titular del <strong>Banco Chaco<\/strong>, inform\u00f3 <em>NA<\/em>.<\/p>\n<h2>Twitter<\/h2>\n<p>El caso se remonta a <strong>abril de 2016<\/strong>, cuando Guti\u00e9rrez participaba en el programa televisivo <strong>\u201cIntratables\u201d<\/strong> en el <strong>canal Am\u00e9rica<\/strong>. En ese marco, Panzardi public\u00f3 desde su cuenta personal mensajes que <strong>&#8220;lo vinculaban con acusaciones de violencia de g\u00e9nero contra su esposa&#8221;<\/strong>, los cuales luego fueron reproducidos por medios locales, precis\u00f3 la agencia de noticias.<\/p>\n<p>La justicia provincial sostuvo en primera y segunda instancia que &#8220;<strong>esas expresiones no constitu\u00edan informaci\u00f3n ni opini\u00f3n, sino una intromisi\u00f3n injustificada en la vida del demandante<\/strong>, adem\u00e1s de resultar falsas y de amplia difusi\u00f3n&#8221;, seg\u00fan detall\u00f3 <em>NA<\/em>.<\/p>\n<p>Tras el rechazo de un recurso extraordinario en la justicia local, Panzardi present\u00f3 una queja ante la Corte Suprema; sin embargo, la presentaci\u00f3n no cumpli\u00f3 los requisitos previstos en la acordada 4\/2007 y fue desestimada.<\/p>\n<p>As\u00ed <strong>qued\u00f3 firme la obligaci\u00f3n de indemnizar al funcionario afectado por los mensajes difundidos en la red social<\/strong>.<\/p>\n<h2>Fundamentos del fallo de la Corte Suprema<\/h2>\n<p><picture><source media=\"(max-width: 440px)\" srcset=\"https:\/\/fotos.perfil.com\/\/2026\/04\/27\/440\/0\/27-04-2026-caso-panzardi-corte-suprema-fallo-twitter-2228754.jpg?webp\"\/><source media=\"(max-width: 1019px)\" srcset=\"https:\/\/fotos.perfil.com\/\/2026\/04\/27\/712\/0\/27-04-2026-caso-panzardi-corte-suprema-fallo-twitter-2228754.jpg?webp\"\/><img decoding=\"async\" style=\"max-width: 100%; width: 100%;\" alt=\"27-04-2026 Caso Panzardi Corte Suprema fallo twitter\" src=\"https:\/\/fotos.perfil.com\/\/2026\/04\/27\/900\/0\/27-04-2026-caso-panzardi-corte-suprema-fallo-twitter-2228754.jpg?webp\" loading=\"lazy\"\/><\/picture><\/p>\n<p>&#8220;<strong>La recurrente no cumpli\u00f3 con el recaudo previsto en el art. 6\u00b0 del reglamento aprobado por la acordada 4\/2007, pues el recurso de queja no refuta los motivos de la resoluci\u00f3n denegatoria del recurso extraordinario.<\/strong> Por ello, se desestima la presentaci\u00f3n directa&#8221;, expresa el fallo de la Corte que no lleg\u00f3 a analizar el fondo del caso y declar\u00f3 <strong>&#8220;perdido el dep\u00f3sito efectuado&#8221;<\/strong>.<\/p>\n<h2>El descargo de Panzardi<\/h2>\n<p>\u201cMENTIRA lo que publican algunos medios, la Corte Suprema ni siquiera analiz\u00f3 el caso que recurr\u00ed. Abajo podr\u00e1n leer la resoluci\u00f3n de la Corte que confirma lo que digo y la fecha en que se dict\u00f3: 23 de abril. <strong>Yo termin\u00e9 de pagar el 19 de abril<\/strong>\u201d, sostuvo Panzardi en un descargo p\u00fablico difundido por <em>Infobae<\/em>.<\/p>\n<p>&#8220;Lo pude con mucho esfuerzo, porque adem\u00e1s hace casi tres a\u00f1os sufro el embargo de mis bienes por esta causa. <strong>Casi 17 millones de pesos por un tuit, en potencial, publicado hace 10 a\u00f1os<\/strong>&#8220;, remarc\u00f3 la jefa comunal.<\/p>\n<p>\u201c<strong>Acept\u00e9 la sentencia y pagu\u00e9. No me negu\u00e9 ni fui deudora morosa. No es justo ni tampoco cuento con los 260 millones que ahora piden con retroactividad a la sentencia<\/strong>\u201d, cerr\u00f3 Panzardi.<\/p>\n<\/p><\/div>\n<p><script>\n                !function(f,b,e,v,n,t,s)\n                {if(f.fbq)return;n=f.fbq=function(){n.callMethod?\n                    n.callMethod.apply(n,arguments):n.queue.push(arguments)};\n                    if(!f._fbq)f._fbq=n;n.push=n;n.loaded=!0;n.version='2.0';\n                    n.queue=[];t=b.createElement(e);t.async=!0;\n                    t.src=v;s=b.getElementsByTagName(e)[0];\n                    s.parentNode.insertBefore(t,s)}(window, document,'script',\n                    'https:\/\/connect.facebook.net\/en_US\/fbevents.js');\n                window.paywallConfig.facebook_pixel=\"1000228364089342\"\n            <\/script><\/p>\n","protected":false},"excerpt":{"rendered":"<p>        La Corte Suprema dej\u00f3 firme una condena contra la intendenta de Laguna Blanca, Claudia Panzardi, por publicar en Twitter (ahora X) expresiones que afectaron el honor de Livio Guti\u00e9rrez.<\/p>\n","protected":false},"author":1,"featured_media":8246,"comment_status":"open","ping_status":"open","sticky":false,"template":"","format":"standard","meta":{"footnotes":""},"categories":[1],"tags":[1655,2217,1386,2215,1809,2221,2222,514,2218,2216,145,2219,2220,2116],"class_list":["post-8244","post","type-post","status-publish","format-standard","has-post-thumbnail","hentry","category-uncategorized","tag-x","tag-banco-chaco","tag-chaco","tag-claudia-panzardi","tag-corte-suprema","tag-danos-y-perjuicios","tag-fallo-de-la-corte","tag-indemnizacion","tag-laguna-blanca","tag-livio-gutierrez","tag-nea","tag-tuit","tag-tweet","tag-twitter"],"_links":{"self":[{"href":"https:\/\/cliente1.publisher.highstack.com.ar\/index.php?rest_route=\/wp\/v2\/posts\/8244","targetHints":{"allow":["GET"]}}],"collection":[{"href":"https:\/\/cliente1.publisher.highstack.com.ar\/index.php?rest_route=\/wp\/v2\/posts"}],"about":[{"href":"https:\/\/cliente1.publisher.highstack.com.ar\/index.php?rest_route=\/wp\/v2\/types\/post"}],"author":[{"embeddable":true,"href":"https:\/\/cliente1.publisher.highstack.com.ar\/index.php?rest_route=\/wp\/v2\/users\/1"}],"replies":[{"embeddable":true,"href":"https:\/\/cliente1.publisher.highstack.com.ar\/index.php?rest_route=%2Fwp%2Fv2%2Fcomments&post=8244"}],"version-history":[{"count":1,"href":"https:\/\/cliente1.publisher.highstack.com.ar\/index.php?rest_route=\/wp\/v2\/posts\/8244\/revisions"}],"predecessor-version":[{"id":8245,"href":"https:\/\/cliente1.publisher.highstack.com.ar\/index.php?rest_route=\/wp\/v2\/posts\/8244\/revisions\/8245"}],"wp:featuredmedia":[{"embeddable":true,"href":"https:\/\/cliente1.publisher.highstack.com.ar\/index.php?rest_route=\/wp\/v2\/media\/8246"}],"wp:attachment":[{"href":"https:\/\/cliente1.publisher.highstack.com.ar\/index.php?rest_route=%2Fwp%2Fv2%2Fmedia&parent=8244"}],"wp:term":[{"taxonomy":"category","embeddable":true,"href":"https:\/\/cliente1.publisher.highstack.com.ar\/index.php?rest_route=%2Fwp%2Fv2%2Fcategories&post=8244"},{"taxonomy":"post_tag","embeddable":true,"href":"https:\/\/cliente1.publisher.highstack.com.ar\/index.php?rest_route=%2Fwp%2Fv2%2Ftags&post=8244"}],"curies":[{"name":"wp","href":"https:\/\/api.w.org\/{rel}","templated":true}]}}