{"id":8242,"date":"2026-04-27T18:17:59","date_gmt":"2026-04-27T21:17:59","guid":{"rendered":"https:\/\/cliente1.publisher.highstack.com.ar\/?p=8242"},"modified":"2026-04-27T18:17:59","modified_gmt":"2026-04-27T21:17:59","slug":"un-software-de-us3-millones-desato-una-nueva-disputa-y-acusaciones-en-la-cuspide-de-la-rural","status":"publish","type":"post","link":"https:\/\/cliente1.publisher.highstack.com.ar\/?p=8242","title":{"rendered":"Un software de US$3 millones desat\u00f3 una nueva disputa y acusaciones en la c\u00faspide de la Rural"},"content":{"rendered":"<div class=\"col-12\">\n<p class=\"com-paragraph  --capital --s\">La interna en la <strong>Sociedad Rural Argentina (SRA)<\/strong> <strong>sum\u00f3<\/strong> en los \u00faltimos d\u00edas un nuevo cap\u00edtulo y, esta vez, el eje del <strong>conflicto <\/strong>gira en torno a un <strong>contrato millonario para modernizar el sistema de registros geneal\u00f3gicos,<\/strong> una herramienta clave para la trazabilidad y certificaci\u00f3n gen\u00e9tica de miles de animales. Lo que <strong>comenz\u00f3<\/strong> como un <strong>proyecto estrat\u00e9gico<\/strong> para actualizar la operatoria de la entidad deriv\u00f3 en acusaciones cruzadas entre el actual presidente <strong>Nicol\u00e1s Pino<\/strong> y la Comisi\u00f3n Directiva y su vicepresidente, <strong>Marcos Pereda, <\/strong>que se <strong>encuentra<\/strong> en plena carrera electoral interna con su espacio Renovaci\u00f3n con Unidad. <\/p>\n<div class=\"ln-banner-container --caja1_mob\">\n<div id=\"caja1_mob\" class=\"ln-banner\" data-slot-group=\"nota\" data-device=\"mobile\" data-subscription=\"false\" data-ad-unit-path=\"\/133919216\/campo_mobile\/Nota\/caja1_mob\" data-targeting='{\"sitio\":\"lanacion\",\"seccion\":\"nota\"}' data-without-hide=\"true\" data-size=\"[[320,100],[300,250],[1,1],[300,450],[320,450]]\" data-sizemap=\"[]\" data-prebid-enabled=\"true\"><\/div>\n<\/div>\n<p class=\"com-paragraph   --s\">Por la red social X, el espacio opositor se\u00f1al\u00f3 que el desarrollo del software <strong>\u201ccost\u00f3 terminarlo tres veces m\u00e1s\u201d<\/strong> que lo presupuestado originalmente y que el sistema <strong>\u201cfunciona mal\u201d,<\/strong> con impacto sobre \u201cmiles de productores, socios y no socios afectados\u201d. Seg\u00fan la agrupaci\u00f3n, el proyecto hab\u00eda sido estimado en un mill\u00f3n de d\u00f3lares, deb\u00eda estar listo en un a\u00f1o y, tres a\u00f1os despu\u00e9s, <strong>ya habr\u00eda superado los US$3 millones.<\/strong><\/p>\n<p class=\"com-paragraph   --s\">Esa acusaci\u00f3n agit\u00f3 todav\u00eda m\u00e1s la disputa pol\u00edtica en la entidad, donde en septiembre pr\u00f3ximo habr\u00e1 elecciones. En ese escenario, el sector que impulsa la candidatura de Pereda busc\u00f3 responsabilizar directamente a la conducci\u00f3n actual por el fracaso del proyecto y por la falta de controles sobre la empresa contratada. Pino, sin embargo, aclar\u00f3 que<strong> \u201cno est\u00e1 en campa\u00f1a\u201d <\/strong>y que su tiempo no est\u00e1 para contestar chicanas que consider\u00f3 desafortunadas.<\/p>\n<div class=\"content-media\">\n<section role=\"button\" class=\"mod-media   \">\n<figure role=\"button\" tabindex=\"0\" class=\"mod-figure \">\n<div class=\"placeholder \">\n<div class=\"com-image\"><picture><source media=\"(min-width: 768px)\" srcset=\"https:\/\/resizer.glanacion.com\/resizer\/v2\/en-2022-cuando-pereda-y-pino-fueron-elegidos-WXTZYHVXBBAX7EYD44RFHPOEDI.jpeg?auth=1f3577d156b4e52a0668390dce0777c0bcdd0b14eaa91e5f4101c038213eff80&amp;width=780&amp;height=520&amp;quality=70&amp;smart=true\"><\/source><img class=\"image com-image flex --cover\" decoding=\"async\" fetchpriority=\"low\" loading=\"lazy\" src=\"https:\/\/resizer.glanacion.com\/resizer\/v2\/en-2022-cuando-pereda-y-pino-fueron-elegidos-WXTZYHVXBBAX7EYD44RFHPOEDI.jpeg?auth=1f3577d156b4e52a0668390dce0777c0bcdd0b14eaa91e5f4101c038213eff80&amp;width=420&amp;height=280&amp;quality=70&amp;smart=true\" width=\"1280\" alt=\"En 2022, cuando Pereda y Pino fueron elegidos nuevamente como vicepresidente y presidente de la Sociedad Rural Argentina (SRA)\" height=\"853\"><\/picture><\/div>\n<\/div><figcaption class=\"mod-figcaption\"><span class=\"com-text --caption --twoxs\">En 2022, cuando Pereda y Pino fueron elegidos nuevamente como vicepresidente y presidente de la Sociedad Rural Argentina (SRA)<\/span><\/figcaption><\/figure>\n<\/section>\n<\/div>\n<div class=\"ln-banner-container --caja2_mob\">\n<div id=\"caja2_mob\" class=\"ln-banner\" data-slot-group=\"nota\" data-device=\"mobile\" data-subscription=\"true\" data-ad-unit-path=\"\/133919216\/campo_mobile\/Nota\/caja2_mob\" data-targeting='{\"sitio\":\"lanacion\",\"seccion\":\"nota\"}' data-without-hide=\"true\" data-size=\"[[320,100],[300,250],[300,450],[1,1],[360,270],[320,180]]\" data-sizemap=\"[]\" data-prebid-enabled=\"true\"><\/div>\n<\/div>\n<p class=\"com-paragraph   --s\">En di\u00e1logo con <strong>LA NACION<\/strong> desde Quimil\u00ed, Santiago del Estero, donde participaba de una reuni\u00f3n de Comisi\u00f3n Directiva, Pino baj\u00f3 el tono del conflicto. <strong>\u201cNo estoy en una interna, no soy candidato, ahora estamos conduciendo la entidad. <\/strong>Ya hemos explicado a los socios c\u00f3mo fueron los hechos. Hoy, <strong>no tenemos tiempo para estar dedic\u00e1ndole a responder denuncias sin sustento que caen por su propio peso\u201d,<\/strong> afirm\u00f3.<\/p>\n<div class=\"ln-banner-container --middle_2_dsk\">\n<div id=\"middle_2_dsk\" class=\"ln-banner\" data-slot-group=\"nota\" data-device=\"desktop\" data-subscription=\"true\" data-ad-unit-path=\"\/133919216\/campo_desktop\/Nota\/middle_2_dsk\" data-targeting='{\"sitio\":\"lanacion\",\"seccion\":\"nota\"}' data-without-hide=\"true\" data-size=\"[[1,1],[728,90]]\" data-sizemap=\"[]\" data-prebid-enabled=\"true\"><\/div>\n<\/div>\n<p class=\"com-paragraph   --s\">El dirigente agreg\u00f3 que la prioridad de la conducci\u00f3n est\u00e1 puesta en la gesti\u00f3n diaria de la entidad. <strong>\u201cLa gesti\u00f3n me lleva y nos lleva mucho tiempo.<\/strong> De hecho, estamos ac\u00e1 en Quimil\u00ed, zona productiva de Santiago del Estero,<strong> trabajando para resolver los problemas junto a los productores\u201d,<\/strong> remarc\u00f3.<\/p>\n<div class=\"ln-banner-container --caja3_mob\">\n<div id=\"caja3_mob\" class=\"ln-banner\" data-slot-group=\"nota\" data-device=\"mobile\" data-subscription=\"false\" data-ad-unit-path=\"\/133919216\/campo_mobile\/Nota\/caja3_mob\" data-targeting='{\"sitio\":\"lanacion\",\"seccion\":\"nota\"}' data-without-hide=\"true\" data-size=\"[[320,100],[300,250],[1,1],[300,450],[360,270]]\" data-sizemap=\"[]\" data-prebid-enabled=\"true\"><\/div>\n<\/div>\n<div class=\"ln-banner-container --middle_2_tab\">\n<div id=\"middle_2_tab\" class=\"ln-banner\" data-slot-group=\"nota\" data-device=\"tablet\" data-subscription=\"false\" data-ad-unit-path=\"\/133919216\/campo_tablet\/Nota\/middle_2_tab\" data-targeting='{\"sitio\":\"lanacion\",\"seccion\":\"nota\"}' data-without-hide=\"true\" data-size=\"[[728,90],[640,480],[468,60],[1,1]]\" data-sizemap=\"[]\" data-prebid-enabled=\"true\"><\/div>\n<\/div>\n<div class=\"content-media\">\n<section role=\"button\" class=\"mod-media   \">\n<figure role=\"button\" tabindex=\"0\" class=\"mod-figure \">\n<div class=\"placeholder \">\n<div class=\"com-image\"><picture><source media=\"(min-width: 768px)\" srcset=\"https:\/\/resizer.glanacion.com\/resizer\/v2\/pino-bajo-el-tono-del-conflicto-no-estoy-en-una-USOJSP43O5BXZA7NVMCLH25YKY.jpg?auth=31bdd1ea8e31713a2fac64e9288fd1887c3dd96290ac9361fc14b26289b5a70e&amp;width=780&amp;height=520&amp;quality=70&amp;smart=true\"><\/source><img class=\"image com-image flex --cover\" decoding=\"async\" fetchpriority=\"low\" loading=\"lazy\" src=\"https:\/\/resizer.glanacion.com\/resizer\/v2\/pino-bajo-el-tono-del-conflicto-no-estoy-en-una-USOJSP43O5BXZA7NVMCLH25YKY.jpg?auth=31bdd1ea8e31713a2fac64e9288fd1887c3dd96290ac9361fc14b26289b5a70e&amp;width=420&amp;height=280&amp;quality=70&amp;smart=true\" width=\"768\" alt=\"Pino baj\u00f3 el tono del conflicto: \u201cNo estoy en una interna, no soy candidato, ahora estamos conduciendo la entidad. Ya hemos explicado a los socios c\u00f3mo fueron los hechos. Hoy, no tenemos tiempo para estar dedic\u00e1ndole a responder denuncias sin sustento que caen por su propio peso\u201d\" height=\"512\"><\/picture><\/div>\n<\/div><figcaption class=\"mod-figcaption\"><span class=\"com-text --caption --twoxs\">Pino baj\u00f3 el tono del conflicto: \u201cNo estoy en una interna, no soy candidato, ahora estamos conduciendo la entidad. Ya hemos explicado a los socios c\u00f3mo fueron los hechos. Hoy, no tenemos tiempo para estar dedic\u00e1ndole a responder denuncias sin sustento que caen por su propio peso\u201d<\/span><span class=\"com-text --credit --twoxs\">Gentileza<\/span><\/figcaption><\/figure>\n<\/section>\n<\/div>\n<p class=\"com-paragraph   --s\">La controversia tom\u00f3 estado p\u00fablico luego de que Renovaci\u00f3n con Unidad difundiera un mensaje en la red social X donde asegur\u00f3 que <strong>\u201cla decisi\u00f3n sobre el proveedor fue responsabilidad exclusiva de la presidencia actual\u201d<\/strong> y que <strong>\u201cno hubo control ni seguimiento del contrato\u201d. <\/strong>Seg\u00fan esa versi\u00f3n, el resultado fue <strong>\u201ccostos multiplicados por tres, un sistema que funciona mal\u201d.<\/strong><\/p>\n<p class=\"com-paragraph   --s\">En ese mensaje, la agrupaci\u00f3n tambi\u00e9n se\u00f1al\u00f3 que el problema excede lo inform\u00e1tico y se convirti\u00f3 en un problema de administraci\u00f3n. \u201cNo estamos hablando de cualquier software, es el sistema que gestiona los <strong>registros geneal\u00f3gicos de las especies productivas,<\/strong> la base de pedigree, la trazabilidad de la gen\u00e9tica y el valor productivo de miles de animales\u201d, advirtieron.<\/p>\n<div class=\"ln-banner-container --caja4_mob\">\n<div id=\"caja4_mob\" class=\"ln-banner\" data-slot-group=\"nota\" data-device=\"mobile\" data-subscription=\"false\" data-ad-unit-path=\"\/133919216\/campo_mobile\/Nota\/caja4_mob\" data-targeting='{\"sitio\":\"lanacion\",\"seccion\":\"nota\"}' data-without-hide=\"true\" data-size=\"[[320,100],[300,250],[1,1]]\" data-sizemap=\"[]\" data-prebid-enabled=\"true\"><\/div>\n<\/div>\n<p class=\"com-paragraph   --s\">Ante esa acusaci\u00f3n, la <strong>Sociedad Rural Argentina<\/strong> <strong>(SRA)<\/strong> envi\u00f3 a sus socios un extenso comunicado <strong>donde responsabiliz\u00f3 al proveedor tecnol\u00f3gico, Mobile Computing SA, hoy Grid Dynamics Holdings Inc.,<\/strong> por \u201cnumerosos inconvenientes registrados en el desarrollo e implementaci\u00f3n del sistema\u201d.<\/p>\n<p class=\"com-paragraph   --s\">Seg\u00fan la entidad, las \u201cdeficiencias verificadas durante el desarrollo y la ejecuci\u00f3n del proyecto <strong>han generado un grave perjuicio a la entidad y sus socios\u201d,<\/strong> debido a <strong>\u201cm\u00faltiples errores, fallas de funcionamiento, desarrollos comprometidos no realizados\u201d y reclamos de pago por prestaciones \u201cno cumplidas en su debido tiempo y forma\u201d<\/strong>.<\/p>\n<div class=\"ln-banner-container --caja6_mob\">\n<div id=\"caja6_mob\" class=\"ln-banner\" data-slot-group=\"nota\" data-device=\"mobile\" data-subscription=\"false\" data-ad-unit-path=\"\/133919216\/campo_mobile\/Nota\/caja6_mob\" data-targeting='{\"sitio\":\"lanacion\",\"seccion\":\"nota\"}' data-without-hide=\"true\" data-size=\"[[300,250],[230,50],[300,450],[1,1],[320,100]]\" data-sizemap=\"[]\" data-prebid-enabled=\"true\"><\/div>\n<\/div>\n<p class=\"com-paragraph   --s\">El origen del proyecto, dijeron, se remonta al plan estrat\u00e9gico lanzado en diciembre de 2021 y <strong>apunta a que la modernizaci\u00f3n tecnol\u00f3gica fue impulsada bajo la \u00f3rbita del propio Pereda y su asesor Gustavo Papini,<\/strong> quienes <strong>\u201cconcentraron la definici\u00f3n, dimensionamiento, presupuestaci\u00f3n y ejecuci\u00f3n del proyecto\u201d.<\/strong><\/p>\n<p class=\"com-paragraph   --s\">La conducci\u00f3n de la entidad indic\u00f3 que en abril de 2023 la elecci\u00f3n de Mobile Computing SA se realiz\u00f3 \u201ca partir de la <strong>recomendaci\u00f3n t\u00e9cnica del \u00e1rea respectiva armada por Pereda y liderada en ese entonces por Papini\u201d. <\/strong>Tambi\u00e9n afirm\u00f3 que el <strong>contrato fue firmado pese a observaciones cr\u00edticas del estudio jur\u00eddico auditor.<\/strong><\/p>\n<div class=\"ln-banner-container --caja7_mob\">\n<div id=\"caja7_mob\" class=\"ln-banner\" data-slot-group=\"nota\" data-device=\"mobile\" data-subscription=\"true\" data-ad-unit-path=\"\/133919216\/campo_mobile\/Nota\/caja7_mob\" data-targeting='{\"sitio\":\"lanacion\",\"seccion\":\"nota\"}' data-without-hide=\"true\" data-size=\"[[300,250],[320,50],[300,450],[1,1],[320,100]]\" data-sizemap=\"[]\" data-prebid-enabled=\"true\"><\/div>\n<\/div>\n<p class=\"com-paragraph   --s\">De acuerdo con la versi\u00f3n oficial de la entidad, el contrato establec\u00eda un plazo de nueve meses, pero el sistema reci\u00e9n fue lanzado en septiembre de 2025, m\u00e1s de dos a\u00f1os despu\u00e9s, y desde el inicio present\u00f3 <strong>\u201cnumerosos errores y fallas de funcionamiento, desarrollos no realizados y entregas parciales\u201d.<\/strong><\/p>\n<p class=\"com-paragraph   --s\">A ra\u00edz de esas irregularidades, la entidad asegur\u00f3 que <strong>en enero pasado contrat\u00f3 \u201cuna auditor\u00eda externa integral de car\u00e1cter legal, contractual y t\u00e9cnico\u201d para determinar responsabilidades y definir los pasos a seguir.<\/strong><\/p>\n<div class=\"ln-banner-container --caja8_mob\">\n<div id=\"caja8_mob\" class=\"ln-banner\" data-slot-group=\"nota\" data-device=\"mobile\" data-subscription=\"true\" data-ad-unit-path=\"\/133919216\/campo_mobile\/Nota\/caja8_mob\" data-targeting='{\"sitio\":\"lanacion\",\"seccion\":\"nota\"}' data-without-hide=\"true\" data-size=\"[[300,250],[320,50],[300,450],[1,1],[320,100]]\" data-sizemap=\"[]\" data-prebid-enabled=\"true\"><\/div>\n<\/div>\n<p class=\"com-paragraph   --s\">La SRA dijo que todo lo que se dijo en el comunicado <strong>\u201cest\u00e1 documentado y respaldado\u201d, <\/strong>donde cuando comenz\u00f3 ese proceso <strong>\u201clos responsables t\u00e9cnicos designados por Papini que estaban involucrados en el proyecto presentaron sus renuncias de manera intempestiva\u201d, <\/strong>mientras que la empresa proveedora \u201cse neg\u00f3 a someterse al proceso de auditor\u00eda\u201d, lo que agrav\u00f3 el escenario.<\/p>\n<p class=\"com-paragraph   --s\">Sin embargo, <strong>Pereda, <\/strong><a href=\"https:\/\/www.lanacion.com.ar\/economia\/campo\/interna-caliente-en-la-rural-marcos-pereda-lanzo-su-candidatura-y-critico-al-actual-presidente-de-la-nid11032026\/\" target=\"_self\" title=\"https:\/\/www.lanacion.com.ar\/economia\/campo\/interna-caliente-en-la-rural-marcos-pereda-lanzo-su-candidatura-y-critico-al-actual-presidente-de-la-nid11032026\/\" class=\"com-link break-word\" data-mrf-recirculation=\"n_link_parrafo\">que lanz\u00f3 su candidatura en Expoagro,<\/a><strong> <\/strong>rechaz\u00f3 con dureza las acusaciones de la conducci\u00f3n actual. \u201cEs muy penoso el espect\u00e1culo que est\u00e1n dando para desligarse de una responsabilidad que les corresponde. Yo <strong>no tuve absolutamente nada que ver con la elecci\u00f3n del proveedor ni con el seguimiento del contrato;<\/strong> esas son funciones que no le competen al vicepresidente\u201d, afirm\u00f3. <\/p>\n<div class=\"ln-banner-container --caja9_mob\">\n<div id=\"caja9_mob\" class=\"ln-banner\" data-slot-group=\"nota\" data-device=\"mobile\" data-subscription=\"true\" data-ad-unit-path=\"\/133919216\/campo_mobile\/Nota\/caja9_mob\" data-targeting='{\"sitio\":\"lanacion\",\"seccion\":\"nota\"}' data-without-hide=\"true\" data-size=\"[[300,250],[320,50],[300,450],[1,1],[320,100]]\" data-sizemap=\"[]\" data-prebid-enabled=\"true\"><\/div>\n<\/div>\n<div class=\"content-media\">\n<section role=\"button\" class=\"mod-media   \">\n<figure role=\"button\" tabindex=\"0\" class=\"mod-figure \">\n<div class=\"placeholder \">\n<div class=\"com-image\"><picture><source media=\"(min-width: 768px)\" srcset=\"https:\/\/resizer.glanacion.com\/resizer\/v2\/en-expoagro-pereda-lanzo-oficialmente-su-6NIW6Z4JMVFB3F77CS4VMUH2RU.png?auth=a0c8f701ad2ad9732740bda84c7a07766a81309f62fc8f50818560a1b73056dc&amp;width=780&amp;height=462&amp;quality=70&amp;smart=true\"><\/source><img class=\"image com-image flex --cover\" decoding=\"async\" fetchpriority=\"low\" loading=\"lazy\" src=\"https:\/\/resizer.glanacion.com\/resizer\/v2\/en-expoagro-pereda-lanzo-oficialmente-su-6NIW6Z4JMVFB3F77CS4VMUH2RU.png?auth=a0c8f701ad2ad9732740bda84c7a07766a81309f62fc8f50818560a1b73056dc&amp;width=420&amp;height=249&amp;quality=70&amp;smart=true\" width=\"2246\" alt=\"En Expoagro, Pereda lanz\u00f3 oficialmente su candidatura para presidir la entidad en las elecciones previstas para septiembre pr\u00f3ximo junto a  Santos Zuberb\u00fchler\" height=\"1330\"><\/picture><\/div>\n<\/div><figcaption class=\"mod-figcaption\"><span class=\"com-text --caption --twoxs\">En Expoagro, Pereda lanz\u00f3 oficialmente su candidatura para presidir la entidad en las elecciones previstas para septiembre pr\u00f3ximo junto a  Santos Zuberb\u00fchler<\/span><span class=\"com-text --credit --twoxs\">Gza.<\/span><\/figcaption><\/figure>\n<\/section>\n<\/div>\n<p class=\"com-paragraph   --s\">En esa l\u00ednea, sostuvo que<strong> \u201clo que fall\u00f3 fue la ejecuci\u00f3n y el control, que son atribuciones indelegables de la presidencia\u201d, y consider\u00f3 que la propia explicaci\u00f3n oficial \u201cexpone fallas sistem\u00e1ticas que contradicen cualquier idea de una gesti\u00f3n responsable\u201d. <\/strong><\/p>\n<p class=\"com-paragraph   --s\">Cuestion\u00f3 que ahora se intente responsabilizarlo por el fracaso del sistema: \u201cAvalaron todo lo que fue sucediendo y ahora intentan cargarme a m\u00ed la culpa, incluso cuando antes dec\u00edan que no participaba en las decisiones\u201d. <\/p>\n<p class=\"com-paragraph   --s\">Para Pereda, detr\u00e1s de esta ofensiva <strong>\u201chay una clara intenci\u00f3n de trasladar errores propios a un adversario en plena campa\u00f1a electoral interna\u201d. <\/strong>Seg\u00fan agreg\u00f3, desde hace al menos dos a\u00f1os las decisiones estrat\u00e9gicas dentro de la SRA \u201cquedaron concentradas en un grupo muy reducido\u201d, y remarc\u00f3 que \u201cson ellos quienes deben hacerse cargo del fracaso y explicar las p\u00e9rdidas millonarias que terminaron pagando los socios\u201d.<\/p>\n<h2 class=\"com-title --font-primary --xl --font-extra\">\u201cPlan de contingencia\u201d<\/h2>\n<p class=\"com-paragraph   --s\">En este contexto, la entidad inform\u00f3 que actualmente se encuentra en <strong>\u201cinstancia de mediaci\u00f3n judicial\u201d,<\/strong> previa a eventuales acciones legales, al tiempo que implement\u00f3 \u201cun <strong>plan de contingencia<\/strong> con soluciones alternativas que aseguren el normal funcionamiento del sistema\u201d.<\/p>\n<p class=\"com-paragraph   --s\">La respuesta de Renovaci\u00f3n con Unidad no tard\u00f3 en llegar. En otro posteo, la agrupaci\u00f3n sostuvo \u201cel \u00fanico responsable del fracaso del sistema de registros es Nicol\u00e1s Pino\u201d, ya que \u201clas decisiones estrat\u00e9gicas, los marcos de control y la ejecuci\u00f3n final de cualquier proyecto de esta envergadura recaen en quien conduce la instituci\u00f3n\u201d. La agrupaci\u00f3n tambi\u00e9n calific\u00f3 como una <strong>\u201cresponsabilidad directa de una conducci\u00f3n que fall\u00f3 en sus mecanismos de seguimiento y auditor\u00eda en tiempo real\u201d.<\/strong><\/p>\n<p class=\"com-paragraph   --s\">En paralelo, exigieron <strong>\u201cuna auditor\u00eda independiente,<\/strong> con alcance completo sobre la totalidad del proceso\u201d, incluso con acceso a \u201ccorreos electr\u00f3nicos, actas, contratos, movimientos econ\u00f3micos y comunicaciones internas\u201d, con el objetivo de transparentar el destino de los fondos invertidos.<\/p>\n<p class=\"com-paragraph   --s\">El episodio expone la <strong>creciente tensi\u00f3n pol\u00edtica dentro de la SRA, <\/strong>donde las diferencias entre el actual presidente y su vicepresidente que busca disputarle el liderazgo <strong>ya dejaron de ser silenciosas<\/strong> y se expresan p\u00fablicamente en redes. <\/p>\n<div data-fusion-lazy-id=\"f0f2aQl9N0Nc5yq\"><\/div>\n<div data-fusion-lazy-id=\"f0fGQeo7N0Nc5He\"><\/div>\n<div class=\"ln-banner-container --caja5_mob\">\n<div id=\"caja5_mob\" class=\"ln-banner\" data-slot-group=\"nota\" data-device=\"mobile\" data-subscription=\"false\" data-ad-unit-path=\"\/133919216\/campo_mobile\/Nota\/caja5_mob\" data-targeting='{\"sitio\":\"lanacion\",\"seccion\":\"nota\"}' data-without-hide=\"true\" data-size='[[320,100],[300,250],[1,1],[\" fluid\"]]' data-sizemap=\"[]\" data-prebid-enabled=\"true\"><\/div>\n<\/div>\n<div data-fusion-lazy-id=\"f0fSc0ngN0Nc5KL\">\n<div><\/div>\n<\/div>\n<div class=\"ln-banner-container --middle_3_dsk\">\n<div id=\"middle_3_dsk\" class=\"ln-banner\" data-slot-group=\"nota\" data-device=\"desktop\" data-subscription=\"true\" data-ad-unit-path=\"\/133919216\/campo_desktop\/Nota\/middle_3_dsk\" data-targeting='{\"sitio\":\"lanacion\",\"seccion\":\"nota\"}' data-without-hide=\"true\" data-size=\"[[1,1],[728,90],[640,360],[728,360]]\" data-sizemap=\"[]\" data-prebid-enabled=\"true\"><\/div>\n<\/div>\n<\/div>\n","protected":false},"excerpt":{"rendered":"<p>La interna en la Sociedad Rural Argentina (SRA) sum\u00f3 en los \u00faltimos d\u00edas un nuevo cap\u00edtulo y, esta vez, el eje del conflicto gira en torno a un contrato millonario para modernizar el sistema de registros geneal\u00f3gicos, una herramienta clave para la trazabilidad y certificaci\u00f3n gen\u00e9tica de miles de animales. Lo que comenz\u00f3 como un [&hellip;]<\/p>\n","protected":false},"author":1,"featured_media":8243,"comment_status":"open","ping_status":"open","sticky":false,"template":"","format":"standard","meta":{"footnotes":""},"categories":[1],"tags":[],"class_list":["post-8242","post","type-post","status-publish","format-standard","has-post-thumbnail","hentry","category-uncategorized"],"_links":{"self":[{"href":"https:\/\/cliente1.publisher.highstack.com.ar\/index.php?rest_route=\/wp\/v2\/posts\/8242","targetHints":{"allow":["GET"]}}],"collection":[{"href":"https:\/\/cliente1.publisher.highstack.com.ar\/index.php?rest_route=\/wp\/v2\/posts"}],"about":[{"href":"https:\/\/cliente1.publisher.highstack.com.ar\/index.php?rest_route=\/wp\/v2\/types\/post"}],"author":[{"embeddable":true,"href":"https:\/\/cliente1.publisher.highstack.com.ar\/index.php?rest_route=\/wp\/v2\/users\/1"}],"replies":[{"embeddable":true,"href":"https:\/\/cliente1.publisher.highstack.com.ar\/index.php?rest_route=%2Fwp%2Fv2%2Fcomments&post=8242"}],"version-history":[{"count":0,"href":"https:\/\/cliente1.publisher.highstack.com.ar\/index.php?rest_route=\/wp\/v2\/posts\/8242\/revisions"}],"wp:featuredmedia":[{"embeddable":true,"href":"https:\/\/cliente1.publisher.highstack.com.ar\/index.php?rest_route=\/wp\/v2\/media\/8243"}],"wp:attachment":[{"href":"https:\/\/cliente1.publisher.highstack.com.ar\/index.php?rest_route=%2Fwp%2Fv2%2Fmedia&parent=8242"}],"wp:term":[{"taxonomy":"category","embeddable":true,"href":"https:\/\/cliente1.publisher.highstack.com.ar\/index.php?rest_route=%2Fwp%2Fv2%2Fcategories&post=8242"},{"taxonomy":"post_tag","embeddable":true,"href":"https:\/\/cliente1.publisher.highstack.com.ar\/index.php?rest_route=%2Fwp%2Fv2%2Ftags&post=8242"}],"curies":[{"name":"wp","href":"https:\/\/api.w.org\/{rel}","templated":true}]}}