{"id":8234,"date":"2026-04-27T16:23:11","date_gmt":"2026-04-27T19:23:11","guid":{"rendered":"https:\/\/cliente1.publisher.highstack.com.ar\/?p=8234"},"modified":"2026-04-27T16:23:11","modified_gmt":"2026-04-27T19:23:11","slug":"compraventa-de-campos-cayo-un-indicador-del-negocio-y-culpan-entre-otros-factores-a-la-incertidumbre-politica","status":"publish","type":"post","link":"https:\/\/cliente1.publisher.highstack.com.ar\/?p=8234","title":{"rendered":"Compraventa de campos: cay\u00f3 un indicador del negocio y culpan, entre otros factores, a la incertidumbre pol\u00edtica"},"content":{"rendered":"<div class=\"col-12\">\n<p class=\"com-paragraph  --capital --s\">El \u00edndice de actividad del mercado inmobiliario rural (<strong>InCAIR<\/strong>), un indicador clave del negocio, se ubic\u00f3 en marzo pasado en <strong>40,82 puntos<\/strong>, con <strong>una baja de 1,73 puntos respecto de febrero y de 8,41 puntos frente al cierre de 2025<\/strong>. El indicador, elaborado por la C\u00e1mara Argentina de Inmobiliarias Rurales <strong>(CAIR),<\/strong> <strong>reflej\u00f3 un menor dinamismo en el inicio del a\u00f1o. <\/strong>Seg\u00fan la entidad, el comportamiento responde a una <strong>escasa oferta de campos, expectativas sobre el rumbo pol\u00edtico y econ\u00f3mico y cautela de los inversores. <\/strong><\/p>\n<div class=\"ln-banner-container --caja1_mob\">\n<div id=\"caja1_mob\" class=\"ln-banner\" data-slot-group=\"nota\" data-device=\"mobile\" data-subscription=\"false\" data-ad-unit-path=\"\/133919216\/campo_mobile\/Nota\/caja1_mob\" data-targeting='{\"sitio\":\"lanacion\",\"seccion\":\"nota\"}' data-without-hide=\"true\" data-size=\"[[320,100],[300,250],[1,1],[300,450],[320,450]]\" data-sizemap=\"[]\" data-prebid-enabled=\"true\"><\/div>\n<\/div>\n<p class=\"com-paragraph   --s\">En paralelo, el contexto internacional, con<strong> subas en insumos como combustibles y fertilizantes, <\/strong>tambi\u00e9n incidi\u00f3 en la toma de decisiones. Vale recordar que el Gobierno avanza con cambios en la<strong> ley de tierras rurales que podr\u00edan flexibilizar los l\u00edmites a la propiedad extranjera,<\/strong> con el objetivo de atraer inversiones. La iniciativa forma parte de una agenda m\u00e1s amplia de desregulaci\u00f3n y abre un nuevo foco de atenci\u00f3n en el mercado inmobiliario rural.<\/p>\n<p class=\"com-paragraph   --s\">En conversaci\u00f3n con<strong> LA NACION,<\/strong> el presidente de la c\u00e1mara, <strong>Lucas Palma<\/strong>, record\u00f3 que la compra de tierra no es m\u00e1s ni menos que una inversi\u00f3n y es por eso que siempre est\u00e1 sujeta a alg\u00fan vaiv\u00e9n pol\u00edtico o alguna peque\u00f1a nube en la pol\u00edtica. \u201c<strong>Hay poca oferta de campos agr\u00edcolas, en consecuencia hay pocas operaciones y el \u00edndice baja por la menor cantidad de operaciones<\/strong>\u201d, precis\u00f3. <\/p>\n<p class=\"com-paragraph   --s\">El InCAIR destac\u00f3 que, de acuerdo con <strong>\u201clos \u00faltimos antecedentes en la pol\u00edtica interna de nuestro pa\u00eds<\/strong> y ciertos interrogantes sobre la posibilidad de mantener el rumbo econ\u00f3mico, <strong>han afectado en alg\u00fan grado el ritmo del mercado inmobiliario rural<\/strong>\u201d. Al respecto, Palma ratific\u00f3 que la oferta limitada est\u00e1 vinculada tanto al clima pol\u00edtico como a expectativas de precios. \u201c<strong>Si llegan a sacar las retenciones, los valores de los campos van a ser de mayor valor que el actual.<\/strong> Entonces, quien puede, no lo vende\u201d, afirm\u00f3. En ese sentido, sostuvo que hoy predominan <strong>ventas asociadas a sucesiones familiares<\/strong>, mientras que la renta agr\u00edcola y ganadera se mantiene en niveles favorables.<\/p>\n<div class=\"ln-banner-container --caja2_mob\">\n<div id=\"caja2_mob\" class=\"ln-banner\" data-slot-group=\"nota\" data-device=\"mobile\" data-subscription=\"true\" data-ad-unit-path=\"\/133919216\/campo_mobile\/Nota\/caja2_mob\" data-targeting='{\"sitio\":\"lanacion\",\"seccion\":\"nota\"}' data-without-hide=\"true\" data-size=\"[[320,100],[300,250],[300,450],[1,1],[360,270],[320,180]]\" data-sizemap=\"[]\" data-prebid-enabled=\"true\"><\/div>\n<\/div>\n<p class=\"com-paragraph   --s\">Sobre los valores, describi\u00f3 <strong>un mercado \u201cfirme, sostenido\u201d,<\/strong> aunque con diferencias entre segmentos. \u201c<strong>El campo ganadero est\u00e1 retrasado, pero como es una inversi\u00f3n a largo plazo necesita mayor tiempo de seguridad pol\u00edtica<\/strong>\u201d, explic\u00f3, y consider\u00f3 que podr\u00eda ganar un mayor inter\u00e9s si se consolida el actual rumbo econ\u00f3mico. \u201cA medida que el Gobierno consolide su reelecci\u00f3n los \u00edndices van a ir aumentando en volumen de operaciones y en valores\u201d, afirm\u00f3.<\/p>\n<div class=\"ln-banner-container --middle_2_dsk\">\n<div id=\"middle_2_dsk\" class=\"ln-banner\" data-slot-group=\"nota\" data-device=\"desktop\" data-subscription=\"true\" data-ad-unit-path=\"\/133919216\/campo_desktop\/Nota\/middle_2_dsk\" data-targeting='{\"sitio\":\"lanacion\",\"seccion\":\"nota\"}' data-without-hide=\"true\" data-size=\"[[1,1],[728,90]]\" data-sizemap=\"[]\" data-prebid-enabled=\"true\"><\/div>\n<\/div>\n<div class=\"content-media\">\n<section role=\"button\" class=\"mod-media   \">\n<figure role=\"button\" tabindex=\"0\" class=\"mod-figure \">\n<div class=\"placeholder \">\n<div class=\"com-image\"><picture><source media=\"(min-width: 768px)\" srcset=\"https:\/\/resizer.glanacion.com\/resizer\/v2\/lucas-palma-presidente-de-la-DWY3V2UG5JETXGBSVW3ENZ6MZU.jpeg?auth=1cc2fe3beb91683bf7a185a383e06fbcd4a7f72cb00f40573f7a249ca1f6b728&amp;width=780&amp;height=585&amp;quality=70&amp;smart=true\"><\/source><img class=\"image com-image flex --cover\" decoding=\"async\" fetchpriority=\"low\" loading=\"lazy\" src=\"https:\/\/resizer.glanacion.com\/resizer\/v2\/lucas-palma-presidente-de-la-DWY3V2UG5JETXGBSVW3ENZ6MZU.jpeg?auth=1cc2fe3beb91683bf7a185a383e06fbcd4a7f72cb00f40573f7a249ca1f6b728&amp;width=420&amp;height=315&amp;quality=70&amp;smart=true\" width=\"924\" alt=\"Lucas Palma, presidente de la CAIR\" height=\"693\"><\/picture><\/div>\n<\/div><figcaption class=\"mod-figcaption\"><span class=\"com-text --caption --twoxs\">Lucas Palma, presidente de la CAIR<\/span><span class=\"com-text --credit --twoxs\">Gentileza<\/span><\/figcaption><\/figure>\n<\/section>\n<\/div>\n<div class=\"ln-banner-container --caja3_mob\">\n<div id=\"caja3_mob\" class=\"ln-banner\" data-slot-group=\"nota\" data-device=\"mobile\" data-subscription=\"false\" data-ad-unit-path=\"\/133919216\/campo_mobile\/Nota\/caja3_mob\" data-targeting='{\"sitio\":\"lanacion\",\"seccion\":\"nota\"}' data-without-hide=\"true\" data-size=\"[[320,100],[300,250],[1,1],[300,450],[360,270]]\" data-sizemap=\"[]\" data-prebid-enabled=\"true\"><\/div>\n<\/div>\n<div class=\"ln-banner-container --middle_2_tab\">\n<div id=\"middle_2_tab\" class=\"ln-banner\" data-slot-group=\"nota\" data-device=\"tablet\" data-subscription=\"false\" data-ad-unit-path=\"\/133919216\/campo_tablet\/Nota\/middle_2_tab\" data-targeting='{\"sitio\":\"lanacion\",\"seccion\":\"nota\"}' data-without-hide=\"true\" data-size=\"[[728,90],[640,480],[468,60],[1,1]]\" data-sizemap=\"[]\" data-prebid-enabled=\"true\"><\/div>\n<\/div>\n<p class=\"com-paragraph   --s\">En cuanto al comportamiento de los inversores, remarc\u00f3: \u201c<strong>Lo que el inversor no quiere es incertidumbre pol\u00edtica. No quiere invertir hoy para volver al pasado<\/strong>\u201d. Bajo ese escenario, anticip\u00f3 que la actividad continuar\u00e1, aunque con menor volumen.<\/p>\n<p class=\"com-paragraph   --s\">En esa l\u00ednea, Palma tambi\u00e9n apunt\u00f3 a factores estructurales que limitan la expansi\u00f3n del negocio ganadero. Mencion\u00f3 la carga impositiva sobre, por ejemplo, la venta de vientres como un obst\u00e1culo: \u201c<strong>El que ya est\u00e1 produciendo tiene una limitante para expandirse, porque tiene que vender su producto.<\/strong> Penosamente, el fisco argentino grava con <strong>el 35% la venta de un vientre que tiene valor cero o de valor muy bajo. <\/strong>Si un productor que tiene hacienda y quiere aprovechar el buen valor de la hacienda para expandirse en tierra, se encuentra que va a perder el 35% de su capital, esa plusval\u00eda de valor la pierde. <strong>Ah\u00ed tenemos una gran limitante. Nos encantar\u00eda que el Gobierno revea esta situaci\u00f3n porque dinamizar\u00eda mucho el mercado: gente vendiendo hacienda para comprar tierra e inversores que no quieren tener activo fijo en tierra invirtiendo en ganader\u00eda como fideicomisos, arrendatarios, ser\u00eda una muy buena combinaci\u00f3n<\/strong>. Hoy alg\u00fan productor vender\u00e1 algo de hacienda para comprar algo m\u00e1s de campo&#8221;, ampli\u00f3.<\/p>\n<p class=\"com-paragraph   --s\">En rigor, destac\u00f3 que los inversores extra del negocio quieren un poco m\u00e1s de claridad pol\u00edtica a largo plazo, porque temen meter un activo fijo en tierra, m\u00e1s ganader\u00eda, m\u00e1s toda la operatoria, a riesgo de que en dos a\u00f1os cierren la exportaci\u00f3n de carne y regrese el cepo cambiario: <strong>\u201cEso es la cautela. Se va dando, de hecho esas operaciones se hacen, los campos se van vendiendo, pero en mucho menor medida de lo que deber\u00eda\u201d<\/strong>.<\/p>\n<div class=\"ln-banner-container --caja4_mob\">\n<div id=\"caja4_mob\" class=\"ln-banner\" data-slot-group=\"nota\" data-device=\"mobile\" data-subscription=\"false\" data-ad-unit-path=\"\/133919216\/campo_mobile\/Nota\/caja4_mob\" data-targeting='{\"sitio\":\"lanacion\",\"seccion\":\"nota\"}' data-without-hide=\"true\" data-size=\"[[320,100],[300,250],[1,1]]\" data-sizemap=\"[]\" data-prebid-enabled=\"true\"><\/div>\n<\/div>\n<div class=\"content-media\">\n<section role=\"button\" class=\"mod-media   \">\n<figure role=\"button\" tabindex=\"0\" class=\"mod-figure \">\n<div class=\"placeholder \">\n<div class=\"com-image\"><picture><source media=\"(min-width: 768px)\" srcset=\"https:\/\/resizer.glanacion.com\/resizer\/v2\/el-mercado-de-tierras-acusa-el-impacto-del-clima-EMJ2ZSKTUNFARPZNG7KLZPKLSI.jpg?auth=56da8d292a55dec4bbc3000514a521d66a74b2dd5d27cab882053a1d550de044&amp;width=780&amp;height=520&amp;quality=70&amp;smart=true\"><\/source><img class=\"image com-image flex --cover\" decoding=\"async\" fetchpriority=\"low\" loading=\"lazy\" src=\"https:\/\/resizer.glanacion.com\/resizer\/v2\/el-mercado-de-tierras-acusa-el-impacto-del-clima-EMJ2ZSKTUNFARPZNG7KLZPKLSI.jpg?auth=56da8d292a55dec4bbc3000514a521d66a74b2dd5d27cab882053a1d550de044&amp;width=420&amp;height=280&amp;quality=70&amp;smart=true\" width=\"2000\" alt=\"El mercado de tierras acusa el impacto del clima pol\u00edtico\" height=\"1333\"><\/picture><\/div>\n<\/div><figcaption class=\"mod-figcaption\"><span class=\"com-text --caption --twoxs\">El mercado de tierras acusa el impacto del clima pol\u00edtico<\/span><\/figcaption><\/figure>\n<\/section>\n<\/div>\n<p class=\"com-paragraph   --s\">En paralelo, la comparaci\u00f3n con los pa\u00edses de la regi\u00f3n marca diferencias en el flujo de inversiones. Ejemplific\u00f3 que<strong> en Brasil se est\u00e1 construyendo la planta de celulosa m\u00e1s grande del mundo, con una inversi\u00f3n estimada en unos US$4500 millones<\/strong>; mientras que <strong>Uruguay avanza con su cuarta planta papelera, con desembolsos que superan los US$4000 millones<\/strong>. En el caso de Paraguay, mencion\u00f3 proyectos por alrededor de US$2000 millones para el desarrollo de su industria forestal, en l\u00ednea con iniciativas privadas que incluso han proyectado inversiones superiores a los<strong> US$3000 millones en el sector celul\u00f3sico. <\/strong>Frente a ese escenario, remarc\u00f3 que <strong>la Argentina<\/strong> reci\u00e9n comienza a mostrar se\u00f1ales con un <strong>proyecto de unos US$2000 millones<\/strong> para una planta de celulosa en Corrientes. Se trata de una inversi\u00f3n de Arpulp SA.<\/p>\n<div class=\"ln-banner-container --caja6_mob\">\n<div id=\"caja6_mob\" class=\"ln-banner\" data-slot-group=\"nota\" data-device=\"mobile\" data-subscription=\"false\" data-ad-unit-path=\"\/133919216\/campo_mobile\/Nota\/caja6_mob\" data-targeting='{\"sitio\":\"lanacion\",\"seccion\":\"nota\"}' data-without-hide=\"true\" data-size=\"[[300,250],[230,50],[300,450],[1,1],[320,100]]\" data-sizemap=\"[]\" data-prebid-enabled=\"true\"><\/div>\n<\/div>\n<p class=\"com-paragraph   --s\">En el plano internacional, indic\u00f3 que el conflicto en Medio Oriente impacta en costos productivos \u2014como <strong>urea y petr\u00f3leo<\/strong>\u2014 y reduce m\u00e1rgenes, aunque sin efecto directo en el valor de la tierra ni en los arrendamientos.<\/p>\n<p class=\"com-paragraph   --s\">A esa lectura se sum\u00f3<strong> Mariano Maurette, <\/strong>responsable de <strong>Campos de \u00c1lzaga, Unzu\u00e9 y C\u00eda, <\/strong>quien vincul\u00f3 la baja del \u00edndice con el impacto de la coyuntura pol\u00edtica reciente. \u201c<strong>La ca\u00edda del \u00edndice me surge atribuirla a todas estas problem\u00e1ticas en las que se meti\u00f3 solito el Gobierno sin que nadie se lo pidiera.<\/strong> Est\u00e1n apareciendo cosas y evidentemente no le hacen bien\u201d, sostuvo.<\/p>\n<div class=\"ln-banner-container --caja7_mob\">\n<div id=\"caja7_mob\" class=\"ln-banner\" data-slot-group=\"nota\" data-device=\"mobile\" data-subscription=\"true\" data-ad-unit-path=\"\/133919216\/campo_mobile\/Nota\/caja7_mob\" data-targeting='{\"sitio\":\"lanacion\",\"seccion\":\"nota\"}' data-without-hide=\"true\" data-size=\"[[300,250],[320,50],[300,450],[1,1],[320,100]]\" data-sizemap=\"[]\" data-prebid-enabled=\"true\"><\/div>\n<\/div>\n<p class=\"com-paragraph   --s\">En esa l\u00ednea, remarc\u00f3 la sensibilidad del mercado frente a estos episodios. \u201cEl mercado es muy sensible a estas cosas [pol\u00edticas]. Si bien no es un \u00e1rea electoral, si bien falta bastante, son todos elementos que no ayudan a una buena din\u00e1mica\u201d, afirm\u00f3. Y agreg\u00f3: \u201c<strong>En principio no deber\u00eda haber ca\u00eddo y cay\u00f3 un poquito la actividad<\/strong>\u201c, al advertir que el impacto de estos factores suele comprenderse con mayor claridad con el paso del tiempo.<\/p>\n<div data-fusion-lazy-id=\"f0f2aQl9N0Nc5yq\"><\/div>\n<div data-fusion-lazy-id=\"f0fGQeo7N0Nc5He\"><\/div>\n<div class=\"ln-banner-container --caja5_mob\">\n<div id=\"caja5_mob\" class=\"ln-banner\" data-slot-group=\"nota\" data-device=\"mobile\" data-subscription=\"false\" data-ad-unit-path=\"\/133919216\/campo_mobile\/Nota\/caja5_mob\" data-targeting='{\"sitio\":\"lanacion\",\"seccion\":\"nota\"}' data-without-hide=\"true\" data-size='[[320,100],[300,250],[1,1],[\" fluid\"]]' data-sizemap=\"[]\" data-prebid-enabled=\"true\"><\/div>\n<\/div>\n<div data-fusion-lazy-id=\"f0fSc0ngN0Nc5KL\">\n<div><\/div>\n<\/div>\n<div class=\"ln-banner-container --middle_3_dsk\">\n<div id=\"middle_3_dsk\" class=\"ln-banner\" data-slot-group=\"nota\" data-device=\"desktop\" data-subscription=\"true\" data-ad-unit-path=\"\/133919216\/campo_desktop\/Nota\/middle_3_dsk\" data-targeting='{\"sitio\":\"lanacion\",\"seccion\":\"nota\"}' data-without-hide=\"true\" data-size=\"[[1,1],[728,90],[640,360],[728,360]]\" data-sizemap=\"[]\" data-prebid-enabled=\"true\"><\/div>\n<\/div>\n<\/div>\n","protected":false},"excerpt":{"rendered":"<p>El \u00edndice de actividad del mercado inmobiliario rural (InCAIR), un indicador clave del negocio, se ubic\u00f3 en marzo pasado en 40,82 puntos, con una baja de 1,73 puntos respecto de febrero y de 8,41 puntos frente al cierre de 2025. El indicador, elaborado por la C\u00e1mara Argentina de Inmobiliarias Rurales (CAIR), reflej\u00f3 un menor dinamismo [&hellip;]<\/p>\n","protected":false},"author":1,"featured_media":8235,"comment_status":"open","ping_status":"open","sticky":false,"template":"","format":"standard","meta":{"footnotes":""},"categories":[1],"tags":[],"class_list":["post-8234","post","type-post","status-publish","format-standard","has-post-thumbnail","hentry","category-uncategorized"],"_links":{"self":[{"href":"https:\/\/cliente1.publisher.highstack.com.ar\/index.php?rest_route=\/wp\/v2\/posts\/8234","targetHints":{"allow":["GET"]}}],"collection":[{"href":"https:\/\/cliente1.publisher.highstack.com.ar\/index.php?rest_route=\/wp\/v2\/posts"}],"about":[{"href":"https:\/\/cliente1.publisher.highstack.com.ar\/index.php?rest_route=\/wp\/v2\/types\/post"}],"author":[{"embeddable":true,"href":"https:\/\/cliente1.publisher.highstack.com.ar\/index.php?rest_route=\/wp\/v2\/users\/1"}],"replies":[{"embeddable":true,"href":"https:\/\/cliente1.publisher.highstack.com.ar\/index.php?rest_route=%2Fwp%2Fv2%2Fcomments&post=8234"}],"version-history":[{"count":0,"href":"https:\/\/cliente1.publisher.highstack.com.ar\/index.php?rest_route=\/wp\/v2\/posts\/8234\/revisions"}],"wp:featuredmedia":[{"embeddable":true,"href":"https:\/\/cliente1.publisher.highstack.com.ar\/index.php?rest_route=\/wp\/v2\/media\/8235"}],"wp:attachment":[{"href":"https:\/\/cliente1.publisher.highstack.com.ar\/index.php?rest_route=%2Fwp%2Fv2%2Fmedia&parent=8234"}],"wp:term":[{"taxonomy":"category","embeddable":true,"href":"https:\/\/cliente1.publisher.highstack.com.ar\/index.php?rest_route=%2Fwp%2Fv2%2Fcategories&post=8234"},{"taxonomy":"post_tag","embeddable":true,"href":"https:\/\/cliente1.publisher.highstack.com.ar\/index.php?rest_route=%2Fwp%2Fv2%2Ftags&post=8234"}],"curies":[{"name":"wp","href":"https:\/\/api.w.org\/{rel}","templated":true}]}}