{"id":8228,"date":"2026-04-27T14:54:02","date_gmt":"2026-04-27T17:54:02","guid":{"rendered":"https:\/\/cliente1.publisher.highstack.com.ar\/?p=8228"},"modified":"2026-04-27T14:54:02","modified_gmt":"2026-04-27T17:54:02","slug":"gobernadores-dudan-de-eliminar-las-paso-y-ponen-en-jaque-el-futuro-de-la-reforma-electoral","status":"publish","type":"post","link":"https:\/\/cliente1.publisher.highstack.com.ar\/?p=8228","title":{"rendered":"Gobernadores dudan de eliminar las PASO y ponen en jaque el futuro de la reforma electoral"},"content":{"rendered":"<p><\/p>\n<div id=\"\">\n<p id=\"p-1777309358825-77900\">La reforma electoral que impulsa <strong>Javier Milei<\/strong> no tendr\u00e1 un paso f\u00e1cil por el Congreso. A las dudas que genera la eliminaci\u00f3n de las <strong>Primarias Abiertas Simult\u00e1neas y Obligatorias <\/strong>(PASO) en las fuerzas pol\u00edticas, se suman tambi\u00e9n los resquemores de los gobernadores, que por ahora toman distancia del proyecto oficialista.<\/p>\n<\/div>\n<div id=\"\">\n<p id=\"p-1777309358825-61355\">Como consign\u00f3 <strong>\u00c1mbito<\/strong>, la suerte del texto estar\u00e1 atada, en parte, a la decisi\u00f3n de provincias que incluyen el sistema PASO en sus comicios locales. Se trata de <strong>Mendoza<\/strong>, <strong>Chaco<\/strong>, <strong>Entre R\u00edos<\/strong>, <strong>Buenos Aires<\/strong>, <strong>CABA<\/strong>, <strong>Santa Fe <\/strong>y <strong>Catamarca<\/strong>. Las tres primeras son aliadas del Gobierno, por lo que esperan contar con votos favorables.<\/p>\n<\/div>\n<div id=\"\">\n<p id=\"p-1777309358825-76899\">No obstante, otros caciques dialoguistas que suelen jugar con Naci\u00f3n en distintas discusiones hicieron p\u00fablicas sus diferencias con la iniciativa de Milei. Como mascar\u00f3n de proa, <strong>subyace la batalla del 2027,<\/strong> donde tanto el Presidente como los jefes provinciales disputar\u00e1n el poder en las urnas.<\/p>\n<\/div>\n<div id=\"\">\n<h2 id=\"p-1777310103296-99921\">Dudas de gobernadores aliados<\/h2>\n<p id=\"p-1777309358825-7908\">Uno de los mandatarios que opinaron al respecto fue el tucumano <strong>Osvaldo Jaldo<\/strong>, habitual aliado de La Libertad Avanza (LLA) en terreno legislativo. El l\u00edder norte\u00f1o evalu\u00f3 que el Gobierno <strong>&#8220;est\u00e1 intentando hacerse un traje a medida en materia electoral<\/strong>. Mand\u00f3 no solo la eliminaci\u00f3n de las PASO sino un conjunto de medidas. Vienen por la eliminaci\u00f3n definitiva de las PASO&#8221;, asegur\u00f3 a Canal 10.<\/p>\n<\/div>\n<div id=\"\">\n<p id=\"p-1777309358825-44675\">Jaldo consider\u00f3 que las primarias son &#8220;una herramienta de ordenamiento dentro de los partidos pol\u00edticos&#8221;, ya que permiten que &#8220;cualquier ciudadano de la provincia que quiera ser candidato leg\u00edtimamente se puede presentar y competir dentro de su espacio&#8221;. Consider\u00f3, adem\u00e1s, que eliminarlas es en perjuicio de todos los partidos pol\u00edticos, <strong>&#8220;pero fundamentalmente de los ciudadanos porque votan y quieren participar por lo que hay que darle herramientas que son las Primarias&#8221;.<\/strong><\/p>\n<\/p><\/div>\n<div id=\"\">\n<p id=\"p-1777309358825-88760\"> Por \u00faltimo, el gobernador anticip\u00f3 que habr\u00e1 desdoblamiento en Tucum\u00e1n: &#8220;Est\u00e1 bastante claro o casi definido entre mayo y junio los tucumanos tienen que emitir el voto, eso viene sucediendo en las ultimas elecciones. De acuerdo a lo que vaya decidiendo la Nac\u00edan tomaremos decisiones&#8221;. Para la Casa Rosada, los dichos del norte\u00f1o son una luz de alarma, ya que tiene influencia sobre dos senadores (<strong>Sandra Mendoza<\/strong> y <strong>Beatriz \u00c1vila<\/strong>) y tres diputados: <strong>Javier Noguera, Gladys Mansilla y Elia Fern\u00e1ndez. <\/strong><\/p>\n<div contenteditable=\"false\" class=\"embed_cont type_imagen\" id=\"8206776-Libre-1725593572_wrap\">\n<p> gober4 <span onclick=\"parent.parent.TinyMCETdcuerpo.preview_embed('8206776-Libre-1725593572')\" class=\"embed_colapse less\" id=\"8206776-Libre-1725593572_colapse\"> <\/span> <span onclick=\"parent.parent.TinyMCETdcuerpo.delete_embed('8206776-Libre-1725593572')\" class=\"embed_delete less\" id=\"8206776-Libre-1725593572_delete\"\/><\/p>\n<div id=\"8206776-Libre-1725593572_content\" class=\"embed_content\"><img data-td-src-property=\"https:\/\/media.ambito.com\/p\/b95bc3784ffc6a5ee92b645d217cf53a\/adjuntos\/239\/imagenes\/043\/276\/0043276368\/730x0\/smart\/jaldo-y-jalil-dos-gobernadores-dialoguistas-que-atraviesan-restricciones-presupuestarias-al-caida-la-recaudacion.jpg\" alt=\"Osvaldo Jaldo y Ra\u00fal Jalil, los dos gobernadores peronistas que juegan en t\u00e1ndem.\" title=\"Osvaldo Jaldo y Ra\u00fal Jalil, los dos gobernadores peronistas que juegan en t\u00e1ndem.\" width=\"730\" height=\"undefined\" id=\"8206776-Libre-1725593572_embed\"\/><\/div>\n<div class=\"embed_wrapper-cont\" id=\"p-1777310278630-92814\">\n<div id=\"8206776-Libre-1725593572_epigrafe\" class=\"embed_epigrafe\">\n<p id=\"p-1777310278630-12046\">Osvaldo Jaldo y Ra\u00fal Jalil, los dos gobernadores peronistas que juegan en t\u00e1ndem.<\/p>\n<\/div><\/div>\n<\/p><\/div>\n<p id=\"p-1777309358825-15186\">Menos tajante se mostr\u00f3 el catamarque\u00f1o <strong>Ra\u00fal Jalil<\/strong>, quien suele jugar en t\u00e1ndem con Jaldo en cuestiones legislativas. Jalil evit\u00f3 definiciones de peso, aunque no manifest\u00f3 su apoyo a la reforma electoral. &#8220;<strong>&#8220;Hay que ver esta discusi\u00f3n pol\u00edtica que est\u00e1 introduciendo el tema de las PASO, a ver si conviene o no nos conviene&#8221;, dijo a Futurock. Tambi\u00e9n remarc\u00f3 que &#8220;las discusiones pol\u00edticas deben darse dentro de los partidos pol\u00edticos&#8221;. <\/strong><\/p>\n<p id=\"p-1777309358825-73780\"><strong> Catamarca <\/strong>es una de las provincias que utilizan las PASO para dirimir candidaturas locales. El a\u00f1o pasado, el mandam\u00e1s logr\u00f3 su suspensi\u00f3n de forma temporal, en espejo a lo que ocurri\u00f3 a nivel nacional.<\/p>\n<p id=\"p-1777309358825-93611\">Dentro del ecosistema de l\u00edderes dialoguistas, tambi\u00e9n es una inc\u00f3gnita c\u00f3mo se comportar\u00e1n <strong>Maximiliano Pullaro<\/strong> (Santa Fe) y <strong>Mart\u00edn Llaryora<\/strong> (C\u00f3rdoba). Sus legisladores conviven en <strong>Provincias Unidas (PU),<\/strong> bloque que suele terciar entre los ap\u00f3stoles de Milei y la oposici\u00f3n peronista. Para el oficialismo santafesino, la <strong>eliminaci\u00f3n de las PASO son una encrucijada<\/strong>, ya que el distrito fue pionero en su implementaci\u00f3n y al d\u00eda de hoy mantiene el sistema.<\/p>\n<h2 id=\"p-1777310172143-43128\">La alternativa PAS<\/h2>\n<p id=\"p-1777309358825-58835\">Unidos, la amplia coalici\u00f3n que comanda Pullaro, incluye al <strong>PRO,<\/strong> a la <strong>Uni\u00f3n C\u00edvica Radical (UCR) <\/strong>y al socialismo, que ya advirti\u00f3 que se opondr\u00e1 a la eliminaci\u00f3n de las primarias. La UCR fue un paso m\u00e1s all\u00e1 y present\u00f3 un proyecto propio que plantea la transformaci\u00f3n de las PASO en PAS, una modalidad similar aunque sin obligatoriedad. Lo hizo a trav\u00e9s del titular de su bancada en el Senado, <strong>Eduardo Vischi<\/strong>, cercano al gobernador correntino,<strong> Juan Pablo Vald\u00e9s<\/strong>.<\/p>\n<p id=\"p-1777309358825-4352\">En el Senado, PU tiene apenas dos esca\u00f1os: el de la cordobesa <strong>Alejandra Vigo<\/strong> y el del correntino <strong>Carlos &#8220;Camau&#8221; Esp\u00ednola. <\/strong>Sin embargo, su poder de fuego aumenta en Diputados, donde ostenta 18 lugares. El espacio se muestra reacio a eliminar las PASO. &#8220;Es un sistema que se puede mejorar, incluso pensar que no sean obligatorias, pero eliminarlas no es el camino&#8221;, deslizan.<\/p>\n<div contenteditable=\"false\" class=\"embed_cont type_imagen\" id=\"8180166-Libre-1939398141_wrap\">\n<p>Pullaro y Llaryora <span onclick=\"parent.parent.TinyMCETdcuerpo.preview_embed('8180166-Libre-1939398141')\" class=\"embed_colapse less\" id=\"8180166-Libre-1939398141_colapse\"\/>  <span onclick=\"parent.parent.TinyMCETdcuerpo.delete_embed('8180166-Libre-1939398141')\" class=\"embed_delete less\" id=\"8180166-Libre-1939398141_delete\"\/><\/p>\n<div id=\"8180166-Libre-1939398141_content\" class=\"embed_content\"><img data-td-src-property=\"https:\/\/media.ambito.com\/p\/2b9411fe270f8be7ae6e0cb4a0950ce9\/adjuntos\/239\/imagenes\/043\/125\/0043125881\/730x0\/smart\/pullaro-y-llaryora.jpeg\" alt=\"Mart\u00edn Llaryora y Maximiliano Pullaro, los dos gobernadores de peso en Provincias Unidas.\" title=\"Mart\u00edn Llaryora y Maximiliano Pullaro, los dos gobernadores de peso en Provincias Unidas.\" width=\"730\" height=\"undefined\" id=\"8180166-Libre-1939398141_embed\"\/><\/div>\n<div class=\"embed_wrapper-cont\" id=\"p-1777310206627-8039\">\n<div id=\"8180166-Libre-1939398141_epigrafe\" class=\"embed_epigrafe\">\n<p id=\"p-1777310228650-69408\">Mart\u00edn Llaryora y Maximiliano Pullaro, los dos gobernadores de peso en Provincias Unidas.<\/p>\n<\/div><\/div>\n<\/p><\/div>\n<p id=\"p-1777309358825-31917\">Asimismo, consideran que la modalidad permite &#8220;ordenar la pol\u00edtica y que las candidaturas no se definan solo en acuerdos de pocos&#8221;. Piden, adem\u00e1s, que sea clara la alternativa para que los frentes electorales definan sus candidatos.<\/p>\n<p id=\"p-1777309358825-38563\">El cordob\u00e9s <strong>Mart\u00edn Llaryora<\/strong>, el otro dirigente de peso en Provincias Unidas, evita definiciones y da a sus legisladores libertad de acci\u00f3n. <strong>&#8220;Hay varios temas a analizar, pero vamos sin apuro&#8221;,<\/strong> le bajan el precio en despachos de El Panal.<\/p>\n<p id=\"p-1777309358825-4220\">En el medio, se juega parte del sistema de alianzas con miras el 2027. El Gobierno baraja la posibilidad de presentar candidatos de baja intensidad en distritos amigables, con el objetivo de no interferir en los planes reeleccionistas de los mandatarios. Ser\u00eda una ofrenda de paz para quienes garantizan votos clave en el Congreso.<\/p>\n<p id=\"p-1777309358825-90378\">El ministro del Interior, <strong>Diego Santilli<\/strong>, se prepara para un nuevo rally por las provincias con el objetivo de colectar respaldos para la reforma electoral. Hasta ahora, la metodolog\u00eda le dio resultados, ya que el oficialismo logr\u00f3 el Presupuesto 2026, la reforma laboral y la reforma a la ley de glaciares, entre otros.<\/p>\n<p id=\"p-1777309372884-11914\">La Casa Rosada descuenta que tendr\u00e1 el apoyo de los caciques que trabaron alianzas con LLA en sus distritos: <strong>Alfredo Cornejo<\/strong> (Mendoza), <strong>Rogelio Frigerio<\/strong> (Entre R\u00edos) y <strong>Leandro Zdero<\/strong> (Chaco). Los tres mantuvieron encuentros recientes con <strong>Karina Milei<\/strong>, con quien revalidaron sus sociedades.<\/p>\n<p id=\"p-1777309358825-11451\">El porte\u00f1o <strong>Jorge Macri<\/strong>, el otro l\u00edder que compiti\u00f3 en unidad con los libertarios -aunque a su pesar-, marc\u00f3 diferencias. &#8220;Es una buena manera de dirimir de cara a la sociedad. Si todos los costos gastos de la democracia los analizamos como un gasto puro, entonces podemos llegar a la conclusi\u00f3n de que ni votemos&#8221;, dijo a La Casa Streaming.<\/p>\n<\/p><\/div>\n<p><script>\n!function(f,b,e,v,n,t,s)\n{if(f.fbq)return;n=f.fbq=function(){n.callMethod?\nn.callMethod.apply(n,arguments):n.queue.push(arguments)};\nif(!f._fbq)f._fbq=n;n.push=n;n.loaded=!0;n.version='2.0';\nn.queue=[];t=b.createElement(e);t.async=!0;\nt.src=v;s=b.getElementsByTagName(e)[0];\ns.parentNode.insertBefore(t,s)}(window,document,'script',\n'\nfbq('init', '2047048335588113');\nfbq('track', 'PageView');\n<\/script><\/p>\n","protected":false},"excerpt":{"rendered":"<p>La reforma electoral que impulsa Javier Milei no tendr\u00e1 un paso f\u00e1cil por el Congreso. A las dudas que genera la eliminaci\u00f3n de las Primarias Abiertas Simult\u00e1neas y Obligatorias (PASO) en las fuerzas pol\u00edticas, se suman tambi\u00e9n los resquemores de los gobernadores, que por ahora toman distancia del proyecto oficialista. Como consign\u00f3 \u00c1mbito, la suerte [&hellip;]<\/p>\n","protected":false},"author":1,"featured_media":8229,"comment_status":"open","ping_status":"open","sticky":false,"template":"","format":"standard","meta":{"footnotes":""},"categories":[1],"tags":[4,3],"class_list":["post-8228","post","type-post","status-publish","format-standard","has-post-thumbnail","hentry","category-uncategorized","tag-entre-rios","tag-rogelio-frigerio"],"_links":{"self":[{"href":"https:\/\/cliente1.publisher.highstack.com.ar\/index.php?rest_route=\/wp\/v2\/posts\/8228","targetHints":{"allow":["GET"]}}],"collection":[{"href":"https:\/\/cliente1.publisher.highstack.com.ar\/index.php?rest_route=\/wp\/v2\/posts"}],"about":[{"href":"https:\/\/cliente1.publisher.highstack.com.ar\/index.php?rest_route=\/wp\/v2\/types\/post"}],"author":[{"embeddable":true,"href":"https:\/\/cliente1.publisher.highstack.com.ar\/index.php?rest_route=\/wp\/v2\/users\/1"}],"replies":[{"embeddable":true,"href":"https:\/\/cliente1.publisher.highstack.com.ar\/index.php?rest_route=%2Fwp%2Fv2%2Fcomments&post=8228"}],"version-history":[{"count":1,"href":"https:\/\/cliente1.publisher.highstack.com.ar\/index.php?rest_route=\/wp\/v2\/posts\/8228\/revisions"}],"predecessor-version":[{"id":8230,"href":"https:\/\/cliente1.publisher.highstack.com.ar\/index.php?rest_route=\/wp\/v2\/posts\/8228\/revisions\/8230"}],"wp:featuredmedia":[{"embeddable":true,"href":"https:\/\/cliente1.publisher.highstack.com.ar\/index.php?rest_route=\/wp\/v2\/media\/8229"}],"wp:attachment":[{"href":"https:\/\/cliente1.publisher.highstack.com.ar\/index.php?rest_route=%2Fwp%2Fv2%2Fmedia&parent=8228"}],"wp:term":[{"taxonomy":"category","embeddable":true,"href":"https:\/\/cliente1.publisher.highstack.com.ar\/index.php?rest_route=%2Fwp%2Fv2%2Fcategories&post=8228"},{"taxonomy":"post_tag","embeddable":true,"href":"https:\/\/cliente1.publisher.highstack.com.ar\/index.php?rest_route=%2Fwp%2Fv2%2Ftags&post=8228"}],"curies":[{"name":"wp","href":"https:\/\/api.w.org\/{rel}","templated":true}]}}