{"id":8222,"date":"2026-04-27T13:55:45","date_gmt":"2026-04-27T16:55:45","guid":{"rendered":"https:\/\/cliente1.publisher.highstack.com.ar\/?p=8222"},"modified":"2026-04-27T13:55:45","modified_gmt":"2026-04-27T16:55:45","slug":"ajuste-los-gobernadores-vuelven-a-la-carga-con-pedidos-de-obra-publica-para-negociar-la-reforma-politica","status":"publish","type":"post","link":"https:\/\/cliente1.publisher.highstack.com.ar\/?p=8222","title":{"rendered":"Ajuste. Los gobernadores vuelven a la carga con pedidos de obra p\u00fablica para negociar la reforma pol\u00edtica"},"content":{"rendered":"<section id=\"cuerpo__nota\" class=\"cuerpo__nota\">\n<div class=\"row\">\n<div class=\"col-12 col-desksm-1\">\n<div class=\"mod-share-container --no-app py-12 mb-16 mb-0_l sticky float-l_l z-101 transition transition-all transition-duration-250 top-73_min1024\">\n<div class=\"mod-share flex flex-column mb-0 p-0_l gap-24\"><button class=\"button ln-button font-bold border border-thin rounded-4 gap-8 border-all  border-neutral-light-800 bg-secondary__hover text-neutral-light-800 px-12 h-40 l-none --secondary\" title=\"Seguir a LA NACION en Google\" type=\"button\" data-section=\"CompartirNotaLN\" data-event=\"LinkClick\" data-variant=\"secondary\" style=\"border-color:var(--neutral-light-100);gap:4px\"><span class=\"text tracking-none text-14 text-neutral-light-900\" style=\"text-transform:none;font-weight:400\">Seguir en<\/span><i class=\"icon --inherit\" style=\"width:26px;height:26px\"><svg width=\"24\" height=\"24\" viewbox=\"0 0 24 24\" fill=\"currentColor\"><use href=\"http:\/\/www.lanacion.com.ar\/pf\/resources\/images\/la-nacion-ar-sprite-color.svg?d=1996#googleColor\"><\/use><\/svg><\/i><\/button><\/div>\n<\/div>\n<\/div>\n<div class=\"col-deskxl-10 offset-deskxl-1 col-desksm-11\">\n<div class=\"row\">\n<div class=\"col-12\">\n<p class=\"com-paragraph  --capital --s\">C\u00d3RDOBA.- Las finanzas provinciales caminan por el borde del precipicio. El inter\u00e9s de la Casa Rosada de sacar la <strong>reforma pol\u00edtica<\/strong>, que incluye la derogaci\u00f3n de las elecciones PASO y la ficha limpia, abri\u00f3 una nueva <strong>ronda de negociaciones con los gobernadores<\/strong> que, incluso, comenz\u00f3 d\u00edas antes de que <strong>Javier Milei<\/strong> enviara el proyecto al Congreso. El men\u00fa de los reclamos provinciales no var\u00eda: env\u00edo de <strong>recursos <\/strong>para que puedan cubrir demandas que reciben por el corte de programas nacionales e <strong>infraestructura<\/strong>. La <strong>manta corta de sus recursos<\/strong> implica, en la mayor\u00eda de los distritos,<strong> menos obras y desaceleraci\u00f3n <\/strong>del ritmo de ejecuci\u00f3n.<\/p>\n<p class=\"com-paragraph   --s\">La <strong>rigidez del gasto <\/strong>provincial es importante: sueldos, transferencias a municipios y seguridad social (en el caso de las 13 jurisdicciones que no transfirieron sus cajas de jubilaciones) comprometen alrededor del<strong> 80% de sus recursos<\/strong>. La <strong>colocaci\u00f3n de deuda <\/strong>-tanto en d\u00f3lares como en pesos-<strong> <\/strong>registr\u00f3 un impulso a fin del a\u00f1o pasado, pero est\u00e1 lejos de alcanzar la \u201crevoluci\u00f3n\u201d en el arreglo de rutas que, en noviembre pasado, proyect\u00f3 el entrerriano<strong> Rogelio Frigerio <\/strong>al plantear que la baja del riesgo pa\u00eds permitir\u00eda a las provincias conseguir asistencia financiera, con el aval de la Naci\u00f3n. Coincidi\u00f3 esa frase con la flexibilizaci\u00f3n de la firma de garant\u00edas por parte del Ministerio de Econom\u00eda.<\/p>\n<p class=\"com-paragraph   --s\">Desde entonces salieron al mercado internacional <strong>C\u00f3rdoba, Santa Fe, Ciudad de Buenos Aires, Entre R\u00edos<\/strong> y, en los \u00faltimos d\u00edas, <strong>Chubut; en d\u00f3lares los vencimientos de todas suman unos US$2300 millones este a\u00f1o. <\/strong>En pesos, en lo que va del 2026, colocaron <strong>Chaco, Buenos Aires y Mendoza <\/strong>(en el 2025 adem\u00e1s de esas mismas fueron <strong>Mendoza, Chubut, Entre R\u00edos y C\u00f3rdoba).<\/strong><\/p>\n<p class=\"com-paragraph   --s\">Hace unos d\u00edas la calificadora de riesgo <strong>Moody\u2019s<\/strong> advirti\u00f3 que las provincias deben afrontar un \u201cperfil de vencimientos de deuda internacional exigente, que requerir\u00e1 del acceso a diversas fuentes de financiamiento\u201d. Remarc\u00f3 el empeoramiento del frente fiscal de los distritos. Aunque ning\u00fan gobernador lo acepta, economistas que siguen las finanzas provinciales <strong>encienden alarmas de que se use financiamiento para gastos corrientes <\/strong>y no solo para repago de deuda u obras.<\/p>\n<p class=\"com-paragraph   --s\">Hasta abril <strong>solo 17 jurisdicciones <\/strong>presentaron la ejecuci\u00f3n presupuestaria completa del 2025 y <strong>solo cuatro sostuvieron el super\u00e1vit financiero.<\/strong> El consolidado marca un rojo de 2%, seg\u00fan datos de <em>Politikon Chaco<\/em>. Falta Buenos Aires, por ejemplo, con lo que el resultado general claramente no mejorar\u00e1.<\/p>\n<p class=\"com-paragraph   --s\">Es en ese contexto en el que algunos gobernadores recibieron llamadas de funcionarios nacionales y l\u00edderes libertarios en el Congreso para <strong>\u201ctantearlos\u201d respecto a su posici\u00f3n para la reforma pol\u00edtica<\/strong>. Al ser una ley electoral, el oficialismo necesita la mitad m\u00e1s uno de los votos con lo que las <strong>alianzas son ineludibles<\/strong>. \u201cLa Casa Rosada ya us\u00f3 parte del cr\u00e9dito que ten\u00eda desde las legislativas con la reforma laboral. Hay promesas que, de nuevo, no se cumplieron\u201d, ironiz\u00f3 ante <strong>LA NACION<\/strong> un mandatario norte\u00f1o.<\/p>\n<p class=\"com-paragraph   --s\">Un colega de la regi\u00f3n centro sostuvo que ya <strong>no es cuesti\u00f3n de que apelen a la \u201cvoluntad\u201d <\/strong>de los gobernadores, que el problema es directamente de recursos. La mayor\u00eda no comparte, por el momento, el optimismo nacional de que los pr\u00f3ximos meses ser\u00e1n los mejores en d\u00e9cadas.<\/p>\n<p class=\"com-paragraph   --s\">El habitual interlocutor con los gobernadores, el ministro del Interior, <strong>Diego Santilli, s<\/strong>e reuni\u00f3 la semana pasada con el chaque\u00f1o <strong>Leandro Zdero. Lo acompa\u00f1aron <\/strong>la secretaria general de la Presidencia, Karina Milei, y el subsecretario de Gesti\u00f3n Institucional, Lule Menem.<\/p>\n<p class=\"com-paragraph   --s\">Tambi\u00e9n esos funcionarios se encontraron hace unos d\u00edas con otros aliados electorales, como Frigerio y <strong>Alfredo Cornejo<\/strong>. La estrategia de cara al pr\u00f3ximo a\u00f1o electoral estuvo presente.<\/p>\n<h2 class=\"com-title --font-primary --xl --font-extra\"><b>Obras viales<\/b><\/h2>\n<p class=\"com-paragraph   --s\">Entre esas promesas que mencionan est\u00e1 el mantenimiento de rutas. Hace unos d\u00edas, Naci\u00f3n estableci\u00f3 por decreto un <strong>nuevo marco para la gesti\u00f3n<\/strong> de v\u00edas nacionales: nueve provincias (a las que se pueden incorporar otras) tienen la posibilidad de <strong>operar, mantener y concesionar tramos<\/strong> mediante peajes. Es una redefinici\u00f3n del papel del Estado central la infraestructura vial; no traspasa el dominio sino que a trav\u00e9s de convenios con Vialidad Nacional -aprobados por Econom\u00eda- pueden licitar.<\/p>\n<p class=\"com-paragraph   --s\">\u201cTodo depender\u00e1 de la capacidad de cada distrito -dijeron a <strong>LA NACION<\/strong> desde la <strong>C\u00e1mara Argentina de la Construcci\u00f3n<\/strong>-. Hoy son pocas las que est\u00e1n ejecutando obras y la mayor\u00eda con ritmo m\u00e1s lento que antes. <strong>Buenos Aires, que tiene el plan m\u00e1s importante, est\u00e1 parada<\/strong>; las del norte, con pocos fondos disponibles, hacen casi nada. Est\u00e1n las que se quejan porque llevan un a\u00f1o de tratativas con Naci\u00f3n para traspasos, y no hay avances\u201d.<\/p>\n<p class=\"com-paragraph   --s\">Un an\u00e1lisis de <strong>Marcelo Capello<\/strong>, economista y vicepresidente de Ieral de la Fundaci\u00f3n Mediterr\u00e1nea, da cuenta de que en 2023 la inversi\u00f3n del consolidado provincial alcanz\u00f3 1,8% del PIB, del que <strong>1,4% fue Inversi\u00f3n Real Directa<\/strong> (IRD) y el resto transferencias de capital a municipios. En el <strong>2024 <\/strong>cay\u00f3 34% real interanual y qued\u00f3 en <strong>1,2% <\/strong>del Producto, cifra que se mantuvo hasta el tercer trimestre del a\u00f1o pasado.<\/p>\n<p class=\"com-paragraph   --s\">Con los datos publicados por 17 provincias (sin contar Buenos Aires), la <strong>inversi\u00f3n p\u00fablica cay\u00f3 33% en 2024, en valores constantes, y subi\u00f3 un 17%<\/strong> el a\u00f1o pasado que fue <strong>electoral<\/strong>. Las mayores alzas reales en 2025 se dieron en R\u00edo Negro (96%), San Juan (81%), Neuqu\u00e9n (81%) y Entre R\u00edos (72%), mientras que las mayores ca\u00eddas ocurrieron en Chubut (-41%), Corrientes (-17%) y Catamarca (-12%). <\/p>\n<p class=\"com-paragraph   --s\">Tomando esas 17 jurisdicciones, respecto a 2023 <strong>s\u00f3lo se expandi\u00f3 la inversi\u00f3n p\u00fablica en Neuqu\u00e9n (37%), Santa Fe (22%), R\u00edo Negro (14%), Santa Fe y CABA (6%)<\/strong>, bajando en mayor medida en Chaco (-73%), La Rioja (-72%) y Santa Cruz (-71%).<\/p>\n<p class=\"com-paragraph   --s\">\u201cSeguramente este a\u00f1o, con la ca\u00edda que se observa en las transferencias autom\u00e1ticas de Naci\u00f3n, habr\u00e1 un ajuste de la inversi\u00f3n p\u00fablica del que, quiz\u00e1, s\u00f3lo queden excluidas algunas de las provincias que emitieron deuda\u201d, a\u00f1adi\u00f3 Capello.<\/p>\n<div data-fusion-lazy-id=\"f0f2aQl9N0Nc5yq\">\n<div class=\"row\">\n<div class=\"col-12\"><\/div>\n<\/div>\n<\/div>\n<div data-fusion-lazy-id=\"f0fGQeo7N0Nc5He\"><\/div>\n<div data-fusion-lazy-id=\"f0fSc0ngN0Nc5KL\">\n<div><\/div>\n<\/div>\n<\/div>\n<\/div>\n<\/div>\n<\/div>\n<\/section>\n<p><\/p>\n","protected":false},"excerpt":{"rendered":"<p>Seguir en C\u00d3RDOBA.- Las finanzas provinciales caminan por el borde del precipicio. El inter\u00e9s de la Casa Rosada de sacar la reforma pol\u00edtica, que incluye la derogaci\u00f3n de las elecciones PASO y la ficha limpia, abri\u00f3 una nueva ronda de negociaciones con los gobernadores que, incluso, comenz\u00f3 d\u00edas antes de que Javier Milei enviara el [&hellip;]<\/p>\n","protected":false},"author":1,"featured_media":8223,"comment_status":"open","ping_status":"open","sticky":false,"template":"","format":"standard","meta":{"footnotes":""},"categories":[1],"tags":[4,2214,3],"class_list":["post-8222","post","type-post","status-publish","format-standard","has-post-thumbnail","hentry","category-uncategorized","tag-entre-rios","tag-entrerriano","tag-rogelio-frigerio"],"_links":{"self":[{"href":"https:\/\/cliente1.publisher.highstack.com.ar\/index.php?rest_route=\/wp\/v2\/posts\/8222","targetHints":{"allow":["GET"]}}],"collection":[{"href":"https:\/\/cliente1.publisher.highstack.com.ar\/index.php?rest_route=\/wp\/v2\/posts"}],"about":[{"href":"https:\/\/cliente1.publisher.highstack.com.ar\/index.php?rest_route=\/wp\/v2\/types\/post"}],"author":[{"embeddable":true,"href":"https:\/\/cliente1.publisher.highstack.com.ar\/index.php?rest_route=\/wp\/v2\/users\/1"}],"replies":[{"embeddable":true,"href":"https:\/\/cliente1.publisher.highstack.com.ar\/index.php?rest_route=%2Fwp%2Fv2%2Fcomments&post=8222"}],"version-history":[{"count":0,"href":"https:\/\/cliente1.publisher.highstack.com.ar\/index.php?rest_route=\/wp\/v2\/posts\/8222\/revisions"}],"wp:featuredmedia":[{"embeddable":true,"href":"https:\/\/cliente1.publisher.highstack.com.ar\/index.php?rest_route=\/wp\/v2\/media\/8223"}],"wp:attachment":[{"href":"https:\/\/cliente1.publisher.highstack.com.ar\/index.php?rest_route=%2Fwp%2Fv2%2Fmedia&parent=8222"}],"wp:term":[{"taxonomy":"category","embeddable":true,"href":"https:\/\/cliente1.publisher.highstack.com.ar\/index.php?rest_route=%2Fwp%2Fv2%2Fcategories&post=8222"},{"taxonomy":"post_tag","embeddable":true,"href":"https:\/\/cliente1.publisher.highstack.com.ar\/index.php?rest_route=%2Fwp%2Fv2%2Ftags&post=8222"}],"curies":[{"name":"wp","href":"https:\/\/api.w.org\/{rel}","templated":true}]}}