{"id":8208,"date":"2026-04-27T10:51:07","date_gmt":"2026-04-27T13:51:07","guid":{"rendered":"https:\/\/cliente1.publisher.highstack.com.ar\/?p=8208"},"modified":"2026-04-27T10:51:07","modified_gmt":"2026-04-27T13:51:07","slug":"la-cgt-recuso-a-los-jueces-que-dictaron-fallos-contra-la-reforma-laboral","status":"publish","type":"post","link":"https:\/\/cliente1.publisher.highstack.com.ar\/?p=8208","title":{"rendered":"La CGT recus\u00f3 a los jueces que dictaron fallos contra la Reforma Laboral"},"content":{"rendered":"<div id=\"article-content\">\n<p>La <strong>Confedereraci\u00f3n General del Trabajo<\/strong> (CGT) recus\u00f3 a los jueces de la C\u00e1mara del Trabajo, <strong>V\u00edctor Arturo Pesino<\/strong> y <strong>Mar\u00eda Dora Gonz\u00e1lez<\/strong>, quienes fallaron a favor del Gobierno nacional en abril de 2026 al suspender una cautelar previa, permitiendo la vigencia de la reforma laboral impulsada por<strong> Javier Milei<\/strong>. Este fallo revirti\u00f3 la decisi\u00f3n del juez de primera instancia, <strong>Ra\u00fal Ojeda<\/strong>, quien hab\u00eda frenado 82 art\u00edculos.<\/p>\n<p>En desarrollo<\/p>\n<\/p><\/div>\n<p><script>\n                !function(f,b,e,v,n,t,s)\n                {if(f.fbq)return;n=f.fbq=function(){n.callMethod?\n                    n.callMethod.apply(n,arguments):n.queue.push(arguments)};\n                    if(!f._fbq)f._fbq=n;n.push=n;n.loaded=!0;n.version='2.0';\n                    n.queue=[];t=b.createElement(e);t.async=!0;\n                    t.src=v;s=b.getElementsByTagName(e)[0];\n                    s.parentNode.insertBefore(t,s)}(window, document,'script',\n                    'https:\/\/connect.facebook.net\/en_US\/fbevents.js');\n                window.paywallConfig.facebook_pixel=\"1000228364089342\"\n            <\/script><\/p>\n","protected":false},"excerpt":{"rendered":"<p>        La Confedereraci\u00f3n General del Trabajo (CGT), recus\u00f3 a los jueces de la\u00a0C\u00e1mara del Trabajo,\u00a0V\u00edctor Arturo Pesino\u00a0y\u00a0Mar\u00eda Dora Gonz\u00e1lez, quienes fallaron\u00a0a favor del Gobierno nacional en abril de 2026 al suspender una cautelar previa, permitiendo la vigencia de la reforma laboral impulsada por Javier Milei.<\/p>\n","protected":false},"author":1,"featured_media":8210,"comment_status":"open","ping_status":"open","sticky":false,"template":"","format":"standard","meta":{"footnotes":""},"categories":[1],"tags":[29,28],"class_list":["post-8208","post","type-post","status-publish","format-standard","has-post-thumbnail","hentry","category-uncategorized","tag-cgt","tag-reforma-laboral"],"_links":{"self":[{"href":"https:\/\/cliente1.publisher.highstack.com.ar\/index.php?rest_route=\/wp\/v2\/posts\/8208","targetHints":{"allow":["GET"]}}],"collection":[{"href":"https:\/\/cliente1.publisher.highstack.com.ar\/index.php?rest_route=\/wp\/v2\/posts"}],"about":[{"href":"https:\/\/cliente1.publisher.highstack.com.ar\/index.php?rest_route=\/wp\/v2\/types\/post"}],"author":[{"embeddable":true,"href":"https:\/\/cliente1.publisher.highstack.com.ar\/index.php?rest_route=\/wp\/v2\/users\/1"}],"replies":[{"embeddable":true,"href":"https:\/\/cliente1.publisher.highstack.com.ar\/index.php?rest_route=%2Fwp%2Fv2%2Fcomments&post=8208"}],"version-history":[{"count":1,"href":"https:\/\/cliente1.publisher.highstack.com.ar\/index.php?rest_route=\/wp\/v2\/posts\/8208\/revisions"}],"predecessor-version":[{"id":8209,"href":"https:\/\/cliente1.publisher.highstack.com.ar\/index.php?rest_route=\/wp\/v2\/posts\/8208\/revisions\/8209"}],"wp:featuredmedia":[{"embeddable":true,"href":"https:\/\/cliente1.publisher.highstack.com.ar\/index.php?rest_route=\/wp\/v2\/media\/8210"}],"wp:attachment":[{"href":"https:\/\/cliente1.publisher.highstack.com.ar\/index.php?rest_route=%2Fwp%2Fv2%2Fmedia&parent=8208"}],"wp:term":[{"taxonomy":"category","embeddable":true,"href":"https:\/\/cliente1.publisher.highstack.com.ar\/index.php?rest_route=%2Fwp%2Fv2%2Fcategories&post=8208"},{"taxonomy":"post_tag","embeddable":true,"href":"https:\/\/cliente1.publisher.highstack.com.ar\/index.php?rest_route=%2Fwp%2Fv2%2Ftags&post=8208"}],"curies":[{"name":"wp","href":"https:\/\/api.w.org\/{rel}","templated":true}]}}