{"id":8203,"date":"2026-04-27T09:35:02","date_gmt":"2026-04-27T12:35:02","guid":{"rendered":"https:\/\/cliente1.publisher.highstack.com.ar\/?p=8203"},"modified":"2026-04-27T09:35:02","modified_gmt":"2026-04-27T12:35:02","slug":"comercio-electronico-como-compran-hoy-los-argentinos-y-que-cambio-en-sus-habitos","status":"publish","type":"post","link":"https:\/\/cliente1.publisher.highstack.com.ar\/?p=8203","title":{"rendered":"Comercio electr\u00f3nico: c\u00f3mo compran hoy los argentinos y qu\u00e9 cambi\u00f3 en sus h\u00e1bitos"},"content":{"rendered":"<div class=\"jwplayer-ctn\"><script src=\"https:\/\/census-web.scorecardresearch.com\/plugins\/streaming-jwplayer\/v2\/current.js\"><\/script><\/p>\n<div>\n<div id=\"5UUIOIGB3ZDHPKRQEWAQMWOTEQ-custom_embed0\"><\/div>\n<\/div><figcaption class=\"jwplayer-figcaption\">La categor\u00eda indumentaria figura entre las diez m\u00e1s vendidas online, pero no logr\u00f3 crecer el \u00faltimo a\u00f1o por varios factores internos y externos<\/figcaption><\/div>\n<p class=\"paragraph\">En abril de 2026, el <a rel=\"noopener noreferrer\" href=\"https:\/\/www.infobae.com\/economia\/2026\/04\/20\/la-dura-advertencia-de-las-empresas-de-comercio-electronico-por-el-impacto-de-ingresos-brutos-es-el-principal-obstaculo\/\" target=\"_blank\" title=\"https:\/\/www.infobae.com\/economia\/2026\/04\/20\/la-dura-advertencia-de-las-empresas-de-comercio-electronico-por-el-impacto-de-ingresos-brutos-es-el-principal-obstaculo\/\"><b>comercio electr\u00f3nico<\/b><\/a><b> en la Argentina<\/b> reflej\u00f3 un crecimiento sostenido y una diversificaci\u00f3n en los h\u00e1bitos de compra de los consumidores. <b>25 millones de personas utilizan plataformas digitales para adquirir productos y servicios<\/b>, una cifra que muestra una evoluci\u00f3n respecto al a\u00f1o anterior. <\/p>\n<p class=\"paragraph\"><b>Gustavo Sambucetti<\/b>, director de la C\u00e1mara Argentina de Comercio Electr\u00f3nico, precis\u00f3 en di\u00e1logo con <a rel=\"noopener noreferrer\" href=\"https:\/\/www.google.com\/aclk?sa=L&amp;pf=1&amp;ai=DChsSEwiwiaLTg46UAxXpZ0gAHSjNMMwYACICCAEQABoCY2U&amp;co=1&amp;ase=2&amp;gclid=Cj0KCQjwkrzPBhCqARIsAJN460lWpIopl2brN75a5BI2SnDj5BfDwey17q44eiW9L-iEjNexvLlnDvkaAlImEALw_wcB&amp;cid=CAASWeRoxnGzDvNxkuv1igjMLFRYVot1GXBPaGxX-0IKRIRbFsmaJTSCHGSGeehkqUM0LpHmuskwDNvuKlgcflpX-qz91zUp4uZ6-eG4hHcbEho8H1GZuW1rX1IL&amp;cce=2&amp;category=acrcp_v1_32&amp;sig=AOD64_229IOJs8w5ViUYm1o2HEa0Mx8Piw&amp;q&amp;nis=4&amp;adurl=https:\/\/www.infobae.com\/tag\/infobae-en-vivo\/?gad_source%3D1%26gad_campaignid%3D20993778607%26gbraid%3D0AAAAADmqXxQ4_QTWDXxjBGOpoI5aHTedS%26gclid%3DCj0KCQjwkrzPBhCqARIsAJN460lWpIopl2brN75a5BI2SnDj5BfDwey17q44eiW9L-iEjNexvLlnDvkaAlImEALw_wcB&amp;ved=2ahUKEwiO8pvTg46UAxV5H7kGHeOBPe8Q0Qx6BAgMEAE\" target=\"_blank\" title=\"https:\/\/www.google.com\/aclk?sa=L&amp;pf=1&amp;ai=DChsSEwiwiaLTg46UAxXpZ0gAHSjNMMwYACICCAEQABoCY2U&amp;co=1&amp;ase=2&amp;gclid=Cj0KCQjwkrzPBhCqARIsAJN460lWpIopl2brN75a5BI2SnDj5BfDwey17q44eiW9L-iEjNexvLlnDvkaAlImEALw_wcB&amp;cid=CAASWeRoxnGzDvNxkuv1igjMLFRYVot1GXBPaGxX-0IKRIRbFsmaJTSCHGSGeehkqUM0LpHmuskwDNvuKlgcflpX-qz91zUp4uZ6-eG4hHcbEho8H1GZuW1rX1IL&amp;cce=2&amp;category=acrcp_v1_32&amp;sig=AOD64_229IOJs8w5ViUYm1o2HEa0Mx8Piw&amp;q&amp;nis=4&amp;adurl=https:\/\/www.infobae.com\/tag\/infobae-en-vivo\/?gad_source%3D1%26gad_campaignid%3D20993778607%26gbraid%3D0AAAAADmqXxQ4_QTWDXxjBGOpoI5aHTedS%26gclid%3DCj0KCQjwkrzPBhCqARIsAJN460lWpIopl2brN75a5BI2SnDj5BfDwey17q44eiW9L-iEjNexvLlnDvkaAlImEALw_wcB&amp;ved=2ahUKEwiO8pvTg46UAxV5H7kGHeOBPe8Q0Qx6BAgMEAE\"><i>Infobae en Vivo Al Amanecer<\/i><\/a> que <b>el 19% realiza compras al menos una vez por semana<\/b>, mientras que el 60% lo hace al menos una vez al mes. <\/p>\n<div class=\"inline ad-wrapper\">\n<div class=\"dfpAd ad-inline ad-text\">\n<div id=\"infobae\/economia\/nota\/inline\" class=\"infobae\/economia\/nota\/inline arcad\"><\/div>\n<\/div>\n<\/div>\n<div class=\"streaming-feed streaming-feed-powerup\">\n<p class=\"streaming-feed-title\">Nueva Programaci\u00f3n<\/p>\n<div class=\"streaming-feed-slider\"><svg class=\"prev-arrow prev-slider-sf-c37e4fad-9baf-4667-a6b8-27d3aad30109\" viewbox=\"0 0 50 50\" xmlns=\"http:\/\/www.w3.org\/2000\/svg\"><g transform=\"translate(.159 .327)\"><circle cx=\"25\" cy=\"25\" r=\"25\" fill=\"#fff\" style=\"isolation:isolate;opacity:0.89\"><\/circle><path d=\"M28.09 13.71a1.426 1.426 0 0 1 .96 2.48l-9.55 8.78 9.55 8.78c.58.53.62 1.44.09 2.02-.54.58-1.44.62-2.02.09l-10.69-9.83c-.29-.27-.46-.65-.46-1.05s.17-.78.46-1.05l10.69-9.83c.27-.25.62-.38.97-.38Z\" fill=\"#3b3b3b\"><\/path><\/g><\/svg><\/p>\n<div class=\"swiper\">\n<div class=\"swiper-wrapper\">\n<div class=\"swiper-slide streaming-feed-slide\"><a class=\"streaming-feed-card\" href=\"https:\/\/www.youtube.com\/@Infobae\" target=\"_blank\" rel=\"noopener noreferrer\"><img alt=\"streaming-image\" class=\"streaming-feed-card-image\" decoding=\"auto\" fetchpriority=\"low\" loading=\"lazy\" src=\"https:\/\/www.infobae.com\/resizer\/v2\/YDYIWXRF4FEVVNHPOA7LF3YDXA.png?auth=3f092edca7a56a9b6ec277bcecc898433dbaed898d5824790bccc739588cd7c8\"><\/p>\n<div class=\"streaming-feed-card-content\">\n<p class=\"streaming-feed-card-title\">INFOBAE AL AMANECER<\/p>\n<p class=\"streaming-feed-card-description\">Infobae En Vivo inicia su jornada con una primera edici\u00f3n informativa pensada para arrancar el d\u00eda bien informado. Un espacio \u00e1gil y plural, con las noticias clave de la ma\u00f1ana, an\u00e1lisis temprano y contexto para anticipar la agenda del d\u00eda.<\/p>\n<p class=\"streaming-feed-card-schedule\">De Lun a Vie 10 a 12 hs<\/p>\n<\/div>\n<p><\/a><\/div>\n<div class=\"swiper-slide streaming-feed-slide\"><a class=\"streaming-feed-card in-stream\" href=\"https:\/\/www.youtube.com\/@Infobae\" target=\"_blank\" rel=\"noopener noreferrer\"><img alt=\"streaming-image\" class=\"streaming-feed-card-image\" decoding=\"auto\" fetchpriority=\"low\" loading=\"lazy\" src=\"https:\/\/www.infobae.com\/resizer\/v2\/J6FOZY4QKZHRRI4YGGQCG3WWPA.png?auth=a21d17528ba5cb775b32e68980de2cfc03021664949b235e2d678e2a27f192a7\"><\/p>\n<div class=\"streaming-feed-card-content\">\n<p class=\"streaming-feed-card-title\">INFOBAE A LAS NUEVE<\/p>\n<p class=\"streaming-feed-card-description\">La edici\u00f3n am abordar\u00e1 la informaci\u00f3n que define el d\u00eda, en un formato \u00e1gil que atrapa a la audiencia.<\/p>\n<p class=\"streaming-feed-card-schedule\">De Lun a Vie 12 a 15 hs<\/p>\n<\/div>\n<p><\/a><\/div>\n<div class=\"swiper-slide streaming-feed-slide\"><a class=\"streaming-feed-card\" href=\"https:\/\/www.youtube.com\/@Infobae\" target=\"_blank\" rel=\"noopener noreferrer\"><img alt=\"streaming-image\" class=\"streaming-feed-card-image\" decoding=\"auto\" fetchpriority=\"low\" loading=\"lazy\" src=\"https:\/\/www.infobae.com\/resizer\/v2\/7OCB73OBF5CCNGT4BSPIPOSKQE.png?auth=573ea9cf95fa2e04247a1d6e62a635b74b612e11246d5b9b4e4c40cd4996e691\"><\/p>\n<div class=\"streaming-feed-card-content\">\n<p class=\"streaming-feed-card-title\">INFOBAE AL MEDIOD\u00cdA<\/p>\n<p class=\"streaming-feed-card-description\">La edici\u00f3n del mediod\u00eda propone una mirada amplia de la actualidad, con contenidos diversos, foco internacional y el respaldo de las redacciones de Infobae en el mundo.<\/p>\n<p class=\"streaming-feed-card-schedule\">De Lun a Vie 15 a 18 hs<\/p>\n<\/div>\n<p><\/a><\/div>\n<div class=\"swiper-slide streaming-feed-slide\"><a class=\"streaming-feed-card\" href=\"https:\/\/www.youtube.com\/@Infobae\" target=\"_blank\" rel=\"noopener noreferrer\"><img alt=\"streaming-image\" class=\"streaming-feed-card-image\" decoding=\"auto\" fetchpriority=\"low\" loading=\"lazy\" src=\"https:\/\/www.infobae.com\/resizer\/v2\/UIRLFN4CTZBJ5OK7BHQHPOAQMI.png?auth=504d631b6dbc42d9a7efdb0ed2658616679575e57b56059b777e5b2e5a838c92\"><\/p>\n<div class=\"streaming-feed-card-content\">\n<p class=\"streaming-feed-card-title\">INFOBAE A LA TARDE<\/p>\n<p class=\"streaming-feed-card-description\">La edici\u00f3n de la tarde propone un espacio de an\u00e1lisis y debate sobre los temas que marcan la agenda del d\u00eda, con un enfoque din\u00e1mico, elocuente y profundo.<\/p>\n<p class=\"streaming-feed-card-schedule\">De Lun a Vie 18 a 21 hs<\/p>\n<\/div>\n<p><\/a><\/div>\n<div class=\"swiper-slide streaming-feed-slide\"><a class=\"streaming-feed-card\" href=\"https:\/\/www.youtube.com\/@Infobae\" target=\"_blank\" rel=\"noopener noreferrer\"><img alt=\"streaming-image\" class=\"streaming-feed-card-image\" decoding=\"auto\" fetchpriority=\"low\" loading=\"lazy\" src=\"https:\/\/www.infobae.com\/resizer\/v2\/74XNX45OL5GYXIQFH3EKCODQUI.png?auth=cf05033654359b754eed9c9742064e31ef7d5ddd15f6077e2d00af964476875e\"><\/p>\n<div class=\"streaming-feed-card-content\">\n<p class=\"streaming-feed-card-title\">INFOBAE AL REGRESO<\/p>\n<p class=\"streaming-feed-card-description\">La edici\u00f3n PM se centra en el an\u00e1lisis pol\u00edtico de la jornada, con contexto, debate y las claves de la agenda del d\u00eda siguiente.<\/p>\n<p class=\"streaming-feed-card-schedule\">De Lun a Vie 21 a 0 hs<\/p>\n<\/div>\n<p><\/a><\/div>\n<div class=\"swiper-slide streaming-feed-slide\"><a class=\"streaming-feed-card\" href=\"https:\/\/www.youtube.com\/@Infobae\" target=\"_blank\" rel=\"noopener noreferrer\"><img alt=\"streaming-image\" class=\"streaming-feed-card-image\" decoding=\"auto\" fetchpriority=\"low\" loading=\"lazy\" src=\"https:\/\/www.infobae.com\/resizer\/v2\/SNT34ZF4PFFZRPH4D5Q5HB6DBQ.png?auth=4df6862f4cc8b56ed2002f5d05755d47ea9da2668983c75e1466d803eda6239a\"><\/p>\n<div class=\"streaming-feed-card-content\">\n<p class=\"streaming-feed-card-title\">INFOBAE A LA NOCHE<\/p>\n<p class=\"streaming-feed-card-description\">A partir de las 21hs y hasta las 7am, inicia Infobae de Noche, una propuesta musical que completa la grilla y acompa\u00f1a a la audiencia.<\/p>\n<p class=\"streaming-feed-card-schedule\">De Lun a Dom 0 a 10 hs<\/p>\n<\/div>\n<p><\/a><\/div>\n<\/div>\n<\/div>\n<p><svg class=\"next-arrow next-slider-sf-c37e4fad-9baf-4667-a6b8-27d3aad30109\" viewbox=\"0 0 50 50\" xmlns=\"http:\/\/www.w3.org\/2000\/svg\"><g transform=\"translate(.159 .327)\"><circle cx=\"25\" cy=\"25\" r=\"25\" fill=\"#fff\" style=\"isolation:isolate;opacity:0.89\"><\/circle><path d=\"M21.91 36.29a1.426 1.426 0 0 1-.96-2.48l9.55-8.78-9.55-8.78c-.58-.53-.62-1.44-.09-2.02.54-.58 1.44-.62 2.02-.09l10.69 9.83c.29.27.46.65.46 1.05s-.17.78-.46 1.05L22.88 35.9c-.27.25-.62.38-.97.38Z\" fill=\"#3b3b3b\"><\/path><\/g><\/svg><\/div>\n<\/div>\n<p class=\"paragraph\">El volumen de ventas en 2025 alcanz\u00f3 los $34 billones, representando un incremento del 55% comparado con el a\u00f1o anterior y consolidando al sector digital como uno de los canales claves para m\u00faltiples empresas.<\/p>\n<p class=\"paragraph\">Sambucetti detall\u00f3: \u201c<b>En el 2025 se sumaron 1,3 millones de compradores. <\/b>Un total de 25 millones de personas compran, de las cuales el 19% compra al menos una vez por semana y el 60% compra al menos una vez por mes\u201d. <\/p>\n<div class=\"inline_2 ad-wrapper\">\n<div class=\"dfpAd ad-inline ad-text\">\n<div id=\"infobae\/economia\/nota\/inline_2\" class=\"infobae\/economia\/nota\/inline_2 arcad\"><\/div>\n<\/div>\n<\/div>\n<p class=\"paragraph\">Seg\u00fan el director de la CACE, <b>el comercio electr\u00f3nico deja de ser una alternativa marginal para convertirse en un segmento <\/b>que para algunas compa\u00f1\u00edas llega a representar entre el 20% y el 25% de sus ventas.<\/p>\n<div class=\"visual__image\"><picture><source srcset=\"https:\/\/www.infobae.com\/resizer\/v2\/3HNJT2JGPZG47DSFOAPJZKDUVE.png?auth=95a089157bdfaddc74909e3b20d65d87a620fbbc77bd7046a83a5a6234e47a24&amp;smart=true&amp;width=992&amp;height=558&amp;quality=85\" media=\"(min-width: 1000px)\"><\/source><source srcset=\"https:\/\/www.infobae.com\/resizer\/v2\/3HNJT2JGPZG47DSFOAPJZKDUVE.png?auth=95a089157bdfaddc74909e3b20d65d87a620fbbc77bd7046a83a5a6234e47a24&amp;smart=true&amp;width=768&amp;height=432&amp;quality=85\" media=\"(min-width: 768px)\"><\/source><source srcset=\"https:\/\/www.infobae.com\/resizer\/v2\/3HNJT2JGPZG47DSFOAPJZKDUVE.png?auth=95a089157bdfaddc74909e3b20d65d87a620fbbc77bd7046a83a5a6234e47a24&amp;smart=true&amp;width=577&amp;height=325&amp;quality=85\" media=\"(min-width: 580px)\"><\/source><source srcset=\"https:\/\/www.infobae.com\/resizer\/v2\/3HNJT2JGPZG47DSFOAPJZKDUVE.png?auth=95a089157bdfaddc74909e3b20d65d87a620fbbc77bd7046a83a5a6234e47a24&amp;smart=true&amp;width=420&amp;height=236&amp;quality=85\" media=\"(min-width: 350px)\"><\/source><source srcset=\"https:\/\/www.infobae.com\/resizer\/v2\/3HNJT2JGPZG47DSFOAPJZKDUVE.png?auth=95a089157bdfaddc74909e3b20d65d87a620fbbc77bd7046a83a5a6234e47a24&amp;smart=true&amp;width=350&amp;height=197&amp;quality=85\" media=\"(min-width: 80px)\"><\/source><img alt=\"Cyber Days 2026 en Per\u00fa: la C\u00e1mara de Comercio de Lima define las dos fechas clave para el comercio electr\u00f3nico\" class=\"global-image\" decoding=\"async\" fetchpriority=\"low\" height=\"1080\" loading=\"lazy\" src=\"https:\/\/www.infobae.com\/resizer\/v2\/3HNJT2JGPZG47DSFOAPJZKDUVE.png?auth=95a089157bdfaddc74909e3b20d65d87a620fbbc77bd7046a83a5a6234e47a24&amp;smart=true&amp;width=350&amp;height=197&amp;quality=85\" width=\"1920\"><\/picture><\/div>\n<h2 class=\"header headline-class-h2 headline\" id=\"facturacion-de-2025-y-variaciones-segun-categoria\">Facturaci\u00f3n de 2025 y variaciones seg\u00fan categor\u00eda<\/h2>\n<p class=\"paragraph\">El informe de la CACE muestra que el comercio electr\u00f3nico argentino en 2025 alcanz\u00f3 una facturaci\u00f3n de $34 billones. Sambucetti precis\u00f3: \u201c<b>En 2025 factur\u00f3 34 billones de pesos. Fue un 55% m\u00e1s que el a\u00f1o anterior<\/b>\u201d. El crecimiento, aunque generalizado, muestra matices seg\u00fan las categor\u00edas. Sectores como turismo y tecnolog\u00eda superaron el promedio, mientras que otros, como indumentaria, se mantienen por debajo debido a factores econ\u00f3micos y a la competencia externa.<\/p>\n<div class=\"ad_1 ad-wrapper\">\n<div class=\"dfpAd ad-1-al-6 ad-text\">\n<div id=\"infobae\/economia\/nota\/ad_1\" class=\"infobae\/economia\/nota\/ad_1 arcad\"><\/div>\n<\/div>\n<\/div>\n<p class=\"paragraph\">Sambucetti destac\u00f3: \u201cEs un sector que crece por encima del canal f\u00edsico, pero tambi\u00e9n hay una realidad que es al ser un sector que ya dej\u00f3 de ser marginal para pasar a ser un sector relevante, para algunas empresas pesa hasta el 25% de sus ventas\u201d. <\/p>\n<p class=\"paragraph\">Respecto a la din\u00e1mica interna, el ejecutivo aclar\u00f3: \u201c<b>Cuando vemos el 2025, vemos un primer semestre creciendo por encima de lo que creci\u00f3 durante el a\u00f1o<\/b>, y del mitad del segundo semestre o mitad del a\u00f1o en adelante, m\u00e1s atado a los vaivenes de la econom\u00eda, dentro de cada categor\u00eda\u201d. <\/p>\n<div class=\"ad_2 ad-wrapper\">\n<div class=\"dfpAd ad-1-al-6 ad-text\">\n<div id=\"infobae\/economia\/nota\/ad_2\" class=\"infobae\/economia\/nota\/ad_2 arcad\"><\/div>\n<\/div>\n<\/div>\n<p class=\"paragraph\">En este sentido, Sambucetti precis\u00f3 que \u201chay categor\u00edas que crecen m\u00e1s que otras. Turismo, tecnolog\u00eda, crecieron por arriba de ese promedio. Por ah\u00ed <b>categor\u00edas como indumentaria estuvieron un poquito m\u00e1s castigadas<\/b>\u201d.<\/p>\n<h2 class=\"header headline-class-h2 headline\" id=\"impacto-de-los-impuestos-y-situacion-de-pymes\">Impacto de los impuestos y situaci\u00f3n de pymes<\/h2>\n<p class=\"paragraph\">Uno de los principales desaf\u00edos que enfrenta el sector es la carga tributaria, especialmente el impacto del impuesto a los ingresos brutos. Sambucetti explic\u00f3: \u201c<b>Nosotros terminamos hace un mes m\u00e1s o menos un estudio sobre el impacto de los ingresos brutos<\/b> en el comercio electr\u00f3nico, que es un impuesto que en realidad afecta a toda la econom\u00eda&#8221;. <\/p>\n<div class=\"ad_3 ad-wrapper\">\n<div class=\"dfpAd ad-1-al-6 ad-text\">\n<div id=\"infobae\/economia\/nota\/ad_3\" class=\"infobae\/economia\/nota\/ad_3 arcad\"><\/div>\n<\/div>\n<\/div>\n<p class=\"paragraph\">En este aspecto detall\u00f3 que \u201cen el caso del comercio electr\u00f3nico tiene un efecto mayor porque se da la particularidad de que comprador y vendedor no siempre est\u00e1n dentro de la misma jurisdicci\u00f3n. Entonces, <b>una transacci\u00f3n por ah\u00ed tributa en su lugar de origen<\/b>, pero en el lugar de destino, cierta jurisdicci\u00f3n puede considerar que tambi\u00e9n la empresa est\u00e1 operando ah\u00ed; entonces, le retiene ingresos brutos\u201d.<\/p>\n<div class=\"visual__image\"><picture><source srcset=\"https:\/\/www.infobae.com\/resizer\/v2\/EQY2WIUHUFEE5HLSRKFANDWXAU.JPG?auth=2c2408db208d9ecf8a5736c6c1ed6378cd6a9faf46d0c78dd0b9cba0dd44259c&amp;smart=true&amp;width=992&amp;height=653&amp;quality=85\" media=\"(min-width: 1000px)\"><\/source><source srcset=\"https:\/\/www.infobae.com\/resizer\/v2\/EQY2WIUHUFEE5HLSRKFANDWXAU.JPG?auth=2c2408db208d9ecf8a5736c6c1ed6378cd6a9faf46d0c78dd0b9cba0dd44259c&amp;smart=true&amp;width=768&amp;height=506&amp;quality=85\" media=\"(min-width: 768px)\"><\/source><source srcset=\"https:\/\/www.infobae.com\/resizer\/v2\/EQY2WIUHUFEE5HLSRKFANDWXAU.JPG?auth=2c2408db208d9ecf8a5736c6c1ed6378cd6a9faf46d0c78dd0b9cba0dd44259c&amp;smart=true&amp;width=577&amp;height=380&amp;quality=85\" media=\"(min-width: 580px)\"><\/source><source srcset=\"https:\/\/www.infobae.com\/resizer\/v2\/EQY2WIUHUFEE5HLSRKFANDWXAU.JPG?auth=2c2408db208d9ecf8a5736c6c1ed6378cd6a9faf46d0c78dd0b9cba0dd44259c&amp;smart=true&amp;width=420&amp;height=277&amp;quality=85\" media=\"(min-width: 350px)\"><\/source><source srcset=\"https:\/\/www.infobae.com\/resizer\/v2\/EQY2WIUHUFEE5HLSRKFANDWXAU.JPG?auth=2c2408db208d9ecf8a5736c6c1ed6378cd6a9faf46d0c78dd0b9cba0dd44259c&amp;smart=true&amp;width=350&amp;height=231&amp;quality=85\" media=\"(min-width: 80px)\"><\/source><img alt=\"El Hot Sale 2026 se realizar\u00e1 del 11 al 13 de mayo, permitiendo a los usuarios conocer con anticipaci\u00f3n las marcas participantes a trav\u00e9s del sitio oficial REUTERS\/Agust\u00edn Marcarian\" class=\"global-image\" decoding=\"async\" fetchpriority=\"low\" height=\"527\" loading=\"lazy\" src=\"https:\/\/www.infobae.com\/resizer\/v2\/EQY2WIUHUFEE5HLSRKFANDWXAU.JPG?auth=2c2408db208d9ecf8a5736c6c1ed6378cd6a9faf46d0c78dd0b9cba0dd44259c&amp;smart=true&amp;width=350&amp;height=231&amp;quality=85\" width=\"800\"><\/picture><\/div>\n<p class=\"paragraph\">El ejecutivo ampli\u00f3: \u201cGeneralmente se traslada a precios. En las grandes empresas, como tienen una operaci\u00f3n mucho m\u00e1s grande, a veces tienen sucursales en esas provincias o incluso por ah\u00ed, al tener operaciones recurrentes, est\u00e1n inscriptos en lo que se llama el convenio multilateral en esa provincia, terminan compensando, con lo cual es un efecto financiero\u201d. <\/p>\n<div class=\"ad_4 ad-wrapper\">\n<div class=\"dfpAd ad-1-al-6 ad-text\">\n<div id=\"infobae\/economia\/nota\/ad_4\" class=\"infobae\/economia\/nota\/ad_4 arcad\"><\/div>\n<\/div>\n<\/div>\n<h2 class=\"header headline-class-h2 headline\" id=\"que-compran-los-argentinos-en-el-comercio-electronico\">Qu\u00e9 compran los argentinos en el comercio electr\u00f3nico<\/h2>\n<p class=\"paragraph\">El comercio electr\u00f3nico abarca cada vez m\u00e1s rubros. Sambucetti precis\u00f3 que si se observa en t\u00e9rminos de volumen de facturaci\u00f3n, pasajes y turismo es la primera, \u201calimentos, bebidas y art\u00edculos de limpieza es la segunda. Todo lo que tiene que ver con tecnolog\u00eda est\u00e1 en tercer lugar. Art\u00edculos y muebles para el hogar y deportes\u201d, coment\u00f3. <\/p>\n<p class=\"paragraph\">Consultado por las tendencias en alza, afirm\u00f3 que \u201c<b>de los que m\u00e1s crecieron en t\u00e9rminos de uso son los viajes y la comida<\/b>\u201d. El h\u00e1bito de comprar alimentos por delivery, junto con la tendencia a usar supermercados y bodegas online, sostiene la expansi\u00f3n del sector. <\/p>\n<div class=\"ad_5 ad-wrapper\">\n<div class=\"dfpAd ad-1-al-6 ad-text\">\n<div id=\"infobae\/economia\/nota\/ad_5\" class=\"infobae\/economia\/nota\/ad_5 arcad\"><\/div>\n<\/div>\n<\/div>\n<div class=\"visual__image\"><picture><source srcset=\"https:\/\/www.infobae.com\/resizer\/v2\/6KV25VTEPRBVZJWALTREWBFHEU.png?auth=d5a8eafa55d1e262a42ad9751d262b94c2fa2bc22cb162a14370b5ec2234e689&amp;smart=true&amp;width=992&amp;height=558&amp;quality=85\" media=\"(min-width: 1000px)\"><\/source><source srcset=\"https:\/\/www.infobae.com\/resizer\/v2\/6KV25VTEPRBVZJWALTREWBFHEU.png?auth=d5a8eafa55d1e262a42ad9751d262b94c2fa2bc22cb162a14370b5ec2234e689&amp;smart=true&amp;width=768&amp;height=432&amp;quality=85\" media=\"(min-width: 768px)\"><\/source><source srcset=\"https:\/\/www.infobae.com\/resizer\/v2\/6KV25VTEPRBVZJWALTREWBFHEU.png?auth=d5a8eafa55d1e262a42ad9751d262b94c2fa2bc22cb162a14370b5ec2234e689&amp;smart=true&amp;width=577&amp;height=325&amp;quality=85\" media=\"(min-width: 580px)\"><\/source><source srcset=\"https:\/\/www.infobae.com\/resizer\/v2\/6KV25VTEPRBVZJWALTREWBFHEU.png?auth=d5a8eafa55d1e262a42ad9751d262b94c2fa2bc22cb162a14370b5ec2234e689&amp;smart=true&amp;width=420&amp;height=236&amp;quality=85\" media=\"(min-width: 350px)\"><\/source><source srcset=\"https:\/\/www.infobae.com\/resizer\/v2\/6KV25VTEPRBVZJWALTREWBFHEU.png?auth=d5a8eafa55d1e262a42ad9751d262b94c2fa2bc22cb162a14370b5ec2234e689&amp;smart=true&amp;width=350&amp;height=197&amp;quality=85\" media=\"(min-width: 80px)\"><\/source><img alt=\"El evento digital m\u00e1s relevante del pa\u00eds limitar\u00e1 sus campa\u00f1as a mitad y fin de a\u00f1o, con expectativas de incrementar la oferta y mejorar la experiencia de los usuarios en el comercio electr\u00f3nico\" class=\"global-image\" decoding=\"async\" fetchpriority=\"low\" height=\"1080\" loading=\"lazy\" src=\"https:\/\/www.infobae.com\/resizer\/v2\/6KV25VTEPRBVZJWALTREWBFHEU.png?auth=d5a8eafa55d1e262a42ad9751d262b94c2fa2bc22cb162a14370b5ec2234e689&amp;smart=true&amp;width=350&amp;height=197&amp;quality=85\" width=\"1920\"><\/picture><\/div>\n<h2 class=\"header headline-class-h2 headline\" id=\"situacion-de-indumentaria-y-competencia-internacional\">Situaci\u00f3n de indumentaria y competencia internacional<\/h2>\n<p class=\"paragraph\">La indumentaria se ubica entre los primeros diez rubros en volumen de ventas digitales, pero su desempe\u00f1o fue menor comparado con otros sectores durante el \u00faltimo a\u00f1o.<\/p>\n<p class=\"paragraph\">El director de la CACE revel\u00f3 que la indumentaria est\u00e1 entre los primeros diez. \u201c<b>Particularmente el a\u00f1o pasado no tuvo un buen a\u00f1o. No creci\u00f3, de hecho. <\/b>Y no creci\u00f3 por varios motivos. Primero porque no creci\u00f3 en el mundo f\u00edsico tampoco\u201d, coment\u00f3. <\/p>\n<div class=\"ad_6 ad-wrapper\">\n<div class=\"dfpAd ad-1-al-6 ad-text\">\n<div id=\"infobae\/economia\/nota\/ad_6\" class=\"infobae\/economia\/nota\/ad_6 arcad\"><\/div>\n<\/div>\n<\/div>\n<p class=\"paragraph\">Sambucetti invit\u00f3 a participar del Hot Sale, que es el 11, 12 y 13 de mayo. Quienes deseen ya pueden ingresar al hotsale.com.ar a fin de ver qu\u00e9 marcas participan. <\/p>\n<p class=\"paragraph\">&#8212;<\/p>\n<p class=\"paragraph\"><b>Infobae <\/b>te acompa\u00f1a cada d\u00eda en YouTube con entrevistas, an\u00e1lisis y la informaci\u00f3n m\u00e1s destacada, en un formato cercano y din\u00e1mico.<\/p>\n<p class=\"paragraph\">\u2022 De 7 a 9: <b>Infobae al Amanecer<\/b>: Nacho Giron, Luciana Rubinska y Bel\u00e9n Escobar.<\/p>\n<p class=\"paragraph\">\u2022 De 9 a 12: <b>Infobae a las Nueve<\/b>: Gonzalo S\u00e1nchez, Tatiana Schapiro, Ram\u00f3n Indart y Cecilia Boufflet.<\/p>\n<p class=\"paragraph\">\u2022 De 12 a 15: <b>Infobae al Mediodia<\/b>: Maru Duffard, Andrei Serbin Pont, Jimena Grandinetti, Fede Mayol y Facundo Kablan.<\/p>\n<p class=\"paragraph\">\u2022 De 15 a 18: <b>Infobae a la Tarde<\/b>: Manu Jove, Maia Jastreblansky y Paula Guardia Bourdin; rotan en la semana Marcos Shaw, Lara L\u00f3pez Calvo y Tom\u00e1s Trap\u00e9<\/p>\n<p class=\"paragraph\">\u2022 De 18 a 21: <b>Infobae al Regreso<\/b>: Gonzalo Aziz, Diego Iglesias, Malena de los R\u00edos y Mat\u00edas Barber\u00eda; rotan en la semana Gustavo Lazzari, Mart\u00edn Tetaz y Mica Mendelevich<\/p>\n<p class=\"paragraph\">Seguinos en nuestro canal de <b>YouTube <\/b>@infobae.<\/p>\n","protected":false},"excerpt":{"rendered":"<p>El crecimiento sostenido del canal digital impulsa nuevos h\u00e1bitos de consumo, con m\u00e1s usuarios activos, mayor frecuencia de compra y cambios en las categor\u00edas m\u00e1s demandadas<\/p>\n","protected":false},"author":1,"featured_media":8205,"comment_status":"open","ping_status":"open","sticky":false,"template":"","format":"standard","meta":{"footnotes":""},"categories":[1],"tags":[],"class_list":["post-8203","post","type-post","status-publish","format-standard","has-post-thumbnail","hentry","category-uncategorized"],"_links":{"self":[{"href":"https:\/\/cliente1.publisher.highstack.com.ar\/index.php?rest_route=\/wp\/v2\/posts\/8203","targetHints":{"allow":["GET"]}}],"collection":[{"href":"https:\/\/cliente1.publisher.highstack.com.ar\/index.php?rest_route=\/wp\/v2\/posts"}],"about":[{"href":"https:\/\/cliente1.publisher.highstack.com.ar\/index.php?rest_route=\/wp\/v2\/types\/post"}],"author":[{"embeddable":true,"href":"https:\/\/cliente1.publisher.highstack.com.ar\/index.php?rest_route=\/wp\/v2\/users\/1"}],"replies":[{"embeddable":true,"href":"https:\/\/cliente1.publisher.highstack.com.ar\/index.php?rest_route=%2Fwp%2Fv2%2Fcomments&post=8203"}],"version-history":[{"count":1,"href":"https:\/\/cliente1.publisher.highstack.com.ar\/index.php?rest_route=\/wp\/v2\/posts\/8203\/revisions"}],"predecessor-version":[{"id":8204,"href":"https:\/\/cliente1.publisher.highstack.com.ar\/index.php?rest_route=\/wp\/v2\/posts\/8203\/revisions\/8204"}],"wp:featuredmedia":[{"embeddable":true,"href":"https:\/\/cliente1.publisher.highstack.com.ar\/index.php?rest_route=\/wp\/v2\/media\/8205"}],"wp:attachment":[{"href":"https:\/\/cliente1.publisher.highstack.com.ar\/index.php?rest_route=%2Fwp%2Fv2%2Fmedia&parent=8203"}],"wp:term":[{"taxonomy":"category","embeddable":true,"href":"https:\/\/cliente1.publisher.highstack.com.ar\/index.php?rest_route=%2Fwp%2Fv2%2Fcategories&post=8203"},{"taxonomy":"post_tag","embeddable":true,"href":"https:\/\/cliente1.publisher.highstack.com.ar\/index.php?rest_route=%2Fwp%2Fv2%2Ftags&post=8203"}],"curies":[{"name":"wp","href":"https:\/\/api.w.org\/{rel}","templated":true}]}}