{"id":8198,"date":"2026-04-27T09:17:38","date_gmt":"2026-04-27T12:17:38","guid":{"rendered":"https:\/\/cliente1.publisher.highstack.com.ar\/?p=8198"},"modified":"2026-04-27T09:17:38","modified_gmt":"2026-04-27T12:17:38","slug":"ejecuciones-masivas-en-iran-cartas-y-videos-clandestinos-exponen-el-drama-de-los-presos-politicos-bajo-la-represion-del-regimen","status":"publish","type":"post","link":"https:\/\/cliente1.publisher.highstack.com.ar\/?p=8198","title":{"rendered":"Ejecuciones masivas en Ir\u00e1n: cartas y videos clandestinos exponen el drama de los presos pol\u00edticos bajo la represi\u00f3n del r\u00e9gimen"},"content":{"rendered":"<div class=\"visual__image image-initial-width\"><picture><source srcset=\"https:\/\/www.infobae.com\/resizer\/v2\/ZKZRCTQV3RHBJMSFKOQQBJYQWA.jpg?auth=05d3752ee93d5518d1d3e8e5d5018cda68c0dfe1eb5d0298d23ae5922437ac88&amp;smart=true&amp;width=992&amp;height=558&amp;quality=85\" media=\"(min-width: 1000px)\"><\/source><source srcset=\"https:\/\/www.infobae.com\/resizer\/v2\/ZKZRCTQV3RHBJMSFKOQQBJYQWA.jpg?auth=05d3752ee93d5518d1d3e8e5d5018cda68c0dfe1eb5d0298d23ae5922437ac88&amp;smart=true&amp;width=768&amp;height=432&amp;quality=85\" media=\"(min-width: 768px)\"><\/source><source srcset=\"https:\/\/www.infobae.com\/resizer\/v2\/ZKZRCTQV3RHBJMSFKOQQBJYQWA.jpg?auth=05d3752ee93d5518d1d3e8e5d5018cda68c0dfe1eb5d0298d23ae5922437ac88&amp;smart=true&amp;width=577&amp;height=325&amp;quality=85\" media=\"(min-width: 580px)\"><\/source><source srcset=\"https:\/\/www.infobae.com\/resizer\/v2\/ZKZRCTQV3RHBJMSFKOQQBJYQWA.jpg?auth=05d3752ee93d5518d1d3e8e5d5018cda68c0dfe1eb5d0298d23ae5922437ac88&amp;smart=true&amp;width=420&amp;height=236&amp;quality=85\" media=\"(min-width: 350px)\"><\/source><source srcset=\"https:\/\/www.infobae.com\/resizer\/v2\/ZKZRCTQV3RHBJMSFKOQQBJYQWA.jpg?auth=05d3752ee93d5518d1d3e8e5d5018cda68c0dfe1eb5d0298d23ae5922437ac88&amp;smart=true&amp;width=350&amp;height=197&amp;quality=85\" media=\"(min-width: 80px)\"><\/source><img alt=\"Amirhossein Hatami - Babak Alipour - Pouya Ghobadi - Amirali Mirjafari\" class=\"global-image\" decoding=\"async\" fetchpriority=\"high\" height=\"1080\" loading=\"eager\" src=\"https:\/\/www.infobae.com\/resizer\/v2\/ZKZRCTQV3RHBJMSFKOQQBJYQWA.jpg?auth=05d3752ee93d5518d1d3e8e5d5018cda68c0dfe1eb5d0298d23ae5922437ac88&amp;smart=true&amp;width=350&amp;height=197&amp;quality=85\" width=\"1920\"><\/picture><\/div>\n<p class=\"paragraph\">Desde las c\u00e1rceles de <a rel=\"noopener noreferrer\" href=\"https:\/\/www.infobae.com\/tag\/iran\/\" target=\"_blank\" title=\"https:\/\/www.infobae.com\/tag\/iran\/\">Ir\u00e1n<\/a>, <b>las ejecuciones de presos pol\u00edticos y manifestantes<\/b> se han intensificado en las \u00faltimas semanas bajo el pretexto de la guerra, seg\u00fan inform\u00f3 el diario brit\u00e1nico <i>The Guardian<\/i>. Al menos <b>16 hombres<\/b> han sido ahorcados en el \u00faltimo mes por \u00f3rdenes del r\u00e9gimen iran\u00ed, incluidos activistas y opositores acusados de desafiar al gobierno. <\/p>\n<p class=\"paragraph\">Las cartas y videos grabados en secreto por algunos de los condenados, y obtenidas por el diario brit\u00e1nico, revelan detalles sobre sus \u00faltimos d\u00edas y el <b>clima de temor<\/b> dentro de los centros de detenci\u00f3n.<\/p>\n<div class=\"inline ad-wrapper\">\n<div class=\"dfpAd ad-inline ad-text\">\n<div id=\"infobae\/america\/mundo\/nota\/inline\" class=\"infobae\/america\/mundo\/nota\/inline arcad\"><\/div>\n<\/div>\n<\/div>\n<p class=\"paragraph\">Las v\u00edctimas incluyen activistas, opositores y personas acusadas de pertenecer a grupos disidentes, mientras familiares y organizaciones de derechos humanos denuncian el aumento de la represi\u00f3n y la falta de garant\u00edas legales.<\/p>\n<p class=\"paragraph\">En la prisi\u00f3n de Rajai Shahr, ubicada en la ciudad de Karaj, se encontraba <b>Babak Alipour<\/b>, un abogado de 34 a\u00f1os aficionado al monta\u00f1ismo, que hab\u00eda pasado tres a\u00f1os en el corredor de la muerte. <\/p>\n<div class=\"inline_2 ad-wrapper\">\n<div class=\"dfpAd ad-inline ad-text\">\n<div id=\"infobae\/america\/mundo\/nota\/inline_2\" class=\"infobae\/america\/mundo\/nota\/inline_2 arcad\"><\/div>\n<\/div>\n<\/div>\n<div class=\"visual__image\"><picture><source srcset=\"https:\/\/www.infobae.com\/resizer\/v2\/YC2TJNWE7JAMVIPBF33MQ5HSWQ.jpg?auth=0f81966e3f1d660ed0dd3eb919938f2e8caad2e7fa72202eeaf7b300741e5521&amp;smart=true&amp;width=992&amp;height=1189&amp;quality=85\" media=\"(min-width: 1000px)\"><\/source><source srcset=\"https:\/\/www.infobae.com\/resizer\/v2\/YC2TJNWE7JAMVIPBF33MQ5HSWQ.jpg?auth=0f81966e3f1d660ed0dd3eb919938f2e8caad2e7fa72202eeaf7b300741e5521&amp;smart=true&amp;width=768&amp;height=920&amp;quality=85\" media=\"(min-width: 768px)\"><\/source><source srcset=\"https:\/\/www.infobae.com\/resizer\/v2\/YC2TJNWE7JAMVIPBF33MQ5HSWQ.jpg?auth=0f81966e3f1d660ed0dd3eb919938f2e8caad2e7fa72202eeaf7b300741e5521&amp;smart=true&amp;width=577&amp;height=691&amp;quality=85\" media=\"(min-width: 580px)\"><\/source><source srcset=\"https:\/\/www.infobae.com\/resizer\/v2\/YC2TJNWE7JAMVIPBF33MQ5HSWQ.jpg?auth=0f81966e3f1d660ed0dd3eb919938f2e8caad2e7fa72202eeaf7b300741e5521&amp;smart=true&amp;width=420&amp;height=503&amp;quality=85\" media=\"(min-width: 350px)\"><\/source><source srcset=\"https:\/\/www.infobae.com\/resizer\/v2\/YC2TJNWE7JAMVIPBF33MQ5HSWQ.jpg?auth=0f81966e3f1d660ed0dd3eb919938f2e8caad2e7fa72202eeaf7b300741e5521&amp;smart=true&amp;width=350&amp;height=419&amp;quality=85\" media=\"(min-width: 80px)\"><\/source><img alt=\"Babak Alipour\" class=\"global-image\" decoding=\"async\" fetchpriority=\"low\" height=\"520\" loading=\"lazy\" src=\"https:\/\/www.infobae.com\/resizer\/v2\/YC2TJNWE7JAMVIPBF33MQ5HSWQ.jpg?auth=0f81966e3f1d660ed0dd3eb919938f2e8caad2e7fa72202eeaf7b300741e5521&amp;smart=true&amp;width=350&amp;height=419&amp;quality=85\" width=\"434\"><\/picture><\/div>\n<p class=\"paragraph\">En sus escritos enviados a amigos, Alipour describi\u00f3 la situaci\u00f3n de otros reclusos como <b>Behrouz Ehsani<\/b>, de 69 a\u00f1os, y <b>Mehdi Hassani<\/b>, de 48, tambi\u00e9n condenados a muerte y se\u00f1alados por el r\u00e9gimen como integrantes del grupo opositor <b>Muyahidines del Pueblo de Ir\u00e1n<\/b> (PMOI o MeK).<\/p>\n<p class=\"paragraph\">A pesar de la amenaza constante, Alipour afirm\u00f3 en sus cartas que<b> no sent\u00eda miedo<\/b>. El 12 de marzo, grab\u00f3 un video con un tel\u00e9fono m\u00f3vil ingresado clandestinamente a la c\u00e1rcel. <\/p>\n<div class=\"ad_1 ad-wrapper\">\n<div class=\"dfpAd ad-1-al-6 ad-text\">\n<div id=\"infobae\/america\/mundo\/nota\/ad_1\" class=\"infobae\/america\/mundo\/nota\/ad_1 arcad\"><\/div>\n<\/div>\n<\/div>\n<p class=\"paragraph\">En esa grabaci\u00f3n, denunci\u00f3 la represi\u00f3n estatal y el ascenso de <b>Mojtaba Khamenei<\/b> al liderazgo supremo tras la muerte de su padre, Ali Khamenei, ocurrida en medio de ataques a\u00e9reos atribuidos a Estados Unidos e Israel. <\/p>\n<div class=\"visual__image\"><picture><source srcset=\"https:\/\/www.infobae.com\/resizer\/v2\/4ZIANYDTFZFH3FNWRSTVBCUYXE.JPG?auth=25f14d2e3a5bd08f6a2f7d7a224a57e7509f7124859d5694b9db5549513abf60&amp;smart=true&amp;width=992&amp;height=661&amp;quality=85\" media=\"(min-width: 1000px)\"><\/source><source srcset=\"https:\/\/www.infobae.com\/resizer\/v2\/4ZIANYDTFZFH3FNWRSTVBCUYXE.JPG?auth=25f14d2e3a5bd08f6a2f7d7a224a57e7509f7124859d5694b9db5549513abf60&amp;smart=true&amp;width=768&amp;height=512&amp;quality=85\" media=\"(min-width: 768px)\"><\/source><source srcset=\"https:\/\/www.infobae.com\/resizer\/v2\/4ZIANYDTFZFH3FNWRSTVBCUYXE.JPG?auth=25f14d2e3a5bd08f6a2f7d7a224a57e7509f7124859d5694b9db5549513abf60&amp;smart=true&amp;width=577&amp;height=384&amp;quality=85\" media=\"(min-width: 580px)\"><\/source><source srcset=\"https:\/\/www.infobae.com\/resizer\/v2\/4ZIANYDTFZFH3FNWRSTVBCUYXE.JPG?auth=25f14d2e3a5bd08f6a2f7d7a224a57e7509f7124859d5694b9db5549513abf60&amp;smart=true&amp;width=420&amp;height=280&amp;quality=85\" media=\"(min-width: 350px)\"><\/source><source srcset=\"https:\/\/www.infobae.com\/resizer\/v2\/4ZIANYDTFZFH3FNWRSTVBCUYXE.JPG?auth=25f14d2e3a5bd08f6a2f7d7a224a57e7509f7124859d5694b9db5549513abf60&amp;smart=true&amp;width=350&amp;height=233&amp;quality=85\" media=\"(min-width: 80px)\"><\/source><img alt=\"Mojtaba Khamenei asumi\u00f3 el liderazgo supremo tras la muerte de su padre, Ali Khamenei, en medio de ataques a\u00e9reos (Reuters)\" class=\"global-image\" decoding=\"async\" fetchpriority=\"low\" height=\"533\" loading=\"lazy\" src=\"https:\/\/www.infobae.com\/resizer\/v2\/4ZIANYDTFZFH3FNWRSTVBCUYXE.JPG?auth=25f14d2e3a5bd08f6a2f7d7a224a57e7509f7124859d5694b9db5549513abf60&amp;smart=true&amp;width=350&amp;height=233&amp;quality=85\" width=\"800\"><\/picture><\/div>\n<p class=\"paragraph\">La familia de Alipour, su hermano Roozbeh, su hermana Maryam y su madre Ommolbanin Dehghan, fueron arrestados despu\u00e9s de asistir a una vigilia frente a la prisi\u00f3n.<\/p>\n<div class=\"ad_2 ad-wrapper\">\n<div class=\"dfpAd ad-1-al-6 ad-text\">\n<div id=\"infobae\/america\/mundo\/nota\/ad_2\" class=\"infobae\/america\/mundo\/nota\/ad_2 arcad\"><\/div>\n<\/div>\n<\/div>\n<p class=\"paragraph\">El 31 de marzo, las autoridades trasladaron a Alipour a la prisi\u00f3n de Ghezel Hesar, donde fue ahorcado junto a <b>Pouya Ghobadi<\/b>, ingeniero el\u00e9ctrico de 32 a\u00f1os.<\/p>\n<div class=\"visual__image\"><picture><source srcset=\"https:\/\/www.infobae.com\/resizer\/v2\/2TNKQCKSZNA6FKZXRE4T7BMYVE.jpg?auth=e07979f8bbd1b6994715175beef5e680fbc2c19b7fdf9670b04a18136755e3ff&amp;smart=true&amp;width=992&amp;height=1006&amp;quality=85\" media=\"(min-width: 1000px)\"><\/source><source srcset=\"https:\/\/www.infobae.com\/resizer\/v2\/2TNKQCKSZNA6FKZXRE4T7BMYVE.jpg?auth=e07979f8bbd1b6994715175beef5e680fbc2c19b7fdf9670b04a18136755e3ff&amp;smart=true&amp;width=768&amp;height=779&amp;quality=85\" media=\"(min-width: 768px)\"><\/source><source srcset=\"https:\/\/www.infobae.com\/resizer\/v2\/2TNKQCKSZNA6FKZXRE4T7BMYVE.jpg?auth=e07979f8bbd1b6994715175beef5e680fbc2c19b7fdf9670b04a18136755e3ff&amp;smart=true&amp;width=577&amp;height=585&amp;quality=85\" media=\"(min-width: 580px)\"><\/source><source srcset=\"https:\/\/www.infobae.com\/resizer\/v2\/2TNKQCKSZNA6FKZXRE4T7BMYVE.jpg?auth=e07979f8bbd1b6994715175beef5e680fbc2c19b7fdf9670b04a18136755e3ff&amp;smart=true&amp;width=420&amp;height=426&amp;quality=85\" media=\"(min-width: 350px)\"><\/source><source srcset=\"https:\/\/www.infobae.com\/resizer\/v2\/2TNKQCKSZNA6FKZXRE4T7BMYVE.jpg?auth=e07979f8bbd1b6994715175beef5e680fbc2c19b7fdf9670b04a18136755e3ff&amp;smart=true&amp;width=350&amp;height=355&amp;quality=85\" media=\"(min-width: 80px)\"><\/source><img alt=\"Pouya Ghobadi\" class=\"global-image\" decoding=\"async\" fetchpriority=\"low\" height=\"290\" loading=\"lazy\" src=\"https:\/\/www.infobae.com\/resizer\/v2\/2TNKQCKSZNA6FKZXRE4T7BMYVE.jpg?auth=e07979f8bbd1b6994715175beef5e680fbc2c19b7fdf9670b04a18136755e3ff&amp;smart=true&amp;width=350&amp;height=355&amp;quality=85\" width=\"286\"><\/picture><\/div>\n<p class=\"paragraph\">Ese hombre sido arrestado por su supuesta implicaci\u00f3n en acciones contra el r\u00e9gimen. Su ejecuci\u00f3n form\u00f3 parte de una ola de muertes que, de acuerdo con organizaciones de derechos humanos, busca instalar un clima de miedo en la sociedad iran\u00ed. <\/p>\n<div class=\"ad_3 ad-wrapper\">\n<div class=\"dfpAd ad-1-al-6 ad-text\">\n<div id=\"infobae\/america\/mundo\/nota\/ad_3\" class=\"infobae\/america\/mundo\/nota\/ad_3 arcad\"><\/div>\n<\/div>\n<\/div>\n<p class=\"paragraph\">Junto a los nombres de Alipour y Ghobadi se suma el de <b>Amirhossein Hatami<\/b>, un joven de 18 a\u00f1os ahorcado el 2 de abril tras una confesi\u00f3n forzada por cargos de moharebeh (enemistad contra Dios) y efsad-fil-arz (corrupci\u00f3n en la tierra), en relaci\u00f3n con un ataque a una base militar durante las protestas de enero.<\/p>\n<div class=\"visual__image\"><picture><source srcset=\"https:\/\/www.infobae.com\/resizer\/v2\/ILHFXEYW3JHUPN4SXWMXWCHXKY.jpg?auth=f9ab6b0c871bcbb11bb6f184aa78168122662e6fa556788ec4a46ff3b27f13b0&amp;smart=true&amp;width=992&amp;height=583&amp;quality=85\" media=\"(min-width: 1000px)\"><\/source><source srcset=\"https:\/\/www.infobae.com\/resizer\/v2\/ILHFXEYW3JHUPN4SXWMXWCHXKY.jpg?auth=f9ab6b0c871bcbb11bb6f184aa78168122662e6fa556788ec4a46ff3b27f13b0&amp;smart=true&amp;width=768&amp;height=451&amp;quality=85\" media=\"(min-width: 768px)\"><\/source><source srcset=\"https:\/\/www.infobae.com\/resizer\/v2\/ILHFXEYW3JHUPN4SXWMXWCHXKY.jpg?auth=f9ab6b0c871bcbb11bb6f184aa78168122662e6fa556788ec4a46ff3b27f13b0&amp;smart=true&amp;width=577&amp;height=339&amp;quality=85\" media=\"(min-width: 580px)\"><\/source><source srcset=\"https:\/\/www.infobae.com\/resizer\/v2\/ILHFXEYW3JHUPN4SXWMXWCHXKY.jpg?auth=f9ab6b0c871bcbb11bb6f184aa78168122662e6fa556788ec4a46ff3b27f13b0&amp;smart=true&amp;width=420&amp;height=247&amp;quality=85\" media=\"(min-width: 350px)\"><\/source><source srcset=\"https:\/\/www.infobae.com\/resizer\/v2\/ILHFXEYW3JHUPN4SXWMXWCHXKY.jpg?auth=f9ab6b0c871bcbb11bb6f184aa78168122662e6fa556788ec4a46ff3b27f13b0&amp;smart=true&amp;width=350&amp;height=206&amp;quality=85\" media=\"(min-width: 80px)\"><\/source><img alt=\"Amirhossein Hatami\" class=\"global-image\" decoding=\"async\" fetchpriority=\"low\" height=\"520\" loading=\"lazy\" src=\"https:\/\/www.infobae.com\/resizer\/v2\/ILHFXEYW3JHUPN4SXWMXWCHXKY.jpg?auth=f9ab6b0c871bcbb11bb6f184aa78168122662e6fa556788ec4a46ff3b27f13b0&amp;smart=true&amp;width=350&amp;height=206&amp;quality=85\" width=\"885\"><\/picture><\/div>\n<p class=\"paragraph\">La v\u00edctima m\u00e1s reciente es <b>Amirali Mirjafari<\/b>, estudiante y t\u00e9cnico inform\u00e1tico de 24 a\u00f1os, ahorcado tras ser acusado de participar en manifestaciones. Activistas afirman que 11 presos pol\u00edticos m\u00e1s permanecen en el corredor de la muerte, con edades entre 23 y 68 a\u00f1os, a la espera de una posible ejecuci\u00f3n.<\/p>\n<div class=\"ad_4 ad-wrapper\">\n<div class=\"dfpAd ad-1-al-6 ad-text\">\n<div id=\"infobae\/america\/mundo\/nota\/ad_4\" class=\"infobae\/america\/mundo\/nota\/ad_4 arcad\"><\/div>\n<\/div>\n<\/div>\n<div class=\"visual__image\"><picture><source srcset=\"https:\/\/www.infobae.com\/resizer\/v2\/RX2ESV46CBBQXIOOULHOOUPY3E.jpg?auth=4adc7521bcd64e4a721289e024162623820fc81bf305535ec8452f5630121898&amp;smart=true&amp;width=992&amp;height=1628&amp;quality=85\" media=\"(min-width: 1000px)\"><\/source><source srcset=\"https:\/\/www.infobae.com\/resizer\/v2\/RX2ESV46CBBQXIOOULHOOUPY3E.jpg?auth=4adc7521bcd64e4a721289e024162623820fc81bf305535ec8452f5630121898&amp;smart=true&amp;width=768&amp;height=1260&amp;quality=85\" media=\"(min-width: 768px)\"><\/source><source srcset=\"https:\/\/www.infobae.com\/resizer\/v2\/RX2ESV46CBBQXIOOULHOOUPY3E.jpg?auth=4adc7521bcd64e4a721289e024162623820fc81bf305535ec8452f5630121898&amp;smart=true&amp;width=577&amp;height=947&amp;quality=85\" media=\"(min-width: 580px)\"><\/source><source srcset=\"https:\/\/www.infobae.com\/resizer\/v2\/RX2ESV46CBBQXIOOULHOOUPY3E.jpg?auth=4adc7521bcd64e4a721289e024162623820fc81bf305535ec8452f5630121898&amp;smart=true&amp;width=420&amp;height=689&amp;quality=85\" media=\"(min-width: 350px)\"><\/source><source srcset=\"https:\/\/www.infobae.com\/resizer\/v2\/RX2ESV46CBBQXIOOULHOOUPY3E.jpg?auth=4adc7521bcd64e4a721289e024162623820fc81bf305535ec8452f5630121898&amp;smart=true&amp;width=350&amp;height=574&amp;quality=85\" media=\"(min-width: 80px)\"><\/source><img alt=\"Amirali Mirjafari\" class=\"global-image\" decoding=\"async\" fetchpriority=\"low\" height=\"494\" loading=\"lazy\" src=\"https:\/\/www.infobae.com\/resizer\/v2\/RX2ESV46CBBQXIOOULHOOUPY3E.jpg?auth=4adc7521bcd64e4a721289e024162623820fc81bf305535ec8452f5630121898&amp;smart=true&amp;width=350&amp;height=574&amp;quality=85\" width=\"301\"><\/picture><\/div>\n<p class=\"paragraph\">Por otro lado, el caso de la familia <b>Younesi<\/b> expone el alcance de la represi\u00f3n. <b>Reza Younesi<\/b>, profesor universitario en Suecia, denunci\u00f3 la detenci\u00f3n de su hermano Ali, estudiante premiado de astronom\u00eda, y la desaparici\u00f3n temporal de su padre Yousef, de 73 a\u00f1os, ambos encarcelados en Ir\u00e1n por presuntos v\u00ednculos con el MeK. <\/p>\n<div class=\"visual__image\"><picture><source srcset=\"https:\/\/www.infobae.com\/resizer\/v2\/XGMJ4GSHVVER3ECEBPIGUV632E.jpg?auth=4c2257752b4bbc5651f46f0590424785d169244ceaf5dd38854e9ff0e4024b1f&amp;smart=true&amp;width=992&amp;height=744&amp;quality=85\" media=\"(min-width: 1000px)\"><\/source><source srcset=\"https:\/\/www.infobae.com\/resizer\/v2\/XGMJ4GSHVVER3ECEBPIGUV632E.jpg?auth=4c2257752b4bbc5651f46f0590424785d169244ceaf5dd38854e9ff0e4024b1f&amp;smart=true&amp;width=768&amp;height=576&amp;quality=85\" media=\"(min-width: 768px)\"><\/source><source srcset=\"https:\/\/www.infobae.com\/resizer\/v2\/XGMJ4GSHVVER3ECEBPIGUV632E.jpg?auth=4c2257752b4bbc5651f46f0590424785d169244ceaf5dd38854e9ff0e4024b1f&amp;smart=true&amp;width=577&amp;height=433&amp;quality=85\" media=\"(min-width: 580px)\"><\/source><source srcset=\"https:\/\/www.infobae.com\/resizer\/v2\/XGMJ4GSHVVER3ECEBPIGUV632E.jpg?auth=4c2257752b4bbc5651f46f0590424785d169244ceaf5dd38854e9ff0e4024b1f&amp;smart=true&amp;width=420&amp;height=315&amp;quality=85\" media=\"(min-width: 350px)\"><\/source><source srcset=\"https:\/\/www.infobae.com\/resizer\/v2\/XGMJ4GSHVVER3ECEBPIGUV632E.jpg?auth=4c2257752b4bbc5651f46f0590424785d169244ceaf5dd38854e9ff0e4024b1f&amp;smart=true&amp;width=350&amp;height=263&amp;quality=85\" media=\"(min-width: 80px)\"><\/source><img alt=\"Ali Younesi\" class=\"global-image\" decoding=\"async\" fetchpriority=\"low\" height=\"510\" loading=\"lazy\" src=\"https:\/\/www.infobae.com\/resizer\/v2\/XGMJ4GSHVVER3ECEBPIGUV632E.jpg?auth=4c2257752b4bbc5651f46f0590424785d169244ceaf5dd38854e9ff0e4024b1f&amp;smart=true&amp;width=350&amp;height=263&amp;quality=85\" width=\"680\"><\/picture><\/div>\n<p class=\"paragraph\">Reza relat\u00f3 al diario brit\u00e1nico que durante nueve d\u00edas su familia no supo nada de su padre, hasta que confirmaron su traslado a la misma prisi\u00f3n que su hijo. Para Reza, la incertidumbre y el temor a nuevas represalias aumentan ante la falta de control internacional sobre la situaci\u00f3n en Ir\u00e1n.<\/p>\n<div class=\"ad_5 ad-wrapper\">\n<div class=\"dfpAd ad-1-al-6 ad-text\">\n<div id=\"infobae\/america\/mundo\/nota\/ad_5\" class=\"infobae\/america\/mundo\/nota\/ad_5 arcad\"><\/div>\n<\/div>\n<\/div>\n<p class=\"paragraph\">\u201cEstamos hablando de un r\u00e9gimen horrible y brutal. Cuando hay guerra, se vuelven a\u00fan m\u00e1s brutales. Pueden hacer pr\u00e1cticamente lo que quieran con los prisioneros\u201d, manifest\u00f3 Younesi en declaraciones al medio brit\u00e1nico. <\/p>\n<p class=\"paragraph\">Adem\u00e1s, a\u00f1adi\u00f3 que la comunidad internacional y las organizaciones de derechos humanos no consiguen frenar la escalada represiva y que, incluso si se pronuncian, el r\u00e9gimen no reacciona ante la presi\u00f3n externa.<\/p>\n<div class=\"ad_6 ad-wrapper\">\n<div class=\"dfpAd ad-1-al-6 ad-text\">\n<div id=\"infobae\/america\/mundo\/nota\/ad_6\" class=\"infobae\/america\/mundo\/nota\/ad_6 arcad\"><\/div>\n<\/div>\n<\/div>\n<p class=\"paragraph\">El impacto de las ejecuciones, seg\u00fan detall\u00f3 <b>Mahmood Amiry-Moghaddam<\/b>, director de la organizaci\u00f3n Iran Human Rights con sede en Noruega, ha alcanzado un nivel in\u00e9dito en las \u00faltimas semanas. La mayor\u00eda de los ejecutados en el pasado eran condenados por delitos comunes, como <b>narcotr\u00e1fico o asesinato<\/b>, pero en el \u00faltimo mes la cifra de presos pol\u00edticos y manifestantes ejecutados no tiene precedentes. <\/p>\n<div class=\"visual__image\"><picture><source srcset=\"https:\/\/www.infobae.com\/resizer\/v2\/2CJKJGCAIZCY3CZTIBBHZVVWWU.jpg?auth=9059b1bb51c5c4e33dc7425883ea2e9d1f3b16136eb3b01612efd921dad35f4d&amp;smart=true&amp;width=992&amp;height=656&amp;quality=85\" media=\"(min-width: 1000px)\"><\/source><source srcset=\"https:\/\/www.infobae.com\/resizer\/v2\/2CJKJGCAIZCY3CZTIBBHZVVWWU.jpg?auth=9059b1bb51c5c4e33dc7425883ea2e9d1f3b16136eb3b01612efd921dad35f4d&amp;smart=true&amp;width=768&amp;height=508&amp;quality=85\" media=\"(min-width: 768px)\"><\/source><source srcset=\"https:\/\/www.infobae.com\/resizer\/v2\/2CJKJGCAIZCY3CZTIBBHZVVWWU.jpg?auth=9059b1bb51c5c4e33dc7425883ea2e9d1f3b16136eb3b01612efd921dad35f4d&amp;smart=true&amp;width=577&amp;height=381&amp;quality=85\" media=\"(min-width: 580px)\"><\/source><source srcset=\"https:\/\/www.infobae.com\/resizer\/v2\/2CJKJGCAIZCY3CZTIBBHZVVWWU.jpg?auth=9059b1bb51c5c4e33dc7425883ea2e9d1f3b16136eb3b01612efd921dad35f4d&amp;smart=true&amp;width=420&amp;height=278&amp;quality=85\" media=\"(min-width: 350px)\"><\/source><source srcset=\"https:\/\/www.infobae.com\/resizer\/v2\/2CJKJGCAIZCY3CZTIBBHZVVWWU.jpg?auth=9059b1bb51c5c4e33dc7425883ea2e9d1f3b16136eb3b01612efd921dad35f4d&amp;smart=true&amp;width=350&amp;height=231&amp;quality=85\" media=\"(min-width: 80px)\"><\/source><img alt=\"Ir\u00e1n ha registrado un aumento in\u00e9dito de ejecuciones de presos pol\u00edticos y manifestantes en el \u00faltimo mes (EFE)\" class=\"global-image\" decoding=\"async\" fetchpriority=\"low\" height=\"2707\" loading=\"lazy\" src=\"https:\/\/www.infobae.com\/resizer\/v2\/2CJKJGCAIZCY3CZTIBBHZVVWWU.jpg?auth=9059b1bb51c5c4e33dc7425883ea2e9d1f3b16136eb3b01612efd921dad35f4d&amp;smart=true&amp;width=350&amp;height=231&amp;quality=85\" width=\"4096\"><\/picture><\/div>\n<p class=\"paragraph\">\u201cEl objetivo de estas ejecuciones es infundir miedo en la poblaci\u00f3n\u201d, declar\u00f3 Amiry-Moghaddam a <i>The Guardian<\/i>. \u201cEl coste pol\u00edtico de la ejecuci\u00f3n de un manifestante o un preso pol\u00edtico es mucho mayor en circunstancias normales. Sin embargo, ahora todo queda eclipsado por la guerra\u201d, agreg\u00f3.<\/p>\n","protected":false},"excerpt":{"rendered":"<p>Organizaciones de derechos humanos advierten que la cifra podr\u00eda aumentar mientras persista el conflicto armado<\/p>\n","protected":false},"author":1,"featured_media":8200,"comment_status":"open","ping_status":"open","sticky":false,"template":"","format":"standard","meta":{"footnotes":""},"categories":[1],"tags":[],"class_list":["post-8198","post","type-post","status-publish","format-standard","has-post-thumbnail","hentry","category-uncategorized"],"_links":{"self":[{"href":"https:\/\/cliente1.publisher.highstack.com.ar\/index.php?rest_route=\/wp\/v2\/posts\/8198","targetHints":{"allow":["GET"]}}],"collection":[{"href":"https:\/\/cliente1.publisher.highstack.com.ar\/index.php?rest_route=\/wp\/v2\/posts"}],"about":[{"href":"https:\/\/cliente1.publisher.highstack.com.ar\/index.php?rest_route=\/wp\/v2\/types\/post"}],"author":[{"embeddable":true,"href":"https:\/\/cliente1.publisher.highstack.com.ar\/index.php?rest_route=\/wp\/v2\/users\/1"}],"replies":[{"embeddable":true,"href":"https:\/\/cliente1.publisher.highstack.com.ar\/index.php?rest_route=%2Fwp%2Fv2%2Fcomments&post=8198"}],"version-history":[{"count":1,"href":"https:\/\/cliente1.publisher.highstack.com.ar\/index.php?rest_route=\/wp\/v2\/posts\/8198\/revisions"}],"predecessor-version":[{"id":8199,"href":"https:\/\/cliente1.publisher.highstack.com.ar\/index.php?rest_route=\/wp\/v2\/posts\/8198\/revisions\/8199"}],"wp:featuredmedia":[{"embeddable":true,"href":"https:\/\/cliente1.publisher.highstack.com.ar\/index.php?rest_route=\/wp\/v2\/media\/8200"}],"wp:attachment":[{"href":"https:\/\/cliente1.publisher.highstack.com.ar\/index.php?rest_route=%2Fwp%2Fv2%2Fmedia&parent=8198"}],"wp:term":[{"taxonomy":"category","embeddable":true,"href":"https:\/\/cliente1.publisher.highstack.com.ar\/index.php?rest_route=%2Fwp%2Fv2%2Fcategories&post=8198"},{"taxonomy":"post_tag","embeddable":true,"href":"https:\/\/cliente1.publisher.highstack.com.ar\/index.php?rest_route=%2Fwp%2Fv2%2Ftags&post=8198"}],"curies":[{"name":"wp","href":"https:\/\/api.w.org\/{rel}","templated":true}]}}