{"id":8195,"date":"2026-04-27T09:07:29","date_gmt":"2026-04-27T12:07:29","guid":{"rendered":"https:\/\/cliente1.publisher.highstack.com.ar\/?p=8195"},"modified":"2026-04-27T09:07:30","modified_gmt":"2026-04-27T12:07:30","slug":"gabinete-de-javier-milei-cuantas-bajas-tuvo-y-quienes-son-los-funcionarios-que-dejaron-el-gobierno-desde-que-asumio","status":"publish","type":"post","link":"https:\/\/cliente1.publisher.highstack.com.ar\/?p=8195","title":{"rendered":"Gabinete de Javier Milei: cu\u00e1ntas bajas tuvo y qui\u00e9nes son los funcionarios que dejaron el Gobierno desde que asumi\u00f3"},"content":{"rendered":"<p><\/p>\n<div id=\"\">\n<h2 id=\"p-1777290433570-42575\">Tras meses de rumores, Mariano C\u00faneo Libarona renunci\u00f3 al Ministerio de Justicia<\/h2>\n<p id=\"p-1777290433570-39150\">Luego de meses de debate sobre su continuidad, Mariano C\u00faneo Libarona renunci\u00f3 a su cargo al frente del Ministerio de Justicia. Su reemplazante ser\u00e1 Juan Bautista Mahiques quien ocupaba el cargo de Ministerio P\u00fablico Fiscal de la Ciudad Aut\u00f3noma de Buenos Aires.<\/p>\n<p id=\"p-1777290433570-50157\"><strong>La salida de C\u00faneo Libarona no es una novedad<\/strong>, sino una situaci\u00f3n que estaba al caer. Seg\u00fan fuentes del oficialismo, la relaci\u00f3n entre el ministro y algunos de los principales armadores del Gobierno se fue desgastando a medida que avanzaba la agenda institucional y su salida era inminente.<\/p>\n<p id=\"p-1777290433570-74906\">Ya en octubre del a\u00f1o pasado, <strong>C\u00faneo Libarona <\/strong>estuvo cerca de salir, pero acord\u00f3 con el Presidente y su hermana &#8211; <strong>Karina Milei <\/strong>&#8211; continuar algunos meses m\u00e1s en el cargo. Entre otras justificaciones, <strong>el ahora exministro tambi\u00e9n adjudic\u00f3 la decisi\u00f3n al desgaste de la gesti\u00f3n<\/strong>.<\/p>\n<p id=\"p-1777290433570-97876\" data-start=\"57\" data-end=\"396\">En los pasillos de la <strong>Casa Rosada<\/strong>, la designaci\u00f3n del nuevo ministro de Justicia fue interpretada como el desenlace de una <strong>disputa silenciosa dentro del n\u00facleo del poder libertario<\/strong>. El funcionario finalmente elegido era el nombre que <strong>promov\u00eda Karina Milei<\/strong>, quien logr\u00f3 imponer su criterio en la instancia decisiva.<\/p>\n<p id=\"p-1777290433570-91967\" data-start=\"400\" data-end=\"751\">En la vereda opuesta <strong>se ubicaba el asesor presidencial Santiago Caputo<\/strong>, que impulsaba como <strong>alternativa al intendente Guillermo Montenegro<\/strong>. La resoluci\u00f3n del Presidente \u2014leen en el oficialismo\u2014 volvi\u00f3 a ratificar la centralidad de la secretaria general en el esquema de poder y en el armado pol\u00edtico del Gobierno.<\/p>\n<p id=\"p-1777290433570-26860\" data-start=\"788\" data-end=\"1020\">El Ministerio de Justicia arrastra una agenda cargada de temas estructurales que ahora quedar\u00e1n bajo la \u00f3rbita de Mahiques, a quien en el oficialismo le reconocen capacidad de negociaci\u00f3n y v\u00ednculos aceitados con distintos sectores.<\/p>\n<p id=\"p-1777290433570-31874\" data-start=\"1024\" data-end=\"1348\">En los \u00faltimos a\u00f1os, la administraci\u00f3n no consigui\u00f3 avanzar en la designaci\u00f3n de jueces, fiscales y defensores oficiales, lo que deriv\u00f3 en un incremento sostenido de vacantes en tribunales de todo el pa\u00eds. Actualmente hay m\u00e1s de 200 pliegos judiciales que el Poder Ejecutivo todav\u00eda no remiti\u00f3 al Senado para su tratamiento.<\/p>\n<h2 id=\"p-1777290433570-76365\">Demian Reidel renunci\u00f3 a la presidencia de Nucleoel\u00e9ctrica Argentina<\/h2>\n<figure id=\"8053627-Libre-2004372420_wrap\" class=\"embed_cont type_imagen\" contenteditable=\"false\">\n<p>demian-reidel.jpg <span onclick=\"parent.parent.TinyMCETdcuerpo.preview_embed('8053627-Libre-2004372420')\" class=\"embed_colapse less\" id=\"8053627-Libre-2004372420_colapse\"\/>  <span onclick=\"parent.parent.TinyMCETdcuerpo.delete_embed('8053627-Libre-2004372420')\" class=\"embed_delete less\" id=\"8053627-Libre-2004372420_delete\"\/><\/p>\n<div id=\"8053627-Libre-2004372420_content\" class=\"embed_content\"><img data-td-src-property=\"https:\/\/media.ambito.com\/p\/87f4e3c473432542eba772c43df15747\/adjuntos\/239\/imagenes\/042\/284\/0042284494\/demian-reideljpg.jfif\" alt=\"\" title=\"\" width=\"689\" height=\"460\" id=\"8053627-Libre-2004372420_embed\"\/><\/div><figcaption class=\"embed_wrapper-cont\">   <\/figcaption><\/figure>\n<p id=\"p-1777290433570-38636\">El economista, que ocup\u00f3 el cargo de jefe de asesores del Presidente de la Naci\u00f3n durante m\u00e1s de un a\u00f1o antes de pasar a la \u00f3rbita de la compa\u00f1\u00eda estatal, dej\u00f3 su lugar en medio de denuncias por presunta corrupci\u00f3n por sobreprecios. Su lugar lo ocupar\u00e1 Juan Mart\u00edn Campos.<\/p>\n<p id=\"p-1777290433570-62886\">En los \u00faltimos meses, Reidel estuvo en el foco de la tormenta por el manejo de la empresa. La semana pasada, debi\u00f3 desmentir una serie de <strong>acusaciones<\/strong> sobre presunta utilizaci\u00f3n de fondos de la empresa p\u00fablica para solventar pagos de deudas personales por $825 millones<strong>.<\/strong> Luego de reconocer la operatoria financiera -que gener\u00f3 sospechas por los montos-, asegur\u00f3 que fue realizada con dinero propio y mostr\u00f3 los documentos.<\/p>\n<p id=\"p-1777290433570-6095\"><strong>La acusaci\u00f3n contra Reidel por la administraci\u00f3n de la empresa p\u00fablica no es la \u00fanica. Recientemente, la Asociaci\u00f3n de Trabajadores del Estado (ATE)<\/strong> present\u00f3 una denuncia contra<strong> Nucleoel\u00e9ctrica Argentina <\/strong> por la compra de un software administrativo cuyo costo rondar\u00eda los u$s7 millones. <strong>Seg\u00fan el sindicato, el valor pagado estar\u00eda muy por encima del precio de mercado y podr\u00eda configurar un caso de sobreprecio <\/strong>en una contrataci\u00f3n realizada por la empresa estatal.<\/p>\n<p id=\"p-1777290433570-86821\">Tras la salida de Reidel, el nuevo Directorio queda conformado por las siguientes personas:<\/p>\n<p id=\"p-1777290433570-93114\">\u2022 <strong>Presidente:<\/strong> Bioq. Juan Mart\u00edn Campos<\/p>\n<p id=\"p-1777290433570-74582\">\u2022 <strong>Vicepresidente:<\/strong> Ing. Mart\u00edn Porro<\/p>\n<p id=\"p-1777290433570-19891\">\u2022 <strong>Director titular:<\/strong> Dr. Diego Chaher<\/p>\n<p id=\"p-1777290433570-94141\">\u2022 <strong>Director titular:<\/strong> Ing. Diego Garde<\/p>\n<p id=\"p-1777290433570-89566\">\u2022 <strong>Director titular:<\/strong> Dr. Javier Grinspun<\/p>\n<p id=\"p-1777290433570-72863\">\u2022 <strong>Director suplente:<\/strong> Cdor. Jos\u00e9 Ignacio Bruera Grifoni<\/p>\n<p id=\"p-1777290433570-99950\">\u2022 <strong>Director suplente:<\/strong> Ing. Juan Cantarelli<\/p>\n<h2 id=\"p-1777290433570-44666\">Renunci\u00f3 Marco Lavagna en el INDEC, en medio de una nueva pol\u00e9mica por el debut del IPC<\/h2>\n<figure id=\"8183162-Libre-355355028_wrap\" class=\"embed_cont type_imagen\" contenteditable=\"false\">\n<p>marcos lavagna <span onclick=\"parent.parent.TinyMCETdcuerpo.preview_embed('8183162-Libre-355355028')\" class=\"embed_colapse less\" id=\"8183162-Libre-355355028_colapse\"\/>  <span onclick=\"parent.parent.TinyMCETdcuerpo.delete_embed('8183162-Libre-355355028')\" class=\"embed_delete less\" id=\"8183162-Libre-355355028_delete\"\/><\/p>\n<div id=\"8183162-Libre-355355028_content\" class=\"embed_content\"><img data-td-src-property=\"https:\/\/media.ambito.com\/p\/b9f7488d667a4c8bfc9d1fad46ee70a8\/adjuntos\/239\/imagenes\/043\/142\/0043142449\/730x0\/smart\/marcos-lavagna.jpg\" alt=\"\" title=\"\" width=\"730\" height=\"410\" id=\"8183162-Libre-355355028_embed\"\/><\/div><figcaption class=\"embed_wrapper-cont\">   <\/figcaption><\/figure>\n<p id=\"p-1777290433570-33925\" class=\"\">El titular del Instituto Estad\u00edstisco present\u00f3 su renuncia, en la previa del debut del nuevo IPC y en medio de la disputa con la Secretar\u00eda de Turismo y Deportes. La medici\u00f3n en base a la ENGHo 2017\/2018 est\u00e1 lista desde fines de 2024 (tal como lo anticip\u00f3 <strong>\u00c1mbito)<\/strong>, aunque en un acto de templanza <strong>el INDEC decidi\u00f3 esperar a que pasen las elecciones de medio t\u00e9rmino para que una aceleraci\u00f3n de precios (<\/strong>que seg\u00fan diferentes consultoras privadas en 2025 fue m\u00ednima) no condicionara el escenario pol\u00edtico.<\/p>\n<p id=\"p-1777290433570-35685\" class=\"\">Pero habiendo pasado este tramo, siempre turbulento para la econom\u00eda, el equipo liderado por Lavagna decidi\u00f3 que la medici\u00f3n actualizada de inflaci\u00f3n se realizara a partir de enero 2026, con la intenci\u00f3n de arrancar el a\u00f1o con el nuevo IPC (que hasta el momento se ven\u00eda midiendo con datos de consumo de 2003\/2004) y no realizar modificaciones hacia atr\u00e1s, teniendo que recalibrar otras estad\u00edsticas clave.<\/p>\n<h2 id=\"p-1777290433570-84655\">A menos de un a\u00f1o de haber asumido, Paul Starc renunci\u00f3 a la presidencia de la UIF<\/h2>\n<p id=\"p-1777290433570-14862\">El abogado <strong>Paul Starc<\/strong> renunci\u00f3 a la presidencia de la <strong>Unidad de Informaci\u00f3n Financiera (UIF)<\/strong> a menos de un a\u00f1o de haber asumido el cargo. El Ministerio de Justicia destac\u00f3 que su salida se dio por <strong>&#8220;razones personales&#8221;. <\/strong>Su lugar lo ocupa el licenciado Ernesto Gaspari.<\/p>\n<figure id=\"8178875-Libre-1171836479_wrap\" class=\"embed_cont type_imagen\" contenteditable=\"false\">\n<p> Luis Starc <span onclick=\"parent.parent.TinyMCETdcuerpo.preview_embed('8178875-Libre-1171836479')\" class=\"embed_colapse less\" id=\"8178875-Libre-1171836479_colapse\"> <\/span> <span onclick=\"parent.parent.TinyMCETdcuerpo.delete_embed('8178875-Libre-1171836479')\" class=\"embed_delete less\" id=\"8178875-Libre-1171836479_delete\"\/><\/p>\n<div id=\"8178875-Libre-1171836479_content\" class=\"embed_content\"><img alt=\"\" title=\"\" width=\"730\" height=\"505\" id=\"8178875-Libre-1171836479_embed\" crossorigin=\"anonymous\" fetchpriority=\"high\" decode=\"async\"\/><\/div><figcaption class=\"embed_wrapper-cont\">   <\/figcaption><\/figure>\n<p id=\"p-1777290433570-18295\">Starc, cercano a <strong>Santiago Caputo<\/strong>, egres\u00f3 de la Facultad de Derecho y Ciencias Sociales de la Universidad de Buenos Aires en el a\u00f1o 1990. Hab\u00eda sido nombrado al frente del organismo en abril del a\u00f1o pasado, por disposici\u00f3n del ministro de Justicia, <strong>Mariano C\u00faneo Libarona<\/strong>.<\/p>\n<p id=\"p-1777290433570-67416\">En un comunicado, el Ministerio de Justicia remarc\u00f3 que, durante su gesti\u00f3n, Starc desempe\u00f1\u00f3 sus funciones <strong>&#8220;con y compromiso, contribuyendo a que el sistema de prevenci\u00f3n de lavado de activos y de la financiaci\u00f3n del terrorismo se adecue a los est\u00e1ndares nacionales e internacionales vigentes&#8221;.<\/strong><\/p>\n<h2 id=\"p-1777290433571-53251\">Carlos Casares, renunci\u00f3 a la titularidad del Ente Regulador del Gas<\/h2>\n<p id=\"p-1777290433571-76380\"><strong>Carlos Casares renunci\u00f3 a la intervenci\u00f3n del Ente Regulador del Gas (Enargas)<\/strong><strong>.<\/strong> En su carta de despedida, el ahora exfuncionario explic\u00f3 que no logr\u00f3 &#8220;satisfacer&#8221; las expectativas previstas en su rol. Justific\u00f3 su decisi\u00f3n adjudicando que el la gesti\u00f3n libertaria lo considera \u201c<strong>prescindible<\/strong>\u201d, luego de que sea imposibilitado a participar del <strong>nuevo Ente Regulador del Gas y de la Electricidad (ENRGE). <\/strong>Se espera que el organismo comience sus funciones en marzo.<\/p>\n<figure id=\"8183173-Libre-106949204_wrap\" class=\"embed_cont type_imagen\" contenteditable=\"false\">\n<p>carlos casares <span onclick=\"parent.parent.TinyMCETdcuerpo.preview_embed('8183173-Libre-106949204')\" class=\"embed_colapse less\" id=\"8183173-Libre-106949204_colapse\"\/>  <span onclick=\"parent.parent.TinyMCETdcuerpo.delete_embed('8183173-Libre-106949204')\" class=\"embed_delete less\" id=\"8183173-Libre-106949204_delete\"\/><\/p>\n<div id=\"8183173-Libre-106949204_content\" class=\"embed_content\"><img data-td-src-property=\"https:\/\/media.ambito.com\/p\/d273b5cd51eab9e50a50e2d5c64dd732\/adjuntos\/239\/imagenes\/043\/142\/0043142585\/730x0\/smart\/carlos-casares.jpg\" alt=\"\" title=\"\" width=\"730\" height=\"410\" id=\"8183173-Libre-106949204_embed\"\/><\/div><figcaption class=\"embed_wrapper-cont\">   <\/figcaption><\/figure>\n<p id=\"p-1777290433571-15734\"><strong> &#8220;Era mi voluntad continuar colaborando<\/strong> con el proyecto de la unificaci\u00f3n de los entes reguladores (Ente Nacional Regulador del Gas y de la Electricidad)&#8221;, ampli\u00f3 sobre la decisi\u00f3n Casares. &#8220;No<strong> he satisfecho vuestras expectativas<\/strong> y\/o no cuento ya con vuestra confianza para continuar colaborando. Es por ello que, en estas circunstancias, no cabe otra decisi\u00f3n que presentar mi renuncia indeclinable al cargo de Interventor del ENARGAS\u201c, sentenci\u00f3.<\/p>\n<h2 id=\"p-1777290433571-84106\" data-start=\"621\" data-end=\"897\">Los presidentes de Trenes Argentinos Operaciones y de Trenes Argentinos Infraestructura, Gerardo Bosch\u00edn y Leonardo Compelatore dejaron sus cargos<\/h2>\n<p id=\"p-1777290433571-70809\"><strong data-start=\"1091\" data-end=\"1110\">Gerardo Bosch\u00edn<\/strong>, al frente de <strong data-start=\"1125\" data-end=\"1134\">SOFSE<\/strong>, y <strong data-start=\"1138\" data-end=\"1162\">Leonardo Comperatore<\/strong>, titular de <strong data-start=\"1175\" data-end=\"1183\">ADIF<\/strong>, abandonaron sus cargos. Ambos hab\u00edan sido incorporados a la gesti\u00f3n durante el 2025. A partir de ello, El <strong>Gobierno<\/strong> formaliz\u00f3 una nueva estructura de conducci\u00f3n de <strong>Trenes Argentinos,<\/strong> en simult\u00e1neo con el recambio en la Secretar\u00eda de Transporte. A trav\u00e9s de actas de directorio, se confirmaron cambios en las m\u00e1ximas autoridades de <strong data-start=\"732\" data-end=\"765\">Trenes Argentinos Operaciones<\/strong> y <strong data-start=\"768\" data-end=\"805\">Trenes Argentinos Infraestructura<\/strong>, tras la salida de dichos funcionarios.<\/p>\n<figure id=\"8030177-Libre-1948197842_wrap\" class=\"embed_cont type_imagen\" contenteditable=\"false\">\n<p>trenes argentinos.jpg <span onclick=\"parent.parent.TinyMCETdcuerpo.preview_embed('8030177-Libre-1948197842')\" class=\"embed_colapse less\" id=\"8030177-Libre-1948197842_colapse\"\/>  <span onclick=\"parent.parent.TinyMCETdcuerpo.delete_embed('8030177-Libre-1948197842')\" class=\"embed_delete less\" id=\"8030177-Libre-1948197842_delete\"\/><\/p>\n<div id=\"8030177-Libre-1948197842_content\" class=\"embed_content\"><img data-td-src-property=\"https:\/\/media.ambito.com\/p\/7019306c452dc47e8a6a9c52341efe52\/adjuntos\/239\/imagenes\/042\/187\/0042187952\/trenes-argentinosjpg.jpg\" alt=\"\" title=\"\" width=\"730\" height=\"410\" id=\"8030177-Libre-1948197842_embed\"\/><\/div><figcaption class=\"embed_wrapper-cont\">   <\/figcaption><\/figure>\n<p id=\"p-1777290433571-42526\"><strong data-start=\"1091\" data-end=\"1110\"> El reordenamiento se produjo luego de la salida de Luis Pierrini de la Secretar\u00eda de Transporte y se extendi\u00f3 a las presidencias de las principales operadoras estatales. <\/strong><\/p>\n<h2 id=\"p-1777290433571-8604\">La renuncia del secretario de Transporte de la Naci\u00f3n, Luis Pierrini<\/h2>\n<p id=\"p-1777290433571-18698\">El en ese momento secretario de Transporte de la Naci\u00f3n<strong>, Luis Pierrini,<\/strong> present\u00f3 este su renuncia al cargo por motivos personales. La salida fue confirmada por el Ministerio de Econom\u00eda, desde donde destacaron el trabajo realizado durante su gesti\u00f3n al frente del \u00e1rea.<\/p>\n<figure id=\"8178490-Libre-1144091809_wrap\" class=\"embed_cont type_imagen\" style=\"opacity:1;height:auto;\" contenteditable=\"false\">\n<p>luis pierrini <span onclick=\"parent.parent.TinyMCETdcuerpo.preview_embed('8178490-Libre-1144091809')\" class=\"embed_colapse less\" id=\"8178490-Libre-1144091809_colapse\"\/>  <span onclick=\"parent.parent.TinyMCETdcuerpo.delete_embed('8178490-Libre-1144091809')\" class=\"embed_delete less\" id=\"8178490-Libre-1144091809_delete\"\/><\/p>\n<div id=\"8178490-Libre-1144091809_content\" class=\"embed_content\"><img data-td-src-property=\"https:\/\/media.ambito.com\/p\/1965872ed6d3cc2274910e9d820b12c0\/adjuntos\/239\/imagenes\/043\/116\/0043116926\/730x0\/smart\/luis-pierrini.jpg\" alt=\"\" title=\"\" width=\"730\" height=\"406\" id=\"8178490-Libre-1144091809_embed\"\/><\/div><figcaption class=\"embed_wrapper-cont\">   <\/figcaption><\/figure>\n<p id=\"p-1777290433571-4222\">El ministro de Econom\u00eda, Luis Caputo, agradeci\u00f3 el compromiso y la labor desarrollada por Pierrini, quien hab\u00eda asumido la conducci\u00f3n de la Secretar\u00eda en el marco de la reorganizaci\u00f3n del \u00e1rea de Transporte dentro de la estructura econ\u00f3mica del Gobierno nacional. En su lugar, fue asignado <strong>Fernando Herrmann.<\/strong><\/p>\n<h2 id=\"p-1777290433571-40317\">Lisandro Catal\u00e1n tambi\u00e9n renunci\u00f3 al Ministerio del Interior<\/h2>\n<p id=\"p-1777290433571-78570\">Tras la renuncia del Jefe de Gabinete, Guillermo Francos, anunciada este viernes a la noche, su m\u00e1ximo hombre de confianza, Lisandro Catal\u00e1n, tambi\u00e9n anunci\u00f3 que deja el cargo de ministro del Interior. Ambas bajas se da en el contexto de los cambios que pone en marcha el presidente Javier Milei luego de la victoria electoral del domingo.<\/p>\n<p id=\"p-1777290433571-11696\">&#8220;Me dirijo a usted para presentarle mi renuncia al cargo de Ministro del Interior, que<strong> he tenido el honor de desempe\u00f1ar bajo su conducci\u00f3n<\/strong>&#8220;, anunci\u00f3 <strong>Catal\u00e1n <\/strong>en su cuenta de la red social X.<\/p>\n<figure id=\"8124823-Libre-643990934_wrap\" class=\"embed_cont type_imagen\" contenteditable=\"false\">\n<p>Lisandro Catal\u00e1n ministro del Interior <span onclick=\"parent.parent.TinyMCETdcuerpo.preview_embed('8124823-Libre-643990934')\" class=\"embed_colapse less\" id=\"8124823-Libre-643990934_colapse\"\/>  <span onclick=\"parent.parent.TinyMCETdcuerpo.delete_embed('8124823-Libre-643990934')\" class=\"embed_delete less\" id=\"8124823-Libre-643990934_delete\"\/><\/p>\n<div id=\"8124823-Libre-643990934_content\" class=\"embed_content\"><img data-td-src-property=\"https:\/\/media.ambito.com\/p\/38583230726376367474804d3dad8d74\/adjuntos\/239\/imagenes\/042\/750\/0042750339\/lisandro-catalan-ministro-del-interior.jpg\" alt=\"\" title=\"\" width=\"690\" height=\"460\" id=\"8124823-Libre-643990934_embed\"\/><\/div><figcaption id=\"8124823-Libre-643990934_epigrafe\" class=\"embed_epigrafe\"\/>\n<p>Foto: Casa Rosada<\/p>\n<\/figure>\n<h2 id=\"p-1777290433571-61461\">Guillermo Francos se hico eco de los rumores de su salida y present\u00f3 su renuncia<\/h2>\n<p id=\"p-1777290433571-52010\">Tal como lo anticip\u00f3 \u00c1mbito, el Gobierno concret\u00f3 un importante cambio en el Gabinete antes del fin de semana: <strong>Guillermo Francos dej\u00f3 su cargo como jefe de Gabinete<\/strong> y <strong>ser\u00e1 reemplazado por el portavoz presidencial, Manuel Adorni<\/strong>. Javier Milei ya le acept\u00f3 la renuncia. La \u00faltima actividad oficial del ahora exfuncionario fue reunirse con los gobernadores, en busca de consensos para conseguir respaldos en el Congreso.<\/p>\n<p id=\"p-1777290433571-90523\"><strong>Guillermo Francos <\/strong>oficializ\u00f3 su renuncia por redes sociales, en donde explic\u00f3 que su salida se debe a <strong>&#8220;los persistentes trascendidos sobre modificaciones en el Gabinete Nacional<\/strong>&#8221; y se\u00f1al\u00f3 que su objetivo es que la gesti\u00f3n &#8220;pueda afrontar sin condicionamientos la etapa de gobierno que se inicia luego de las elecciones nacionales&#8221;.<\/p>\n<figure id=\"8118570-Libre-638721009_wrap\" class=\"embed_cont type_imagen\" contenteditable=\"false\">\n<p>Guillermo Francos informe de Gesti\u00f3n agosto <span onclick=\"parent.parent.TinyMCETdcuerpo.preview_embed('8118570-Libre-638721009')\" class=\"embed_colapse less\" id=\"8118570-Libre-638721009_colapse\"\/>  <span onclick=\"parent.parent.TinyMCETdcuerpo.delete_embed('8118570-Libre-638721009')\" class=\"embed_delete less\" id=\"8118570-Libre-638721009_delete\"\/><\/p>\n<div id=\"8118570-Libre-638721009_content\" class=\"embed_content\"><img data-td-src-property=\"https:\/\/media.ambito.com\/p\/e708aad9af96de6462bc82ca1193ce16\/adjuntos\/239\/imagenes\/042\/709\/0042709637\/guillermo-francos-informe-gestion-agosto.jpeg\" alt=\"\" title=\"\" width=\"730\" height=\"273\" id=\"8118570-Libre-638721009_embed\"\/><\/div><figcaption id=\"8118570-Libre-638721009_epigrafe\" class=\"embed_epigrafe\"\/>   <\/figure>\n<h2 id=\"p-1777290433571-98560\">Mariano C\u00faneo Libarona se ir\u00e1 del Ministerio de Justicia despu\u00e9s de las elecciones<\/h2>\n<p id=\"p-1777290433571-32507\">El Gobierno contin\u00faa con los <strong>cambios en el Gabinete<\/strong>, que comienzan a trascender <strong> incluso antes &#8211; y sin importar &#8211;<\/strong> cu\u00e1l sea el resultado de las elecciones legislativas del pr\u00f3ximo domingo 26 de octubre.<strong> Fuentes oficiales confirmaron a \u00c1mbito el desplazamiento<\/strong> del ministro de Justicia, <strong>Mariano C\u00faneo Libarona<\/strong>, que ser\u00e1 oficializado la pr\u00f3xima semana.<\/p>\n<div contenteditable=\"false\" class=\"embed_cont type_imagen\" id=\"8010507-Libre-1495276059_wrap\">\n<p>Mariano C\u00faneo Libarona.jpg <span onclick=\"parent.parent.TinyMCETdcuerpo.preview_embed('8010507-Libre-1495276059')\" class=\"embed_colapse less\" id=\"8010507-Libre-1495276059_colapse\"\/>  <span onclick=\"parent.parent.TinyMCETdcuerpo.delete_embed('8010507-Libre-1495276059')\" class=\"embed_delete less\" id=\"8010507-Libre-1495276059_delete\"\/><\/p>\n<div id=\"8010507-Libre-1495276059_content\" class=\"embed_content\"><img data-td-src-property=\"https:\/\/media.ambito.com\/p\/6e845317b5fba68c43ae8b21ce6a8f08\/adjuntos\/239\/imagenes\/041\/995\/0041995251\/mariano-cuneo-libaronajpg.jpg\" alt=\"\" title=\"\" width=\"689\" height=\"460\" id=\"8010507-Libre-1495276059_embed\"\/><\/div>\n<\/p><\/div>\n<p id=\"p-1777290433571-74874\">La futura salida de C\u00faneo Libarona &#8211; de la que resta solo la oficializaci\u00f3n &#8211; <strong>es parte del plan de cambios en el Gabinete que ya hab\u00eda sido adelantado desde Casa Rosada<\/strong>.<\/p>\n<h2 id=\"p-1777290433571-27277\">Renunci\u00f3 a la Canciller\u00eda Gerardo Werthein<\/h2>\n<p id=\"p-1777290433571-7377\">Este mi\u00e9rcoles se conoci\u00f3 que Werthein present\u00f3 su renuncia ante el Presidente. La dimisi\u00f3n se da <strong>en medio de una crisis en el Gobierno a d\u00edas de las elecciones legislativas del domingo <\/strong>que se juegan como una plebiscito para la gesti\u00f3n libertaria.<\/p>\n<p id=\"p-1777290433571-54398\">En la v\u00edspera, el jefe de Estado adelant\u00f3 que <strong>los cambios en el equipo del Gobierno llegar\u00edan despu\u00e9s del domingo <\/strong>con los resultados electorales en mano. Sin embargo, el ahora excanciller hizo caso omiso a esas declaraciones y <strong>present\u00f3 su renuncia horas antes de los comicios.<\/strong><\/p>\n<div contenteditable=\"false\" class=\"embed_cont type_imagen\" id=\"8072483-Libre-1068899462_wrap\">\n<p> Gerardo Werthein.jpg <span onclick=\"parent.parent.TinyMCETdcuerpo.preview_embed('8072483-Libre-1068899462')\" class=\"embed_colapse less\" id=\"8072483-Libre-1068899462_colapse\"> <\/span> <span onclick=\"parent.parent.TinyMCETdcuerpo.delete_embed('8072483-Libre-1068899462')\" class=\"embed_delete less\" id=\"8072483-Libre-1068899462_delete\"\/><\/p>\n<div id=\"8072483-Libre-1068899462_content\" class=\"embed_content\"><img data-td-src-property=\"https:\/\/media.ambito.com\/p\/722048f6756997b7a0f127de74ac253f\/adjuntos\/239\/imagenes\/042\/409\/0042409539\/730x0\/smart\/gerardo-wertheinjpg.jpg\" alt=\"La dimisi\u00f3n de Werthein se da en medio de una crisis en el Gobierno a d\u00edas de las elecciones legislativas del domingo.\" title=\"La dimisi\u00f3n de Werthein se da en medio de una crisis en el Gobierno a d\u00edas de las elecciones legislativas del domingo.\" width=\"730\" height=\"460\" id=\"8072483-Libre-1068899462_embed\"\/><\/div>\n<div class=\"embed_wrapper-cont\" id=\"p-1777290433571-60392\">\n<div id=\"8072483-Libre-1068899462_epigrafe\" class=\"embed_epigrafe\">\n<p id=\"p-1777290433571-42558\">La dimisi\u00f3n de Werthein se da en medio de una crisis en el Gobierno a d\u00edas de las elecciones legislativas del domingo.<\/p>\n<\/div><\/div>\n<\/p><\/div>\n<h2 id=\"p-1777290433571-74033\">El Gobierno despidi\u00f3 a Diego Spagnuolo, director de la Agencia de Discapacidad<\/h2>\n<p id=\"p-1777290433571-69890\">A fines de agosto de este a\u00f1o, y en medio del esc\u00e1ndalo por presuntas coimas en la <strong>Agencia Nacional de Discapacidad (ANDIS)<\/strong>, el Gobierno desvincul\u00f3 a su titular de entonces <strong>Diego Spagnuolo<\/strong>, luego de que se filtraran audios donde reconoc\u00eda el pago de coimas por quinientos mil d\u00f3lares mensuales por parte de una empresa vinculada al presidente de la <strong> C\u00e1mara de Diputados<\/strong>, <strong> Mart\u00edn Menem<\/strong>.<\/p>\n<p id=\"p-1777290433571-4217\">El dinero estar\u00eda vinculado a la <strong>recaudaci\u00f3n ilegal en la compra de medicamentos y servicios asociados<\/strong>. La investigaci\u00f3n sobre el presunto delito estar\u00e1 a cargo del fiscal<strong> Franco Picardi<\/strong>.<\/p>\n<div contenteditable=\"false\" class=\"embed_cont type_imagen\" id=\"8126115-Libre-942550050_wrap\">\n<p>Diego Spagnuolo <span onclick=\"parent.parent.TinyMCETdcuerpo.preview_embed('8126115-Libre-942550050')\" class=\"embed_colapse less\" id=\"8126115-Libre-942550050_colapse\"\/>  <span onclick=\"parent.parent.TinyMCETdcuerpo.delete_embed('8126115-Libre-942550050')\" class=\"embed_delete less\" id=\"8126115-Libre-942550050_delete\"\/><\/p>\n<div id=\"8126115-Libre-942550050_content\" class=\"embed_content\"><img data-td-src-property=\"https:\/\/media.ambito.com\/p\/d4cc25bf1bb8abd47dcd07dcf78d1cb5\/adjuntos\/239\/imagenes\/042\/759\/0042759782\/diego-spagnuolo.jpg\" alt=\"Otra ida del Gobierno que reson\u00f3 este a\u00f1o fue la desvinculaci\u00f3n de Diego Spagnuolo por la causa ANDIS.\" title=\"Otra ida del Gobierno que reson\u00f3 este a\u00f1o fue la desvinculaci\u00f3n de Diego Spagnuolo por la causa ANDIS.\" width=\"730\" height=\"410\" id=\"8126115-Libre-942550050_embed\"\/><\/div>\n<div class=\"embed_wrapper-cont\" id=\"p-1777290433571-47160\">\n<div id=\"8126115-Libre-942550050_epigrafe\" class=\"embed_epigrafe\">\n<p id=\"p-1777290433571-41661\">Otra ida del Gobierno que reson\u00f3 este a\u00f1o fue la desvinculaci\u00f3n de Diego Spagnuolo por la causa ANDIS.<\/p>\n<\/div><\/div>\n<\/p><\/div>\n<h2 id=\"p-1777290433571-61534\">El Gobierno desplaz\u00f3 al titular de la SIGEN, Miguel Blanco<\/h2>\n<p id=\"p-1777290433571-15971\">Un mes antes, en julio de este a\u00f1o, tambi\u00e9n fue desplazado <strong>Miguel Blanco<\/strong><strong> de su cargo<\/strong> como titular de la <strong>Sindicatura General de la Naci\u00f3n (SIGEN)<\/strong>. El funcionario hab\u00eda sido designado el 21 de diciembre de 2023 &#8211; a poco m\u00e1s de 1 semana de la llegada de<strong> Javier Milei<\/strong> al poder &#8211; mediante el <strong>decreto 68\/2023<\/strong>.<\/p>\n<p id=\"p-1777290433571-68703\">Fuentes con <strong>despacho en Casa Rosada <\/strong>explicaron a este medio que una vez que se tom\u00f3 la decisi\u00f3n, Blanco fue notificado por medio de <strong>Mar\u00eda Ibarzabal Murphy<\/strong>, titular de la<strong> Secretar\u00eda de Legal y T\u00e9cnica de la Presidencia<\/strong> y mano derecha de <strong>Santiago Caputo<\/strong>. Aunque Blanco reclam\u00f3 argumentos, no le fueron dados.<\/p>\n<h2 id=\"p-1777290433571-15593\">Tras las cr\u00edticas a las medidas econ\u00f3micas, el Gobierno ech\u00f3 a Teddy Karagozian del Consejo de Asesores de Javier Milei<\/h2>\n<p id=\"p-1777290433571-53342\">En julio de 2024, luego de cr\u00edticas al plan econ\u00f3mico y a las recientes medidas de Luis Caputo, el Gobierno decidi\u00f3 apartar al empresario textil Teddy Karagozian del Consejo de Asesores del presidente Javier Milei.<\/p>\n<p id=\"p-1777290433571-88979\">La decisi\u00f3n fue anunciada por el vocero presidencial <strong>Manuel Adorni <\/strong>este mi\u00e9rcoles, a trav\u00e9s de un posteo en la red social X (ex Twitter). &#8220;Demian Reidel, Jefe de Asesores del Presidente de la Naci\u00f3n, ha tomado la decisi\u00f3n de apartar del Consejo que preside a uno de sus miembros: Teddy Karagozian&#8221; public\u00f3.<\/p>\n<p id=\"p-1777290433571-43412\">El malestar del Poder Ejecutivo se gener\u00f3 luego de que el empresario textil asegurara que <strong>no vislumbra la recuperaci\u00f3n econ\u00f3mica que vaticina el mandatario, al tiempo que tambi\u00e9n asegur\u00f3 que<\/strong> <strong>no va a suceder.<\/strong><\/p>\n<div contenteditable=\"false\" class=\"embed_cont type_imagen\" id=\"7958214-Libre-2100850246_wrap\">\n<p> garro milei.jpg <span onclick=\"parent.parent.TinyMCETdcuerpo.preview_embed('7958214-Libre-2100850246')\" class=\"embed_colapse less\" id=\"7958214-Libre-2100850246_colapse\"> <\/span> <span onclick=\"parent.parent.TinyMCETdcuerpo.delete_embed('7958214-Libre-2100850246')\" class=\"embed_delete less\" id=\"7958214-Libre-2100850246_delete\"\/><\/p>\n<div id=\"7958214-Libre-2100850246_content\" class=\"embed_content\"><img data-td-src-property=\"https:\/\/media.ambito.com\/p\/42dbb94478748503425b2bb5d5a2b3b4\/adjuntos\/239\/imagenes\/041\/672\/0041672406\/730x0\/smart\/garro-mileijpg.jpg\" alt=\"Julio Garro, exsubsecretario de Deportes, junto a Javier Milei.\" title=\"Julio Garro, exsubsecretario de Deportes, junto a Javier Milei.\" width=\"730\" height=\"undefined\" id=\"7958214-Libre-2100850246_embed\"\/><\/div>\n<div id=\"7958214-Libre-2100850246_epigrafe\" class=\"embed_epigrafe\">\n<p id=\"p-1777290433571-8847\"> Julio Garro, exsubsecretario de Deportes, junto a Javier Milei.<\/p>\n<\/div><\/div>\n<h2 id=\"p-1777290433571-84601\">Echaron al secretario de Agricultura, Fernando Vilella<\/h2>\n<p id=\"p-1777290433571-47635\">El Gobierno ech\u00f3 al ingeniero <strong>Fernando Vilella<\/strong> del cargo de Secretario de Bioeconom\u00eda de la Naci\u00f3n, que en rigor ahora dem\u00e1s volver\u00e1 a denominarse de Agricultura, Ganader\u00eda y Pesca, y en su lugar design\u00f3 a <strong>Sergio Iraeta.<\/strong><\/p>\n<p id=\"p-1777290433571-91930\">De momento se desconocen los motivos del pedido de renuncia, aunque su gesti\u00f3n hasta el momento fue opaca, y su cartera sufri\u00f3 bajas que afectaron el funcionamiento. Adem\u00e1s, se da en momento de tensi\u00f3n con el campo.<\/p>\n<p id=\"p-1777290433571-21058\">Por su parte, Iraeta se desempe\u00f1aba hasta hoy como Subsecretario de Producci\u00f3n Agropecuaria y Forestal.<\/p>\n<p id=\"p-1777290433571-82237\">Seg\u00fan inform\u00f3 oficialmente el Gobierno, el abogado y productor agropecuario <strong>&#8220;seguir\u00e1 trabajando en l\u00ednea con los objetivos del presidente Javier Milei de reducir la estructura burocr\u00e1tica del Estado, de potenciar las capacidades de los productores agropecuarios, de generar las condiciones para aumentar la competitividad y de seguir abriendo nuevos mercados para la heterog\u00e9nea producci\u00f3n agropecuaria nacional&#8221;.<\/strong><\/p>\n<h2 id=\"p-1777290433571-29995\">Cambios en el Gabinete: renunci\u00f3 Nicol\u00e1s Posse y Milei desplaza al titular de la AFI<\/h2>\n<p id=\"p-1777290433571-13850\">A horas de emprender su viaje a Estados Unidos, el presidente Javier Milei finalmente decidi\u00f3 correr de su cargo al jefe de Gabinete, Nicol\u00e1s Posse, tras d\u00edas de incertidumbre sobre su continuidad en el Gobierno. El actual ministro de Interior, Guillermo Francos, ser\u00e1 quien lo reemplace en el cargo.<\/p>\n<p id=\"p-1777290433571-44256\">El Gobierno comunic\u00f3 la noticia a trav\u00e9s de un comunicado de la <strong>Oficina del Presidente<\/strong> donde detall\u00f3 que las razones de su salida estuvieron en <strong>&#8220;la diferencia de criterios y expectativas en la marcha del Gobierno y las tareas encomendadas&#8221;.<\/strong><\/p>\n<p id=\"p-1777290433571-3464\">El presidente Javier Milei purg\u00f3 el Gabinete. Junto Nicol\u00e1s Posse ech\u00f3 a Silvestre S\u00edvori titular de la Agencia Federal de Inteligencia (AFI), y hombre vinculado al ahora exjefe de Gabinete. S\u00edvori, junto a Posse, quedaron en la mira luego de que circularan versiones que indicaban que desde la AFI se hicieron investigaciones de funcionarios del propio Gobierno.<\/p>\n<div contenteditable=\"false\" class=\"embed_cont type_imagen\" id=\"7938864-Libre-1021659701_wrap\">\n<p>nicolas posse <span onclick=\"parent.parent.TinyMCETdcuerpo.preview_embed('7938864-Libre-1021659701')\" class=\"embed_colapse less\" id=\"7938864-Libre-1021659701_colapse\"\/>  <span onclick=\"parent.parent.TinyMCETdcuerpo.delete_embed('7938864-Libre-1021659701')\" class=\"embed_delete less\" id=\"7938864-Libre-1021659701_delete\"\/><\/p>\n<div id=\"7938864-Libre-1021659701_content\" class=\"embed_content\"><img data-td-src-property=\"https:\/\/media.ambito.com\/p\/050d4c3715049946b308750e62957bf6\/adjuntos\/239\/imagenes\/041\/541\/0041541316\/nicolas-posse.jpg\" alt=\"Nicol\u00e1s Posse, exjefe de Gabinete.\" title=\"Nicol\u00e1s Posse, exjefe de Gabinete.\" width=\"599\" height=\"460\" id=\"7938864-Libre-1021659701_embed\"\/><\/div>\n<div id=\"7938864-Libre-1021659701_epigrafe\" class=\"embed_epigrafe\">\n<p id=\"p-1777290433571-67294\"> Nicol\u00e1s Posse, exjefe de Gabinete.<\/p>\n<\/div>\n<p>Reuters<\/p>\n<\/div>\n<h2 id=\"p-1777290433571-63278\">Renunci\u00f3 el n\u00famero dos de Sandra Pettovello en Capital Humano<\/h2>\n<p id=\"p-1777290433571-67141\" data-mrf-recirculation=\"Links p\u00e1rrafos (art\u00edculo)\">El exsecretario de <strong>Legal y T\u00e9cnica del Ministerio de Capital Humano, Maximiliano Keczeli,<\/strong> dur\u00f3 apenas cinco meses en el cargo.<\/p>\n<p id=\"p-1777290433571-49326\" data-mrf-recirculation=\"Links p\u00e1rrafos (art\u00edculo)\">Keczeli es ingeniero industrial y ocup\u00f3 tres lugares en el armado libertario en lo que va de gesti\u00f3n de javier Milei. El 5 de enero pasado fue designado al frente del Consejo de Pol\u00edticas Sociales \u2013el cargo del que fue desplazado Hita\u2013 y, apenas nueve d\u00edas despu\u00e9s de aquel nombramiento pas\u00f3 a la secretar\u00eda de Coordinaci\u00f3n Legal, tambi\u00e9n bajo la \u00f3rbita de Pettovello.<\/p>\n<p id=\"p-1777290433571-86434\" data-mrf-recirculation=\"Links p\u00e1rrafos (art\u00edculo)\">Luego, a mediados de febrero, sin despegarse de la secretar\u00eda, fue nombrado como interventor interino del INCAA.<\/p>\n<h2 id=\"p-1777290433571-22096\">Tras la salida de Omar Yas\u00edn, renunci\u00f3 la subsecretaria de Trabajo<\/h2>\n<p id=\"p-1777290433571-88661\">Como le confirmaron a <strong>\u00c1mbito<\/strong>, <strong>Mariana Hortal Sueldo<\/strong> <strong>renunci\u00f3<\/strong> a su cargo de subsecretaria de Relaciones del Trabajo de la Secretar\u00eda de Trabajo, Empleo y Seguridad. As\u00ed, se suma otra funcionaria que se va del <strong>Ministerio de Capital Humano.<\/strong><\/p>\n<p id=\"p-1777290433571-28758\"><strong> Hortal Sueldo <\/strong>secundaba al secretario de Trabajo, <strong>Omar Yas\u00edn<\/strong>. Su nombramiento se hab\u00eda hecho el 15 de febrero pasado luego de que el ala dura del Gobierno desplazara de ese puesto a <strong>Horacio Pitrau, <\/strong>a quien responsabilizaron de promover una estrategia <strong>negociadora<\/strong> con el sindicalismo.<\/p>\n<p id=\"p-1777290433571-16488\">Adem\u00e1s, la abogada tiene lazos con el exministro de Trabajo <strong>Jorge Triaca<\/strong>, ya que lo asesor\u00f3 cuando fue diputado nacional del bloque del PRO. Otra conexi\u00f3n son los negocios en com\u00fan con la esposa de Triaca, Clarisa Loccisano, ya que integran desde 2018 la consultora Eficci, as\u00ed como tambi\u00e9n fueron socias del estudio Loccisano, Hortal Sueldo y Asociados entre 2004 y 2011.<\/p>\n<div contenteditable=\"false\" class=\"embed_cont type_imagen\" id=\"7889504-Libre-607381936_wrap\">\n<p>Mariana Hortal sueldo (1).jpg <span onclick=\"parent.parent.TinyMCETdcuerpo.preview_embed('7889504-Libre-607381936')\" class=\"embed_colapse less\" id=\"7889504-Libre-607381936_colapse\"\/>  <span onclick=\"parent.parent.TinyMCETdcuerpo.delete_embed('7889504-Libre-607381936')\" class=\"embed_delete less\" id=\"7889504-Libre-607381936_delete\"\/><\/p>\n<div id=\"7889504-Libre-607381936_content\" class=\"embed_content\"><img data-td-src-property=\"https:\/\/media.ambito.com\/p\/3049d633baea85089a33145bc0d5f063\/adjuntos\/239\/imagenes\/041\/248\/0041248281\/730x0\/smart\/mariana-hortal-sueldo-1jpg.jpg\" alt=\"\" title=\"\" width=\"730\" height=\"undefined\" id=\"7889504-Libre-607381936_embed\"\/><\/div>\n<\/p><\/div>\n<h2 id=\"p-1777290433571-50242\">Renunciaron el funcionario vinculado al aumento salarial de Javier Milei y la militante designada en el Renaper<\/h2>\n<p id=\"p-1777290433571-38756\">El secretario de Transformaci\u00f3n del Estado y Funci\u00f3n P\u00fablica, <strong>Armando Guibert,<\/strong> y la militante libertaria <strong>Geraldine Calvella <\/strong> designada en el <strong>Renaper<\/strong>, se sumaron a la lista de funcionarios que <strong>abandonaron su cargo<\/strong> en los primeros meses de gesti\u00f3n del presidente <strong>Javier Milei.<\/strong> Ambos presentaron la renuncia luego de haber quedado envueltos en sendas <strong>pol\u00e9micas.<\/strong><\/p>\n<p id=\"p-1777290433571-50417\"><strong> Guibert <\/strong>le comunic\u00f3 este lunes al mandatario su dimisi\u00f3n formal, a penas semanas despu\u00e9s de haber sido sindicado como quien <strong>permiti\u00f3 la firma del decreto de aumento de salaria del 45% del presidente Javier Milei, la vicepresidenta, ministros y secretarios. <\/strong>El ingeniero industrial de 75 a\u00f1os ten\u00eda un v\u00ednculo estrecho con el jefe de Gabinete, <strong>Nicol\u00e1s Posse,<\/strong> y con <strong>Federico Sturzenegger,<\/strong> quien est\u00e1 a cargo la Unidad Transitoria para la Desregulaci\u00f3n de la Econom\u00eda.<\/p>\n<p id=\"p-1777290433571-82434\">Su salida se produjo pocos d\u00eda antes de que el Gobierno deba resolver que hacer con los contratos de una cantidad de empleados p\u00fablicos a los que se les hab\u00eda prorrogado sus contratos en diciembre por tres meses. A principio de mes hab\u00eda quedado envuelto en la pol\u00e9mica por las <strong>subas del 48% en los sueldos del Presidente, la vicepresidenta, los ministros y secretarios de Estado del gobierno libertario<\/strong>, por la cual <strong>Milei al final desplaz\u00f3 s\u00f3lo al secretario de Trabajo,<\/strong> <strong>Omar Yasin.<\/strong><\/p>\n<p id=\"p-1777290433571-36162\"><strong> Geraldine Calvella,<\/strong> designada al frente de la Direcci\u00f3n de Fiscalizaci\u00f3n de Centros de Documentaci\u00f3n del<strong> Registro Nacional de las Personas (Renaper)<\/strong>, tambi\u00e9n tom\u00f3 la <strong>decisi\u00f3n de renunciar a su cargo <\/strong>a ra\u00edz del revuelo generado por su designaci\u00f3n en un cargo directivo a la corta edad de 23 a\u00f1os y sin la experiencia necesaria.<\/p>\n<p id=\"p-1777290433571-27998\"><strong>Calvella<\/strong> tom\u00f3 la decisi\u00f3n por el gran revuelo que gener\u00f3 su arribo al Renaper en redes sociales. <strong>Su sueldo millonario y sus 23 a\u00f1os, casi sin experiencia laboral, motorizaron una serie de fuerte criticas por su designaci\u00f3n.<\/strong><\/p>\n<p id=\"p-1777290433571-12132\">La joven es oriunda del partido bonaerense de Saladillo y<strong> su \u00fanica experiencia laboral es haber sido &#8220;asesor pol\u00edtico&#8221; en la C\u00e1mara de Diputados<\/strong>, seg\u00fan su perfil en la red social Linkedin. Seg\u00fan trascendi\u00f3 en redes sociales, <strong>fue designada al frente de una Direcci\u00f3n en el RENAPER el 15 de enero, con un sueldo bruto de 2.732.002,60 pesos:<\/strong> una imagen de su recibo de sueldo se viraliz\u00f3, para desatar la pol\u00e9mica y los cuestionamientos al presidente Javier Milei por el nombramiento de militantes en la estructura gubernamental.<\/p>\n<h2 id=\"p-1777290433571-41351\">Alejandro Guglielmi fue desplazado de la Casa Militar por el Gobierno<\/h2>\n<p id=\"p-1777290433571-37556\">El Gobierno desplaz\u00f3 a<strong> Alejandro Guglielmi<\/strong>, jefe de la Casa Militar, el \u00f3rgano mixto de militares y civiles que se encarga de la seguridad presidencial, la Casa Rosada y la Residencia Oficial de Olivos.<\/p>\n<p id=\"p-1777290433571-8275\">Guglielmi hab\u00eda llegado al cargo durante la administraci\u00f3n de<strong> Mauricio Macri<\/strong> y se mantuvo tambi\u00e9n durante los cuatro a\u00f1os de <strong>Alberto Fern\u00e1ndez<\/strong>.<\/p>\n<div contenteditable=\"false\" class=\"embed_cont type_imagen\" id=\"7913338-Libre-1928620273_wrap\">\n<p>ALEJANDRO GUGLIELMI.avif <span onclick=\"parent.parent.TinyMCETdcuerpo.preview_embed('7913338-Libre-1928620273')\" class=\"embed_colapse less\" id=\"7913338-Libre-1928620273_colapse\"\/>  <span onclick=\"parent.parent.TinyMCETdcuerpo.delete_embed('7913338-Libre-1928620273')\" class=\"embed_delete less\" id=\"7913338-Libre-1928620273_delete\"\/><\/p>\n<div id=\"7913338-Libre-1928620273_content\" class=\"embed_content\"><img data-td-src-property=\"https:\/\/media.ambito.com\/p\/3e2b3a4d4cfd22d5dd0d2845234e3c68\/adjuntos\/239\/imagenes\/041\/386\/0041386896\/730x0\/smart\/alejandro-guglielmiavif.avif\" alt=\"\" title=\"\" width=\"730\" height=\"undefined\" id=\"7913338-Libre-1928620273_embed\"\/><\/div>\n<p>T\u00e9lam<\/p>\n<\/div>\n<p id=\"p-1777290433571-66710\">Su desplazamiento trascendi\u00f3 este viernes en Casa Rosada pero a\u00fan no se hab\u00eda comunicado la noticia de manera oficial y, por ende, tampoco se sab\u00eda el nombre del militar que lo suceder\u00e1 en el cargo.<\/p>\n<p id=\"p-1777290433571-96754\">Como la <strong>Casa Militar <\/strong>se encuentra bajo la \u00f3rbita de la Secretar\u00eda General de la Presidencia, que comanda <strong>Karina Milei<\/strong>, vinculan la remoci\u00f3n del jefe a un posible desencuentro con la hermana del Presidente, que por esos roces habr\u00eda tomado la determinaci\u00f3n de desplazarlo del cargo.<\/p>\n<h2 id=\"p-1777290433571-76845\">Uno a uno, todas las renuncias del Gobierno de Milei<\/h2>\n<ul id=\"p-1777291278815-86397\">\n<li id=\"p-1777291276497-34512\"><strong>Carlos Frugoni, <\/strong>secretario de Coordinaci\u00f3n de Infraestructura. Dej\u00f3 su cargo el 26 de abril de 2026<\/li>\n<li id=\"p-1777291144701-94000\"><strong>Demian Reidel, <\/strong>presidente de Nucleoel\u00e9ctrica Argentina. Dej\u00f3 su cargo el 9 de febrero de 2026<\/li>\n<li id=\"p-1777290433571-98340\"><strong>Marco Lavagna<\/strong>, titular del Instituto Nacional de Estad\u00edstica y Censos (INDEC). Dej\u00f3 su cargo el 2 de febrero de 2026<\/li>\n<li id=\"p-1777290433571-78355\"><strong>Paul Starc<\/strong>, presidente de la UIF. Dej\u00f3 su cargo el 22 de enero 2026<\/li>\n<li id=\"p-1777290433571-43819\"><strong>Carlos Casares,<\/strong> titular del Ente Regulador del Gas (ENARGAS). Dej\u00f3 su cargo el 22 de enero de 2026<\/li>\n<li id=\"p-1777290433571-35301\"><strong>Gerardo Bosch\u00edn<\/strong>, presidente de Trenes Argentinos Operaciones. Dej\u00f3 su cargo el 21 de enero de 2026.<\/li>\n<li id=\"p-1777290433571-14655\"><strong>Leonardo Compelatore<\/strong>, presidente de Trenes Argentinos Infraestructura. Dej\u00f3 su cargo el 21 de enero de 2026.<\/li>\n<li id=\"p-1777290433571-8381\"><strong>Luis Pierrini<\/strong>, secretario de Transporte de la Naci\u00f3n. Dej\u00f3 su cargo el 21 de enero de 2026.<\/li>\n<li id=\"p-1777290433571-72306\"><strong>Lisandro Catal\u00e1n, <\/strong>ministro del Interior. Dej\u00f3 su cargo el 31 de octubre de 2025.<\/li>\n<li id=\"p-1777290433571-59664\"><strong>Guillermo Francos<\/strong>, jefe de Gabinete. Dej\u00f3 su cargo el 31 de octubre de 2025.<\/li>\n<li id=\"p-1777290433571-10294\"><strong>Gerardo Werthein, <\/strong>Canciller. Dej\u00f3 su cargo el 22 de octubre de 2025.<\/li>\n<li id=\"p-1777290433571-14972\"><strong>Diego Spagnuolo, <\/strong>titular de la Agencia Nacional de Discapacidad. Dej\u00f3 su cargo el 20 de agosto de 2025.<\/li>\n<li id=\"p-1777290433571-92794\"><strong>Miguel Blanco, <\/strong>titular de la Sindicatura General de la Naci\u00f3n. Dej\u00f3 su cargo el 18 de julio de 2025.<\/li>\n<li id=\"p-1777290433571-58038\"><strong>Osvaldo Giordano Director<\/strong>, Director Ejecutivo de ANSES. Dej\u00f3 su cargo el 9 de febrero de 2024.<\/li>\n<li id=\"p-1777290433571-11684\"><strong>Marcelo Papandrea<\/strong>, presidente de AYSA. Dej\u00f3 su cargo el 9 de febrero de 2024.<\/li>\n<li id=\"p-1777290433571-64209\"><strong>Juan Manuel Troncoso<\/strong>, presidente de BicE. Dej\u00f3 su cargo el 8 de mayo de 2024.<\/li>\n<li id=\"p-1777290433571-65505\"><strong>Horacio Pitrau<\/strong>, secretario de Trabajo, Empleo y Seguridad. Dej\u00f3 su cargo el 6 de enero de 2024.<\/li>\n<li id=\"p-1777290433571-28355\"><strong>Ricardo Spartano<\/strong>, subsecretario de Gesti\u00f3n Administrativa. Dej\u00f3 su cargo el 31 de enero de 2024.<\/li>\n<li id=\"p-1777290433571-53107\"><strong>Pablo Rodrigu\u00e9<\/strong>, subsecretario de Pol\u00edticas Sociales. Dej\u00f3 su cargo el 15 de febrero de 2024.<\/li>\n<li id=\"p-1777290433571-22901\"><strong>Agust\u00edn S\u00e1nchez Sorondo<\/strong> , subsecretario Administrativo. Dej\u00f3 su cargo el 15 de febrero de 2024.<\/li>\n<li id=\"p-1777290433571-55844\"><strong>Rodrigo Aybar<\/strong>, subsecretario de Econom\u00eda Social. Dej\u00f3 su cargo el 4 de marzo de 2024.<\/li>\n<li id=\"p-1777290433571-84525\"><strong>Omar Yas\u00edn<\/strong>, secretario de Trabajo, Empleo y Seguridad. Dej\u00f3 su cargo el 11 de marzo de 2024.<\/li>\n<li id=\"p-1777290433571-16660\"><strong>Mariana Hortal Sueldo<\/strong>, subsecretaria de Relaciones del Trabajo. Dej\u00f3 su cargo el 4 de abril de 2024.<\/li>\n<li id=\"p-1777290433571-69394\"><strong>Liliana Acosta de Archimbal<\/strong>, subsecretaria de Relaciones del Trabajo. Dej\u00f3 su cargo el 22 de mayo de 2024.<\/li>\n<li id=\"p-1777290433571-23494\"><strong>Maximiliano Keczel<\/strong>, secretario de Coordinaci\u00f3n Legal y Administrativa. Dej\u00f3 su cargo el 23 de abril de 2024.<\/li>\n<li id=\"p-1777290433571-58695\"><strong>Luis Palomino<\/strong>, subsecretar\u00eda de Empleo. Dej\u00f3 su cargo el 16 de mayo de 2024.<\/li>\n<li id=\"p-1777290433571-81167\"><strong>Carlos Becker Fioretti<\/strong>, titular de la Unidad de Gabinete de Asesores. Dej\u00f3 su cargo el 7 de mayo de 2024.<\/li>\n<li id=\"p-1777290433571-12866\"><strong>Flavia Roy\u00f3n,<\/strong> secretaria de Miner\u00eda. Dej\u00f3 su cargo el 9 de febrero de 2024.<\/li>\n<li id=\"p-1777290433571-71698\"><strong>Pedro<\/strong> <strong>Vignaeau,<\/strong> subsecretario de Fortalecimiento Productivo y Sustentable. Dej\u00f3 su cargo el 5 de abril de 2024.<\/li>\n<li id=\"p-1777290433571-84334\"><strong>Germ\u00e1n<\/strong> <strong>Di Bella,<\/strong> subsecretario de Agricultura. Dej\u00f3 su cargo el 5 de abril de 2024.<\/li>\n<li id=\"p-1777290433571-52817\"><strong>Sergio Falzone,<\/strong> subsecretario de Energ\u00eda El\u00e9ctrica. Dej\u00f3 su cargo el 19 de abril de 2024.<\/li>\n<li id=\"p-1777290433571-44374\"><strong>Pablo Piccirilu<\/strong> <strong>Francos,<\/strong> subsecretario de Puertos y V\u00edas Navegables. Dej\u00f3 su cargo el 30 de abril de 2024.<\/li>\n<li id=\"p-1777290433571-29169\"><strong>Rosana Lodovico,<\/strong> directora General de Aduanas. Dej\u00f3 su cargo el 16 de mayo de 2024.<\/li>\n<li id=\"p-1777290433571-41734\"><strong>Guillermo Ferraro,<\/strong> ministro de Intraestructura. Dej\u00f3 su cargo el 26 de febrero de 2024.<\/li>\n<li id=\"p-1777290433571-74910\"><strong>Ricardo Schlleper,<\/strong> subsecretario de Deportes interior. Dej\u00f3 su cargo el 31 de enero de 2024.<\/li>\n<li id=\"p-1777290433571-31949\"><strong>Armando Guibert,<\/strong> secretario de Transformaci\u00f3n del Estado y Funci\u00f3n P\u00fablica Jefatura de Gabinete. Dej\u00f3 su cargo el 18 de marzo de 2024.<\/li>\n<li id=\"p-1777290433571-46171\"><strong>Ricardo<\/strong> <strong>Mart\u00edn Boccacci,<\/strong> subsecretario de Empleo P\u00fablico, Jefatura de Gabinete. Dej\u00f3 su cargo el 21 de marzo de 2024.<\/li>\n<li id=\"p-1777290433571-34880\"><strong>Nicol\u00e1s Posse,<\/strong> Jefe de Gabinete de Ministros Jefatura de Gabinete. Dej\u00f3 su cargo el 27 de mayo de 2024.<\/li>\n<li id=\"p-1777290433571-31089\"><strong>Diego Guerendiain,<\/strong> titular de la Unidad de Gabinete de Asesores Justicia. Dej\u00f3 su cargo el 14 de mayo de 2024.<\/li>\n<li id=\"p-1777290433571-50697\"><strong>Eduardo Roust,<\/strong> secretario de Medios. Dej\u00f3 su cargo el 16 de diciembre de 2024.<\/li>\n<li id=\"p-1777290433571-60933\"><strong>Bel\u00e9n Stettler,<\/strong> secretaria de Medios. Dej\u00f3 su cargo el 29 de diciembre de 2024.<\/li>\n<li id=\"p-1777290433571-2822\"><strong>Enrique Rodr\u00edguez Chiantore,<\/strong> superintendente de Servicios de Salud. Dej\u00f3 su cargo el 25 de enero de 2024.<\/li>\n<li id=\"p-1777290433571-88370\"><strong>Gustavo Panera,<\/strong> secretario de Gesti\u00f3n Administrativa. Dej\u00f3 su cargo el 30 de abril de 2024.<\/li>\n<li id=\"p-1777290433571-30980\"><strong>Sebasti\u00e1n Garc\u00eda de Luca,<\/strong> secretario de Articulaci\u00f3n Federal. Dej\u00f3 su cargo el 27 de febrero de 2024.<\/li>\n<li id=\"p-1777290433571-15430\"><strong>Alejandro Guglielmi,<\/strong> jefe de la Casa Militar. Dej\u00f3 su cargo el 15 de marzo de 2024.<\/li>\n<li id=\"p-1777290433571-79295\"><strong>Geraldine Calvella<\/strong>, titular del Renaper. Dej\u00f3 su cargo el 19 de marzo de 2024.<\/li>\n<li id=\"p-1777290433571-87538\"><strong>Fernando Vilella<\/strong>, secretario de Agricultura. Dej\u00f3 su cargo el 8 de julio de 2024.<\/li>\n<li id=\"p-1777290433571-65805\"><strong> Teddy Karagozian<\/strong>, miembro del Consejo de Asesores del presidente Javier Milei. Dej\u00f3 su cargo el 17 de julio de 2024.<\/li>\n<li id=\"p-1777290433571-83481\"><strong>Fausto Spotorno<\/strong>, miembro del Consejo de Asesores. Dej\u00f3 su cargo el 7 de julio de 2024.<\/li>\n<li id=\"p-1777290433571-16126\"><strong>Julio Garro<\/strong>, subsecretario de Deportes. Dej\u00f3 su cargo el 17 de julio de 2024.<\/li>\n<\/ul><\/div>\n<p><script>\n!function(f,b,e,v,n,t,s)\n{if(f.fbq)return;n=f.fbq=function(){n.callMethod?\nn.callMethod.apply(n,arguments):n.queue.push(arguments)};\nif(!f._fbq)f._fbq=n;n.push=n;n.loaded=!0;n.version='2.0';\nn.queue=[];t=b.createElement(e);t.async=!0;\nt.src=v;s=b.getElementsByTagName(e)[0];\ns.parentNode.insertBefore(t,s)}(window,document,'script',\n'\nfbq('init', '2047048335588113');\nfbq('track', 'PageView');\n<\/script><\/p>\n","protected":false},"excerpt":{"rendered":"<p>Tras meses de rumores, Mariano C\u00faneo Libarona renunci\u00f3 al Ministerio de Justicia Luego de meses de debate sobre su continuidad, Mariano C\u00faneo Libarona renunci\u00f3 a su cargo al frente del Ministerio de Justicia. Su reemplazante ser\u00e1 Juan Bautista Mahiques quien ocupaba el cargo de Ministerio P\u00fablico Fiscal de la Ciudad Aut\u00f3noma de Buenos Aires. La [&hellip;]<\/p>\n","protected":false},"author":1,"featured_media":8196,"comment_status":"open","ping_status":"open","sticky":false,"template":"","format":"standard","meta":{"footnotes":""},"categories":[1],"tags":[2213],"class_list":["post-8195","post","type-post","status-publish","format-standard","has-post-thumbnail","hentry","category-uncategorized","tag-manuel-troncoso"],"_links":{"self":[{"href":"https:\/\/cliente1.publisher.highstack.com.ar\/index.php?rest_route=\/wp\/v2\/posts\/8195","targetHints":{"allow":["GET"]}}],"collection":[{"href":"https:\/\/cliente1.publisher.highstack.com.ar\/index.php?rest_route=\/wp\/v2\/posts"}],"about":[{"href":"https:\/\/cliente1.publisher.highstack.com.ar\/index.php?rest_route=\/wp\/v2\/types\/post"}],"author":[{"embeddable":true,"href":"https:\/\/cliente1.publisher.highstack.com.ar\/index.php?rest_route=\/wp\/v2\/users\/1"}],"replies":[{"embeddable":true,"href":"https:\/\/cliente1.publisher.highstack.com.ar\/index.php?rest_route=%2Fwp%2Fv2%2Fcomments&post=8195"}],"version-history":[{"count":1,"href":"https:\/\/cliente1.publisher.highstack.com.ar\/index.php?rest_route=\/wp\/v2\/posts\/8195\/revisions"}],"predecessor-version":[{"id":8197,"href":"https:\/\/cliente1.publisher.highstack.com.ar\/index.php?rest_route=\/wp\/v2\/posts\/8195\/revisions\/8197"}],"wp:featuredmedia":[{"embeddable":true,"href":"https:\/\/cliente1.publisher.highstack.com.ar\/index.php?rest_route=\/wp\/v2\/media\/8196"}],"wp:attachment":[{"href":"https:\/\/cliente1.publisher.highstack.com.ar\/index.php?rest_route=%2Fwp%2Fv2%2Fmedia&parent=8195"}],"wp:term":[{"taxonomy":"category","embeddable":true,"href":"https:\/\/cliente1.publisher.highstack.com.ar\/index.php?rest_route=%2Fwp%2Fv2%2Fcategories&post=8195"},{"taxonomy":"post_tag","embeddable":true,"href":"https:\/\/cliente1.publisher.highstack.com.ar\/index.php?rest_route=%2Fwp%2Fv2%2Ftags&post=8195"}],"curies":[{"name":"wp","href":"https:\/\/api.w.org\/{rel}","templated":true}]}}