{"id":8189,"date":"2026-04-27T07:03:12","date_gmt":"2026-04-27T10:03:12","guid":{"rendered":"https:\/\/cliente1.publisher.highstack.com.ar\/?p=8189"},"modified":"2026-04-27T07:03:12","modified_gmt":"2026-04-27T10:03:12","slug":"semana-presidencial-reuniones-conferencia-y-respaldo-a-manuel-adorni-en-el-congreso","status":"publish","type":"post","link":"https:\/\/cliente1.publisher.highstack.com.ar\/?p=8189","title":{"rendered":"Semana presidencial: reuniones, conferencia y respaldo a Manuel Adorni en el Congreso"},"content":{"rendered":"<div id=\"article-content\">\n<p>Los \u00faltimos d\u00edas de abril muestran una agenda que, en apariencia, resulta rutinaria para el presidente <strong><a target=\"_blank\" href=\"https:\/\/www.perfil.com\/noticias\/politica\/presidente-javier-milei-fantasmas-paranoia.phtml\">Javier Milei<\/a>.<\/strong> El episodio pol\u00edtico m\u00e1s destacado de la semana ser\u00e1 el <strong>mi\u00e9rcoles 29<\/strong>, cuando el mandatario acompa\u00f1e a su jefe de Gabinete, <a target=\"_blank\" href=\"https:\/\/www.perfil.com\/noticias\/politica\/con-milei-al-lado-adorni-entra-en-la-boca-del-lobo-de-diputados.phtml\"><strong>Manuel Adorni<\/strong><\/a>, a presentar su informe de gesti\u00f3n en el <strong>Congreso <\/strong>de la Naci\u00f3n. Ese gesto se interpreta como una demostraci\u00f3n adicional de respaldo y blindaje hacia el funcionario, que est\u00e1 en la mira por las causas que lo investigan por presunto enriquecimiento il\u00edcito. <\/p>\n<p>Antes, este <strong>lunes 27<\/strong>, est\u00e1 previsto que el mandatario inicie la semana encabezando una <strong>reuni\u00f3n de Gabinete de ministros<\/strong> en Casa de Gobierno, junto a su hermana, la secretaria General de la Presidencia, <a target=\"_blank\" href=\"https:\/\/www.perfil.com\/noticias\/politica\/karina-milei-pareja-y-santilli-se-juntaron-y-pusieron-primera-para-el-2027-bonaerense.phtml\"><strong>Karina Milei<\/strong><\/a>. El objetivo es <strong>ajustar la agenda parlamentaria<\/strong>, definir prioridades y dise\u00f1ar la estrategia para recuperar la iniciativa pol\u00edtica e impulsar la <strong>reforma electoral<\/strong>, el proyecto que el presidente anunci\u00f3 y remiti\u00f3 al Congreso desde Israel. Se espera adem\u00e1s la participaci\u00f3n de otros referentes de La Libertad Avanza, como <strong>Patricia Bullrich<\/strong>, jefa de la bancada oficialista en el Senado.<\/p>\n<p>El <strong>martes 28<\/strong>, Javier Milei retomar\u00e1 una de sus antiguas facetas: la de <strong>disertante <\/strong>sobre econom\u00eda. A las 18 participar\u00e1 de un debate titulado \u2018<strong>Keynes y la Teor\u00eda General<\/strong>\u2019, junto al <strong>economista Juan Carlos de Pablo<\/strong> y al diputado nacional por La Libertad Avanza <strong>Adri\u00e1n Ravier<\/strong>. Ser\u00e1 en el<strong> Palacio Libertad<\/strong> (ex CCK), y se prev\u00e9 que, como es habitual, aproveche la instancia para pronunciarse sobre el rumbo de la pol\u00edtica y la econom\u00eda del pa\u00eds. <\/p>\n<h2>El D\u00eda del \u00d1oqui, Milei acompa\u00f1ar\u00e1 a Adorni en el Congreso<\/h2>\n<p>Este 29 de abril, <strong>Manuel Adorni<\/strong> ofrecer\u00e1 su primer informe de gesti\u00f3n ante la C\u00e1mara de Diputados, una instancia constitucional que se anticipa tensa y prolongada, y se anunci\u00f3 la presencia del presidente. El jefe de Gabinete expondr\u00e1 sobre la marcha del Gobierno y deber\u00e1 responder m\u00e1s de <strong>4.800 preguntas de los legisladores<\/strong> de todos los bloques durante una sesi\u00f3n que se estima durar\u00e1 unas<strong> seis horas<\/strong>. Se prev\u00e9 que comience entre las 10 y las 11, con una <strong>exposici\u00f3n <\/strong>sobre los logros de la gesti\u00f3n de aproximadamente una hora, seguida por las preguntas. <\/p>\n<p>El presidente acompa\u00f1ar\u00e1 a su jefe de Gabinete desde el <strong>palco central<\/strong>. La confirmaci\u00f3n de la presencia de Javier Milei en el recinto constituye un gesto in\u00e9dito y de <strong>fuerte respaldo pol\u00edtico<\/strong>, coherente con el blindaje que el mandatario otorga al funcionario cuestionado. Tambi\u00e9n asistir\u00e1n la secretaria General de la Presidencia, <strong>Karina Milei<\/strong> \u2014principal responsable pol\u00edtica de Manuel Adorni en el Gobierno\u2014 y <strong>varios ministros<\/strong>, que ocupar\u00e1n las bandejas junto al estrado de la Presidencia de la C\u00e1mara. Otro grupo de colaboradores se instalar\u00e1 en el <strong>Sal\u00f3n Delia Parodi<\/strong>, a pocos metros del recinto de sesiones.<\/p>\n<p>Adorni se presentar\u00e1 ante la C\u00e1mara Baja <strong>por primera vez desde que asumi\u00f3 hace 175<\/strong> <strong>d\u00edas <\/strong>como ministro coordinador, una figura creada en la reforma constitucional de 1994 y responsable de la administraci\u00f3n del Estado. Este informe de gesti\u00f3n suele ser un <strong>tr\u00e1mite rutinario<\/strong>, pero en esta ocasi\u00f3n la expectativa es grande por las <strong>causas judiciales<\/strong> que enfrenta el funcionario. <\/p>\n<div style=\"text-align:center\">\n<figure class=\"image\" style=\"display:inline-block\"><picture><source media=\"(max-width: 440px)\" srcset=\"https:\/\/fotos.perfil.com\/\/\/2026\/04\/23\/440\/0\/manuel-adorni-23042026-2226402.jpg?webp\"\/><source media=\"(max-width: 1019px)\" srcset=\"https:\/\/fotos.perfil.com\/\/\/2026\/04\/23\/712\/0\/manuel-adorni-23042026-2226402.jpg?webp\"\/><img decoding=\"async\" style=\"max-width: 100%; width: 100%;\" alt=\"El jefe de Gabinete, Manuel Adorni\" height=\"730\" src=\"https:\/\/fotos.perfil.com\/\/\/2026\/04\/23\/900\/0\/manuel-adorni-23042026-2226402.jpg?webp\" width=\"1300\" loading=\"lazy\"\/><\/picture><figcaption>El jefe de Gabinete, Manuel Adorni, deber\u00e1 responder 4.800 preguntas de los diputados este mi\u00e9rcoles 29<\/figcaption><\/figure>\n<\/p><\/div>\n<p>La oposici\u00f3n, especialmente <strong>Uni\u00f3n por la Patria<\/strong>, concentrar\u00e1 sus cuestionamientos en las denuncias judiciales por<strong> presunto enriquecimiento il\u00edcito<\/strong> que pesan sobre Adorni, vinculadas a su patrimonio y a viajes: la compra de inmuebles que no incluy\u00f3 en su declaraci\u00f3n y la contrataci\u00f3n de un avi\u00f3n privado para ir con su familia a Uruguay, entre otros gastos de dif\u00edcil explicaci\u00f3n. <\/p>\n<p>Seg\u00fan difundi\u00f3 la agencia <em>Noticias Argentinas<\/em>, tras la exposici\u00f3n inicial de Adorni comenzar\u00e1n las <strong>preguntas<\/strong>, priorizando a <strong>los bloques menos numerosos<\/strong>, que contar\u00e1n con 5 minutos cada uno, hasta completar un primer tramo de 50 minutos. Luego, sucesivamente, ser\u00e1 el turno de<strong> Innovaci\u00f3n Federal <\/strong>(11 minutos), <strong>Unidos <\/strong>(20 minutos) y <strong>Fuerzas del Cambio<\/strong> (20 minutos).<\/p>\n<p>Tras los 20 minutos que tendr\u00e1 el jefe de Gabinete para dar sus respuestas, ser\u00e1 el turno de <strong>Uni\u00f3n por la Patria<\/strong>. El bloque peronista que preside el santafesino Germ\u00e1n Mart\u00ednez tendr\u00e1 <strong>68 minutos<\/strong> para sus preguntas. Se estima que el funcionario evitar\u00e1 responder sobre elementos asociados a las investigaciones judiciales en curso. Tras las respuestas de Adorni, ser\u00e1 el turno de cierre a cargo del bloque de <strong>La Libertad Avanza<\/strong>.<\/p>\n<h2>Reuniones para avanzar en la reforma legislativa y tensi\u00f3n por la marcha de la CGT<\/h2>\n<p>Para el <strong>jueves 30<\/strong>, en la antesala del 1 de mayo, D\u00eda del Trabajador, la <strong>CGT <\/strong>convoca a una movilizaci\u00f3n hacia <strong>Plaza de Mayo<\/strong>, junto a organizaciones sociales como la UTEP, en rechazo a las pol\u00edticas econ\u00f3micas del Ejecutivo, la reforma laboral y la ca\u00edda del poder adquisitivo de los trabajadores.<\/p>\n<p>Con ese tel\u00f3n de fondo, el presidente mantendr\u00e1 reuniones en Casa Rosada con su equipo m\u00e1s cercano y referentes de La Libertad Avanza para avanzar en la estrategia legislativa. En particular, buscar\u00e1n trabajar en torno a la reforma electoral que el Gobierno envi\u00f3 recientemente al Congreso y que intenta <strong>eliminar las PASO, implementar boleta \u00fanica y aplicar ficha limpia<\/strong>, entre otros puntos. Para el oficialismo, ser\u00e1 otro <em>round <\/em>en su <strong>pelea contra el sindicalismo peronista<\/strong> y contra el modelo de pa\u00eds que enfrentan estas dos visiones pol\u00edticas. <\/p>\n<p><em>MB\/ML<\/em><\/p>\n<\/p><\/div>\n<p><script>\n                !function(f,b,e,v,n,t,s)\n                {if(f.fbq)return;n=f.fbq=function(){n.callMethod?\n                    n.callMethod.apply(n,arguments):n.queue.push(arguments)};\n                    if(!f._fbq)f._fbq=n;n.push=n;n.loaded=!0;n.version='2.0';\n                    n.queue=[];t=b.createElement(e);t.async=!0;\n                    t.src=v;s=b.getElementsByTagName(e)[0];\n                    s.parentNode.insertBefore(t,s)}(window, document,'script',\n                    'https:\/\/connect.facebook.net\/en_US\/fbevents.js');\n                window.paywallConfig.facebook_pixel=\"1000228364089342\"\n            <\/script><\/p>\n","protected":false},"excerpt":{"rendered":"<p>        Javier Milei liderar\u00e1 un encuentro con ministros y acompa\u00f1ar\u00e1 a su jefe de Gabinete a presentar su informe de gesti\u00f3n el mi\u00e9rcoles 29, D\u00eda del \u00d1oqui. <\/p>\n","protected":false},"author":1,"featured_media":8191,"comment_status":"open","ping_status":"open","sticky":false,"template":"","format":"standard","meta":{"footnotes":""},"categories":[1],"tags":[2212,18,31,252],"class_list":["post-8189","post","type-post","status-publish","format-standard","has-post-thumbnail","hentry","category-uncategorized","tag-agenda","tag-congreso","tag-javier-milei","tag-manuel-adorni"],"_links":{"self":[{"href":"https:\/\/cliente1.publisher.highstack.com.ar\/index.php?rest_route=\/wp\/v2\/posts\/8189","targetHints":{"allow":["GET"]}}],"collection":[{"href":"https:\/\/cliente1.publisher.highstack.com.ar\/index.php?rest_route=\/wp\/v2\/posts"}],"about":[{"href":"https:\/\/cliente1.publisher.highstack.com.ar\/index.php?rest_route=\/wp\/v2\/types\/post"}],"author":[{"embeddable":true,"href":"https:\/\/cliente1.publisher.highstack.com.ar\/index.php?rest_route=\/wp\/v2\/users\/1"}],"replies":[{"embeddable":true,"href":"https:\/\/cliente1.publisher.highstack.com.ar\/index.php?rest_route=%2Fwp%2Fv2%2Fcomments&post=8189"}],"version-history":[{"count":1,"href":"https:\/\/cliente1.publisher.highstack.com.ar\/index.php?rest_route=\/wp\/v2\/posts\/8189\/revisions"}],"predecessor-version":[{"id":8190,"href":"https:\/\/cliente1.publisher.highstack.com.ar\/index.php?rest_route=\/wp\/v2\/posts\/8189\/revisions\/8190"}],"wp:featuredmedia":[{"embeddable":true,"href":"https:\/\/cliente1.publisher.highstack.com.ar\/index.php?rest_route=\/wp\/v2\/media\/8191"}],"wp:attachment":[{"href":"https:\/\/cliente1.publisher.highstack.com.ar\/index.php?rest_route=%2Fwp%2Fv2%2Fmedia&parent=8189"}],"wp:term":[{"taxonomy":"category","embeddable":true,"href":"https:\/\/cliente1.publisher.highstack.com.ar\/index.php?rest_route=%2Fwp%2Fv2%2Fcategories&post=8189"},{"taxonomy":"post_tag","embeddable":true,"href":"https:\/\/cliente1.publisher.highstack.com.ar\/index.php?rest_route=%2Fwp%2Fv2%2Ftags&post=8189"}],"curies":[{"name":"wp","href":"https:\/\/api.w.org\/{rel}","templated":true}]}}