{"id":8187,"date":"2026-04-27T06:54:59","date_gmt":"2026-04-27T09:54:59","guid":{"rendered":"https:\/\/cliente1.publisher.highstack.com.ar\/?p=8187"},"modified":"2026-04-27T06:54:59","modified_gmt":"2026-04-27T09:54:59","slug":"una-region-inundada-tiene-mas-de-400-000-cabezas-de-ganado-en-emergencia-y-advierten-que-llegara-mas-agua","status":"publish","type":"post","link":"https:\/\/cliente1.publisher.highstack.com.ar\/?p=8187","title":{"rendered":"Una regi\u00f3n inundada tiene m\u00e1s de 400.000 cabezas de ganado en emergencia y advierten que llegar\u00e1 m\u00e1s agua"},"content":{"rendered":"<div class=\"col-12\">\n<p class=\"com-paragraph  --capital --s\">SANTA FE.- A pesar de la ventana de buen tiempo que <strong>comienza<\/strong> a abrirse desde el comienzo de la semana y que se extender\u00eda hasta el pr\u00f3ximo jueves, <strong>en el norte santafecino el drama que viven productores ganaderos, lejos de comenzar a solucionarse, podr\u00eda recibir una nueva e importante complicaci\u00f3n.<\/strong><\/p>\n<div class=\"ln-banner-container --caja1_mob\">\n<div id=\"caja1_mob\" class=\"ln-banner\" data-slot-group=\"nota\" data-device=\"mobile\" data-subscription=\"false\" data-ad-unit-path=\"\/133919216\/campo_mobile\/Nota\/caja1_mob\" data-targeting='{\"sitio\":\"lanacion\",\"seccion\":\"nota\"}' data-without-hide=\"true\" data-size=\"[[320,100],[300,250],[1,1],[300,450],[320,450]]\" data-sizemap=\"[]\" data-prebid-enabled=\"true\"><\/div>\n<\/div>\n<p class=\"com-paragraph   --s\">Seg\u00fan estiman funcionarios de aquella zona, ser\u00eda inminente el ingreso de una masa l\u00edquida que \u2013 por declive natural- se desplaza desde el sudeste de Santiago del Estero y el sur de Chaco, hacia los departamentos santafecinos de 9 de Julio y Vera.<\/p>\n<p class=\"com-paragraph   --s\">Hay datos que reflejan esa preocupaci\u00f3n: <strong>del mill\u00f3n de cabezas de ganado bovino existente en esa zona, un 40 por ciento -entre 400.000 y 430.000- est\u00e1 actualmente en emergencia por anegamiento.<\/strong> Es decir, no tienen ni dormideros ni alimentaci\u00f3n adecuados; solo es factible retirarlas mediante arreo a nado, pero la intransitabilidad de los caminos de pisos naturales impide luego efectivizar la salida en camiones hacia campos en zonas altas.<\/p>\n<p class=\"com-paragraph   --s\">\u201cEl cuadro de situaci\u00f3n es cr\u00edtico y de mucha complejidad despu\u00e9s de una semana donde pr\u00e1cticamente la regi\u00f3n recibi\u00f3 lluvias todos los d\u00edas, con promedios que alcanzaron la media anual\u201d, explic\u00f3 a <strong>LA NACION<\/strong> el secretario de Agricultura y Ganader\u00eda de Santa Fe, <strong>Ignacio M\u00e1ntaras.<\/strong><\/p>\n<div class=\"ln-banner-container --caja2_mob\">\n<div id=\"caja2_mob\" class=\"ln-banner\" data-slot-group=\"nota\" data-device=\"mobile\" data-subscription=\"true\" data-ad-unit-path=\"\/133919216\/campo_mobile\/Nota\/caja2_mob\" data-targeting='{\"sitio\":\"lanacion\",\"seccion\":\"nota\"}' data-without-hide=\"true\" data-size=\"[[320,100],[300,250],[300,450],[1,1],[360,270],[320,180]]\" data-sizemap=\"[]\" data-prebid-enabled=\"true\"><\/div>\n<\/div>\n<div id=\"fusion-static-enter:scriptJwVideoNote\" style=\"display:none\" data-fusion-component=\"scriptJwVideoNote\"><\/div>\n<p><script defer src=\"https:\/\/www.lanacion.com.ar\/pf\/resources\/js\/LN\/scriptJwVideoNote.min.js?d=1996\"><\/script><\/p>\n<div id=\"fusion-static-exit:scriptJwVideoNote\" style=\"display:none\" data-fusion-component=\"scriptJwVideoNote\"><\/div>\n<div id=\"fusion-static-enter:55Rndeqp\" style=\"display:none\" data-fusion-component=\"55Rndeqp\"><\/div>\n<div class=\"content-media cursor-pointer container-center-100\">\n<section class=\"media-container relative ratio-16-9 mod-media pb-32\">\n<figure class=\"mod-video\">\n<div class=\"video-player bg-black ratio-16-9\" data-has-jwplayer=\"true\" data-video-id-jw=\"55Rndeqp\" data-config='{\"title\":\"Traslado de hacienda en la zona bajo el agua\",\"mediaId\":\"55Rndeqp\",\"playerId\":\"ih0086X3\",\"playlist\":[{\"mediaid\":\"55Rndeqp\",\"sources\":[{\"file\":\"https:\/\/cdn.jwplayer.com\/manifests\/55Rndeqp.m3u8\",\"type\":\"application\/vnd.apple.mpegurl\"},{\"bitrate\":580712,\"file\":\"https:\/\/cdn.jwplayer.com\/videos\/55Rndeqp-kTExGaWf.mp4\",\"filesize\":1161424,\"framerate\":30,\"height\":180,\"label\":\"180p\",\"type\":\"video\/mp4\",\"width\":320},{\"bitrate\":794156,\"file\":\"https:\/\/cdn.jwplayer.com\/videos\/55Rndeqp-K8B0kybS.mp4\",\"filesize\":1588313,\"framerate\":30,\"height\":270,\"label\":\"270p\",\"type\":\"video\/mp4\",\"width\":480},{\"bitrate\":120182,\"file\":\"https:\/\/cdn.jwplayer.com\/videos\/55Rndeqp-hz5z2Tv4.m4a\",\"filesize\":240364,\"label\":\"AAC Audio\",\"type\":\"audio\/mp4\"},{\"bitrate\":998838,\"file\":\"https:\/\/cdn.jwplayer.com\/videos\/55Rndeqp-FnZGUVnC.mp4\",\"filesize\":1997677,\"framerate\":30,\"height\":360,\"label\":\"360p\",\"type\":\"video\/mp4\",\"width\":640}]}],\"hasAutoplay\":false,\"autostart\":true,\"tagsUrl\":\"https:\/\/pubads.g.doubleclick.net\/gampad\/ads?slotname=\/133919216\/la_nacion_video\/nota\/preroll&amp;sz=640x480|400x300&amp;ciu_szs=300x250&amp;unviewed_position_start=1&amp;output=vast&amp;impl=s&amp;env=vp&amp;gdfp_req=1&amp;ad_rule=0&amp;vad_type=linear&amp;vpos=preroll&amp;cust_params=tags_nuevos%3Dte_comunidad_de_negocios%2Cte_actualidad%2Cte_inundaciones%2Cte_santa_fe%2Cte_gob__santa_fe%2Cca_campo%2Cca_economia%2Cau_jose_e__bordon%2CEPCONMHBLNE2JOAUC2XPUUHMTY&amp;pod=3&amp;ppos=1&amp;lip=true&amp;min_ad_duration=0&amp;max_ad_duration=30000&amp;vrid=6256&amp;url=https%3A%2F%2Fwww.lanacion.com.ar%2Feconomia%2Fcampo%2Funa-region-inundada-tiene-mas-de-400000-cabezas-de-ganado-en-emergencia-y-advierten-que-llegara-mas-nid27042026%2F%3Fvariant%3DA&amp;description_url=https%3A%2F%2Fwww.lanacion.com.ar%2Feconomia%2Fcampo%2Funa-region-inundada-tiene-mas-de-400000-cabezas-de-ganado-en-emergencia-y-advierten-que-llegara-mas-nid27042026%2F%3Fvariant%3DA&amp;video_doc_id=short_onecue&amp;cmsid=496&amp;kfa=0&amp;tfcd=0&amp;correlator=1777282974605\",\"arcSite\":\"la-nacion-ar\",\"duration\":\"16000\"}'>\n<div id=\"facade-55Rndeqp\" class=\"content-facade-jw relative bg-black ratio-16-9\">\n<div id=\"button-play\" class=\"absolute flex w-100 h-100 jc-center ai-center z-15\"><svg width=\"64\" height=\"64\" viewbox=\"0 0 64 64\" fill=\"none\" xmlns=\"http:\/\/www.w3.org\/2000\/svg\" class=\"relative z-15\"><g opacity=\"0.65\"><rect width=\"64\" height=\"64\" rx=\"32\" fill=\"#1C1C1F\"><\/rect><path d=\"M41.8347 32.5547L27.7027 41.976C27.6023 42.0428 27.4857 42.0811 27.3652 42.0869C27.2448 42.0927 27.125 42.0656 27.0187 42.0087C26.9124 41.9518 26.8235 41.8671 26.7615 41.7637C26.6995 41.6602 26.6667 41.5419 26.6667 41.4213V22.5787C26.6667 22.4581 26.6995 22.3398 26.7615 22.2363C26.8235 22.1329 26.9124 22.0482 27.0187 21.9913C27.125 21.9344 27.2448 21.9074 27.3652 21.9131C27.4857 21.9189 27.6023 21.9572 27.7027 22.024L41.8347 31.4453C41.926 31.5062 42.0009 31.5887 42.0526 31.6855C42.1044 31.7822 42.1315 31.8903 42.1315 32C42.1315 32.1098 42.1044 32.2178 42.0526 32.3146C42.0009 32.4113 41.926 32.4938 41.8347 32.5547V32.5547Z\" fill=\"#FEFEFE\"><\/path><\/g><\/svg><\/div>\n<picture><source media=\"(max-width: 767px)\" srcset=\"https:\/\/resizer.glanacion.com\/resizer\/v2\/https%3A%2F%2Fcdn.jwplayer.com%2Fv2%2Fmedia%2F55Rndeqp%2Fposter.jpg%3Fwidth%3D720?auth=2c00c902db03771fd0825fdb1d934f6ddf4c7604fed38bbc1dcfd614afd1b473&amp;width=480&amp;quality=70&amp;smart=false\"><\/source><img class=\"image com-image flex --cover\" decoding=\"async\" fetchpriority=\"low\" loading=\"lazy\" src=\"https:\/\/resizer.glanacion.com\/resizer\/v2\/https%3A%2F%2Fcdn.jwplayer.com%2Fv2%2Fmedia%2F55Rndeqp%2Fposter.jpg%3Fwidth%3D720?auth=2c00c902db03771fd0825fdb1d934f6ddf4c7604fed38bbc1dcfd614afd1b473&amp;width=720&amp;quality=70&amp;smart=false\" alt=\"Traslado de hacienda en la zona bajo el agua\"><\/picture><\/div>\n<div id=\"55Rndeqp\"><\/div>\n<\/div><figcaption class=\"border border-1 border-bottom border-light-300 relative px-16 py-8 min-h-36 w-100_md px-0_l mb-8 bg-white\"><span class=\"text ln-text text-16 block\">Traslado de hacienda en la zona bajo el agua<\/span><\/figcaption><\/figure>\n<p><script type=\"application\/ld+json\">{\n  \"@context\": \"https:\/\/schema.org\",\n  \"@type\": \"VideoObject\",\n  \"name\": \"LA NACION - Noticia\",\n  \"description\": \"Video publicado el 20\/04\/2026 por LA NACION\",\n  \"thumbnailUrl\": [\n    \"https:\/\/resizer.glanacion.com\/resizer\/v2\/https%3A%2F%2Fcdn.jwplayer.com%2Fv2%2Fmedia%2F55Rndeqp%2Fposter.jpg%3Fwidth%3D720?auth=2c00c902db03771fd0825fdb1d934f6ddf4c7604fed38bbc1dcfd614afd1b473&width=720&quality=70&smart=false\"\n  ],\n  \"uploadDate\": \"2026-04-20T13:13:16Z\",\n  \"embedUrl\": \"https:\/\/cdn.jwplayer.com\/videos\/55Rndeqp-kTExGaWf.mp4\",\n  \"duration\": \"PT0M16S\"\n}<\/script><\/section>\n<\/div>\n<div id=\"fusion-static-exit:55Rndeqp\" style=\"display:none\" data-fusion-component=\"55Rndeqp\"><\/div>\n<p class=\"com-paragraph   --s\"><strong>\u201cEn las \u00faltimas horas vemos un estado de situaci\u00f3n cr\u00edtica, particularmente en el departamento 9 de Julio, Villa Minetti, por ejemplo, est\u00e1 comenzando a ingresar agua por Santiago del Estero, por lo que all\u00ed hay una complejidad. <\/strong>Hay muchos caminos intransitables. Algo parecido sucede en San Bernardo, Santa Margarita, Gregoria P\u00e9rez de Denis y El Nochero, donde hay muchos caminos intransitables por el agua ingresando desde el oeste\u201d, sum\u00f3 el titular de Agricultura y Ganader\u00eda de la provincia.<\/p>\n<div class=\"ln-banner-container --middle_2_dsk\">\n<div id=\"middle_2_dsk\" class=\"ln-banner\" data-slot-group=\"nota\" data-device=\"desktop\" data-subscription=\"true\" data-ad-unit-path=\"\/133919216\/campo_desktop\/Nota\/middle_2_dsk\" data-targeting='{\"sitio\":\"lanacion\",\"seccion\":\"nota\"}' data-without-hide=\"true\" data-size=\"[[1,1],[728,90]]\" data-sizemap=\"[]\" data-prebid-enabled=\"true\"><\/div>\n<\/div>\n<p class=\"com-paragraph   --s\">M\u00e1ntaras destac\u00f3 que la provincia trabaja en la formaci\u00f3n de un comit\u00e9 operativo de crisis permanente. <strong>\u201cEn situaciones de inundaci\u00f3n es m\u00e1s sencillo identificar las \u00e1reas afectadas mediante im\u00e1genes satelitales, pero igualmente debemos corroborar los indicadores en territorio\u201d,<\/strong> a\u00f1adi\u00f3.<\/p>\n<div class=\"ln-banner-container --caja3_mob\">\n<div id=\"caja3_mob\" class=\"ln-banner\" data-slot-group=\"nota\" data-device=\"mobile\" data-subscription=\"false\" data-ad-unit-path=\"\/133919216\/campo_mobile\/Nota\/caja3_mob\" data-targeting='{\"sitio\":\"lanacion\",\"seccion\":\"nota\"}' data-without-hide=\"true\" data-size=\"[[320,100],[300,250],[1,1],[300,450],[360,270]]\" data-sizemap=\"[]\" data-prebid-enabled=\"true\"><\/div>\n<\/div>\n<div class=\"ln-banner-container --middle_2_tab\">\n<div id=\"middle_2_tab\" class=\"ln-banner\" data-slot-group=\"nota\" data-device=\"tablet\" data-subscription=\"false\" data-ad-unit-path=\"\/133919216\/campo_tablet\/Nota\/middle_2_tab\" data-targeting='{\"sitio\":\"lanacion\",\"seccion\":\"nota\"}' data-without-hide=\"true\" data-size=\"[[728,90],[640,480],[468,60],[1,1]]\" data-sizemap=\"[]\" data-prebid-enabled=\"true\"><\/div>\n<\/div>\n<div class=\"content-media\">\n<section role=\"button\" class=\"mod-media   \">\n<figure role=\"button\" tabindex=\"0\" class=\"mod-figure \">\n<div class=\"placeholder \">\n<div class=\"com-image\"><picture><source media=\"(min-width: 768px)\" srcset=\"https:\/\/resizer.glanacion.com\/resizer\/v2\/el-funcionario-indico-que-la-zona-de-los-bajos-E5VRZDV6FVA2BPPQG7BDDR5VME.jpeg?auth=c229eb42f844e4c9de9cec8f8841fbb827452c7703cdbe2ca28d91f5fd87b3a9&amp;width=780&amp;height=393&amp;quality=70&amp;smart=true\"><\/source><img class=\"image com-image flex --cover\" decoding=\"async\" fetchpriority=\"low\" loading=\"lazy\" src=\"https:\/\/resizer.glanacion.com\/resizer\/v2\/el-funcionario-indico-que-la-zona-de-los-bajos-E5VRZDV6FVA2BPPQG7BDDR5VME.jpeg?auth=c229eb42f844e4c9de9cec8f8841fbb827452c7703cdbe2ca28d91f5fd87b3a9&amp;width=420&amp;height=212&amp;quality=70&amp;smart=true\" width=\"1300\" alt=\"El funcionario indic\u00f3 que la zona de los Bajos Submeridionales, en el departamento Vera, es la m\u00e1s complicada \" height=\"655\"><\/picture><\/div>\n<\/div><figcaption class=\"mod-figcaption\"><span class=\"com-text --caption --twoxs\">El funcionario indic\u00f3 que la zona de los Bajos Submeridionales, en el departamento Vera, es la m\u00e1s complicada <\/span><span class=\"com-text --credit --twoxs\">Gentileza Sociedad Rural de Vera<\/span><\/figcaption><\/figure>\n<\/section>\n<\/div>\n<p class=\"com-paragraph   --s\">Ante una consulta de este medio, el funcionario indic\u00f3 que la zona de los Bajos Submeridionales, en el departamento Vera, es la m\u00e1s complicada.<strong> El departamento Vera tiene 700.000 cabezas de las cuales 210.000 est\u00e1n afectadas, Pero ahora, por la llegada de agua desde Chaco, est\u00e1n comenzando a tener serios problemas localidades como Los Amores.<\/strong><\/p>\n<p class=\"com-paragraph   --s\">En el caso de la zona de 9 de Julio, l\u00edmite tripartito entre Santa Fe, Santiago del Estero y Chaco, \u201cel panorama est\u00e1 comenzando a complicarse. Entre Villa Minetti, San Bernardo, Gato Colorado y El Nochero, una amplia franja golpeada por las lluvias,<strong> \u201clo m\u00e1s urgente es sacar animales\u201d, aunque tal vez luego no se pueda obtener el traslado por medio de maquinarias agr\u00edcolas, se\u00f1al\u00f3 el funcionario.<\/strong><\/p>\n<div class=\"ln-banner-container --caja4_mob\">\n<div id=\"caja4_mob\" class=\"ln-banner\" data-slot-group=\"nota\" data-device=\"mobile\" data-subscription=\"false\" data-ad-unit-path=\"\/133919216\/campo_mobile\/Nota\/caja4_mob\" data-targeting='{\"sitio\":\"lanacion\",\"seccion\":\"nota\"}' data-without-hide=\"true\" data-size=\"[[320,100],[300,250],[1,1]]\" data-sizemap=\"[]\" data-prebid-enabled=\"true\"><\/div>\n<\/div>\n<div class=\"content-media\">\n<section role=\"button\" class=\"mod-media   \">\n<figure role=\"button\" tabindex=\"0\" class=\"mod-figure \">\n<div class=\"placeholder \">\n<div class=\"com-image\"><picture><source media=\"(min-width: 768px)\" srcset=\"https:\/\/resizer.glanacion.com\/resizer\/v2\/hace-unos-dias-cra-expreso-su-preocupacion-por-la-3KTAV2KOG5BD7KUSIKQZX42GRU.png?auth=7fdf7e43e49a7745771aa8b8d326f2ac792136a613da8d8a27b23d87985d0856&amp;width=780&amp;height=598&amp;quality=70&amp;smart=true\"><\/source><img class=\"image com-image flex --cover\" decoding=\"async\" fetchpriority=\"low\" loading=\"lazy\" src=\"https:\/\/resizer.glanacion.com\/resizer\/v2\/hace-unos-dias-cra-expreso-su-preocupacion-por-la-3KTAV2KOG5BD7KUSIKQZX42GRU.png?auth=7fdf7e43e49a7745771aa8b8d326f2ac792136a613da8d8a27b23d87985d0856&amp;width=420&amp;height=322&amp;quality=70&amp;smart=true\" width=\"616\" alt=\"Hace unos d\u00edas CRA expres\u00f3 su preocupaci\u00f3n por la situaci\u00f3n en la regi\u00f3n\" height=\"472\"><\/picture><\/div>\n<\/div><figcaption class=\"mod-figcaption\"><span class=\"com-text --caption --twoxs\">Hace unos d\u00edas CRA expres\u00f3 su preocupaci\u00f3n por la situaci\u00f3n en la regi\u00f3n<\/span><\/figcaption><\/figure>\n<\/section>\n<\/div>\n<p class=\"com-paragraph   --s\">\u201cLo preocupante y urgente es entender y atender la situaci\u00f3n de los productores. Muchos llegaron urgente para colaborar\u201d, indic\u00f3. <\/p>\n<div class=\"ln-banner-container --caja6_mob\">\n<div id=\"caja6_mob\" class=\"ln-banner\" data-slot-group=\"nota\" data-device=\"mobile\" data-subscription=\"false\" data-ad-unit-path=\"\/133919216\/campo_mobile\/Nota\/caja6_mob\" data-targeting='{\"sitio\":\"lanacion\",\"seccion\":\"nota\"}' data-without-hide=\"true\" data-size=\"[[300,250],[230,50],[300,450],[1,1],[320,100]]\" data-sizemap=\"[]\" data-prebid-enabled=\"true\"><\/div>\n<\/div>\n<p class=\"com-paragraph   --s\">En la zona tambi\u00e9n se habla de \u201cla crisis social tremenda, porque toda nuestra producci\u00f3n est\u00e1 basada en el campo, en el monte, en la vaca, en la le\u00f1a y el carb\u00f3n. Y eso pr\u00e1cticamente no solamente que est\u00e1 parado, sino que se est\u00e1 perjudicando a niveles que pocas veces he visto\u201d.<\/p>\n<p class=\"com-paragraph   --s\">A\u00f1adi\u00f3: <strong>\u201cEl miedo que tenemos es que se espera que llegue agua que entra desde la zona de Chaco y Santiago del Estero\u201d.<\/strong><\/p>\n<div class=\"ln-banner-container --caja7_mob\">\n<div id=\"caja7_mob\" class=\"ln-banner\" data-slot-group=\"nota\" data-device=\"mobile\" data-subscription=\"true\" data-ad-unit-path=\"\/133919216\/campo_mobile\/Nota\/caja7_mob\" data-targeting='{\"sitio\":\"lanacion\",\"seccion\":\"nota\"}' data-without-hide=\"true\" data-size=\"[[300,250],[320,50],[300,450],[1,1],[320,100]]\" data-sizemap=\"[]\" data-prebid-enabled=\"true\"><\/div>\n<\/div>\n<p class=\"com-paragraph   --s\">Seg\u00fan se coment\u00f3, la semana pasada los registros pluviom\u00e9tricos superaron los 300 mil\u00edmetros en el norte santafecino, al igual que en el sur chaque\u00f1o y el sudeste de Santiago del Estero.<strong> Consecuencia de ello, se estim\u00f3 en m\u00e1s de 1.300.000 el total de hect\u00e1reas anegadas.<\/strong><\/p>\n<div class=\"content-media\">\n<section role=\"button\" class=\"mod-media   \">\n<figure role=\"button\" tabindex=\"0\" class=\"mod-figure \">\n<div class=\"placeholder \">\n<div class=\"com-image\"><picture><source media=\"(min-width: 768px)\" srcset=\"https:\/\/resizer.glanacion.com\/resizer\/v2\/seria-inminente-el-ingreso-de-una-masa-liquida-CR4MUYJAVBF3XBPWOU557PUC5Q.png?auth=921dc3ce44f31b7064129a7b27e3e442d27a2eb47d4f3c2d6bb0de06763be2ab&amp;width=780&amp;height=587&amp;quality=70&amp;smart=true\"><\/source><img class=\"image com-image flex --cover\" decoding=\"async\" fetchpriority=\"low\" loading=\"lazy\" src=\"https:\/\/resizer.glanacion.com\/resizer\/v2\/seria-inminente-el-ingreso-de-una-masa-liquida-CR4MUYJAVBF3XBPWOU557PUC5Q.png?auth=921dc3ce44f31b7064129a7b27e3e442d27a2eb47d4f3c2d6bb0de06763be2ab&amp;width=420&amp;height=316&amp;quality=70&amp;smart=true\" width=\"696\" alt=\"Ser\u00eda inminente el ingreso de una masa l\u00edquida que \u2013 por declive natural- se desplaza desde el sudeste de Santiago del Estero y el sur de Chaco, hacia los departamentos santafecinos de 9 de Julio y Vera\" height=\"524\"><\/picture><\/div>\n<\/div><figcaption class=\"mod-figcaption\"><span class=\"com-text --caption --twoxs\">Ser\u00eda inminente el ingreso de una masa l\u00edquida que \u2013 por declive natural- se desplaza desde el sudeste de Santiago del Estero y el sur de Chaco, hacia los departamentos santafecinos de 9 de Julio y Vera<\/span><span class=\"com-text --credit --twoxs\">Gentileza<\/span><\/figcaption><\/figure>\n<\/section>\n<\/div>\n<div class=\"ln-banner-container --caja8_mob\">\n<div id=\"caja8_mob\" class=\"ln-banner\" data-slot-group=\"nota\" data-device=\"mobile\" data-subscription=\"true\" data-ad-unit-path=\"\/133919216\/campo_mobile\/Nota\/caja8_mob\" data-targeting='{\"sitio\":\"lanacion\",\"seccion\":\"nota\"}' data-without-hide=\"true\" data-size=\"[[300,250],[320,50],[300,450],[1,1],[320,100]]\" data-sizemap=\"[]\" data-prebid-enabled=\"true\"><\/div>\n<\/div>\n<p class=\"com-paragraph   --s\">La regi\u00f3n a\u00fan presenta serios problemas para el ingreso y egreso de pobladores, ya que la mayor\u00eda de los caminos de tierra se encuentran cortados y\/o intransitables. En muchos parajes est\u00e1 interrumpido el ciclo lectivo y se demora el arribo de alimentos y medicamentos.<\/p>\n<p class=\"com-paragraph   --s\">En tanto, la provincia puso en marcha un paquete de asistencia financiera, social y de infraestructura para productores afectados por las lluvias. <strong>Habr\u00e1 cuatro l\u00edneas de financiamiento por un total de $17.960 millones, destinadas a productores agropecuarios y cooperativas impactadas por eventos clim\u00e1ticos recientes.<\/strong><\/p>\n<div class=\"ln-banner-container --caja9_mob\">\n<div id=\"caja9_mob\" class=\"ln-banner\" data-slot-group=\"nota\" data-device=\"mobile\" data-subscription=\"true\" data-ad-unit-path=\"\/133919216\/campo_mobile\/Nota\/caja9_mob\" data-targeting='{\"sitio\":\"lanacion\",\"seccion\":\"nota\"}' data-without-hide=\"true\" data-size=\"[[300,250],[320,50],[300,450],[1,1],[320,100]]\" data-sizemap=\"[]\" data-prebid-enabled=\"true\"><\/div>\n<\/div>\n<p class=\"com-paragraph   --s\">Los cr\u00e9ditos se canalizar\u00e1n por medio del Banco de Santa Fe y el Consejo Federal de Inversiones (CFI), con hasta 36 meses de plazo, per\u00edodos de gracia y una tasa final cercana al 20% anual, subsidiada por la provincia.<\/p>\n<p class=\"com-paragraph   --s\"><strong>Entre las opciones disponibles se incluyen fondos para capital de trabajo, con un cupo de $4000 millones y montos de hasta $100 millones por productor y l\u00edneas para inversi\u00f3n productiva, con un fondo de $5000 millones y un tope de $400 millones por solicitante. <\/strong>Tambi\u00e9n se incorpora una l\u00ednea espec\u00edfica para cooperativas el\u00e9ctricas.<\/p>\n<div data-fusion-lazy-id=\"f0f2aQl9N0Nc5yq\"><\/div>\n<div data-fusion-lazy-id=\"f0fGQeo7N0Nc5He\"><\/div>\n<div class=\"ln-banner-container --caja5_mob\">\n<div id=\"caja5_mob\" class=\"ln-banner\" data-slot-group=\"nota\" data-device=\"mobile\" data-subscription=\"false\" data-ad-unit-path=\"\/133919216\/campo_mobile\/Nota\/caja5_mob\" data-targeting='{\"sitio\":\"lanacion\",\"seccion\":\"nota\"}' data-without-hide=\"true\" data-size='[[320,100],[300,250],[1,1],[\" fluid\"]]' data-sizemap=\"[]\" data-prebid-enabled=\"true\"><\/div>\n<\/div>\n<div data-fusion-lazy-id=\"f0fSc0ngN0Nc5KL\">\n<div><\/div>\n<\/div>\n<div class=\"ln-banner-container --middle_3_dsk\">\n<div id=\"middle_3_dsk\" class=\"ln-banner\" data-slot-group=\"nota\" data-device=\"desktop\" data-subscription=\"true\" data-ad-unit-path=\"\/133919216\/campo_desktop\/Nota\/middle_3_dsk\" data-targeting='{\"sitio\":\"lanacion\",\"seccion\":\"nota\"}' data-without-hide=\"true\" data-size=\"[[1,1],[728,90],[640,360],[728,360]]\" data-sizemap=\"[]\" data-prebid-enabled=\"true\"><\/div>\n<\/div>\n<\/div>\n","protected":false},"excerpt":{"rendered":"<p>SANTA FE.- A pesar de la ventana de buen tiempo que comienza a abrirse desde el comienzo de la semana y que se extender\u00eda hasta el pr\u00f3ximo jueves, en el norte santafecino el drama que viven productores ganaderos, lejos de comenzar a solucionarse, podr\u00eda recibir una nueva e importante complicaci\u00f3n. Seg\u00fan estiman funcionarios de aquella [&hellip;]<\/p>\n","protected":false},"author":1,"featured_media":8188,"comment_status":"open","ping_status":"open","sticky":false,"template":"","format":"standard","meta":{"footnotes":""},"categories":[1],"tags":[],"class_list":["post-8187","post","type-post","status-publish","format-standard","has-post-thumbnail","hentry","category-uncategorized"],"_links":{"self":[{"href":"https:\/\/cliente1.publisher.highstack.com.ar\/index.php?rest_route=\/wp\/v2\/posts\/8187","targetHints":{"allow":["GET"]}}],"collection":[{"href":"https:\/\/cliente1.publisher.highstack.com.ar\/index.php?rest_route=\/wp\/v2\/posts"}],"about":[{"href":"https:\/\/cliente1.publisher.highstack.com.ar\/index.php?rest_route=\/wp\/v2\/types\/post"}],"author":[{"embeddable":true,"href":"https:\/\/cliente1.publisher.highstack.com.ar\/index.php?rest_route=\/wp\/v2\/users\/1"}],"replies":[{"embeddable":true,"href":"https:\/\/cliente1.publisher.highstack.com.ar\/index.php?rest_route=%2Fwp%2Fv2%2Fcomments&post=8187"}],"version-history":[{"count":0,"href":"https:\/\/cliente1.publisher.highstack.com.ar\/index.php?rest_route=\/wp\/v2\/posts\/8187\/revisions"}],"wp:featuredmedia":[{"embeddable":true,"href":"https:\/\/cliente1.publisher.highstack.com.ar\/index.php?rest_route=\/wp\/v2\/media\/8188"}],"wp:attachment":[{"href":"https:\/\/cliente1.publisher.highstack.com.ar\/index.php?rest_route=%2Fwp%2Fv2%2Fmedia&parent=8187"}],"wp:term":[{"taxonomy":"category","embeddable":true,"href":"https:\/\/cliente1.publisher.highstack.com.ar\/index.php?rest_route=%2Fwp%2Fv2%2Fcategories&post=8187"},{"taxonomy":"post_tag","embeddable":true,"href":"https:\/\/cliente1.publisher.highstack.com.ar\/index.php?rest_route=%2Fwp%2Fv2%2Ftags&post=8187"}],"curies":[{"name":"wp","href":"https:\/\/api.w.org\/{rel}","templated":true}]}}