{"id":8184,"date":"2026-04-27T05:43:30","date_gmt":"2026-04-27T08:43:30","guid":{"rendered":"https:\/\/cliente1.publisher.highstack.com.ar\/?p=8184"},"modified":"2026-04-27T05:43:30","modified_gmt":"2026-04-27T08:43:30","slug":"el-gobierno-limito-los-aumentos-mensuales-de-aysa-hasta-agosto","status":"publish","type":"post","link":"https:\/\/cliente1.publisher.highstack.com.ar\/?p=8184","title":{"rendered":"El Gobierno limit\u00f3 los aumentos mensuales  de AySA hasta agosto"},"content":{"rendered":"<div class=\"visual__image image-initial-width\"><picture><source srcset=\"https:\/\/www.infobae.com\/resizer\/v2\/LXKF7Q2YCBCQRGDXGFUWROTUCY.png?auth=5b22a3149b4fb838d3a7ea1ac312ea8f681237bf3872abcc41af708717a612ab&amp;smart=true&amp;width=992&amp;height=661&amp;quality=85\" media=\"(min-width: 1000px)\"><\/source><source srcset=\"https:\/\/www.infobae.com\/resizer\/v2\/LXKF7Q2YCBCQRGDXGFUWROTUCY.png?auth=5b22a3149b4fb838d3a7ea1ac312ea8f681237bf3872abcc41af708717a612ab&amp;smart=true&amp;width=768&amp;height=512&amp;quality=85\" media=\"(min-width: 768px)\"><\/source><source srcset=\"https:\/\/www.infobae.com\/resizer\/v2\/LXKF7Q2YCBCQRGDXGFUWROTUCY.png?auth=5b22a3149b4fb838d3a7ea1ac312ea8f681237bf3872abcc41af708717a612ab&amp;smart=true&amp;width=577&amp;height=385&amp;quality=85\" media=\"(min-width: 580px)\"><\/source><source srcset=\"https:\/\/www.infobae.com\/resizer\/v2\/LXKF7Q2YCBCQRGDXGFUWROTUCY.png?auth=5b22a3149b4fb838d3a7ea1ac312ea8f681237bf3872abcc41af708717a612ab&amp;smart=true&amp;width=420&amp;height=280&amp;quality=85\" media=\"(min-width: 350px)\"><\/source><source srcset=\"https:\/\/www.infobae.com\/resizer\/v2\/LXKF7Q2YCBCQRGDXGFUWROTUCY.png?auth=5b22a3149b4fb838d3a7ea1ac312ea8f681237bf3872abcc41af708717a612ab&amp;smart=true&amp;width=350&amp;height=233&amp;quality=85\" media=\"(min-width: 80px)\"><\/source><img alt=\"De acuerdo a la Resoluci\u00f3n 14\/2026 publicada en el Bolet\u00edn Oficial, se actualizan el esquema tarifario de AySA y se limitan los aumentos mensuales hasta agosto de 2026 (Imagen Ilustrativa Infobae)\" class=\"global-image\" decoding=\"async\" fetchpriority=\"high\" height=\"1024\" loading=\"eager\" src=\"https:\/\/www.infobae.com\/resizer\/v2\/LXKF7Q2YCBCQRGDXGFUWROTUCY.png?auth=5b22a3149b4fb838d3a7ea1ac312ea8f681237bf3872abcc41af708717a612ab&amp;smart=true&amp;width=350&amp;height=233&amp;quality=85\" width=\"1536\"><\/picture><\/div>\n<p class=\"paragraph\">El Gobierno nacional introdujo un l\u00edmite al aumento del <b>servicio de agua potable y desag\u00fces cloacales en el \u00c1rea Metropolitana de Buenos Aires, gestionado por <\/b><a rel=\"noopener noreferrer\" href=\"https:\/\/www.infobae.com\/economia\/2025\/08\/19\/el-gobierno-inicio-el-proceso-de-privatizacion-de-aysa-y-fijo-el-plazo-para-concretar-la-venta-del-paquete-accionario\/\" target=\"_blank\" title=\"https:\/\/www.infobae.com\/economia\/2025\/08\/19\/el-gobierno-inicio-el-proceso-de-privatizacion-de-aysa-y-fijo-el-plazo-para-concretar-la-venta-del-paquete-accionario\/\"><b>Aguas y Saneamientos Argentinos (AySA)<\/b><\/a>. La medida comenzar\u00e1 a regir a partir del mes pr\u00f3ximo y hasta agosto. <\/p>\n<p class=\"paragraph\">El <b>Ente Regulador de Agua y Saneamiento (ERAS)<\/b> dispuso, mediante la reciente modificaci\u00f3n de la Resoluci\u00f3n N\u00b0 53\/25, que<b> el ajuste efectivo no podr\u00e1 superar el<\/b> <b>4%) mensual entre enero y abril de 2026<\/b>. Mientras tanto, establecieron que, desde mayo hasta agosto del mismo a\u00f1o, el tope m\u00e1ximo de incremento ser\u00e1 del <b>3%<\/b> por mes, siempre que el mecanismo oficial de actualizaci\u00f3n arroje un valor inferior.<\/p>\n<div class=\"inline ad-wrapper\">\n<div class=\"dfpAd ad-inline ad-text\">\n<div id=\"infobae\/economia\/nota\/inline\" class=\"infobae\/economia\/nota\/inline arcad\"><\/div>\n<\/div>\n<\/div>\n<p class=\"paragraph\">La decisi\u00f3n surge tras un extenso proceso de evaluaci\u00f3n que incluy\u00f3 la presentaci\u00f3n de informes econ\u00f3mico-financieros por parte de <b>Agua y Saneamientos Argentinos Sociedad An\u00f3nima (AySA)<\/b>, la principal concesionaria del \u00e1rea. <\/p>\n<p class=\"paragraph\">La medida se oficializ\u00f3 a trav\u00e9s de la publicaci\u00f3n en el Bolet\u00edn Oficial de la resoluci\u00f3n 14\/2026. De esta manera, el Gobierno intenta <b>equilibrar el sostenimiento econ\u00f3mico de la concesionaria con la protecci\u00f3n de los usuarios frente a incrementos abruptos<\/b>. La actualizaci\u00f3n, basada en la f\u00f3rmula aprobada por la Resoluci\u00f3n N\u00b0 9\/24 de la Secretar\u00eda de Obras P\u00fablicas, ser\u00e1 aplicada con los l\u00edmites explicitados, y su cumplimiento ser\u00e1 monitoreado a trav\u00e9s de informes trimestrales que AySA deber\u00e1 presentar durante 2026.<\/p>\n<div class=\"inline_2 ad-wrapper\">\n<div class=\"dfpAd ad-inline ad-text\">\n<div id=\"infobae\/economia\/nota\/inline_2\" class=\"infobae\/economia\/nota\/inline_2 arcad\"><\/div>\n<\/div>\n<\/div>\n<p class=\"paragraph\">De acuerdo con los considerandos, el <b>marco regulatorio vigente<\/b> fue aprobado en 2007 y ordenado por decreto en 2025. Desde entonces, el ERAS ejerce funciones de control y regulaci\u00f3n sobre la prestaci\u00f3n del servicio, el aspecto econ\u00f3mico de la concesi\u00f3n y la atenci\u00f3n de los reclamos de los usuarios.<\/p>\n<p class=\"paragraph\">La revisi\u00f3n tarifaria tuvo su punto de partida en 2024, cuando AySA present\u00f3 una propuesta de adecuaci\u00f3n ante la Secretar\u00eda de Obras P\u00fablicas. Aunque el marco regulatorio no exig\u00eda audiencia p\u00fablica, la autoridad aplicativa resolvi\u00f3 convocar a la ciudadan\u00eda para escuchar opiniones sobre la propuesta de incremento y sus fundamentos. <\/p>\n<div class=\"ad_1 ad-wrapper\">\n<div class=\"dfpAd ad-1-al-6 ad-text\">\n<div id=\"infobae\/economia\/nota\/ad_1\" class=\"infobae\/economia\/nota\/ad_1 arcad\"><\/div>\n<\/div>\n<\/div>\n<div class=\"visual__image\"><picture><source srcset=\"https:\/\/www.infobae.com\/resizer\/v2\/IN2TZ5L5G5ADHG35VPG33H7T3I.jpg?auth=41d780040dd33fe9a658ffd85c898884de03cb2c19d71610c795b36657b75ce2&amp;smart=true&amp;width=992&amp;height=556&amp;quality=85\" media=\"(min-width: 1000px)\"><\/source><source srcset=\"https:\/\/www.infobae.com\/resizer\/v2\/IN2TZ5L5G5ADHG35VPG33H7T3I.jpg?auth=41d780040dd33fe9a658ffd85c898884de03cb2c19d71610c795b36657b75ce2&amp;smart=true&amp;width=768&amp;height=430&amp;quality=85\" media=\"(min-width: 768px)\"><\/source><source srcset=\"https:\/\/www.infobae.com\/resizer\/v2\/IN2TZ5L5G5ADHG35VPG33H7T3I.jpg?auth=41d780040dd33fe9a658ffd85c898884de03cb2c19d71610c795b36657b75ce2&amp;smart=true&amp;width=577&amp;height=323&amp;quality=85\" media=\"(min-width: 580px)\"><\/source><source srcset=\"https:\/\/www.infobae.com\/resizer\/v2\/IN2TZ5L5G5ADHG35VPG33H7T3I.jpg?auth=41d780040dd33fe9a658ffd85c898884de03cb2c19d71610c795b36657b75ce2&amp;smart=true&amp;width=420&amp;height=235&amp;quality=85\" media=\"(min-width: 350px)\"><\/source><source srcset=\"https:\/\/www.infobae.com\/resizer\/v2\/IN2TZ5L5G5ADHG35VPG33H7T3I.jpg?auth=41d780040dd33fe9a658ffd85c898884de03cb2c19d71610c795b36657b75ce2&amp;smart=true&amp;width=350&amp;height=196&amp;quality=85\" media=\"(min-width: 80px)\"><\/source><img alt=\"(Imagen Ilustrativa Infobae)\" class=\"global-image\" decoding=\"async\" fetchpriority=\"low\" height=\"816\" loading=\"lazy\" src=\"https:\/\/www.infobae.com\/resizer\/v2\/IN2TZ5L5G5ADHG35VPG33H7T3I.jpg?auth=41d780040dd33fe9a658ffd85c898884de03cb2c19d71610c795b36657b75ce2&amp;smart=true&amp;width=350&amp;height=196&amp;quality=85\" width=\"1456\"><\/picture><\/div>\n<p class=\"paragraph\"><b>La aplicaci\u00f3n de este mecanismo buscaba sostener el equilibrio financiero de la concesionaria sin transferencias del Tesoro Nacional.<\/b> No obstante, en el contexto econ\u00f3mico de 2024 y 2025, las autoridades limitaron de manera excepcional los aumentos mensuales, primero al 1% y luego estableciendo un tope progresivo para evitar un impacto desproporcionado sobre los usuarios.<\/p>\n<p class=\"paragraph\">El proceso de convergencia tarifaria avanz\u00f3 con la presentaci\u00f3n, por parte de AySA, de informes que reconocieron la existencia de un atraso tarifario y la necesidad de alcanzar los niveles previstos. Por esto mismo, se acord\u00f3 que la empresa renunciara a los ingresos no facturados durante 2025 y asumiera el costo de la gradualidad en 2026, lo que se reflejar\u00e1 en el balance de la compa\u00f1\u00eda.<\/p>\n<div class=\"ad_2 ad-wrapper\">\n<div class=\"dfpAd ad-1-al-6 ad-text\">\n<div id=\"infobae\/economia\/nota\/ad_2\" class=\"infobae\/economia\/nota\/ad_2 arcad\"><\/div>\n<\/div>\n<\/div>\n<p class=\"paragraph\"><b>A su vez, AySA debe presentar un informe de la situaci\u00f3n econ\u00f3mico-financiera correspondiente al primer trimestre de 2026<\/b>, <b>y otro al cierre del segundo trimestre<\/b>. Estos reportes ser\u00e1n clave para evaluar la sostenibilidad del esquema y la evoluci\u00f3n de los ingresos, gastos e inversiones, as\u00ed como el cumplimiento de los compromisos asumidos en el Plan de Acci\u00f3n de Transici\u00f3n aprobado para el per\u00edodo 2024-2026.<\/p>\n<p class=\"paragraph\">En los reportes m\u00e1s recientes, la empresa advirti\u00f3 que la inflaci\u00f3n registrada entre noviembre de 2025 y febrero de 2026 super\u00f3 las previsiones, lo que redujo el ritmo de cierre de la brecha tarifaria y elev\u00f3 el d\u00e9ficit proyectado. Frente a este escenario, AySA solicit\u00f3 la continuidad del proceso de convergencia bajo los mismos par\u00e1metros hasta alcanzar la convergencia plena, postura que el organismo regulador decidi\u00f3 matizar con una reducci\u00f3n del tope de aumento mensual a partir de mayo.<\/p>\n<div class=\"ad_3 ad-wrapper\">\n<div class=\"dfpAd ad-1-al-6 ad-text\">\n<div id=\"infobae\/economia\/nota\/ad_3\" class=\"infobae\/economia\/nota\/ad_3 arcad\"><\/div>\n<\/div>\n<\/div>\n<p class=\"paragraph\"><b>El Programa de Tarifa Social permanece como un resguardo para los hogares con menores ingresos, manteniendo descuentos y neutralizando el impacto de las subas para quienes m\u00e1s lo necesitan. <\/b>El ERAS dispone que los beneficios alcanzar\u00e1n tanto a quienes ya sean beneficiarios como a los que se incorporen en lo sucesivo, hasta la fecha de renovaci\u00f3n o cese del subsidio.<\/p>\n<div id=\"fusion-static-enter:raw_html_raw_html13\" style=\"display:none\" data-fusion-component=\"raw_html_raw_html13\"><\/div>\n<div class=\"rawHTML raw_html \"><iframe loading=\"lazy\" src=\"https:\/\/drive.google.com\/file\/d\/15B763mpVjKOKykgCyu3eEwi1a1g52wxE\/preview\" width=\"100%\" height=\"480\"><\/iframe><\/div>\n<div id=\"fusion-static-exit:raw_html_raw_html13\" style=\"display:none\" data-fusion-component=\"raw_html_raw_html13\"><\/div>\n","protected":false},"excerpt":{"rendered":"<p>Hasta los consumos realizados este mes, las tarifas tendr\u00e1n una suba del 4%, mientras que el porcentaje disminuir\u00e1 a partir de la semana que viene <\/p>\n","protected":false},"author":1,"featured_media":8186,"comment_status":"open","ping_status":"open","sticky":false,"template":"","format":"standard","meta":{"footnotes":""},"categories":[1],"tags":[],"class_list":["post-8184","post","type-post","status-publish","format-standard","has-post-thumbnail","hentry","category-uncategorized"],"_links":{"self":[{"href":"https:\/\/cliente1.publisher.highstack.com.ar\/index.php?rest_route=\/wp\/v2\/posts\/8184","targetHints":{"allow":["GET"]}}],"collection":[{"href":"https:\/\/cliente1.publisher.highstack.com.ar\/index.php?rest_route=\/wp\/v2\/posts"}],"about":[{"href":"https:\/\/cliente1.publisher.highstack.com.ar\/index.php?rest_route=\/wp\/v2\/types\/post"}],"author":[{"embeddable":true,"href":"https:\/\/cliente1.publisher.highstack.com.ar\/index.php?rest_route=\/wp\/v2\/users\/1"}],"replies":[{"embeddable":true,"href":"https:\/\/cliente1.publisher.highstack.com.ar\/index.php?rest_route=%2Fwp%2Fv2%2Fcomments&post=8184"}],"version-history":[{"count":1,"href":"https:\/\/cliente1.publisher.highstack.com.ar\/index.php?rest_route=\/wp\/v2\/posts\/8184\/revisions"}],"predecessor-version":[{"id":8185,"href":"https:\/\/cliente1.publisher.highstack.com.ar\/index.php?rest_route=\/wp\/v2\/posts\/8184\/revisions\/8185"}],"wp:featuredmedia":[{"embeddable":true,"href":"https:\/\/cliente1.publisher.highstack.com.ar\/index.php?rest_route=\/wp\/v2\/media\/8186"}],"wp:attachment":[{"href":"https:\/\/cliente1.publisher.highstack.com.ar\/index.php?rest_route=%2Fwp%2Fv2%2Fmedia&parent=8184"}],"wp:term":[{"taxonomy":"category","embeddable":true,"href":"https:\/\/cliente1.publisher.highstack.com.ar\/index.php?rest_route=%2Fwp%2Fv2%2Fcategories&post=8184"},{"taxonomy":"post_tag","embeddable":true,"href":"https:\/\/cliente1.publisher.highstack.com.ar\/index.php?rest_route=%2Fwp%2Fv2%2Ftags&post=8184"}],"curies":[{"name":"wp","href":"https:\/\/api.w.org\/{rel}","templated":true}]}}