{"id":8178,"date":"2026-04-27T03:15:20","date_gmt":"2026-04-27T06:15:20","guid":{"rendered":"https:\/\/cliente1.publisher.highstack.com.ar\/?p=8178"},"modified":"2026-04-27T03:15:20","modified_gmt":"2026-04-27T06:15:20","slug":"fernando-herrman-asume-la-secretaria-de-infraestructura-y-reemplaza-a-carlos-frugoni","status":"publish","type":"post","link":"https:\/\/cliente1.publisher.highstack.com.ar\/?p=8178","title":{"rendered":"Fernando Herrman asume la Secretar\u00eda de Infraestructura y reemplaza a Carlos Frugoni"},"content":{"rendered":"<div id=\"article-content\">\n<p>Este domingo se inform\u00f3 que el ministro de Econom\u00eda, <a target=\"_blank\" href=\"https:\/\/www.perfil.com\/noticias\/politica\/luis-caputo-metio-a-messi-y-a-cristiano-ronaldo-para-responderle-a-un-periodista-ingles-por-malvinas.phtml\"><strong>Luis Caputo<\/strong><\/a>, acept\u00f3 la renuncia de <a target=\"_blank\" href=\"https:\/\/www.perfil.com\/noticias\/politica\/echaron-a-carlos-frugoni-el-funcionario-que-admitio-haber-omitido-siete-propiedades-en-miami-en-su-declaracion-jurada.phtml\"><strong>Carlos Frugoni<\/strong><\/a>, el ahora exsecretario de Coordinaci\u00f3n de Infraestructura, y design\u00f3 en su lugar al arquitecto <strong>Fernando Hermann<\/strong>, quien hasta ese momento se desempe\u00f1aba como secretario de Transporte.<\/p>\n<p><strong>Fernando Herrmann<\/strong> lleg\u00f3 a la gesti\u00f3n p\u00fablica el <strong>22 de<\/strong> <strong>enero de 2026,<\/strong> cuando fue designado secretario de Transporte de la Naci\u00f3n en reemplazo de <strong>Luis Pierrini<\/strong>, quien hab\u00eda presentado su renuncia por motivos personales. El Gobierno lo eligi\u00f3 para dar continuidad a los planes en marcha y reforzar la ejecuci\u00f3n de pol\u00edticas vinculadas al <a target=\"_blank\" href=\"https:\/\/www.perfil.com\/noticias\/economia\/conflicto-en-el-transporte-las-empresas-del-amba-recibiran-fondos-esta-semana-para-mejorar-frecuencias.phtml\">transporte<\/a> y a la obra p\u00fablica, destacando su s\u00f3lida trayectoria profesional en el desarrollo de obras de infraestructura. <\/p>\n<p>Al momento de asumir, <strong>no registraba experiencia previa en pol\u00edticas de transporte, regulaci\u00f3n sectorial ni en la gesti\u00f3n de servicios p\u00fablicos<\/strong>. Hasta entonces se hab\u00eda mantenido como un funcionario de perfil bajo, sin intervenciones p\u00fablicas destacadas. Su nombramiento fue promovido por el ministro Caputo para asegurar la continuidad en la cartera.<\/p>\n<p>La salida de Carlos Frugoni se produjo en medio de cuestionamientos por haber omitido declarar ante el fisco <strong>siete propiedades en Miami<\/strong>. El pasado jueves 23, \u00e9l mismo reconoci\u00f3: \u201c<strong>Comet\u00ed un error&#8221;<\/strong>. Agreg\u00f3: &#8220;Estaba rectificando esta situaci\u00f3n porque ahora soy funcionario nacional.<strong> Me equivoqu\u00e9.<\/strong> Tambi\u00e9n voy a incluir a los departamentos en ARCA\u201d. Pero lo har\u00e1 ya fuera del Gobierno nacional. <\/p>\n<h2>Un arquitecto, gerente y docente sin experiencia de gesti\u00f3n<\/h2>\n<p>Herrmann es <strong>arquitecto<\/strong>, egresado de la <strong>Universidad de Belgrano<\/strong> en 1986 con orientaci\u00f3n en sistemas constructivos especiales. Posee adem\u00e1s un Executive Master in Business Administration (EMBA) del Instituto de Altos Estudios Empresariales (IAE), cursado durante la d\u00e9cada del 90. Desde 1992<strong> dirige el Estudio Herrmann &amp; Arquitectos Asociados<\/strong>, una firma dedicada a proyectos, direcci\u00f3n y gesti\u00f3n de obras de arquitectura en la Ciudad de Buenos Aires y la provincia de Buenos Aires.<\/p>\n<p>Entre sus trabajos se encuentran la remodelaci\u00f3n y ampliaci\u00f3n de la <strong>Cl\u00ednica Bazterrica<\/strong>, parte del dise\u00f1o del Hotel MDQ, un edificio corporativo en Las Lomas, una casa en Los Nogales y <strong>el edificio de la Defensor\u00eda del Pueblo de la Naci\u00f3n<\/strong>, entre decenas de proyectos desarrollados junto a sus socios Hugo Font\u00e1n y Bernardo Miguens.<\/p>\n<p>En paralelo, Herrmann fue <strong>socio gerente de Wilderstant SRL<\/strong> entre enero de 1990 y enero de 1992. Desde agosto de 2005 es <strong>socio gerente de Arquigrupo SRL<\/strong>. Entre 2008 y 2010 se desempe\u00f1\u00f3 como <strong>gerente de construcciones en CS Salud.<\/strong><\/p>\n<p>En el \u00e1mbito docente, dict\u00f3 la materia<strong> Proyecto y Dise\u00f1o Arquitect\u00f3nico<\/strong> en la Facultad de Arquitectura, Dise\u00f1o y Urbanismo (FADU) de la<strong> Universidad de Buenos Aires<\/strong> entre 1990 y 1993 y tambi\u00e9n ense\u00f1\u00f3 en el <strong>Consejo Profesional de Arquitectura y Urbanismo (CPAU)<\/strong>, la Universidad Nacional de San Mart\u00edn (UNSAM) y la Federaci\u00f3n Argentina de Universidades Privadas (FAUP).<\/p>\n<p>Entre 2004 y 2008, Hermann ocup\u00f3 cargos en el <strong>Consejo Profesional de Arquitectura y Urbanismo<\/strong>: primero como consejero, a partir de septiembre de 2004, y luego como tesorero, desde 2006.<\/p>\n<p><em>MB\/ML<\/em><\/p>\n<\/p><\/div>\n<p><script>\n                !function(f,b,e,v,n,t,s)\n                {if(f.fbq)return;n=f.fbq=function(){n.callMethod?\n                    n.callMethod.apply(n,arguments):n.queue.push(arguments)};\n                    if(!f._fbq)f._fbq=n;n.push=n;n.loaded=!0;n.version='2.0';\n                    n.queue=[];t=b.createElement(e);t.async=!0;\n                    t.src=v;s=b.getElementsByTagName(e)[0];\n                    s.parentNode.insertBefore(t,s)}(window, document,'script',\n                    'https:\/\/connect.facebook.net\/en_US\/fbevents.js');\n                window.paywallConfig.facebook_pixel=\"1000228364089342\"\n            <\/script><\/p>\n","protected":false},"excerpt":{"rendered":"<p>        El funcionario que ocupaba el cargo de secretario de Transporte pasa a cubrir el vac\u00edo que deja Frugoni, cuestionado por irregularidades fiscales.<\/p>\n","protected":false},"author":1,"featured_media":8180,"comment_status":"open","ping_status":"open","sticky":false,"template":"","format":"standard","meta":{"footnotes":""},"categories":[1],"tags":[2208,2210,1788,2211],"class_list":["post-8178","post","type-post","status-publish","format-standard","has-post-thumbnail","hentry","category-uncategorized","tag-carlos-frugoni","tag-fernando-hermann","tag-infraestructura","tag-reemplazo"],"_links":{"self":[{"href":"https:\/\/cliente1.publisher.highstack.com.ar\/index.php?rest_route=\/wp\/v2\/posts\/8178","targetHints":{"allow":["GET"]}}],"collection":[{"href":"https:\/\/cliente1.publisher.highstack.com.ar\/index.php?rest_route=\/wp\/v2\/posts"}],"about":[{"href":"https:\/\/cliente1.publisher.highstack.com.ar\/index.php?rest_route=\/wp\/v2\/types\/post"}],"author":[{"embeddable":true,"href":"https:\/\/cliente1.publisher.highstack.com.ar\/index.php?rest_route=\/wp\/v2\/users\/1"}],"replies":[{"embeddable":true,"href":"https:\/\/cliente1.publisher.highstack.com.ar\/index.php?rest_route=%2Fwp%2Fv2%2Fcomments&post=8178"}],"version-history":[{"count":1,"href":"https:\/\/cliente1.publisher.highstack.com.ar\/index.php?rest_route=\/wp\/v2\/posts\/8178\/revisions"}],"predecessor-version":[{"id":8179,"href":"https:\/\/cliente1.publisher.highstack.com.ar\/index.php?rest_route=\/wp\/v2\/posts\/8178\/revisions\/8179"}],"wp:featuredmedia":[{"embeddable":true,"href":"https:\/\/cliente1.publisher.highstack.com.ar\/index.php?rest_route=\/wp\/v2\/media\/8180"}],"wp:attachment":[{"href":"https:\/\/cliente1.publisher.highstack.com.ar\/index.php?rest_route=%2Fwp%2Fv2%2Fmedia&parent=8178"}],"wp:term":[{"taxonomy":"category","embeddable":true,"href":"https:\/\/cliente1.publisher.highstack.com.ar\/index.php?rest_route=%2Fwp%2Fv2%2Fcategories&post=8178"},{"taxonomy":"post_tag","embeddable":true,"href":"https:\/\/cliente1.publisher.highstack.com.ar\/index.php?rest_route=%2Fwp%2Fv2%2Ftags&post=8178"}],"curies":[{"name":"wp","href":"https:\/\/api.w.org\/{rel}","templated":true}]}}