{"id":8170,"date":"2026-04-27T01:17:11","date_gmt":"2026-04-27T04:17:11","guid":{"rendered":"https:\/\/cliente1.publisher.highstack.com.ar\/?p=8170"},"modified":"2026-04-27T01:17:11","modified_gmt":"2026-04-27T04:17:11","slug":"el-nino-ya-tiene-una-importante-probabilidad-de-ocurrencia-y-un-fenomeno-clave-se-repitio-por-quinto-mes","status":"publish","type":"post","link":"https:\/\/cliente1.publisher.highstack.com.ar\/?p=8170","title":{"rendered":"El Ni\u00f1o ya tiene una importante probabilidad de ocurrencia y un fen\u00f3meno clave se repiti\u00f3 por quinto mes"},"content":{"rendered":"<div class=\"col-12\">\n<p class=\"com-paragraph  --capital --s\">Tras una campa\u00f1a atravesada por una <strong>Ni\u00f1a d\u00e9bil<\/strong> y un verano con lluvias por debajo de lo esperado en varias regiones, los modelos clim\u00e1ticos empiezan a <strong>mostrar<\/strong> un cambio de escenario para la segunda mitad del a\u00f1o. <strong>Seg\u00fan el \u00faltimo informe de un organismo clim\u00e1tico de Estados Unidos, el sistema ENSO est\u00e1 dejando atr\u00e1s la fase fr\u00eda y entra en una transici\u00f3n que podr\u00eda derivar en un evento de El Ni\u00f1o entre el invierno y la primavera, con una probabilidad superior al 60% de que se instale entre junio y agosto.<\/strong><\/p>\n<div class=\"ln-banner-container --caja1_mob\">\n<div id=\"caja1_mob\" class=\"ln-banner\" data-slot-group=\"nota\" data-device=\"mobile\" data-subscription=\"false\" data-ad-unit-path=\"\/133919216\/campo_mobile\/Nota\/caja1_mob\" data-targeting='{\"sitio\":\"lanacion\",\"seccion\":\"nota\"}' data-without-hide=\"true\" data-size=\"[[320,100],[300,250],[1,1],[300,450],[320,450]]\" data-sizemap=\"[]\" data-prebid-enabled=\"true\"><\/div>\n<\/div>\n<div class=\"content-media\">\n<section role=\"button\" class=\"mod-media   \">\n<figure role=\"button\" tabindex=\"0\" class=\"mod-figure \">\n<div class=\"placeholder \">\n<div class=\"com-image\"><picture><source media=\"(min-width: 768px)\" srcset=\"https:\/\/resizer.glanacion.com\/resizer\/v2\/el-calentamiento-en-la-superficie-y-la-QTN2JNJRBJCVTCRKAH6UO42DBI.jpeg?auth=9934a65792d9df5922af821b3204a40f79530ae5e5206fbcbb295dc4ae800709&amp;width=780&amp;height=469&amp;quality=70&amp;smart=true\"><\/source><img class=\"image com-image flex --cover\" decoding=\"async\" fetchpriority=\"low\" loading=\"lazy\" src=\"https:\/\/resizer.glanacion.com\/resizer\/v2\/el-calentamiento-en-la-superficie-y-la-QTN2JNJRBJCVTCRKAH6UO42DBI.jpeg?auth=9934a65792d9df5922af821b3204a40f79530ae5e5206fbcbb295dc4ae800709&amp;width=420&amp;height=253&amp;quality=70&amp;smart=true\" width=\"1462\" alt=\"El calentamiento en la superficie y la subsuperficie del Pac\u00edfico empieza a marcar el pasaje hacia un evento de El Ni\u00f1o\" height=\"879\"><\/picture><\/div>\n<\/div><figcaption class=\"mod-figcaption\"><span class=\"com-text --caption --twoxs\">El calentamiento en la superficie y la subsuperficie del Pac\u00edfico empieza a marcar el pasaje hacia un evento de El Ni\u00f1o<\/span><\/figcaption><\/figure>\n<\/section>\n<\/div>\n<p class=\"com-paragraph   --s\">Se trata de la National Oceanic and Atmospheric Administration <strong>(NOAA),<\/strong> que en su \u00faltima discusi\u00f3n diagn\u00f3stica fue expl\u00edcita: <strong>\u201ccondiciones de ENSO-neutral est\u00e1n presentes y se favorecen hasta abril-junio de 2026 (80% de probabilidad)\u201d<\/strong>, pero al mismo tiempo advirti\u00f3 que <strong>\u201cen mayo-julio de 2026, es probable que surja El Ni\u00f1o (61% de probabilidad) y que persista hasta por lo menos finales de 2026\u201d.<\/strong><\/p>\n<p class=\"com-paragraph   --s\">El diagn\u00f3stico se apoya en se\u00f1ales concretas del Pac\u00edfico ecuatorial. El organismo indic\u00f3 que <strong>\u201cel \u00edndice de temperatura en la subsuperficie aument\u00f3 por el quinto mes consecutivo\u201d<\/strong>, con anomal\u00edas c\u00e1lidas extendi\u00e9ndose a lo largo de la cuenca, junto con cambios en los vientos. En conjunto, se\u00f1al\u00f3, el sistema oc\u00e9ano-atm\u00f3sfera todav\u00eda refleja una fase neutral, pero con una din\u00e1mica que empieza a inclinarse hacia un evento c\u00e1lido.<\/p>\n<div class=\"ln-banner-container --caja2_mob\">\n<div id=\"caja2_mob\" class=\"ln-banner\" data-slot-group=\"nota\" data-device=\"mobile\" data-subscription=\"true\" data-ad-unit-path=\"\/133919216\/campo_mobile\/Nota\/caja2_mob\" data-targeting='{\"sitio\":\"lanacion\",\"seccion\":\"nota\"}' data-without-hide=\"true\" data-size=\"[[320,100],[300,250],[300,450],[1,1],[360,270],[320,180]]\" data-sizemap=\"[]\" data-prebid-enabled=\"true\"><\/div>\n<\/div>\n<p class=\"com-paragraph   --s\">En la misma l\u00ednea, el climat\u00f3logo <strong>Germ\u00e1n Heinzenknecht<\/strong> explic\u00f3 que el oc\u00e9ano ya atraves\u00f3 r\u00e1pidamente la neutralidad y muestra una tendencia clara hacia condiciones m\u00e1s c\u00e1lidas. <strong>\u201cEse calentamiento que se ve en toda la zona del Pac\u00edfico ecuatorial va a ir traccionando agua caliente hacia la zona central, y eso va a tender a definir un fen\u00f3meno de El Ni\u00f1o m\u00e1s temprano que tarde\u201d<\/strong>, indic\u00f3. <\/p>\n<div class=\"ln-banner-container --middle_2_dsk\">\n<div id=\"middle_2_dsk\" class=\"ln-banner\" data-slot-group=\"nota\" data-device=\"desktop\" data-subscription=\"true\" data-ad-unit-path=\"\/133919216\/campo_desktop\/Nota\/middle_2_dsk\" data-targeting='{\"sitio\":\"lanacion\",\"seccion\":\"nota\"}' data-without-hide=\"true\" data-size=\"[[1,1],[728,90]]\" data-sizemap=\"[]\" data-prebid-enabled=\"true\"><\/div>\n<\/div>\n<p class=\"com-paragraph   --s\">En t\u00e9rminos de tiempos, el proceso podr\u00eda consolidarse en el corto plazo. Heinzenknecht estim\u00f3 que <strong>\u201cterminando el oto\u00f1o, hacia fines de mayo, ya entrando al trimestre del invierno, estar\u00edamos seguramente en un fen\u00f3meno de El Ni\u00f1o\u201d<\/strong>, al menos en su fase inicial oce\u00e1nica.<\/p>\n<div class=\"ln-banner-container --caja3_mob\">\n<div id=\"caja3_mob\" class=\"ln-banner\" data-slot-group=\"nota\" data-device=\"mobile\" data-subscription=\"false\" data-ad-unit-path=\"\/133919216\/campo_mobile\/Nota\/caja3_mob\" data-targeting='{\"sitio\":\"lanacion\",\"seccion\":\"nota\"}' data-without-hide=\"true\" data-size=\"[[320,100],[300,250],[1,1],[300,450],[360,270]]\" data-sizemap=\"[]\" data-prebid-enabled=\"true\"><\/div>\n<\/div>\n<div class=\"ln-banner-container --middle_2_tab\">\n<div id=\"middle_2_tab\" class=\"ln-banner\" data-slot-group=\"nota\" data-device=\"tablet\" data-subscription=\"false\" data-ad-unit-path=\"\/133919216\/campo_tablet\/Nota\/middle_2_tab\" data-targeting='{\"sitio\":\"lanacion\",\"seccion\":\"nota\"}' data-without-hide=\"true\" data-size=\"[[728,90],[640,480],[468,60],[1,1]]\" data-sizemap=\"[]\" data-prebid-enabled=\"true\"><\/div>\n<\/div>\n<p class=\"com-paragraph   --s\">En este proceso, el comportamiento del oc\u00e9ano y su v\u00ednculo con la atm\u00f3sfera explican c\u00f3mo puede evolucionar el fen\u00f3meno. <strong>\u201cSi se mantiene en el tiempo, tiene su efecto en la circulaci\u00f3n atmosf\u00e9rica\u201d<\/strong>, explic\u00f3 el especialista. En esa l\u00ednea, el informe de la <strong>National Oceanic and Atmospheric Administration<\/strong> advirti\u00f3 que la evoluci\u00f3n del sistema depender\u00e1 de c\u00f3mo contin\u00fae ese acople y se\u00f1al\u00f3 que <strong>\u201clos posibles resultados fluct\u00faan desde ENSO-neutral a El Ni\u00f1o muy fuerte\u201d.<\/strong><\/p>\n<p class=\"com-paragraph   --s\">En t\u00e9rminos generales, ambos coinciden en la se\u00f1al de fondo: un corrimiento hacia un r\u00e9gimen m\u00e1s h\u00famedo. <strong>\u201cEl fen\u00f3meno de La Ni\u00f1a tiene un efecto negativo en las precipitaciones y el fen\u00f3meno de El Ni\u00f1o, un efecto positivo. Es una simplificaci\u00f3n, pero en l\u00edneas generales funciona as\u00ed\u201d<\/strong>, se\u00f1al\u00f3 Heinzenknecht. En esa l\u00ednea, el informe del NOAA reforz\u00f3 que, de consolidarse el evento, su persistencia hasta fin de a\u00f1o aumenta la probabilidad de un patr\u00f3n de lluvias m\u00e1s activo en varios momentos de la campa\u00f1a.<\/p>\n<p class=\"com-paragraph   --s\">El organismo aclar\u00f3 que la intensidad del evento a\u00fan es incierta y que incluso existe <strong>\u201cuna probabilidad de 1 en 4\u201d<\/strong> de que el fen\u00f3meno alcance niveles muy fuertes, aunque eso depender\u00e1 de la continuidad de ciertas condiciones en los vientos del Pac\u00edfico, algo que no est\u00e1 asegurado.<\/p>\n<div class=\"ln-banner-container --caja4_mob\">\n<div id=\"caja4_mob\" class=\"ln-banner\" data-slot-group=\"nota\" data-device=\"mobile\" data-subscription=\"false\" data-ad-unit-path=\"\/133919216\/campo_mobile\/Nota\/caja4_mob\" data-targeting='{\"sitio\":\"lanacion\",\"seccion\":\"nota\"}' data-without-hide=\"true\" data-size=\"[[320,100],[300,250],[1,1]]\" data-sizemap=\"[]\" data-prebid-enabled=\"true\"><\/div>\n<\/div>\n<div class=\"content-media\">\n<section role=\"button\" class=\"mod-media   \">\n<figure role=\"button\" tabindex=\"0\" class=\"mod-figure \">\n<div class=\"placeholder \">\n<div class=\"com-image\"><picture><source media=\"(min-width: 768px)\" srcset=\"https:\/\/resizer.glanacion.com\/resizer\/v2\/un-escenario-mas-humedo-podria-favorecer-los-O3CIGFIRBVGIXLCZSKJJHJ5ZSA.png?auth=30caa47b467747a2a97d351acf49c98f13bfe30bfa4d96d8dc27996ece8fa93a&amp;width=780&amp;height=547&amp;quality=70&amp;smart=true\"><\/source><img class=\"image com-image flex --cover\" decoding=\"async\" fetchpriority=\"low\" loading=\"lazy\" src=\"https:\/\/resizer.glanacion.com\/resizer\/v2\/un-escenario-mas-humedo-podria-favorecer-los-O3CIGFIRBVGIXLCZSKJJHJ5ZSA.png?auth=30caa47b467747a2a97d351acf49c98f13bfe30bfa4d96d8dc27996ece8fa93a&amp;width=420&amp;height=295&amp;quality=70&amp;smart=true\" width=\"1279\" alt=\"Un escenario m\u00e1s h\u00famedo podr\u00eda favorecer los rindes, aunque tambi\u00e9n eleva el riesgo de excesos h\u00eddricos en algunas zonas\" height=\"897\"><\/picture><\/div>\n<\/div><figcaption class=\"mod-figcaption\"><span class=\"com-text --caption --twoxs\">Un escenario m\u00e1s h\u00famedo podr\u00eda favorecer los rindes, aunque tambi\u00e9n eleva el riesgo de excesos h\u00eddricos en algunas zonas<\/span><\/figcaption><\/figure>\n<\/section>\n<\/div>\n<p class=\"com-paragraph   --s\">Para el agro, el posible cambio de fase abre un escenario distinto al de la \u00faltima campa\u00f1a. <strong>Con suelos que en muchas zonas llegan con buena humedad, una primavera m\u00e1s lluviosa podr\u00eda jugar a favor de los cultivos.<\/strong> Pero tambi\u00e9n implica riesgos. <strong>\u201cPartiendo de condiciones actuales, con suelos que no tienen mucha demanda de precipitaciones, es un escenario que va a ser de cuidado\u201d<\/strong>, advirti\u00f3 Heinzenknecht.<\/p>\n<div class=\"ln-banner-container --caja6_mob\">\n<div id=\"caja6_mob\" class=\"ln-banner\" data-slot-group=\"nota\" data-device=\"mobile\" data-subscription=\"false\" data-ad-unit-path=\"\/133919216\/campo_mobile\/Nota\/caja6_mob\" data-targeting='{\"sitio\":\"lanacion\",\"seccion\":\"nota\"}' data-without-hide=\"true\" data-size=\"[[300,250],[230,50],[300,450],[1,1],[320,100]]\" data-sizemap=\"[]\" data-prebid-enabled=\"true\"><\/div>\n<\/div>\n<p class=\"com-paragraph   --s\">El impacto, adem\u00e1s, no ser\u00eda uniforme. Seg\u00fan explic\u00f3 el especialista, en regiones como el Litoral \u2014donde la se\u00f1al del Ni\u00f1o suele ser m\u00e1s marcada\u2014 <strong>las lluvias tienden a ubicarse por encima de los promedios hist\u00f3ricos.<\/strong> En esos casos, el efecto puede ser doble: <strong>mejores rindes potenciales, especialmente en ma\u00edz, pero tambi\u00e9n mayor presi\u00f3n sobre los sistemas h\u00eddricos y riesgo de excesos.<\/strong><\/p>\n<div data-fusion-lazy-id=\"f0f2aQl9N0Nc5yq\"><\/div>\n<div data-fusion-lazy-id=\"f0fGQeo7N0Nc5He\"><\/div>\n<div class=\"ln-banner-container --caja5_mob\">\n<div id=\"caja5_mob\" class=\"ln-banner\" data-slot-group=\"nota\" data-device=\"mobile\" data-subscription=\"false\" data-ad-unit-path=\"\/133919216\/campo_mobile\/Nota\/caja5_mob\" data-targeting='{\"sitio\":\"lanacion\",\"seccion\":\"nota\"}' data-without-hide=\"true\" data-size='[[320,100],[300,250],[1,1],[\" fluid\"]]' data-sizemap=\"[]\" data-prebid-enabled=\"true\"><\/div>\n<\/div>\n<div data-fusion-lazy-id=\"f0fSc0ngN0Nc5KL\">\n<div><\/div>\n<\/div>\n<div class=\"ln-banner-container --middle_3_dsk\">\n<div id=\"middle_3_dsk\" class=\"ln-banner\" data-slot-group=\"nota\" data-device=\"desktop\" data-subscription=\"true\" data-ad-unit-path=\"\/133919216\/campo_desktop\/Nota\/middle_3_dsk\" data-targeting='{\"sitio\":\"lanacion\",\"seccion\":\"nota\"}' data-without-hide=\"true\" data-size=\"[[1,1],[728,90],[640,360],[728,360]]\" data-sizemap=\"[]\" data-prebid-enabled=\"true\"><\/div>\n<\/div>\n<\/div>\n","protected":false},"excerpt":{"rendered":"<p>Tras una campa\u00f1a atravesada por una Ni\u00f1a d\u00e9bil y un verano con lluvias por debajo de lo esperado en varias regiones, los modelos clim\u00e1ticos empiezan a mostrar un cambio de escenario para la segunda mitad del a\u00f1o. Seg\u00fan el \u00faltimo informe de un organismo clim\u00e1tico de Estados Unidos, el sistema ENSO est\u00e1 dejando atr\u00e1s la [&hellip;]<\/p>\n","protected":false},"author":1,"featured_media":8171,"comment_status":"open","ping_status":"open","sticky":false,"template":"","format":"standard","meta":{"footnotes":""},"categories":[1],"tags":[],"class_list":["post-8170","post","type-post","status-publish","format-standard","has-post-thumbnail","hentry","category-uncategorized"],"_links":{"self":[{"href":"https:\/\/cliente1.publisher.highstack.com.ar\/index.php?rest_route=\/wp\/v2\/posts\/8170","targetHints":{"allow":["GET"]}}],"collection":[{"href":"https:\/\/cliente1.publisher.highstack.com.ar\/index.php?rest_route=\/wp\/v2\/posts"}],"about":[{"href":"https:\/\/cliente1.publisher.highstack.com.ar\/index.php?rest_route=\/wp\/v2\/types\/post"}],"author":[{"embeddable":true,"href":"https:\/\/cliente1.publisher.highstack.com.ar\/index.php?rest_route=\/wp\/v2\/users\/1"}],"replies":[{"embeddable":true,"href":"https:\/\/cliente1.publisher.highstack.com.ar\/index.php?rest_route=%2Fwp%2Fv2%2Fcomments&post=8170"}],"version-history":[{"count":0,"href":"https:\/\/cliente1.publisher.highstack.com.ar\/index.php?rest_route=\/wp\/v2\/posts\/8170\/revisions"}],"wp:featuredmedia":[{"embeddable":true,"href":"https:\/\/cliente1.publisher.highstack.com.ar\/index.php?rest_route=\/wp\/v2\/media\/8171"}],"wp:attachment":[{"href":"https:\/\/cliente1.publisher.highstack.com.ar\/index.php?rest_route=%2Fwp%2Fv2%2Fmedia&parent=8170"}],"wp:term":[{"taxonomy":"category","embeddable":true,"href":"https:\/\/cliente1.publisher.highstack.com.ar\/index.php?rest_route=%2Fwp%2Fv2%2Fcategories&post=8170"},{"taxonomy":"post_tag","embeddable":true,"href":"https:\/\/cliente1.publisher.highstack.com.ar\/index.php?rest_route=%2Fwp%2Fv2%2Ftags&post=8170"}],"curies":[{"name":"wp","href":"https:\/\/api.w.org\/{rel}","templated":true}]}}