{"id":8164,"date":"2026-04-26T22:16:30","date_gmt":"2026-04-27T01:16:30","guid":{"rendered":"https:\/\/cliente1.publisher.highstack.com.ar\/?p=8164"},"modified":"2026-04-26T22:16:30","modified_gmt":"2026-04-27T01:16:30","slug":"una-historica-planta-de-electrodomesticos-deja-de-producir-heladeras-y-despedira-personal-en-rosario","status":"publish","type":"post","link":"https:\/\/cliente1.publisher.highstack.com.ar\/?p=8164","title":{"rendered":"Una hist\u00f3rica planta de electrodom\u00e9sticos deja de producir heladeras y despedir\u00e1 personal en Rosario"},"content":{"rendered":"<div class=\"visual__image image-initial-width\"><picture><source srcset=\"https:\/\/www.infobae.com\/resizer\/v2\/DYWN52RK3VBBTIBW36MNRY2LJY.jpg?auth=bac67f5625014bc992f05c448fff52c019a69218cdc84679f0011c97da9f102d&amp;smart=true&amp;width=992&amp;height=558&amp;quality=85\" media=\"(min-width: 1000px)\"><\/source><source srcset=\"https:\/\/www.infobae.com\/resizer\/v2\/DYWN52RK3VBBTIBW36MNRY2LJY.jpg?auth=bac67f5625014bc992f05c448fff52c019a69218cdc84679f0011c97da9f102d&amp;smart=true&amp;width=768&amp;height=432&amp;quality=85\" media=\"(min-width: 768px)\"><\/source><source srcset=\"https:\/\/www.infobae.com\/resizer\/v2\/DYWN52RK3VBBTIBW36MNRY2LJY.jpg?auth=bac67f5625014bc992f05c448fff52c019a69218cdc84679f0011c97da9f102d&amp;smart=true&amp;width=577&amp;height=325&amp;quality=85\" media=\"(min-width: 580px)\"><\/source><source srcset=\"https:\/\/www.infobae.com\/resizer\/v2\/DYWN52RK3VBBTIBW36MNRY2LJY.jpg?auth=bac67f5625014bc992f05c448fff52c019a69218cdc84679f0011c97da9f102d&amp;smart=true&amp;width=420&amp;height=236&amp;quality=85\" media=\"(min-width: 350px)\"><\/source><source srcset=\"https:\/\/www.infobae.com\/resizer\/v2\/DYWN52RK3VBBTIBW36MNRY2LJY.jpg?auth=bac67f5625014bc992f05c448fff52c019a69218cdc84679f0011c97da9f102d&amp;smart=true&amp;width=350&amp;height=197&amp;quality=85\" media=\"(min-width: 80px)\"><\/source><img alt=\"Planta Electrolux en Rosario\" class=\"global-image\" decoding=\"async\" fetchpriority=\"high\" height=\"1080\" loading=\"eager\" src=\"https:\/\/www.infobae.com\/resizer\/v2\/DYWN52RK3VBBTIBW36MNRY2LJY.jpg?auth=bac67f5625014bc992f05c448fff52c019a69218cdc84679f0011c97da9f102d&amp;smart=true&amp;width=350&amp;height=197&amp;quality=85\" width=\"1920\"><\/picture><\/div>\n<p class=\"paragraph\"><b>Frimetal<\/b>, la empresa que ensambla la marca <b>Electrolux<\/b> en <b>Rosario<\/b>, cesar\u00e1 la producci\u00f3n de <b>heladeras<\/b> en mayo. Esta decisi\u00f3n forma parte de un proceso de reducci\u00f3n operativa que la empresa hab\u00eda iniciado a comienzos de a\u00f1o, ante el impacto de la ca\u00edda del consumo y el auge de importaciones en la industria de electrodom\u00e9sticos argentina. La firma prev\u00e9 la <b>reducci\u00f3n de su personal.<\/b><\/p>\n<p class=\"paragraph\">Seg\u00fan inform\u00f3 el medio local La Capital, el final de la fabricaci\u00f3n nacional de uno de sus productos emblem\u00e1ticos transformar\u00e1 la planta rosarina en un <b>centro de operaciones m\u00ednimas<\/b> -mayormente dedicado a la importaci\u00f3n de productos terminados- y profundizar\u00e1 el recorte de su estructura laboral. <\/p>\n<div class=\"inline ad-wrapper\">\n<div class=\"dfpAd ad-inline ad-text\">\n<div id=\"infobae\/economia\/nota\/inline\" class=\"infobae\/economia\/nota\/inline arcad\"><\/div>\n<\/div>\n<\/div>\n<p class=\"paragraph\">De esta manera, la firma de origen sueco pondr\u00e1 fin a su l\u00ednea de fr\u00edo. Esto implica que la planta <a rel=\"noopener noreferrer\" href=\"https:\/\/www.infobae.com\/economia\/2026\/03\/12\/crisis-de-los-electrodomesticos-una-reconocida-empresa-abrio-retiros-voluntarios-y-evalua-como-seguir-operando\/\" target=\"_blank\" title=\"https:\/\/www.infobae.com\/economia\/2026\/03\/12\/crisis-de-los-electrodomesticos-una-reconocida-empresa-abrio-retiros-voluntarios-y-evalua-como-seguir-operando\/\">dejar\u00e1 de fabricar tanto cocinas <\/a>\u2014cuya producci\u00f3n se interrumpi\u00f3 en enero\u2014 como heladeras, y solo continuar\u00e1 con la elaboraci\u00f3n de freezers y lavarropas, seg\u00fan precisaron fuentes internas a La Capital.<\/p>\n<h2 class=\"header headline-class-h2 headline\" id=\"fuerte-reduccion-de-personal\">Fuerte reducci\u00f3n de personal<\/h2>\n<p class=\"paragraph\">En este marco, la plantilla de empleados de la compa\u00f1\u00eda experimentar\u00e1 una nueva reducci\u00f3n: de los <b>750 trabajadores<\/b> iniciales restan unos <b>250 empleados<\/b>, y, tras la implementaci\u00f3n de la medida, solo <b>150 empleados<\/b> mantendr\u00e1n su puesto, dedicados exclusivamente a las funciones que permanezcan activas. Directivos declararon al medio rosarinos sobre los antiguos productos: <b>\u201cYa no se fabrican m\u00e1s ac\u00e1\u201d<\/b>.<\/p>\n<div class=\"inline_2 ad-wrapper\">\n<div class=\"dfpAd ad-inline ad-text\">\n<div id=\"infobae\/economia\/nota\/inline_2\" class=\"infobae\/economia\/nota\/inline_2 arcad\"><\/div>\n<\/div>\n<\/div>\n<p class=\"paragraph\">En marzo, <b>Electrolux<\/b> ya hab\u00eda puesto en marcha un plan de reducci\u00f3n de personal en la f\u00e1brica de Rosario. La apertura de un programa de retiros voluntarios para <b>100 trabajadores<\/b> tuvo una adhesi\u00f3n mayor a la esperada: <b>m\u00e1s de 130 operarios<\/b> decidieron aceptar la propuesta antes del cierre del proceso, inform\u00f3 la <b>Uni\u00f3n Obrera Metal\u00fargica (UOM)<\/b>. Este ajuste se produjo en un contexto en el que la planta, que lleg\u00f3 a emplear a 750 personas, ya operaba por debajo de su hist\u00f3rica capacidad.<\/p>\n<p class=\"paragraph\">Las condiciones del retiro inclu\u00edan el pago del <b>100% de la indemnizaci\u00f3n<\/b> bajo el r\u00e9gimen previo a la reforma laboral, m\u00e1s <b>tres salarios adicionales<\/b> por aceptaci\u00f3n voluntaria, seg\u00fan datos gremiales. Esta decisi\u00f3n empresarial se inscribe en una tendencia de ajuste y reconversi\u00f3n en la industria nacional de l\u00ednea blanca, que enfrenta dificultades crecientes.<\/p>\n<div class=\"ad_1 ad-wrapper\">\n<div class=\"dfpAd ad-1-al-6 ad-text\">\n<div id=\"infobae\/economia\/nota\/ad_1\" class=\"infobae\/economia\/nota\/ad_1 arcad\"><\/div>\n<\/div>\n<\/div>\n<div class=\"visual__image\"><picture><source srcset=\"https:\/\/www.infobae.com\/resizer\/v2\/W5QXQC74OJCJFL6PMPFPP5VYTU.jpg?auth=ce5e5e0f66ae41195a566ecfa5d23afd4759268908da1bfe2207be66e845eea8&amp;smart=true&amp;width=992&amp;height=558&amp;quality=85\" media=\"(min-width: 1000px)\"><\/source><source srcset=\"https:\/\/www.infobae.com\/resizer\/v2\/W5QXQC74OJCJFL6PMPFPP5VYTU.jpg?auth=ce5e5e0f66ae41195a566ecfa5d23afd4759268908da1bfe2207be66e845eea8&amp;smart=true&amp;width=768&amp;height=432&amp;quality=85\" media=\"(min-width: 768px)\"><\/source><source srcset=\"https:\/\/www.infobae.com\/resizer\/v2\/W5QXQC74OJCJFL6PMPFPP5VYTU.jpg?auth=ce5e5e0f66ae41195a566ecfa5d23afd4759268908da1bfe2207be66e845eea8&amp;smart=true&amp;width=577&amp;height=325&amp;quality=85\" media=\"(min-width: 580px)\"><\/source><source srcset=\"https:\/\/www.infobae.com\/resizer\/v2\/W5QXQC74OJCJFL6PMPFPP5VYTU.jpg?auth=ce5e5e0f66ae41195a566ecfa5d23afd4759268908da1bfe2207be66e845eea8&amp;smart=true&amp;width=420&amp;height=236&amp;quality=85\" media=\"(min-width: 350px)\"><\/source><source srcset=\"https:\/\/www.infobae.com\/resizer\/v2\/W5QXQC74OJCJFL6PMPFPP5VYTU.jpg?auth=ce5e5e0f66ae41195a566ecfa5d23afd4759268908da1bfe2207be66e845eea8&amp;smart=true&amp;width=350&amp;height=197&amp;quality=85\" media=\"(min-width: 80px)\"><\/source><img alt=\"Planta Electrolux en Rosario\" class=\"global-image\" decoding=\"async\" fetchpriority=\"low\" height=\"1080\" loading=\"lazy\" src=\"https:\/\/www.infobae.com\/resizer\/v2\/W5QXQC74OJCJFL6PMPFPP5VYTU.jpg?auth=ce5e5e0f66ae41195a566ecfa5d23afd4759268908da1bfe2207be66e845eea8&amp;smart=true&amp;width=350&amp;height=197&amp;quality=85\" width=\"1920\"><\/picture><\/div>\n<p class=\"paragraph\">La disminuci\u00f3n en las <b>ventas de electrodom\u00e9sticos<\/b> en los \u00faltimos meses presion\u00f3 a fabricantes locales a reajustar su producci\u00f3n y reducir sus costos para ganar eficiencia. Tambi\u00e9n en <b>octubre de 2025<\/b>, la planta de Rosario <a rel=\"noopener noreferrer\" href=\"https:\/\/www.infobae.com\/economia\/2026\/03\/12\/crisis-de-los-electrodomesticos-una-reconocida-empresa-abrio-retiros-voluntarios-y-evalua-como-seguir-operando\/\" target=\"_blank\" title=\"https:\/\/www.infobae.com\/economia\/2026\/03\/12\/crisis-de-los-electrodomesticos-una-reconocida-empresa-abrio-retiros-voluntarios-y-evalua-como-seguir-operando\/\">hab\u00eda aplicado <b>suspensiones rotativas<\/b> que afectaron a unos <b>400 trabajadores<\/b> debido a la baja demanda <\/a>y a la acumulaci\u00f3n de stock. El acuerdo, alcanzado con la UOM, permiti\u00f3 espaciar el impacto en la fuerza laboral y adaptar la producci\u00f3n al ritmo del mercado.<\/p>\n<p class=\"paragraph\">Esta mec\u00e1nica permiti\u00f3 que la planta continuara su operaci\u00f3n aunque de manera muy reducida, para evitar un desbalance mayor entre producci\u00f3n y ventas. Representantes de la compa\u00f1\u00eda atribuyeron la medida a la combinaci\u00f3n de menor consumo y el ingreso creciente de productos importados, fen\u00f3meno que dificult\u00f3 sostener la competitividad local.<\/p>\n<div class=\"ad_2 ad-wrapper\">\n<div class=\"dfpAd ad-1-al-6 ad-text\">\n<div id=\"infobae\/economia\/nota\/ad_2\" class=\"infobae\/economia\/nota\/ad_2 arcad\"><\/div>\n<\/div>\n<\/div>\n<h2 class=\"header headline-class-h2 headline\" id=\"un-sector-en-crisis\">Un sector en crisis<\/h2>\n<p class=\"paragraph\">La situaci\u00f3n de <b>Frimetal<\/b> se inserta en un escenario adverso para el sector de electrodom\u00e9sticos en la <b>Argentina<\/b>. Ya son varias las compa\u00f1\u00edas que anunciaron recientemente procesos de ajuste o reestructuraci\u00f3n. La firma <b>Goldmund S.A.<\/b>, responsable de la marca <a rel=\"noopener noreferrer\" href=\"https:\/\/www.infobae.com\/economia\/2026\/04\/16\/tras-el-concurso-el-dueno-de-peabody-asegura-que-es-ingrato-ser-empresario-en-argentina-y-advierte-la-ilegalidad-tomo-el-mercado\/\" target=\"_blank\" title=\"https:\/\/www.infobae.com\/economia\/2026\/04\/16\/tras-el-concurso-el-dueno-de-peabody-asegura-que-es-ingrato-ser-empresario-en-argentina-y-advierte-la-ilegalidad-tomo-el-mercado\/\"><b>Peabody<\/b><\/a>, solicit\u00f3 la apertura de un concurso preventivo para reorganizar su deuda y poder continuar operando. <a rel=\"noopener noreferrer\" href=\"https:\/\/www.infobae.com\/economia\/2026\/04\/16\/tras-el-concurso-el-dueno-de-peabody-asegura-que-es-ingrato-ser-empresario-en-argentina-y-advierte-la-ilegalidad-tomo-el-mercado\/\" target=\"_blank\" title=\"https:\/\/www.infobae.com\/economia\/2026\/04\/16\/tras-el-concurso-el-dueno-de-peabody-asegura-que-es-ingrato-ser-empresario-en-argentina-y-advierte-la-ilegalidad-tomo-el-mercado\/\">En una nota exclusiva con <b>Infobae<\/b>, <\/a><b>Dante Do Sun Choi, <\/b>due\u00f1o de la firma de electrodom\u00e9sticos, expuso una \u201cprofunda tristeza\u201d por el devenir del sector industrial y remarc\u00f3 que, a pesar de estar agradecido por lo que le dio el pa\u00eds, \u201c<b>es muy ingrato ser empresario en la Argentina\u201c<\/b><\/p>\n<p class=\"paragraph\">Por su parte, <b>Mabe<\/b> implement\u00f3 <b>despidos<\/b> y clausur\u00f3 una de sus plantas. <a rel=\"noopener noreferrer\" href=\"https:\/\/www.infobae.com\/economia\/2025\/11\/27\/cierre-de-whirlpool-como-paso-de-un-ambicioso-proyecto-exportador-a-dejar-de-fabricar-en-el-pais-en-apenas-tres-anos\/\" target=\"_blank\" title=\"https:\/\/www.infobae.com\/economia\/2025\/11\/27\/cierre-de-whirlpool-como-paso-de-un-ambicioso-proyecto-exportador-a-dejar-de-fabricar-en-el-pais-en-apenas-tres-anos\/\"><b>Whirlpool<\/b><\/a> cerr\u00f3 el a\u00f1o pasado definitivamente su planta de lavarropas en <b>Pilar<\/b>, que hab\u00eda inaugurado hace solo <b>tres a\u00f1os<\/b>. A estos casos se suma <b>Aires del Sur<\/b>, fabricante de equipos <b>Electra<\/b>, <a href=\"https:\/\/www.infobae.com\/economia\/2026\/02\/25\/cesacion-de-pagos-irreversible-y-fracaso-definitivo-pidio-la-quiebra-el-fabricante-aires-acondicionados-electra-y-fedders\/\" target=\"_blank\" rel=\"noreferrer\" title=\"https:\/\/www.infobae.com\/economia\/2026\/02\/25\/cesacion-de-pagos-irreversible-y-fracaso-definitivo-pidio-la-quiebra-el-fabricante-aires-acondicionados-electra-y-fedders\/\">que pidi\u00f3 la <b>quiebra<\/b> hace pocas semanas.<\/a><\/p>\n<div class=\"ad_3 ad-wrapper\">\n<div class=\"dfpAd ad-1-al-6 ad-text\">\n<div id=\"infobae\/economia\/nota\/ad_3\" class=\"infobae\/economia\/nota\/ad_3 arcad\"><\/div>\n<\/div>\n<\/div>\n","protected":false},"excerpt":{"rendered":"<p>A partir de mayo, dejar\u00e1 de ensamblar heladeras para Electrolux. Antes hab\u00eda dejado de producir cocinas. Con operaciones al m\u00ednimo, se prev\u00e9 una reducci\u00f3n adicional de una plantilla que ya se hab\u00eda achicado en dos tercios<\/p>\n","protected":false},"author":1,"featured_media":8166,"comment_status":"open","ping_status":"open","sticky":false,"template":"","format":"standard","meta":{"footnotes":""},"categories":[1],"tags":[],"class_list":["post-8164","post","type-post","status-publish","format-standard","has-post-thumbnail","hentry","category-uncategorized"],"_links":{"self":[{"href":"https:\/\/cliente1.publisher.highstack.com.ar\/index.php?rest_route=\/wp\/v2\/posts\/8164","targetHints":{"allow":["GET"]}}],"collection":[{"href":"https:\/\/cliente1.publisher.highstack.com.ar\/index.php?rest_route=\/wp\/v2\/posts"}],"about":[{"href":"https:\/\/cliente1.publisher.highstack.com.ar\/index.php?rest_route=\/wp\/v2\/types\/post"}],"author":[{"embeddable":true,"href":"https:\/\/cliente1.publisher.highstack.com.ar\/index.php?rest_route=\/wp\/v2\/users\/1"}],"replies":[{"embeddable":true,"href":"https:\/\/cliente1.publisher.highstack.com.ar\/index.php?rest_route=%2Fwp%2Fv2%2Fcomments&post=8164"}],"version-history":[{"count":1,"href":"https:\/\/cliente1.publisher.highstack.com.ar\/index.php?rest_route=\/wp\/v2\/posts\/8164\/revisions"}],"predecessor-version":[{"id":8165,"href":"https:\/\/cliente1.publisher.highstack.com.ar\/index.php?rest_route=\/wp\/v2\/posts\/8164\/revisions\/8165"}],"wp:featuredmedia":[{"embeddable":true,"href":"https:\/\/cliente1.publisher.highstack.com.ar\/index.php?rest_route=\/wp\/v2\/media\/8166"}],"wp:attachment":[{"href":"https:\/\/cliente1.publisher.highstack.com.ar\/index.php?rest_route=%2Fwp%2Fv2%2Fmedia&parent=8164"}],"wp:term":[{"taxonomy":"category","embeddable":true,"href":"https:\/\/cliente1.publisher.highstack.com.ar\/index.php?rest_route=%2Fwp%2Fv2%2Fcategories&post=8164"},{"taxonomy":"post_tag","embeddable":true,"href":"https:\/\/cliente1.publisher.highstack.com.ar\/index.php?rest_route=%2Fwp%2Fv2%2Ftags&post=8164"}],"curies":[{"name":"wp","href":"https:\/\/api.w.org\/{rel}","templated":true}]}}