{"id":8144,"date":"2026-04-26T17:08:11","date_gmt":"2026-04-26T20:08:11","guid":{"rendered":"https:\/\/cliente1.publisher.highstack.com.ar\/?p=8144"},"modified":"2026-04-26T17:08:11","modified_gmt":"2026-04-26T20:08:11","slug":"planes-para-2027-el-gobierno-busca-cambiar-la-boleta-unica-de-papel-para-que-los-gobernadores-no-desdoblen-sus-elecciones","status":"publish","type":"post","link":"https:\/\/cliente1.publisher.highstack.com.ar\/?p=8144","title":{"rendered":"Planes para 2027. El Gobierno busca cambiar la boleta \u00fanica de papel para que los gobernadores no desdoblen sus elecciones"},"content":{"rendered":"<section id=\"cuerpo__nota\" class=\"cuerpo__nota\">\n<div class=\"row\">\n<div class=\"col-12 col-desksm-1\">\n<div class=\"mod-share-container --no-app py-12 mb-16 mb-0_l sticky float-l_l z-101 transition transition-all transition-duration-250 top-73_min1024\">\n<div class=\"mod-share flex flex-column mb-0 p-0_l gap-24\"><button class=\"button ln-button font-bold border border-thin rounded-4 gap-8 border-all  border-neutral-light-800 bg-secondary__hover text-neutral-light-800 px-12 h-40 l-none --secondary\" title=\"Seguir a LA NACION en Google\" type=\"button\" data-section=\"CompartirNotaLN\" data-event=\"LinkClick\" data-variant=\"secondary\" style=\"border-color:var(--neutral-light-100);gap:4px\"><span class=\"text tracking-none text-14 text-neutral-light-900\" style=\"text-transform:none;font-weight:400\">Seguir en<\/span><i class=\"icon --inherit\" style=\"width:26px;height:26px\"><svg width=\"24\" height=\"24\" viewbox=\"0 0 24 24\" fill=\"currentColor\"><use href=\"http:\/\/www.lanacion.com.ar\/pf\/resources\/images\/la-nacion-ar-sprite-color.svg?d=1996#googleColor\"><\/use><\/svg><\/i><\/button><\/div>\n<\/div>\n<\/div>\n<div class=\"col-deskxl-10 offset-deskxl-1 col-desksm-11\">\n<div class=\"row\">\n<div class=\"col-12\">\n<p class=\"com-paragraph  --capital --s\">Uno de los objetivos primordiales del Gobierno con la reforma pol\u00edtica que present\u00f3 en el Senado es llegar a la compulsa presidencial de octubre de 2027 con la <strong>menor cantidad de elecciones intermedias posibles <\/strong>que puedan generar un <strong>clima pol\u00edtico y econ\u00f3mico adverso <\/strong>capaz de poner en riesgo la reelecci\u00f3n del presidente <strong>Javier Milei<\/strong>. <\/p>\n<p class=\"com-paragraph   --s\">Es por ello que, a nivel nacional, la reforma propone la eliminaci\u00f3n de las elecciones primarias (PASO) \u2212que deber\u00edan celebrarse en agosto\u2212 y, en paralelo, introduce un<strong> redise\u00f1o de la boleta \u00fanica de papel (BUP)<\/strong> para incentivar a los gobernadores a que celebren las elecciones provinciales <strong>de manera simult\u00e1nea con las generales de octubre<\/strong>. Una racha de resultados eventualmente negativos en las provincias es lo que justamente el oficialismo pretende evitar antes de la elecci\u00f3n presidencial. <\/p>\n<p class=\"com-paragraph   --s\">Como el gobierno nacional no tiene potestad para intervenir en las decisiones electorales de las provincias \u2212art\u00edculo 122 de la Constituci\u00f3n Nacional\u2212, buscar\u00e1 con esta reforma<strong> alentar la simultaneidad<\/strong> para que, en una misma fecha, el votante elija <strong>presidente y vice, diputados y senadores nacionales<\/strong> y, en las provincias donde sus respectivas cartas magnas se los permita, tambi\u00e9n <strong>gobernador y vice, legisladores provinciales<\/strong> y, eventualmente, <strong>autoridades municipales tambi\u00e9n<\/strong>. <\/p>\n<p class=\"com-paragraph   --s\">A manera de \u201cincentivo\u201d, el Gobierno invita a los gobernadores adherirse a la BUP, a la cual propone modificar en dos aspectos claves: por un lado, incorpora en una misma papeleta las categor\u00edas nacionales (que ocupar\u00edan las filas de la parte superior) y las categor\u00edas provinciales y municipales (que se ubicar\u00edan en la parte inferior). Hoy esta posibilidad est\u00e1 estrictamente prohibida por el art\u00edculo 3 de la ley 15.262, que esta reforma ahora quiere modificar. <\/p>\n<p class=\"com-paragraph   --s\">El incentivo se completar\u00eda con la inclusi\u00f3n de un <strong>casillero de lista completa al lado de cada agrupaci\u00f3n pol\u00edtica<\/strong>; este mecanismo permitir\u00eda a los votantes seleccionar todas las categor\u00edas de una misma fuerza con una sola marca. De esta manera, se facilitar\u00eda el <strong>\u201cefecto arrastre\u201d<\/strong> de los candidatos a cargos ejecutivos (sean a presidente o a gobernador) sobre las restantes categor\u00edas. <\/p>\n<p class=\"com-paragraph   --s\">En buen romance, el Gobierno procura <strong>reinstaurar una pr\u00e1ctica t\u00edpica de las boletas s\u00e1bana de anta\u00f1o <\/strong>\u2212el arrastre\u2212 no solo para su propia conveniencia electoral, sino tambi\u00e9n como se\u00f1uelo para los gobernadores, algunos de los cuales aspiran a ser reelegidos. De yapa, si estos aceptan la simultaneidad y adoptan la BUP, la<strong> Naci\u00f3n se har\u00eda cargo del financiamiento de los procesos electorales en sus provincias.<\/strong> <\/p>\n<p class=\"com-paragraph   --s\">En el oficialismo sostienen que, lejos de tratarse de un intento por manipular la voluntad del elector, esta modificaci\u00f3n de la BUP tiene como objetivo incentivar a que las elecciones nacionales y provinciales coincidan en una misma fecha para no cargar el cronograma con una ristra de comicios que, adem\u00e1s, encarezcan los costos electorales. <\/p>\n<p class=\"com-paragraph   --s\">\u201cEl elector siempre puede elegir como quiere y marcar en la boleta su opci\u00f3n, el efecto arrastre es relativo\u201d, sostienen. <\/p>\n<h3 class=\"com-title --font-primary --l --font-extra\">Los gobernadores, claves<\/h3>\n<p class=\"com-paragraph   --s\">Habr\u00e1 que ver si los gobernadores pican el anzuelo. El polit\u00f3logo <strong>Pablo Salinas<\/strong> recuerda que tanto en 2019 como en 2023 solo cuatro distritos celebraron sus elecciones locales en simult\u00e1neo con las nacionales. <\/p>\n<p class=\"com-paragraph   --s\">\u201cEl comportamiento de los gobernadores ha sido el de desdoblar las fechas electorales en sus provincias porque, en general, les ha garantizado continuidad. \u00bfPor qu\u00e9 raz\u00f3n atar\u00edan ahora su suerte a la del oficialismo? \u00bfQu\u00e9 les asegura que el a\u00f1o pr\u00f3ximo la imagen del Gobierno no est\u00e9 peor?\u201d, se pregunta. <\/p>\n<div class=\"com-embed --twitter container-center-100\">\n<blockquote class=\"twitter-tweet\">\n<p lang=\"es\" dir=\"ltr\">\ud83d\uddf3\ufe0f ELECCIONES 2027: A ESPERAR UN FESTIVAL DE DESDOBLAMIENTOS<br \/>\ud83d\udcca Algunos datos clave:<br \/>\ud83d\udccc 12 gobernadores y el Jefe de Gobierno de la CABA pueden reelegir sin problemas.<br \/>\ud83d\udccc 4 podr\u00edan intentarlo, pero con riesgo judicial.<br \/>\ud83d\udccc 5 directamente no pueden.<br \/>\ud83d\udccc 2 provincias no eligen. <a href=\"https:\/\/t.co\/ZCBeSm813G\">pic.twitter.com\/ZCBeSm813G<\/a><\/p>\n<p>\u2014 Pablo Salinas (@SalinasPabloJ) <a href=\"https:\/\/twitter.com\/SalinasPabloJ\/status\/2046770116663120063?ref_src=twsrc%5Etfw\">April 22, 2026<\/a><\/p><\/blockquote>\n<\/div>\n<p class=\"com-paragraph   --s\">En la Casa Rosada deslizan que, <strong>como incentivo adicional, no pondr\u00e1n candidatos propios que les compitan a los gobernadores que decidan atar sus elecciones a las generales de octubre<\/strong>. Algo de eso se convers\u00f3 en una reciente reuni\u00f3n entre los gobernadores <strong>Alfredo Cornejo<\/strong> (Mendoza) \u2212que no puede reelegir\u2212 y <strong>Rogelio Frigerio <\/strong>(Entre R\u00edos) con el ministro del Interior,<strong> Diego Santilli<\/strong>, y la secretaria general de la presidencia, <strong>Karina Milei<\/strong>. <\/p>\n<div class=\"content-media\">\n<section role=\"button\" class=\"mod-media   \">\n<figure role=\"button\" tabindex=\"0\" class=\"mod-figure \">\n<div class=\"placeholder \">\n<div class=\"com-image\"><picture><source media=\"(min-width: 768px)\" srcset=\"https:\/\/resizer.glanacion.com\/resizer\/v2\/k4iaf5szrzcvzhtp5k2iantzoi-reunion-con-los-K4IAF5SZRZCVZHTP5K2IANTZOI.JPG?auth=13a3251234809d24c2845813e30ea147ee52ac9727161a95f225d187b1f10bb2&amp;width=780&amp;height=520&amp;quality=70&amp;smart=true\"><\/source><img class=\"image com-image flex --cover\" decoding=\"async\" fetchpriority=\"low\" loading=\"lazy\" src=\"https:\/\/resizer.glanacion.com\/resizer\/v2\/k4iaf5szrzcvzhtp5k2iantzoi-reunion-con-los-K4IAF5SZRZCVZHTP5K2IANTZOI.JPG?auth=13a3251234809d24c2845813e30ea147ee52ac9727161a95f225d187b1f10bb2&amp;width=420&amp;height=280&amp;quality=70&amp;smart=true\" width=\"3000\" alt=\"Reuni\u00f3n con los gobernadores de Entre R\u00edos y Mendoza\n\nLa secretaria General, Karina Milei, el subsecretario de Gesti\u00f3n Institucional, Lule Menem, y el ministro del Interior, Diego Santilli, recibieron a los gobernadores de Entre R\u00edos y de Mendoza, Rogelio Frigerio y Alfredo Cornejo.\" height=\"1999\"><\/picture><\/div>\n<\/div><figcaption class=\"mod-figcaption\"><span class=\"com-text --caption --twoxs\">Reuni\u00f3n con los gobernadores de Entre R\u00edos y Mendoza<\/p>\n<p>La secretaria General, Karina Milei, el subsecretario de Gesti\u00f3n Institucional, Lule Menem, y el ministro del Interior, Diego Santilli, recibieron a los gobernadores de Entre R\u00edos y de Mendoza, Rogelio Frigerio y Alfredo Cornejo.<\/span><span class=\"com-text --credit --twoxs\">Presidencia<\/span><\/figcaption><\/figure>\n<\/section>\n<\/div>\n<p class=\"com-paragraph   --s\">Sin embargo, los gobernadores desconf\u00edan mientras que la oposici\u00f3n anticipa sus cr\u00edticas. \u201cQu\u00e9 contradicci\u00f3n: hace un a\u00f1o el oficialismo rechazaba el bot\u00f3n de lista completa en la BUP con el argumento de que beneficia a la casta. Ahora quiere alentar el arrastre para provecho propio\u201d, cuestiona el diputado y polit\u00f3logo <strong>Sebasti\u00e1n Galmarini<\/strong> (Uni\u00f3n por la Patria), quien sostiene que los gobiernos que manipulan las reglas electorales con el prop\u00f3sito de sacar ventajas de corto plazo por lo general no logran su cometido. <\/p>\n<div class=\"com-embed --twitter container-center-100\">\n<blockquote class=\"twitter-tweet\">\n<p lang=\"es\" dir=\"ltr\">Javier: es una chantada m\u00e1s! Deja de pavear. Hay temas urgentes para resolver!<br \/>Las reformas electorales no te benefician. Los que cambian, y ahora no te eligen son los argentinos.<br \/>Ahora queres eliminar las PASO para dividir a la oposici\u00f3n? Pero adem\u00e1s, no dec\u00eds c\u00f3mo se va a\u2026 <a href=\"https:\/\/t.co\/k6QVC3OYwN\">https:\/\/t.co\/k6QVC3OYwN<\/a><\/p>\n<p>\u2014 Sebastian Galmarini (@SebasGalmarini) <a href=\"https:\/\/twitter.com\/SebasGalmarini\/status\/2046735996851540201?ref_src=twsrc%5Etfw\">April 21, 2026<\/a><\/p><\/blockquote>\n<\/div>\n<p class=\"com-paragraph   --s\">Lo cierto es que la reforma que propicia el Gobierno <strong>necesita del apoyo de un sector de los gobernadores para ser aprobada<\/strong> por ambas c\u00e1maras antes de que inicie el calendario electoral. Se requiere una mayor\u00eda agravada de <strong>129 en Diputados y de 37 en el Senado<\/strong>; para alcanzar esos n\u00fameros el oficialismo deber\u00eda, adem\u00e1s, garantizarse el apoyo de sus aliados de <strong>Pro<\/strong> y de la<strong> UCR<\/strong>, que por ahora ven con reparos el proyecto, sobre todo la eliminaci\u00f3n de las PASO. <\/p>\n<p class=\"com-paragraph   --s\">El partido de <strong>Mauricio Macri <\/strong>no parece dispuesto a derogar la instancia de las primarias sin asegurarse una alternativa para definir candidaturas en un eventual frente electoral con LLA. Mantener las primarias en pie le significa una herramienta de presi\u00f3n para el armado de las listas de cara a los comicios de 2027.<\/p>\n<p class=\"com-paragraph   --s\">En la UCR tampoco est\u00e1n de acuerdo en eliminar las PASO. El jefe del bloque en el Senado, <strong>Eduardo Vischi<\/strong>, tiene en carpeta un proyecto para que sean optativas, alternativa que <strong>Patricia Bullrich<\/strong>, jefa del bloque de senadores de LLA, podr\u00eda llevar a la Casa Rosada si tantea que el texto original no logra reunir los apoyos suficientes. <\/p>\n<div data-fusion-lazy-id=\"f0f2aQl9N0Nc5yq\"><\/div>\n<div data-fusion-lazy-id=\"f0fGQeo7N0Nc5He\"><\/div>\n<div data-fusion-lazy-id=\"f0fSc0ngN0Nc5KL\">\n<div><\/div>\n<\/div>\n<\/div>\n<\/div>\n<\/div>\n<\/div>\n<\/section>\n<p><script async src=\"https:\/\/platform.twitter.com\/widgets.js\" charset=\"utf-8\"><\/script><br \/><\/p>\n","protected":false},"excerpt":{"rendered":"<p>Seguir en Uno de los objetivos primordiales del Gobierno con la reforma pol\u00edtica que present\u00f3 en el Senado es llegar a la compulsa presidencial de octubre de 2027 con la menor cantidad de elecciones intermedias posibles que puedan generar un clima pol\u00edtico y econ\u00f3mico adverso capaz de poner en riesgo la reelecci\u00f3n del presidente Javier [&hellip;]<\/p>\n","protected":false},"author":1,"featured_media":8145,"comment_status":"open","ping_status":"open","sticky":false,"template":"","format":"standard","meta":{"footnotes":""},"categories":[1],"tags":[4,3],"class_list":["post-8144","post","type-post","status-publish","format-standard","has-post-thumbnail","hentry","category-uncategorized","tag-entre-rios","tag-rogelio-frigerio"],"_links":{"self":[{"href":"https:\/\/cliente1.publisher.highstack.com.ar\/index.php?rest_route=\/wp\/v2\/posts\/8144","targetHints":{"allow":["GET"]}}],"collection":[{"href":"https:\/\/cliente1.publisher.highstack.com.ar\/index.php?rest_route=\/wp\/v2\/posts"}],"about":[{"href":"https:\/\/cliente1.publisher.highstack.com.ar\/index.php?rest_route=\/wp\/v2\/types\/post"}],"author":[{"embeddable":true,"href":"https:\/\/cliente1.publisher.highstack.com.ar\/index.php?rest_route=\/wp\/v2\/users\/1"}],"replies":[{"embeddable":true,"href":"https:\/\/cliente1.publisher.highstack.com.ar\/index.php?rest_route=%2Fwp%2Fv2%2Fcomments&post=8144"}],"version-history":[{"count":0,"href":"https:\/\/cliente1.publisher.highstack.com.ar\/index.php?rest_route=\/wp\/v2\/posts\/8144\/revisions"}],"wp:featuredmedia":[{"embeddable":true,"href":"https:\/\/cliente1.publisher.highstack.com.ar\/index.php?rest_route=\/wp\/v2\/media\/8145"}],"wp:attachment":[{"href":"https:\/\/cliente1.publisher.highstack.com.ar\/index.php?rest_route=%2Fwp%2Fv2%2Fmedia&parent=8144"}],"wp:term":[{"taxonomy":"category","embeddable":true,"href":"https:\/\/cliente1.publisher.highstack.com.ar\/index.php?rest_route=%2Fwp%2Fv2%2Fcategories&post=8144"},{"taxonomy":"post_tag","embeddable":true,"href":"https:\/\/cliente1.publisher.highstack.com.ar\/index.php?rest_route=%2Fwp%2Fv2%2Ftags&post=8144"}],"curies":[{"name":"wp","href":"https:\/\/api.w.org\/{rel}","templated":true}]}}