{"id":8130,"date":"2026-04-26T12:30:01","date_gmt":"2026-04-26T15:30:01","guid":{"rendered":"https:\/\/cliente1.publisher.highstack.com.ar\/?p=8130"},"modified":"2026-04-26T12:30:02","modified_gmt":"2026-04-26T15:30:02","slug":"comenzo-en-damasco-el-primer-juicio-publico-contra-figuras-cercanas-al-ex-dictador-bashar-al-assad","status":"publish","type":"post","link":"https:\/\/cliente1.publisher.highstack.com.ar\/?p=8130","title":{"rendered":"Comenz\u00f3 en Damasco el primer juicio p\u00fablico contra figuras cercanas al ex dictador Bashar Al-Assad"},"content":{"rendered":"<div class=\"visual__image image-initial-width\"><picture><source srcset=\"https:\/\/www.infobae.com\/resizer\/v2\/4DHO3E54FJHILHFXNZ3LRLPLSM.jpg?auth=1b93c6420f40de134d5b8f494ea4abf3888721c13c7a6b4ca22e2ea98f7cf49a&amp;smart=true&amp;width=992&amp;height=661&amp;quality=85\" media=\"(min-width: 1000px)\"><\/source><source srcset=\"https:\/\/www.infobae.com\/resizer\/v2\/4DHO3E54FJHILHFXNZ3LRLPLSM.jpg?auth=1b93c6420f40de134d5b8f494ea4abf3888721c13c7a6b4ca22e2ea98f7cf49a&amp;smart=true&amp;width=768&amp;height=512&amp;quality=85\" media=\"(min-width: 768px)\"><\/source><source srcset=\"https:\/\/www.infobae.com\/resizer\/v2\/4DHO3E54FJHILHFXNZ3LRLPLSM.jpg?auth=1b93c6420f40de134d5b8f494ea4abf3888721c13c7a6b4ca22e2ea98f7cf49a&amp;smart=true&amp;width=577&amp;height=385&amp;quality=85\" media=\"(min-width: 580px)\"><\/source><source srcset=\"https:\/\/www.infobae.com\/resizer\/v2\/4DHO3E54FJHILHFXNZ3LRLPLSM.jpg?auth=1b93c6420f40de134d5b8f494ea4abf3888721c13c7a6b4ca22e2ea98f7cf49a&amp;smart=true&amp;width=420&amp;height=280&amp;quality=85\" media=\"(min-width: 350px)\"><\/source><source srcset=\"https:\/\/www.infobae.com\/resizer\/v2\/4DHO3E54FJHILHFXNZ3LRLPLSM.jpg?auth=1b93c6420f40de134d5b8f494ea4abf3888721c13c7a6b4ca22e2ea98f7cf49a&amp;smart=true&amp;width=350&amp;height=233&amp;quality=85\" media=\"(min-width: 80px)\"><\/source><img alt=\"Atef Najib, exjefe de la Rama de Seguridad Pol\u00edtica de la zona de Daraa durante el gobierno de Bashar Assad, se sienta en la celda de acusados durante una vista judicial en el Palacio de Justicia en Damasco, Siria, el domingo 26 de abril de 2026. (AP Foto\/Ghaith Alsayed)\" class=\"global-image\" decoding=\"async\" fetchpriority=\"high\" height=\"4000\" loading=\"eager\" src=\"https:\/\/www.infobae.com\/resizer\/v2\/4DHO3E54FJHILHFXNZ3LRLPLSM.jpg?auth=1b93c6420f40de134d5b8f494ea4abf3888721c13c7a6b4ca22e2ea98f7cf49a&amp;smart=true&amp;width=350&amp;height=233&amp;quality=85\" width=\"6000\"><\/picture><\/div>\n<p class=\"paragraph\">El primer<b> juicio p\u00fablico en Siria <\/b>contra funcionarios vinculados al r\u00e9gimen del ex dictador <b>Bashar Al-Assad <\/b>comenz\u00f3 en <b>Damasco <\/b>este domingo. <b>Atef Najib<\/b>, un ex general de brigada del ej\u00e9rcito sirio que fue jefe de la Rama de Seguridad Pol\u00edtica en la provincia sure\u00f1a de Daraa bajo el mando de Assad y que tambi\u00e9n es primo del ex presidente, compareci\u00f3 ante el tribunal para enfrentar cargos relacionados con<b> \u201ccr\u00edmenes contra el pueblo sirio\u201d<\/b>, inform\u00f3 la agencia estatal de noticias SANA.<\/p>\n<p class=\"paragraph\">Najib ocupaba ese cargo en 2011, cuando fueron arrestados y torturados unos adolescentes que garabatearon grafiti contra el gobierno en la pared de una escuela en Daraa. El caso se convirti\u00f3 en un catalizador de protestas masivas contra las pol\u00edticas represivas de las fuerzas de seguridad del gobierno de Assad.<\/p>\n<div class=\"inline ad-wrapper\">\n<div class=\"dfpAd ad-inline ad-text\">\n<div id=\"infobae\/america\/mundo\/nota\/inline\" class=\"infobae\/america\/mundo\/nota\/inline arcad\"><\/div>\n<\/div>\n<\/div>\n<div class=\"visual__image\"><picture><source srcset=\"https:\/\/www.infobae.com\/resizer\/v2\/LXMWMOO7PBAJ3LXFROMI2NJWSU.JPG?auth=4400c002f0692989e323e1c4034a789cdb0bec8e4961b20c2ea8432184a254d5&amp;smart=true&amp;width=992&amp;height=661&amp;quality=85\" media=\"(min-width: 1000px)\"><\/source><source srcset=\"https:\/\/www.infobae.com\/resizer\/v2\/LXMWMOO7PBAJ3LXFROMI2NJWSU.JPG?auth=4400c002f0692989e323e1c4034a789cdb0bec8e4961b20c2ea8432184a254d5&amp;smart=true&amp;width=768&amp;height=512&amp;quality=85\" media=\"(min-width: 768px)\"><\/source><source srcset=\"https:\/\/www.infobae.com\/resizer\/v2\/LXMWMOO7PBAJ3LXFROMI2NJWSU.JPG?auth=4400c002f0692989e323e1c4034a789cdb0bec8e4961b20c2ea8432184a254d5&amp;smart=true&amp;width=577&amp;height=385&amp;quality=85\" media=\"(min-width: 580px)\"><\/source><source srcset=\"https:\/\/www.infobae.com\/resizer\/v2\/LXMWMOO7PBAJ3LXFROMI2NJWSU.JPG?auth=4400c002f0692989e323e1c4034a789cdb0bec8e4961b20c2ea8432184a254d5&amp;smart=true&amp;width=420&amp;height=280&amp;quality=85\" media=\"(min-width: 350px)\"><\/source><source srcset=\"https:\/\/www.infobae.com\/resizer\/v2\/LXMWMOO7PBAJ3LXFROMI2NJWSU.JPG?auth=4400c002f0692989e323e1c4034a789cdb0bec8e4961b20c2ea8432184a254d5&amp;smart=true&amp;width=350&amp;height=233&amp;quality=85\" media=\"(min-width: 80px)\"><\/source><img alt=\"Atef Najib, general de brigada y exjefe del Departamento de Seguridad Pol\u00edtica en Daraa durante el r\u00e9gimen del derrocado presidente sirio Bashar al-Assad, acusado de cr\u00edmenes de guerra, asiste a una sesi\u00f3n de juicio en el Palacio de Justicia de Damasco, Siria, el 26 de abril de 2026. REUTERS\/Khalil Ashawi\" class=\"global-image\" decoding=\"async\" fetchpriority=\"low\" height=\"2944\" loading=\"lazy\" src=\"https:\/\/www.infobae.com\/resizer\/v2\/LXMWMOO7PBAJ3LXFROMI2NJWSU.JPG?auth=4400c002f0692989e323e1c4034a789cdb0bec8e4961b20c2ea8432184a254d5&amp;smart=true&amp;width=350&amp;height=233&amp;quality=85\" width=\"4416\"><\/picture><\/div>\n<p class=\"paragraph\">Las autoridades respondieron a las protestas con una represi\u00f3n brutal y las marchas derivaron en una guerra civil de 14 a\u00f1os que termin\u00f3 con la ca\u00edda de Assad en diciembre de 2024, tras una fulminante ofensiva rebelde. <b>Assad huy\u00f3 a Rusia, mientras que la mayor\u00eda de los miembros de su c\u00edrculo \u00edntimo tambi\u00e9n escaparon de Siria.<\/b><\/p>\n<p class=\"paragraph\">Assad y su hermano, Maher, ex comandante de la 4\u00aa Divisi\u00f3n Acorazada del ej\u00e9rcito sirio \u2014a la que <b>activistas de la oposici\u00f3n siria han acusado de asesinatos, torturas, extorsi\u00f3n y tr\u00e1fico de drogas, adem\u00e1s de operar sus propios centros de detenci\u00f3n<\/b>\u2014 fueron acusados en ausencia, junto con otros ex altos funcionarios de seguridad.<\/p>\n<div class=\"inline_2 ad-wrapper\">\n<div class=\"dfpAd ad-inline ad-text\">\n<div id=\"infobae\/america\/mundo\/nota\/inline_2\" class=\"infobae\/america\/mundo\/nota\/inline_2 arcad\"><\/div>\n<\/div>\n<\/div>\n<p class=\"paragraph\">Najib fue el \u00fanico de los acusados que fue detenido y estuvo presente en persona en el tribunal el domingo para una sesi\u00f3n preparatoria del juicio, que continuar\u00e1 el pr\u00f3ximo mes.<\/p>\n<div class=\"visual__image\"><picture><source srcset=\"https:\/\/www.infobae.com\/resizer\/v2\/JP4UVDFIIJDYDHMDV4JKG3FWFU.JPG?auth=4537a06189dd52d7bb9247b456945ac2562e14f3afa1b625254c965054f4a71e&amp;smart=true&amp;width=992&amp;height=661&amp;quality=85\" media=\"(min-width: 1000px)\"><\/source><source srcset=\"https:\/\/www.infobae.com\/resizer\/v2\/JP4UVDFIIJDYDHMDV4JKG3FWFU.JPG?auth=4537a06189dd52d7bb9247b456945ac2562e14f3afa1b625254c965054f4a71e&amp;smart=true&amp;width=768&amp;height=512&amp;quality=85\" media=\"(min-width: 768px)\"><\/source><source srcset=\"https:\/\/www.infobae.com\/resizer\/v2\/JP4UVDFIIJDYDHMDV4JKG3FWFU.JPG?auth=4537a06189dd52d7bb9247b456945ac2562e14f3afa1b625254c965054f4a71e&amp;smart=true&amp;width=577&amp;height=385&amp;quality=85\" media=\"(min-width: 580px)\"><\/source><source srcset=\"https:\/\/www.infobae.com\/resizer\/v2\/JP4UVDFIIJDYDHMDV4JKG3FWFU.JPG?auth=4537a06189dd52d7bb9247b456945ac2562e14f3afa1b625254c965054f4a71e&amp;smart=true&amp;width=420&amp;height=280&amp;quality=85\" media=\"(min-width: 350px)\"><\/source><source srcset=\"https:\/\/www.infobae.com\/resizer\/v2\/JP4UVDFIIJDYDHMDV4JKG3FWFU.JPG?auth=4537a06189dd52d7bb9247b456945ac2562e14f3afa1b625254c965054f4a71e&amp;smart=true&amp;width=350&amp;height=233&amp;quality=85\" media=\"(min-width: 80px)\"><\/source><img alt=\"Jueces asisten a una sesi\u00f3n del juicio de Atef Najib, general de brigada y exjefe del Departamento de Seguridad Pol\u00edtica en Daraa durante el r\u00e9gimen del derrocado presidente sirio Bashar al-Assad, acusado de cr\u00edmenes de guerra, en el Palacio de Justicia de Damasco, Siria, el 26 de abril de 2026. REUTERS\/Khalil Ashawi\" class=\"global-image\" decoding=\"async\" fetchpriority=\"low\" height=\"3667\" loading=\"lazy\" src=\"https:\/\/www.infobae.com\/resizer\/v2\/JP4UVDFIIJDYDHMDV4JKG3FWFU.JPG?auth=4537a06189dd52d7bb9247b456945ac2562e14f3afa1b625254c965054f4a71e&amp;smart=true&amp;width=350&amp;height=233&amp;quality=85\" width=\"5500\"><\/picture><\/div>\n<p class=\"paragraph\">Una multitud se reuni\u00f3 ante el juzgado para celebrar.<\/p>\n<div class=\"ad_1 ad-wrapper\">\n<div class=\"dfpAd ad-1-al-6 ad-text\">\n<div id=\"infobae\/america\/mundo\/nota\/ad_1\" class=\"infobae\/america\/mundo\/nota\/ad_1 arcad\"><\/div>\n<\/div>\n<\/div>\n<p class=\"paragraph\">El gobierno del presidente interino Ahmad al-Sharaa ha enfrentado cr\u00edticas por los retrasos en poner en marcha un prometido proceso de justicia transicional. Siria lucha por recuperarse tras 14 a\u00f1os de guerra civil que dejaron un <b>estimado de<\/b> <b>medio mill\u00f3n de muertos, millones m\u00e1s de desplazados y al pa\u00eds golpeado y dividido.<\/b><\/p>\n<p class=\"paragraph\">Ahora las autoridades parecen estar avanzando con mayor determinaci\u00f3n para procesar a funcionarios vinculados a Assad.<\/p>\n<div class=\"ad_2 ad-wrapper\">\n<div class=\"dfpAd ad-1-al-6 ad-text\">\n<div id=\"infobae\/america\/mundo\/nota\/ad_2\" class=\"infobae\/america\/mundo\/nota\/ad_2 arcad\"><\/div>\n<\/div>\n<\/div>\n<div class=\"visual__image\"><picture><source srcset=\"https:\/\/www.infobae.com\/resizer\/v2\/5NU7VAZFC5D7VIJNT7LHITMSGI.JPG?auth=ed288858c44a62a5600266b62f59f19e7d135afd583ebe660708b97fc364b1cc&amp;smart=true&amp;width=992&amp;height=661&amp;quality=85\" media=\"(min-width: 1000px)\"><\/source><source srcset=\"https:\/\/www.infobae.com\/resizer\/v2\/5NU7VAZFC5D7VIJNT7LHITMSGI.JPG?auth=ed288858c44a62a5600266b62f59f19e7d135afd583ebe660708b97fc364b1cc&amp;smart=true&amp;width=768&amp;height=512&amp;quality=85\" media=\"(min-width: 768px)\"><\/source><source srcset=\"https:\/\/www.infobae.com\/resizer\/v2\/5NU7VAZFC5D7VIJNT7LHITMSGI.JPG?auth=ed288858c44a62a5600266b62f59f19e7d135afd583ebe660708b97fc364b1cc&amp;smart=true&amp;width=577&amp;height=385&amp;quality=85\" media=\"(min-width: 580px)\"><\/source><source srcset=\"https:\/\/www.infobae.com\/resizer\/v2\/5NU7VAZFC5D7VIJNT7LHITMSGI.JPG?auth=ed288858c44a62a5600266b62f59f19e7d135afd583ebe660708b97fc364b1cc&amp;smart=true&amp;width=420&amp;height=280&amp;quality=85\" media=\"(min-width: 350px)\"><\/source><source srcset=\"https:\/\/www.infobae.com\/resizer\/v2\/5NU7VAZFC5D7VIJNT7LHITMSGI.JPG?auth=ed288858c44a62a5600266b62f59f19e7d135afd583ebe660708b97fc364b1cc&amp;smart=true&amp;width=350&amp;height=233&amp;quality=85\" media=\"(min-width: 80px)\"><\/source><img alt=\"Varias personas se congregan en el Palacio de Justicia el d\u00eda de la primera sesi\u00f3n del juicio contra Atef Najib, general de brigada y exjefe del Departamento de Seguridad Pol\u00edtica en Daraa durante el r\u00e9gimen del derrocado presidente sirio Bashar al-Assad, acusado de cr\u00edmenes de guerra, en Damasco, Siria, el 26 de abril de 2026. REUTERS\/Khalil Ashawi\" class=\"global-image\" decoding=\"async\" fetchpriority=\"low\" height=\"3577\" loading=\"lazy\" src=\"https:\/\/www.infobae.com\/resizer\/v2\/5NU7VAZFC5D7VIJNT7LHITMSGI.JPG?auth=ed288858c44a62a5600266b62f59f19e7d135afd583ebe660708b97fc364b1cc&amp;smart=true&amp;width=350&amp;height=233&amp;quality=85\" width=\"5366\"><\/picture><\/div>\n<p class=\"paragraph\">Las autoridades sirias arrestaron el viernes a Amjad Yousef, un ex funcionario de inteligencia que apareci\u00f3 en un video filtrado hace cuatro a\u00f1os que supuestamente lo mostraba a \u00e9l y a sus compa\u00f1eros ejecutando a decenas de prisioneros con los ojos vendados y encadenados en el suburbio damasceno de Tadamon durante la guerra civil del pa\u00eds. <\/p>\n<p class=\"paragraph\"><i>(con informaci\u00f3n de AP)<\/i><\/p>\n<div class=\"ad_3 ad-wrapper\">\n<div class=\"dfpAd ad-1-al-6 ad-text\">\n<div id=\"infobae\/america\/mundo\/nota\/ad_3\" class=\"infobae\/america\/mundo\/nota\/ad_3 arcad\"><\/div>\n<\/div>\n<\/div>\n","protected":false},"excerpt":{"rendered":"<p>Las audiencias comenzaron con un ex alto mando de seguridad acusado de actos cometidos durante el r\u00e9gimen, mientras las autoridades intentan avanzar en el procesamiento de responsables por otros cr\u00edmenes <\/p>\n","protected":false},"author":1,"featured_media":8132,"comment_status":"open","ping_status":"open","sticky":false,"template":"","format":"standard","meta":{"footnotes":""},"categories":[1],"tags":[],"class_list":["post-8130","post","type-post","status-publish","format-standard","has-post-thumbnail","hentry","category-uncategorized"],"_links":{"self":[{"href":"https:\/\/cliente1.publisher.highstack.com.ar\/index.php?rest_route=\/wp\/v2\/posts\/8130","targetHints":{"allow":["GET"]}}],"collection":[{"href":"https:\/\/cliente1.publisher.highstack.com.ar\/index.php?rest_route=\/wp\/v2\/posts"}],"about":[{"href":"https:\/\/cliente1.publisher.highstack.com.ar\/index.php?rest_route=\/wp\/v2\/types\/post"}],"author":[{"embeddable":true,"href":"https:\/\/cliente1.publisher.highstack.com.ar\/index.php?rest_route=\/wp\/v2\/users\/1"}],"replies":[{"embeddable":true,"href":"https:\/\/cliente1.publisher.highstack.com.ar\/index.php?rest_route=%2Fwp%2Fv2%2Fcomments&post=8130"}],"version-history":[{"count":1,"href":"https:\/\/cliente1.publisher.highstack.com.ar\/index.php?rest_route=\/wp\/v2\/posts\/8130\/revisions"}],"predecessor-version":[{"id":8131,"href":"https:\/\/cliente1.publisher.highstack.com.ar\/index.php?rest_route=\/wp\/v2\/posts\/8130\/revisions\/8131"}],"wp:featuredmedia":[{"embeddable":true,"href":"https:\/\/cliente1.publisher.highstack.com.ar\/index.php?rest_route=\/wp\/v2\/media\/8132"}],"wp:attachment":[{"href":"https:\/\/cliente1.publisher.highstack.com.ar\/index.php?rest_route=%2Fwp%2Fv2%2Fmedia&parent=8130"}],"wp:term":[{"taxonomy":"category","embeddable":true,"href":"https:\/\/cliente1.publisher.highstack.com.ar\/index.php?rest_route=%2Fwp%2Fv2%2Fcategories&post=8130"},{"taxonomy":"post_tag","embeddable":true,"href":"https:\/\/cliente1.publisher.highstack.com.ar\/index.php?rest_route=%2Fwp%2Fv2%2Ftags&post=8130"}],"curies":[{"name":"wp","href":"https:\/\/api.w.org\/{rel}","templated":true}]}}