{"id":8128,"date":"2026-04-26T12:09:01","date_gmt":"2026-04-26T15:09:01","guid":{"rendered":"https:\/\/cliente1.publisher.highstack.com.ar\/?p=8128"},"modified":"2026-04-26T12:09:01","modified_gmt":"2026-04-26T15:09:01","slug":"la-cuenta-regresiva-de-dante-gebel-su-rol-religioso-y-su-impacto-en-la-pulseada-politica-argentina","status":"publish","type":"post","link":"https:\/\/cliente1.publisher.highstack.com.ar\/?p=8128","title":{"rendered":"La cuenta regresiva de Dante Gebel: su rol religioso y su impacto en la pulseada pol\u00edtica argentina"},"content":{"rendered":"<div id=\"news-body\" style=\"overflow-x: hidden;\">\n<p>Dante Gebel vivi\u00f3 72 horas fren\u00e9ticas en el pa\u00eds. Lleg\u00f3 el martes 21; protagoniz\u00f3 varios caf\u00e9s con pol\u00edticos, empresarios, sindicalistas y periodistas; concedi\u00f3 un par de entrevistas y tuvo alg\u00fan breve momento de relax con amigos. El viernes 24, al cierre de esta edici\u00f3n, regresaba a su residencia en California.<\/p>\n<p>Fue el desembarco en Argentina del posible candidato a presidente. No confirm\u00f3 que se lanzar\u00e1, pero avis\u00f3 que est\u00e1 en la vuelta previa: \u201cMe gustar\u00eda intentarlo\u201d, dice. Mientras tanto, un equipo de personas poco vinculadas entre s\u00ed organiza un operativo de clamor que \u00e9l deja crecer. En julio, despu\u00e9s del Mundial, har\u00e1 p\u00fablica su decisi\u00f3n.<\/p>\n<h2><strong>Candidato vac\u00edo. <\/strong><\/h2>\n<p>No existe un armado claro alrededor de Gebel. Ni siquiera hay una l\u00ednea discursiva definida que lo respalde. No tom\u00f3 posiciones sobre las cuestiones pol\u00edticas m\u00e1s elementales del pa\u00eds. Por ahora es s\u00f3lo una c\u00e1scara. Un nombre.<br \/>&#13;<br \/>\nEso qued\u00f3 en evidencia en sus primeras declaraciones medi\u00e1ticas. \u201cNo soy pastor. No soy pol\u00edtico\u201d, dijo en una entrevista con Luis Novaresio. Y cuando el periodista le pregunt\u00f3 si estaba m\u00e1s cerca de Cristina Kirchner o de Javier Milei, sostuvo: \u201cDe ninguno. Y eso no es ser tibio\u201d.<br \/>&#13;<br \/>\nS\u00f3lo ofrece una referencia pol\u00edtica cuando le insisten. Dice ser amigo de Nayib Bukele, el presidente de El Salvador. Pero asegura que no est\u00e1 a favor de la \u201cmano dura\u201d que fue el emblema de la gesti\u00f3n del pol\u00edtico y empresario salvadore\u00f1o. Conclusi\u00f3n: la suya es una propuesta de centroderecha.<br \/>&#13;<br \/>\nTampoco tiene definiciones econ\u00f3micas claras. Confirma que est\u00e1 armando un equipo para diagramar un plan, pero a\u00fan no hay ning\u00fan economista reconocido como referencia.<br \/>&#13;<br \/>\nSu equipo act\u00faa desde las sombras y est\u00e1 compuesto por sindicalistas, empresarios, dirigentes pol\u00edticos y religiosos. En la entrevista en Am\u00e9rica dio alguna pista sobre quienes trabajan en su campa\u00f1a prematura: \u201cSon de todos los sectores. Algunos est\u00e1n en funciones y no quiero comprometerlos\u201d, indic\u00f3. Y complet\u00f3: \u201cTenemos gente del viejo peronismo, del PRO, de la UCEDE y de la Union C\u00edvica Radical. Vamos a gestionar a partir de la integridad, sino cumplen los valores morales, van a ser eyectados\u201d.<br \/>&#13;<br \/>\nLos armadores de su campa\u00f1a tambi\u00e9n se encargaron de completar los casilleros de la intensa agenda que despleg\u00f3 en Buenos Aires. No todo contacto fue exitoso: muchos pol\u00edticos rechazaron la propuesta. Un gobernador del centro del pa\u00eds recibi\u00f3 la invitaci\u00f3n para reunirse con Gebel de parte de un diputado por la Ciudad y le respondi\u00f3: \u201cMira, todav\u00eda no s\u00e9 ni qu\u00e9 piensa\u201d, para declinar la oferta. \u201cAdem\u00e1s no es el momento\u201d, complet\u00f3. Solo un mandatario provincial tuvo contacto: el cordob\u00e9s Mart\u00edn Llaryora.<\/p>\n<h2><strong>En construcci\u00f3n.<\/strong><\/h2>\n<p>El operativo de clamor incluy\u00f3 la colocaci\u00f3n de carteles en Capital con su cara, los colores celeste y blanco y un eslogan grandilocuente: \u201cArgentina te necesita\u201d.<br \/>&#13;<br \/>\nEl espacio en el que trabajan se llama Consolidaci\u00f3n Argentina. Es la multisectorial que viene construyendo una estructura para contener al candidato y armando actos incluso sin \u00e9l, por si finalmente Gebel se decide a dar el paso.<br \/>&#13;<br \/>\nEn privado, asegura que su familia no quiere que se meta, pero que cree que es lo correcto. En p\u00fablico, agrega: \u201cEstoy en una lucha con mi deber c\u00edvico. Tengo la vida resuelta. Buscar reconocimiento en pol\u00edtica es una falacia\u201d, dice. Y sigue: \u201cSi no me meto\u2026 \u00bfno ser\u00e1 que esa omisi\u00f3n hace que sigan en el poder los canallas, esos que por default est\u00e1n ah\u00ed?\u201d.<br \/>&#13;<br \/>\nSu candidatura se va a construir desde el evangelismo, es su fuerte. Pero asegura que no quiere llevar el evangelismo a la pol\u00edtica. Adem\u00e1s, tiene que despegarse un poco para crecer.<br \/>&#13;<br \/>\nDe todos modos, para fin de a\u00f1o organiza un evento en River que llamar\u00e1 Supercl\u00e1sico de la juventud. Incluso sue\u00f1a con llenar dos estadios, algo impensado para cualquier pol\u00edtico en la actualidad.<br \/>&#13;<br \/>\nGebel juega al misterio, pero tiene claro el objetivo: \u201cTodav\u00eda no\u201d, dice cuando lo apuran. S\u00f3lo es cuesti\u00f3n de tiempo.<\/p>\n<div class=\" d-none \">\n<h3>Galer\u00eda de im\u00e1genes<\/h3>\n<div id=\"gallery-thumbnails\" class=\"bottom-gallery\">\n\t\t\t\t\t\t\t\t\t\t\t\t\t\t\t\t\t\t<a href=\"https:\/\/fotos.perfil.com\/2026\/04\/24\/dante-gebel-2227050.png\" title=\"Dante Gebel | Foto:CEDOC\"><br \/>\n\t\t\t\t\t\t\t\t\t\t<img decoding=\"async\" src=\"https:\/\/fotos.perfil.com\/2026\/04\/24\/cropped\/250\/250\/center\/dante-gebel-2227050.png\" alt=\"Dante Gebel | Foto:CEDOC\"\/><br \/>\n\t\t\t\t\t\t\t\t\t<\/a>\n\t\t\t\t\t\t\t\t\t\t\t\t\t\t\t\t\t<\/div>\n<\/p><\/div>\n<p>\t\t\t\t\t\t\t<!-- e-planning v3 - Comienzo espacio _ articulo _ teads --><\/p>\n<p><noscript><a href=\"https:\/\/ads.us.e-planning.net\/ei\/3\/2a6bb\/articulo\/teads?it=i&amp;rnd=%24RANDOM\" target=\"_blank\"><img loading=\"lazy\" decoding=\"async\" width=\"1\" height=\"1\" alt=\"e-planning ad\" src=\"https:\/\/ads.us.e-planning.net\/eb\/3\/2a6bb\/articulo\/teads?o=i&amp;rnd=%24RANDOM\" border=\"0\"\/><\/a><\/noscript><br \/>\n<!-- e-planning v3 - Fin espacio _ articulo _ teads --><\/p>\n<p><h4>En esta Nota<\/h4>\n<\/p><\/div>\n<p><script>\n\t(function(d, s, id) {\n\t\tvar js, fjs = d.getElementsByTagName(s)[0];\n\t\tif (d.getElementById(id)) return;\n\t\tjs = d.createElement(s); js.id = id;\n\t\tjs.src=\"https:\/\/connect.facebook.net\/es_LA\/sdk.js#xfbml=1&version=v3.2\";\n\t\tfjs.parentNode.insertBefore(js, fjs);\n\t}(document, 'script', 'facebook-jssdk'));\n<\/script><\/p>\n","protected":false},"excerpt":{"rendered":"<p>Dante Gebel vivi\u00f3 72 horas fren\u00e9ticas en el pa\u00eds. Lleg\u00f3 el martes 21; protagoniz\u00f3 varios caf\u00e9s con pol\u00edticos, empresarios, sindicalistas y periodistas; concedi\u00f3 un par de entrevistas y tuvo alg\u00fan breve momento de relax con amigos. El viernes 24, al cierre de esta edici\u00f3n, regresaba a su residencia en California. Fue el desembarco en Argentina [&hellip;]<\/p>\n","protected":false},"author":1,"featured_media":8129,"comment_status":"open","ping_status":"open","sticky":false,"template":"","format":"standard","meta":{"footnotes":""},"categories":[],"tags":[],"class_list":["post-8128","post","type-post","status-publish","format-standard","has-post-thumbnail","hentry"],"_links":{"self":[{"href":"https:\/\/cliente1.publisher.highstack.com.ar\/index.php?rest_route=\/wp\/v2\/posts\/8128","targetHints":{"allow":["GET"]}}],"collection":[{"href":"https:\/\/cliente1.publisher.highstack.com.ar\/index.php?rest_route=\/wp\/v2\/posts"}],"about":[{"href":"https:\/\/cliente1.publisher.highstack.com.ar\/index.php?rest_route=\/wp\/v2\/types\/post"}],"author":[{"embeddable":true,"href":"https:\/\/cliente1.publisher.highstack.com.ar\/index.php?rest_route=\/wp\/v2\/users\/1"}],"replies":[{"embeddable":true,"href":"https:\/\/cliente1.publisher.highstack.com.ar\/index.php?rest_route=%2Fwp%2Fv2%2Fcomments&post=8128"}],"version-history":[{"count":0,"href":"https:\/\/cliente1.publisher.highstack.com.ar\/index.php?rest_route=\/wp\/v2\/posts\/8128\/revisions"}],"wp:featuredmedia":[{"embeddable":true,"href":"https:\/\/cliente1.publisher.highstack.com.ar\/index.php?rest_route=\/wp\/v2\/media\/8129"}],"wp:attachment":[{"href":"https:\/\/cliente1.publisher.highstack.com.ar\/index.php?rest_route=%2Fwp%2Fv2%2Fmedia&parent=8128"}],"wp:term":[{"taxonomy":"category","embeddable":true,"href":"https:\/\/cliente1.publisher.highstack.com.ar\/index.php?rest_route=%2Fwp%2Fv2%2Fcategories&post=8128"},{"taxonomy":"post_tag","embeddable":true,"href":"https:\/\/cliente1.publisher.highstack.com.ar\/index.php?rest_route=%2Fwp%2Fv2%2Ftags&post=8128"}],"curies":[{"name":"wp","href":"https:\/\/api.w.org\/{rel}","templated":true}]}}