{"id":8123,"date":"2026-04-26T10:33:02","date_gmt":"2026-04-26T13:33:02","guid":{"rendered":"https:\/\/cliente1.publisher.highstack.com.ar\/?p=8123"},"modified":"2026-04-26T10:33:02","modified_gmt":"2026-04-26T13:33:02","slug":"la-union-europea-condeno-el-ataque-a-donald-trump-en-washington-y-rechazo-la-violencia-politica","status":"publish","type":"post","link":"https:\/\/cliente1.publisher.highstack.com.ar\/?p=8123","title":{"rendered":"La Uni\u00f3n Europea conden\u00f3 el ataque a Donald Trump en Washington y rechaz\u00f3 la violencia pol\u00edtica"},"content":{"rendered":"<div class=\"visual__image image-initial-width\"><picture><source srcset=\"https:\/\/www.infobae.com\/resizer\/v2\/OST2VMCPCJANNNR36TQOAIXWII.JPG?auth=eb309d0970ad26d44d7059e41e1b077b6eb2187c73c66987755d94048f4a0238&amp;smart=true&amp;width=992&amp;height=635&amp;quality=85\" media=\"(min-width: 1000px)\"><\/source><source srcset=\"https:\/\/www.infobae.com\/resizer\/v2\/OST2VMCPCJANNNR36TQOAIXWII.JPG?auth=eb309d0970ad26d44d7059e41e1b077b6eb2187c73c66987755d94048f4a0238&amp;smart=true&amp;width=768&amp;height=492&amp;quality=85\" media=\"(min-width: 768px)\"><\/source><source srcset=\"https:\/\/www.infobae.com\/resizer\/v2\/OST2VMCPCJANNNR36TQOAIXWII.JPG?auth=eb309d0970ad26d44d7059e41e1b077b6eb2187c73c66987755d94048f4a0238&amp;smart=true&amp;width=577&amp;height=370&amp;quality=85\" media=\"(min-width: 580px)\"><\/source><source srcset=\"https:\/\/www.infobae.com\/resizer\/v2\/OST2VMCPCJANNNR36TQOAIXWII.JPG?auth=eb309d0970ad26d44d7059e41e1b077b6eb2187c73c66987755d94048f4a0238&amp;smart=true&amp;width=420&amp;height=269&amp;quality=85\" media=\"(min-width: 350px)\"><\/source><source srcset=\"https:\/\/www.infobae.com\/resizer\/v2\/OST2VMCPCJANNNR36TQOAIXWII.JPG?auth=eb309d0970ad26d44d7059e41e1b077b6eb2187c73c66987755d94048f4a0238&amp;smart=true&amp;width=350&amp;height=224&amp;quality=85\" media=\"(min-width: 80px)\"><\/source><img alt=\"La Uni\u00f3n Europea conden\u00f3 el ataque a Donald Trump (REUTERS\/Yiannis Kourtoglou)\" class=\"global-image\" decoding=\"async\" fetchpriority=\"high\" height=\"3203\" loading=\"eager\" src=\"https:\/\/www.infobae.com\/resizer\/v2\/OST2VMCPCJANNNR36TQOAIXWII.JPG?auth=eb309d0970ad26d44d7059e41e1b077b6eb2187c73c66987755d94048f4a0238&amp;smart=true&amp;width=350&amp;height=224&amp;quality=85\" width=\"5000\"><\/picture><\/div>\n<p class=\"paragraph\">La alta representante de Exteriores de la Uni\u00f3n Europea (UE), <b>Kaja Kallas<\/b>, celebr\u00f3 este domingo que <b>Donald Trump, as\u00ed como el resto de asistentes, est\u00e9 \u201ca salvo\u201d<\/b> tras el tiroteo que oblig\u00f3 a evacuar este s\u00e1bado al presidente estadounidense mientras asist\u00eda a la cena anual de la Asociaci\u00f3n de Corresponsales de la Casa Blanca (WHCA).<\/p>\n<p class=\"paragraph\"><b>\u201cMe alegra saber que todos los asistentes, incluido el presidente Trump, se encuentran a salvo tras el tiroteo ocurrido en la cena de corresponsales de la Casa Blanca\u201d<\/b>, dijo la jefa de la diplomacia europea a trav\u00e9s de un mensaje en redes sociales.<\/p>\n<div class=\"inline ad-wrapper\">\n<div class=\"dfpAd ad-inline ad-text\">\n<div id=\"infobae\/america\/mundo\/nota\/inline\" class=\"infobae\/america\/mundo\/nota\/inline arcad\"><\/div>\n<\/div>\n<\/div>\n<p class=\"paragraph\">Asimismo, Kallas conden\u00f3 lo sucedido y dijo que \u201cla violencia pol\u00edtica no tiene cabida en una democracia\u201d.<\/p>\n<p class=\"paragraph\">Seguidamente hizo hincapi\u00e9 en que \u201cun acto destinado a rendir homenaje a la libertad de prensa nunca deber\u00eda convertirse en un escenario de miedo\u201d y<b> le dese\u00f3 al agente herido \u201cuna pronta recuperaci\u00f3n\u201d<\/b>.<\/p>\n<div class=\"inline_2 ad-wrapper\">\n<div class=\"dfpAd ad-inline ad-text\">\n<div id=\"infobae\/america\/mundo\/nota\/inline_2\" class=\"infobae\/america\/mundo\/nota\/inline_2 arcad\"><\/div>\n<\/div>\n<\/div>\n<div class=\"jwplayer-ctn\"><script src=\"https:\/\/census-web.scorecardresearch.com\/plugins\/streaming-jwplayer\/v2\/current.js\"><\/script><\/p>\n<div>\n<div id=\"Q2MSXPJ4JRGYBGHIQLC6HNGZBQ-custom_embed5\"><\/div>\n<\/div><figcaption class=\"jwplayer-figcaption\">El video muestra escenas de la Cena de Corresponsales de la Casa Blanca con numerosos asistentes. Donald Trump se observa en una mesa. Posteriormente, el evento se interrumpe y algunos asistentes se resguardan bajo las mesas. Personal con equipo t\u00e1ctico aparece en el sal\u00f3n. La secuencia documenta una evacuaci\u00f3n del expresidente por parte de agentes del Servicio Secreto durante el evento.<\/figcaption><\/div>\n<p class=\"paragraph\">Por su parte, la presidenta de la Comisi\u00f3n Europea, Ursula von der Leyen, agradeci\u00f3 adem\u00e1s \u201cla <b>r\u00e1pida intervenci\u00f3n de la polic\u00eda y los servicios de emergencia por garantizar la seguridad de los hu\u00e9spedes<\/b>\u201d.<\/p>\n<p class=\"paragraph\">El presidente del Consejo Europeo, <b>Ant\u00f3nio Costa<\/b>, calific\u00f3 el incidente de \u201cprofundamente preocupante\u201d y rechaz\u00f3 la violencia pol\u00edtica.<\/p>\n<div class=\"ad_1 ad-wrapper\">\n<div class=\"dfpAd ad-1-al-6 ad-text\">\n<div id=\"infobae\/america\/mundo\/nota\/ad_1\" class=\"infobae\/america\/mundo\/nota\/ad_1 arcad\"><\/div>\n<\/div>\n<\/div>\n<p class=\"paragraph\">La presidenta del Parlamento Europeo, <b>Roberta Metsola<\/b>, tambi\u00e9n expres\u00f3 su alivio por que todos los asistentes estuvieran a salvo.<\/p>\n<p class=\"paragraph\">El incidente ocurri\u00f3 en la noche del s\u00e1bado (hora de Estados Unidos) durante la cena anual de la Asociaci\u00f3n de Corresponsales de la Casa Blanca, que se celebraba en un c\u00e9ntrico hotel de la capital estadounidense.<\/p>\n<div class=\"ad_2 ad-wrapper\">\n<div class=\"dfpAd ad-1-al-6 ad-text\">\n<div id=\"infobae\/america\/mundo\/nota\/ad_2\" class=\"infobae\/america\/mundo\/nota\/ad_2 arcad\"><\/div>\n<\/div>\n<\/div>\n<div class=\"visual__image\"><picture><source srcset=\"https:\/\/www.infobae.com\/resizer\/v2\/TTRFO3CJ4RCKDJP7M2QCPJNNT4.JPG?auth=f9545595edfe83ae74ea8d7250833bc964cd1f164b0a610ac0b87f810eb17730&amp;smart=true&amp;width=992&amp;height=660&amp;quality=85\" media=\"(min-width: 1000px)\"><\/source><source srcset=\"https:\/\/www.infobae.com\/resizer\/v2\/TTRFO3CJ4RCKDJP7M2QCPJNNT4.JPG?auth=f9545595edfe83ae74ea8d7250833bc964cd1f164b0a610ac0b87f810eb17730&amp;smart=true&amp;width=768&amp;height=511&amp;quality=85\" media=\"(min-width: 768px)\"><\/source><source srcset=\"https:\/\/www.infobae.com\/resizer\/v2\/TTRFO3CJ4RCKDJP7M2QCPJNNT4.JPG?auth=f9545595edfe83ae74ea8d7250833bc964cd1f164b0a610ac0b87f810eb17730&amp;smart=true&amp;width=577&amp;height=384&amp;quality=85\" media=\"(min-width: 580px)\"><\/source><source srcset=\"https:\/\/www.infobae.com\/resizer\/v2\/TTRFO3CJ4RCKDJP7M2QCPJNNT4.JPG?auth=f9545595edfe83ae74ea8d7250833bc964cd1f164b0a610ac0b87f810eb17730&amp;smart=true&amp;width=420&amp;height=280&amp;quality=85\" media=\"(min-width: 350px)\"><\/source><source srcset=\"https:\/\/www.infobae.com\/resizer\/v2\/TTRFO3CJ4RCKDJP7M2QCPJNNT4.JPG?auth=f9545595edfe83ae74ea8d7250833bc964cd1f164b0a610ac0b87f810eb17730&amp;smart=true&amp;width=350&amp;height=233&amp;quality=85\" media=\"(min-width: 80px)\"><\/source><img alt=\"El presidente de Estados Unidos, Donald Trump, la primera dama Melania Trump y la corresponsal principal de la Casa Blanca de CBS News, Weijia Jiang, asisten a la cena anual de la Asociaci\u00f3n de Corresponsales de la Casa Blanca en Washington, D.C., Estados Unidos, el 25 de abril de 2026. REUTERS\/Jonathan Ernst\" class=\"global-image\" decoding=\"async\" fetchpriority=\"low\" height=\"2225\" loading=\"lazy\" src=\"https:\/\/www.infobae.com\/resizer\/v2\/TTRFO3CJ4RCKDJP7M2QCPJNNT4.JPG?auth=f9545595edfe83ae74ea8d7250833bc964cd1f164b0a610ac0b87f810eb17730&amp;smart=true&amp;width=350&amp;height=233&amp;quality=85\" width=\"3342\"><\/picture><\/div>\n<p class=\"paragraph\">El <b>Servicio Secreto evacu\u00f3 a Trump, a su esposa Melania y a otros miembros del Gobierno estadounidense del sal\u00f3n donde se celebraba la cena tras escucharse lo que parec\u00edan disparos<\/b>, seg\u00fan relat\u00f3 un periodista de EFE que se encontraba en el evento.<\/p>\n<p class=\"paragraph\">Tambi\u00e9n fueron evacuados otros miembros del Gobierno que hab\u00edan asistido a la gala, celebrada en el Hotel Hilton de Washington, como los <b>secretarios de Estado, Marco Rubio, del Tesoro, Scott Bessent, o de Guerra, Pete Hegseth.<\/b><\/p>\n<div class=\"ad_3 ad-wrapper\">\n<div class=\"dfpAd ad-1-al-6 ad-text\">\n<div id=\"infobae\/america\/mundo\/nota\/ad_3\" class=\"infobae\/america\/mundo\/nota\/ad_3 arcad\"><\/div>\n<\/div>\n<\/div>\n<p class=\"paragraph\">Aunque no existe confirmaci\u00f3n oficial, varios medios aseguran que el tirador es un var\u00f3n de 31 a\u00f1os llamado Cole Tomas Allen que reside en Torrance, en el estado de California.<\/p>\n<p class=\"paragraph\">El propio Trump comparti\u00f3 en la red Truth Social im\u00e1genes del hombre arrestado, entre ellas, una fotograf\u00eda en la que se le ve esposado en el suelo del hotel. <\/p>\n<div class=\"ad_4 ad-wrapper\">\n<div class=\"dfpAd ad-1-al-6 ad-text\">\n<div id=\"infobae\/america\/mundo\/nota\/ad_4\" class=\"infobae\/america\/mundo\/nota\/ad_4 arcad\"><\/div>\n<\/div>\n<\/div>\n<div class=\"jwplayer-ctn\"><script src=\"https:\/\/census-web.scorecardresearch.com\/plugins\/streaming-jwplayer\/v2\/current.js\"><\/script><\/p>\n<div>\n<div id=\"FVV33GZY3RFSDOW35JGTNZEMIE-custom_embed15\"><\/div>\n<\/div><figcaption class=\"jwplayer-figcaption\">Las im\u00e1genes muestran una grabaci\u00f3n de baja resoluci\u00f3n de una c\u00e1mara de seguridad. Se observan varias figuras en movimiento dentro de un espacio interior amplio y luminoso. Una figura empuja un carro. Otros individuos se encuentran en el suelo o se desplazan. La calidad difusa del video impide la identificaci\u00f3n detallada de personas o elementos espec\u00edficos. El contenido se visualiza en una pantalla, y el perfil de Donald J. Trump es visible en la interfaz.<\/figcaption><\/div>\n<h2 class=\"header headline-class-h2 headline\" id=\"repercusiones\">Repercusiones<\/h2>\n<p class=\"paragraph\">El presidente franc\u00e9s Emmanuel Macron se\u00f1al\u00f3 que \u201cel ataque armado de anoche contra el presidente de los Estados Unidos es inaceptable. <b>La violencia no tiene nunca cabida en democracia<\/b>\u201d.<\/p>\n<p class=\"paragraph\">Por su parte, la primera ministra italiana Giorgia Meloni advirti\u00f3: <b>\u201cNing\u00fan odio pol\u00edtico puede encontrar espacio en nuestras democracias. No permitiremos al fanatismo envenenar los lugares del libre debate y de la informaci\u00f3n\u201d<\/b>.<\/p>\n<div class=\"ad_5 ad-wrapper\">\n<div class=\"dfpAd ad-1-al-6 ad-text\">\n<div id=\"infobae\/america\/mundo\/nota\/ad_5\" class=\"infobae\/america\/mundo\/nota\/ad_5 arcad\"><\/div>\n<\/div>\n<\/div>\n<p class=\"paragraph\">El primer ministro brit\u00e1nico, <b>Keir Starmer<\/b> se mostr\u00f3 conmocionado y aliviado: \u201cCualquier ataque contra las instituciones democr\u00e1ticas o contra la libertad de prensa debe ser condenado en los t\u00e9rminos m\u00e1s en\u00e9rgicos posibles\u201d.<\/p>\n<p class=\"paragraph\">El canciller alem\u00e1n, Friedrich Merz, se sum\u00f3 a las condenas al tiroteo, \u201cLa violencia no tiene lugar alguno en una democracia. Decidimos a trav\u00e9s de mayor\u00edas, no a trav\u00e9s de las armas\u201d.<b> \u201cCondeno el intento de ataque en Washington y estoy aliviado de que el presidente Trump, la primera dama Melaniay todos los asistentes (a la cena) est\u00e9n a salvo\u201d<\/b>, dijo en su cuenta de X. <\/p>\n<div class=\"ad_6 ad-wrapper\">\n<div class=\"dfpAd ad-1-al-6 ad-text\">\n<div id=\"infobae\/america\/mundo\/nota\/ad_6\" class=\"infobae\/america\/mundo\/nota\/ad_6 arcad\"><\/div>\n<\/div>\n<\/div>\n<p class=\"paragraph\"><i>(con informaci\u00f3n de EFE) <\/i><\/p>\n","protected":false},"excerpt":{"rendered":"<p>Las autoridades del bloque y varios jefes de Estado mostraron su preocupaci\u00f3n por el incidente, haciendo \u00e9nfasis en la reacci\u00f3n de las fuerzas de seguridad y en la protecci\u00f3n de los principios democr\u00e1ticos en la capital estadounidense<\/p>\n","protected":false},"author":1,"featured_media":8125,"comment_status":"open","ping_status":"open","sticky":false,"template":"","format":"standard","meta":{"footnotes":""},"categories":[1],"tags":[],"class_list":["post-8123","post","type-post","status-publish","format-standard","has-post-thumbnail","hentry","category-uncategorized"],"_links":{"self":[{"href":"https:\/\/cliente1.publisher.highstack.com.ar\/index.php?rest_route=\/wp\/v2\/posts\/8123","targetHints":{"allow":["GET"]}}],"collection":[{"href":"https:\/\/cliente1.publisher.highstack.com.ar\/index.php?rest_route=\/wp\/v2\/posts"}],"about":[{"href":"https:\/\/cliente1.publisher.highstack.com.ar\/index.php?rest_route=\/wp\/v2\/types\/post"}],"author":[{"embeddable":true,"href":"https:\/\/cliente1.publisher.highstack.com.ar\/index.php?rest_route=\/wp\/v2\/users\/1"}],"replies":[{"embeddable":true,"href":"https:\/\/cliente1.publisher.highstack.com.ar\/index.php?rest_route=%2Fwp%2Fv2%2Fcomments&post=8123"}],"version-history":[{"count":1,"href":"https:\/\/cliente1.publisher.highstack.com.ar\/index.php?rest_route=\/wp\/v2\/posts\/8123\/revisions"}],"predecessor-version":[{"id":8124,"href":"https:\/\/cliente1.publisher.highstack.com.ar\/index.php?rest_route=\/wp\/v2\/posts\/8123\/revisions\/8124"}],"wp:featuredmedia":[{"embeddable":true,"href":"https:\/\/cliente1.publisher.highstack.com.ar\/index.php?rest_route=\/wp\/v2\/media\/8125"}],"wp:attachment":[{"href":"https:\/\/cliente1.publisher.highstack.com.ar\/index.php?rest_route=%2Fwp%2Fv2%2Fmedia&parent=8123"}],"wp:term":[{"taxonomy":"category","embeddable":true,"href":"https:\/\/cliente1.publisher.highstack.com.ar\/index.php?rest_route=%2Fwp%2Fv2%2Fcategories&post=8123"},{"taxonomy":"post_tag","embeddable":true,"href":"https:\/\/cliente1.publisher.highstack.com.ar\/index.php?rest_route=%2Fwp%2Fv2%2Ftags&post=8123"}],"curies":[{"name":"wp","href":"https:\/\/api.w.org\/{rel}","templated":true}]}}