{"id":8116,"date":"2026-04-26T08:16:31","date_gmt":"2026-04-26T11:16:31","guid":{"rendered":"https:\/\/cliente1.publisher.highstack.com.ar\/?p=8116"},"modified":"2026-04-26T08:16:31","modified_gmt":"2026-04-26T11:16:31","slug":"opinion-sin-propiedad-intelectual-no-hay-innovacion-y-sin-innovacion-no-hay-desarrollo","status":"publish","type":"post","link":"https:\/\/cliente1.publisher.highstack.com.ar\/?p=8116","title":{"rendered":"Opini\u00f3n: sin propiedad intelectual no hay innovaci\u00f3n y sin innovaci\u00f3n no hay desarrollo"},"content":{"rendered":"<div class=\"col-12\">\n<p class=\"com-paragraph  --capital --s\">El acuerdo reciente con los <strong>Estados Unidos<\/strong> abri\u00f3 una nueva etapa para la <strong>Argentina:<\/strong> la posibilidad de avanzar, despu\u00e9s de muchos a\u00f1os de estancamiento, <strong>hacia marcos normativos a la vanguardia internacional,<\/strong> alineados con est\u00e1ndares de pa\u00edses que hoy son ejemplo de desarrollo y progreso econ\u00f3mico. <\/p>\n<div class=\"ln-banner-container --caja1_mob\">\n<div id=\"caja1_mob\" class=\"ln-banner\" data-slot-group=\"nota\" data-device=\"mobile\" data-subscription=\"false\" data-ad-unit-path=\"\/133919216\/campo_mobile\/Nota\/caja1_mob\" data-targeting='{\"sitio\":\"lanacion\",\"seccion\":\"nota\"}' data-without-hide=\"true\" data-size=\"[[320,100],[300,250],[1,1],[300,450],[320,450]]\" data-sizemap=\"[]\" data-prebid-enabled=\"true\"><\/div>\n<\/div>\n<p class=\"com-paragraph   --s\">Este cambio de paradigma es un hito para nuestro pa\u00eds y toma crucial relevancia en el campo de la propiedad intelectual. Lejos de ser un tema t\u00e9cnico o sectorial, se trata de un factor clave para <strong>mejorar el clima de negocios, atraer inversiones y \u2014aqu\u00ed el coraz\u00f3n de esta opini\u00f3n\u2014 mejorar la capacidad productiva de un pa\u00eds.<\/strong> En el marco de un contexto internacional en donde el concepto de valor agregado est\u00e1 cada vez m\u00e1s relacionado con la incorporaci\u00f3n de conocimiento,<strong> fortalecer la propiedad intelectual abre un futuro prometedor para Argentina,<\/strong> no solo a nivel local sino a nivel global, con la oportunidad de posicionarse como hub regional de innovaci\u00f3n. <\/p>\n<div class=\"content-media\">\n<section role=\"button\" class=\"mod-media   \">\n<figure role=\"button\" tabindex=\"0\" class=\"mod-figure \">\n<div class=\"placeholder \">\n<div class=\"com-image\"><picture><source media=\"(min-width: 768px)\" srcset=\"https:\/\/resizer.glanacion.com\/resizer\/v2\/semillas-de-IHKSNEW4ZRCLHOHG533FAWMLRY.jpg?auth=3e95378511c1ccafcc955212f6de7e95ca8b87096a941b0d061e553937588b36&amp;width=780&amp;height=439&amp;quality=70&amp;smart=true\"><\/source><img class=\"image com-image flex --cover\" decoding=\"async\" fetchpriority=\"low\" loading=\"lazy\" src=\"https:\/\/resizer.glanacion.com\/resizer\/v2\/semillas-de-IHKSNEW4ZRCLHOHG533FAWMLRY.jpg?auth=3e95378511c1ccafcc955212f6de7e95ca8b87096a941b0d061e553937588b36&amp;width=420&amp;height=236&amp;quality=70&amp;smart=true\" width=\"960\" alt=\"Hoy, nuestro principal competidor en la regi\u00f3n nos demuestra un ejemplo concreto de lo que podemos lograr si adoptamos las decisiones correctas\" height=\"540\"><\/picture><\/div>\n<\/div><figcaption class=\"mod-figcaption\"><span class=\"com-text --caption --twoxs\">Hoy, nuestro principal competidor en la regi\u00f3n nos demuestra un ejemplo concreto de lo que podemos lograr si adoptamos las decisiones correctas<\/span><span class=\"com-text --credit --twoxs\">Archivo<\/span><\/figcaption><\/figure>\n<\/section>\n<\/div>\n<p class=\"com-paragraph   --s\">Bajo esa l\u00f3gica, el gobierno nacional ha comenzado a dar se\u00f1ales concretas. La reciente Resoluci\u00f3n Conjunta 1\/2026 \u2014que derog\u00f3 las pautas de patentabilidad de invenciones qu\u00edmico-farmac\u00e9uticas vigentes desde 2012\u2014 constituye un avance relevante para el sector salud, al actualizar criterios que impactan directamente en el desarrollo y la disponibilidad de innovaciones m\u00e9dicas. Esta medida alinea el marco regulatorio con est\u00e1ndares internacionales y aporta mayor previsibilidad para la investigaci\u00f3n biom\u00e9dica. <\/p>\n<div class=\"ln-banner-container --caja2_mob\">\n<div id=\"caja2_mob\" class=\"ln-banner\" data-slot-group=\"nota\" data-device=\"mobile\" data-subscription=\"true\" data-ad-unit-path=\"\/133919216\/campo_mobile\/Nota\/caja2_mob\" data-targeting='{\"sitio\":\"lanacion\",\"seccion\":\"nota\"}' data-without-hide=\"true\" data-size=\"[[320,100],[300,250],[300,450],[1,1],[360,270],[320,180]]\" data-sizemap=\"[]\" data-prebid-enabled=\"true\"><\/div>\n<\/div>\n<p class=\"com-paragraph   --s\">Sin embargo, <strong>una situaci\u00f3n diferente enfrenta el sector agr\u00edcola, que, en su rol de sector estrat\u00e9gico para el resto de los cl\u00fasteres econ\u00f3micos, a\u00fan contin\u00faa a la espera de mayores medidas para impulsar un mejor ecosistema de innovaci\u00f3n<\/strong>. La <strong>adhesi\u00f3n a UPOV-91<\/strong> y la derogaci\u00f3n de los criterios de patentamiento para biotecnolog\u00eda \u2013 que rigen desde 2015 \u2013 son dos aspectos urgentes para empezar a dotar al agro de m\u00e1s y mejor tecnolog\u00eda. <\/p>\n<div class=\"ln-banner-container --middle_2_dsk\">\n<div id=\"middle_2_dsk\" class=\"ln-banner\" data-slot-group=\"nota\" data-device=\"desktop\" data-subscription=\"true\" data-ad-unit-path=\"\/133919216\/campo_desktop\/Nota\/middle_2_dsk\" data-targeting='{\"sitio\":\"lanacion\",\"seccion\":\"nota\"}' data-without-hide=\"true\" data-size=\"[[1,1],[728,90]]\" data-sizemap=\"[]\" data-prebid-enabled=\"true\"><\/div>\n<\/div>\n<p class=\"com-paragraph   --s\">Y es que esta \u00faltima cuesti\u00f3n trasciende cualquier inter\u00e9s estrictamente comercial, sino que permite construir las condiciones necesarias para que toda la cadena agroindustrial acceda a m\u00e1s innovaci\u00f3n, mayor productividad y mejores herramientas para competir sin importar el tama\u00f1o ni el origen de las empresas.<\/p>\n<div class=\"ln-banner-container --caja3_mob\">\n<div id=\"caja3_mob\" class=\"ln-banner\" data-slot-group=\"nota\" data-device=\"mobile\" data-subscription=\"false\" data-ad-unit-path=\"\/133919216\/campo_mobile\/Nota\/caja3_mob\" data-targeting='{\"sitio\":\"lanacion\",\"seccion\":\"nota\"}' data-without-hide=\"true\" data-size=\"[[320,100],[300,250],[1,1],[300,450],[360,270]]\" data-sizemap=\"[]\" data-prebid-enabled=\"true\"><\/div>\n<\/div>\n<div class=\"ln-banner-container --middle_2_tab\">\n<div id=\"middle_2_tab\" class=\"ln-banner\" data-slot-group=\"nota\" data-device=\"tablet\" data-subscription=\"false\" data-ad-unit-path=\"\/133919216\/campo_tablet\/Nota\/middle_2_tab\" data-targeting='{\"sitio\":\"lanacion\",\"seccion\":\"nota\"}' data-without-hide=\"true\" data-size=\"[[728,90],[640,480],[468,60],[1,1]]\" data-sizemap=\"[]\" data-prebid-enabled=\"true\"><\/div>\n<\/div>\n<p class=\"com-paragraph   --s\">Hoy, nuestro principal competidor en la regi\u00f3n nos demuestra un ejemplo concreto de lo que podemos lograr si adoptamos las decisiones correctas. <strong>En ese sentido, los n\u00fameros no mienten y la evidencia es contundente: acorde a la Bolsa de Comercio de Rosario (BCR), si tomamos la producci\u00f3n agr\u00edcola de granos \u2014en particular soja, ma\u00edz y trigo\u2014, en los a\u00f1os 90 Brasil produc\u00eda un 53% m\u00e1s que la Argentina. Esa brecha, lejos de achicarse, termin\u00f3 ampli\u00e1ndose y de forma sostenida: fue del 45% en los 2000, del 82% en la d\u00e9cada de 2010 y alcanza en la d\u00e9cada actual un promedio cercano al 155%.<\/strong> Para la campa\u00f1a 2025\/26, la diferencia estimada se ubica en torno al 147%. <strong>En t\u00e9rminos absolutos, hoy Brasil supera los 300 millones de toneladas, mientras que Argentina ronda los 140 millones.<\/strong><\/p>\n<div class=\"content-media\">\n<section role=\"button\" class=\"mod-media   \">\n<figure role=\"button\" tabindex=\"0\" class=\"mod-figure \">\n<div class=\"placeholder \">\n<div class=\"com-image\"><picture><source media=\"(min-width: 768px)\" srcset=\"https:\/\/resizer.glanacion.com\/resizer\/v2\/solo-falta-decision-politica-y-reglas-que-YPBV2NFO7NBK3CL47K3JQIA53Y.jpg?auth=4bcb9aa02635c18b093783e662c31262ecedc2780734d2b0f9b33d852d963b21&amp;width=780&amp;height=585&amp;quality=70&amp;smart=true\"><\/source><img class=\"image com-image flex --cover\" decoding=\"async\" fetchpriority=\"low\" loading=\"lazy\" src=\"https:\/\/resizer.glanacion.com\/resizer\/v2\/solo-falta-decision-politica-y-reglas-que-YPBV2NFO7NBK3CL47K3JQIA53Y.jpg?auth=4bcb9aa02635c18b093783e662c31262ecedc2780734d2b0f9b33d852d963b21&amp;width=420&amp;height=315&amp;quality=70&amp;smart=true\" width=\"8056\" alt=\"Solo falta decisi\u00f3n pol\u00edtica y reglas que transformen ese potencial y lo conviertan en crecimiento sostenido\" height=\"6040\"><\/picture><\/div>\n<\/div><figcaption class=\"mod-figcaption\"><span class=\"com-text --caption --twoxs\">Solo falta decisi\u00f3n pol\u00edtica y reglas que transformen ese potencial y lo conviertan en crecimiento sostenido<\/span><span class=\"com-text --credit --twoxs\">Frendt<\/span><\/figcaption><\/figure>\n<\/section>\n<\/div>\n<p class=\"com-paragraph   --s\">En otras palabras, Brasil nos demuestra los resultados de lo que es una trayectoria s\u00f3lida en materia de innovaci\u00f3n, adopci\u00f3n tecnol\u00f3gica e inversiones. Y a su vez, todo el potencial desaprovechado por nuestro pa\u00eds. <strong>En definitiva, la relaci\u00f3n es directa: m\u00e1s y mejor propiedad intelectual es m\u00e1s y mejor productividad.<\/strong> Es un <em>\u201cwin \u2013 win\u201d<\/em>, pero m\u00e1s amplio todav\u00eda, porque impacta en tres niveles: el productor, que accede a mejores tecnolog\u00edas y mejores ingresos; las compa\u00f1\u00edas, que encuentran incentivos para innovar; y, en \u00faltima instancia, el pa\u00eds, que incrementa su capacidad exportadora, genera m\u00e1s divisas y fortalece su desarrollo econ\u00f3mico. <\/p>\n<div class=\"ln-banner-container --caja4_mob\">\n<div id=\"caja4_mob\" class=\"ln-banner\" data-slot-group=\"nota\" data-device=\"mobile\" data-subscription=\"false\" data-ad-unit-path=\"\/133919216\/campo_mobile\/Nota\/caja4_mob\" data-targeting='{\"sitio\":\"lanacion\",\"seccion\":\"nota\"}' data-without-hide=\"true\" data-size=\"[[320,100],[300,250],[1,1]]\" data-sizemap=\"[]\" data-prebid-enabled=\"true\"><\/div>\n<\/div>\n<p class=\"com-paragraph   --s\"><strong>Hay que volver a dar la pelea para ponernos a la misma altura que nuestros competidores. <\/strong>Lo hicimos en el pasado y tenemos el talento y el compromiso del sector privado para hacerlo en el presente. <strong>Solo falta decisi\u00f3n pol\u00edtica y reglas que transformen ese potencial y lo conviertan en crecimiento sostenido. <\/strong><\/p>\n<p class=\"com-paragraph   --s\"><em>La autora es directora de Asuntos Gubernamentales de AmCham Argentina<\/em><\/p>\n<div data-fusion-lazy-id=\"f0f2aQl9N0Nc5yq\"><\/div>\n<div data-fusion-lazy-id=\"f0fGQeo7N0Nc5He\"><\/div>\n<div class=\"ln-banner-container --caja5_mob\">\n<div id=\"caja5_mob\" class=\"ln-banner\" data-slot-group=\"nota\" data-device=\"mobile\" data-subscription=\"false\" data-ad-unit-path=\"\/133919216\/campo_mobile\/Nota\/caja5_mob\" data-targeting='{\"sitio\":\"lanacion\",\"seccion\":\"nota\"}' data-without-hide=\"true\" data-size='[[320,100],[300,250],[1,1],[\" fluid\"]]' data-sizemap=\"[]\" data-prebid-enabled=\"true\"><\/div>\n<\/div>\n<div data-fusion-lazy-id=\"f0fSc0ngN0Nc5KL\">\n<div><\/div>\n<\/div>\n<div class=\"ln-banner-container --middle_3_dsk\">\n<div id=\"middle_3_dsk\" class=\"ln-banner\" data-slot-group=\"nota\" data-device=\"desktop\" data-subscription=\"true\" data-ad-unit-path=\"\/133919216\/campo_desktop\/Nota\/middle_3_dsk\" data-targeting='{\"sitio\":\"lanacion\",\"seccion\":\"nota\"}' data-without-hide=\"true\" data-size=\"[[1,1],[728,90],[640,360],[728,360]]\" data-sizemap=\"[]\" data-prebid-enabled=\"true\"><\/div>\n<\/div>\n<\/div>\n","protected":false},"excerpt":{"rendered":"<p>El acuerdo reciente con los Estados Unidos abri\u00f3 una nueva etapa para la Argentina: la posibilidad de avanzar, despu\u00e9s de muchos a\u00f1os de estancamiento, hacia marcos normativos a la vanguardia internacional, alineados con est\u00e1ndares de pa\u00edses que hoy son ejemplo de desarrollo y progreso econ\u00f3mico. Este cambio de paradigma es un hito para nuestro pa\u00eds [&hellip;]<\/p>\n","protected":false},"author":1,"featured_media":8117,"comment_status":"open","ping_status":"open","sticky":false,"template":"","format":"standard","meta":{"footnotes":""},"categories":[1],"tags":[],"class_list":["post-8116","post","type-post","status-publish","format-standard","has-post-thumbnail","hentry","category-uncategorized"],"_links":{"self":[{"href":"https:\/\/cliente1.publisher.highstack.com.ar\/index.php?rest_route=\/wp\/v2\/posts\/8116","targetHints":{"allow":["GET"]}}],"collection":[{"href":"https:\/\/cliente1.publisher.highstack.com.ar\/index.php?rest_route=\/wp\/v2\/posts"}],"about":[{"href":"https:\/\/cliente1.publisher.highstack.com.ar\/index.php?rest_route=\/wp\/v2\/types\/post"}],"author":[{"embeddable":true,"href":"https:\/\/cliente1.publisher.highstack.com.ar\/index.php?rest_route=\/wp\/v2\/users\/1"}],"replies":[{"embeddable":true,"href":"https:\/\/cliente1.publisher.highstack.com.ar\/index.php?rest_route=%2Fwp%2Fv2%2Fcomments&post=8116"}],"version-history":[{"count":0,"href":"https:\/\/cliente1.publisher.highstack.com.ar\/index.php?rest_route=\/wp\/v2\/posts\/8116\/revisions"}],"wp:featuredmedia":[{"embeddable":true,"href":"https:\/\/cliente1.publisher.highstack.com.ar\/index.php?rest_route=\/wp\/v2\/media\/8117"}],"wp:attachment":[{"href":"https:\/\/cliente1.publisher.highstack.com.ar\/index.php?rest_route=%2Fwp%2Fv2%2Fmedia&parent=8116"}],"wp:term":[{"taxonomy":"category","embeddable":true,"href":"https:\/\/cliente1.publisher.highstack.com.ar\/index.php?rest_route=%2Fwp%2Fv2%2Fcategories&post=8116"},{"taxonomy":"post_tag","embeddable":true,"href":"https:\/\/cliente1.publisher.highstack.com.ar\/index.php?rest_route=%2Fwp%2Fv2%2Ftags&post=8116"}],"curies":[{"name":"wp","href":"https:\/\/api.w.org\/{rel}","templated":true}]}}