{"id":8106,"date":"2026-04-26T04:40:56","date_gmt":"2026-04-26T07:40:56","guid":{"rendered":"https:\/\/cliente1.publisher.highstack.com.ar\/?p=8106"},"modified":"2026-04-26T04:40:56","modified_gmt":"2026-04-26T07:40:56","slug":"macri-define-si-vuelve-a-jugar-pro-y-el-circulo-rojo-intensifican-la-presion","status":"publish","type":"post","link":"https:\/\/cliente1.publisher.highstack.com.ar\/?p=8106","title":{"rendered":"Macri define si vuelve a jugar: PRO y el c\u00edrculo rojo intensifican la presi\u00f3n"},"content":{"rendered":"<div id=\"article-content\">\n<p>El domingo 5 de abril, D\u00eda de Pascua, no fue uno m\u00e1s. Paolo Rocca, el m\u00e1ximo jerarca del Grupo Techint \u2014una de las empresas m\u00e1s grandes del pa\u00eds\u2014 invit\u00f3 a Mauricio Macri a una cena con sus colaboradores. Entre carne con pur\u00e9 y chip\u00e1, el magnate le dej\u00f3 en claro al expresidente dos puntos: que la era Milei no puede sostenerse y pone en riesgo a la industria nacional \u2014y acaso a una porci\u00f3n del empresariado\u2014; y que le agradar\u00eda que Macri vuelva a postularse a la Casa Rosada como opci\u00f3n para 2027.<\/p>\n<p>Las palabras de Rocca no sorprendieron al titular del PRO: desde el c\u00edrculo rojo viene escuchando pedidos para que sea candidato o, en su defecto, que colabore en la conformaci\u00f3n de un armado alternativo a La Libertad Avanza.<\/p>\n<p>En la cena el expresidente advirti\u00f3 que el due\u00f1o de Techint no hablaba solo por s\u00ed mismo, sino que canalizaba un malestar generalizado de los industriales y de otros sectores. Rocca tambi\u00e9n le habl\u00f3 de una \u201calternativa racional\u201d y critic\u00f3 a Milei, quien apod\u00f3 a los empresarios como \u201cDon Chatarr\u00edn\u201d.<\/p>\n<p>Si bien Macri a\u00fan no defini\u00f3 qu\u00e9 har\u00e1 el a\u00f1o que viene, a diferencia del a\u00f1o pasado ya no descarta nada. Aunque \u00edntimamente no es su anhelo primordial, la presi\u00f3n de la inmensa mayor\u00eda de su partido amarillo y el deseo de un sector del empresariado por encontrar otra variante pol\u00edtica resuenan en su cabeza.<\/p>\n<p>Este tema se debate en su mesa chica, encabezada por el diputado nacional Fernando de Andreis, donde hoy el objetivo principal es fortalecer al PRO y sumar candidatos en la mayor cantidad posible de provincias y municipios. De Andreis viene impulsando, junto a los \u201cEzequieles\u201d (Sabor y Jarvis), recorridas por todo el pa\u00eds, con y sin Macri, bajo la etiqueta \u201cPr\u00f3ximo paso tour\u201d.<\/p>\n<p>Por eso, aunque la definici\u00f3n no llegar\u00e1 hasta fin de a\u00f1o, en el laboratorio amarillo de encuestas de opini\u00f3n p\u00fablica registran una ca\u00edda ostensible de la imagen del Gobierno y del propio Milei. As\u00ed lo reflejan los sondeos que atesoran, sobre todo los que realiza Mora Jozami, fundadora de Casa Tres y experta en opini\u00f3n p\u00fablica que trabaja con el PRO desde sus comienzos.<\/p>\n<p>La ecuaci\u00f3n que manejan es sencilla: no sostienen que Macri haya subido en las encuestas, sino que la ca\u00edda de los libertarios lo coloca en una posici\u00f3n m\u00e1s competitiva que la de hace un a\u00f1o.<\/p>\n<p>Paralelamente, el creador del PRO escucha a todos. Lo hizo con los gobernadores radicales Leandro Zdero (Chaco-aliado de LLA) y Juan Pablo Vald\u00e9s (Corrientes), quienes le expusieron las dificultades para sostener sus gestiones ante la escasa ayuda del Gobierno.<\/p>\n<p>Zdero lo dijo con temor y en voz baja: cada vez que viaja a Buenos Aires rinde honores a \u201cLule\u201d Menem en el primer piso de Balcarce 50. Gustavo Vald\u00e9s (hoy legislador provincial, pero mandam\u00e1s correntino), en cambio, no tuvo problema en criticar abiertamente a Milei en la cena que comparti\u00f3 con Macri hace dos viernes, en la casona de la Gobernaci\u00f3n.<\/p>\n<p>Y, al igual que Rocca, el l\u00edder amarillo escucha empresarios. Y muchos. Los conoce desde peque\u00f1o. Por ello hab\u00eda escuchado de antemano las profundas quejas de la C\u00e1mara de la Construcci\u00f3n (de la que su padre Franco supo ser parte en los noventa), que hace unos d\u00edas, en una reuni\u00f3n en Rosario, emiti\u00f3 un comunicado muy duro contra el gobierno libertario. Entre otras cosas, manifestaron su preocupaci\u00f3n por \u201cla emergencia que atraviesa la infraestructura, falta de mantenimiento, paralizaci\u00f3n de obras y ausencia de un plan integral\u201d.<\/p>\n<p>Y agregaron: \u201cArgentina pierde 25 mil millones de d\u00f3lares al a\u00f1o por falta de mantenimiento adecuado\u201d. Macri, que hizo de las obras p\u00fablicas uno de sus hitos de gesti\u00f3n, se sonri\u00f3 cuando se enter\u00f3 de ello.<\/p>\n<\/p><\/div>\n<p><script>\n                !function(f,b,e,v,n,t,s)\n                {if(f.fbq)return;n=f.fbq=function(){n.callMethod?\n                    n.callMethod.apply(n,arguments):n.queue.push(arguments)};\n                    if(!f._fbq)f._fbq=n;n.push=n;n.loaded=!0;n.version='2.0';\n                    n.queue=[];t=b.createElement(e);t.async=!0;\n                    t.src=v;s=b.getElementsByTagName(e)[0];\n                    s.parentNode.insertBefore(t,s)}(window, document,'script',\n                    'https:\/\/connect.facebook.net\/en_US\/fbevents.js');\n                window.paywallConfig.facebook_pixel=\"1000228364089342\"\n            <\/script><\/p>\n","protected":false},"excerpt":{"rendered":"<p>        El expresidente lanz\u00f3 este a\u00f1o el \u201cPr\u00f3ximo paso tour\u201d y empez\u00f3 a recorrer el pa\u00eds para fortalecer el PRO, pero tambi\u00e9n para animar candidaturas amarillas en los principales distritos del pa\u00eds. Paralelamente, un sector del empresariado lo ve como una opci\u00f3n para las elecciones presidenciales de 2027. Los detalles de la cena que mantuvo con Paolo Rocca y los pedidos para que sea una \u201calternativa racional\u201d a Javier Milei.<\/p>\n","protected":false},"author":1,"featured_media":8108,"comment_status":"open","ping_status":"open","sticky":false,"template":"","format":"standard","meta":{"footnotes":""},"categories":[1],"tags":[],"class_list":["post-8106","post","type-post","status-publish","format-standard","has-post-thumbnail","hentry","category-uncategorized"],"_links":{"self":[{"href":"https:\/\/cliente1.publisher.highstack.com.ar\/index.php?rest_route=\/wp\/v2\/posts\/8106","targetHints":{"allow":["GET"]}}],"collection":[{"href":"https:\/\/cliente1.publisher.highstack.com.ar\/index.php?rest_route=\/wp\/v2\/posts"}],"about":[{"href":"https:\/\/cliente1.publisher.highstack.com.ar\/index.php?rest_route=\/wp\/v2\/types\/post"}],"author":[{"embeddable":true,"href":"https:\/\/cliente1.publisher.highstack.com.ar\/index.php?rest_route=\/wp\/v2\/users\/1"}],"replies":[{"embeddable":true,"href":"https:\/\/cliente1.publisher.highstack.com.ar\/index.php?rest_route=%2Fwp%2Fv2%2Fcomments&post=8106"}],"version-history":[{"count":1,"href":"https:\/\/cliente1.publisher.highstack.com.ar\/index.php?rest_route=\/wp\/v2\/posts\/8106\/revisions"}],"predecessor-version":[{"id":8107,"href":"https:\/\/cliente1.publisher.highstack.com.ar\/index.php?rest_route=\/wp\/v2\/posts\/8106\/revisions\/8107"}],"wp:featuredmedia":[{"embeddable":true,"href":"https:\/\/cliente1.publisher.highstack.com.ar\/index.php?rest_route=\/wp\/v2\/media\/8108"}],"wp:attachment":[{"href":"https:\/\/cliente1.publisher.highstack.com.ar\/index.php?rest_route=%2Fwp%2Fv2%2Fmedia&parent=8106"}],"wp:term":[{"taxonomy":"category","embeddable":true,"href":"https:\/\/cliente1.publisher.highstack.com.ar\/index.php?rest_route=%2Fwp%2Fv2%2Fcategories&post=8106"},{"taxonomy":"post_tag","embeddable":true,"href":"https:\/\/cliente1.publisher.highstack.com.ar\/index.php?rest_route=%2Fwp%2Fv2%2Ftags&post=8106"}],"curies":[{"name":"wp","href":"https:\/\/api.w.org\/{rel}","templated":true}]}}