{"id":8104,"date":"2026-04-26T04:33:27","date_gmt":"2026-04-26T07:33:27","guid":{"rendered":"https:\/\/cliente1.publisher.highstack.com.ar\/?p=8104"},"modified":"2026-04-26T04:33:27","modified_gmt":"2026-04-26T07:33:27","slug":"importante-iniciativa-el-vinculo-virtuoso-que-crece-entre-la-produccion-y-los-estudiantes-universitarios","status":"publish","type":"post","link":"https:\/\/cliente1.publisher.highstack.com.ar\/?p=8104","title":{"rendered":"Importante iniciativa: el v\u00ednculo virtuoso que crece entre la producci\u00f3n y los estudiantes universitarios"},"content":{"rendered":"<div class=\"col-12\">\n<p class=\"com-paragraph  --capital --s\">La <strong>Sociedad Rural de General La Madrid llev\u00f3 adelante ayer y anteayer una nueva edici\u00f3n de Aulacampo,<\/strong> un programa educativo que busca acercar a estudiantes universitarios a la realidad productiva del sector agropecuario a trav\u00e9s de una experiencia directa en territorio.<\/p>\n<div class=\"ln-banner-container --caja1_mob\">\n<div id=\"caja1_mob\" class=\"ln-banner\" data-slot-group=\"nota\" data-device=\"mobile\" data-subscription=\"false\" data-ad-unit-path=\"\/133919216\/campo_mobile\/Nota\/caja1_mob\" data-targeting='{\"sitio\":\"lanacion\",\"seccion\":\"nota\"}' data-without-hide=\"true\" data-size=\"[[320,100],[300,250],[1,1],[300,450],[320,450]]\" data-sizemap=\"[]\" data-prebid-enabled=\"true\"><\/div>\n<\/div>\n<p class=\"com-paragraph   --s\">La iniciativa, que transita su tercera edici\u00f3n consecutiva,<strong> est\u00e1 orientada a alumnos de los \u00faltimos a\u00f1os de carreras vinculadas al agro, como agronom\u00eda y veterinaria, y propone complementar la formaci\u00f3n acad\u00e9mica con instancias pr\u00e1cticas en establecimientos rurales del partido bonaerense de General La Madrid.<\/strong><\/p>\n<p class=\"com-paragraph   --s\">Bajo el lema <strong>\u201cConectando la Universidad con la Producci\u00f3n\u201d,<\/strong> el programa contempla recorridas por campos como<strong> La Gama y La Carola<\/strong>, donde los participantes acceden a charlas t\u00e9cnicas, observan distintos sistemas productivos y dialogan de manera directa con productores y responsables t\u00e9cnicos. <\/p>\n<div class=\"content-media\">\n<section role=\"button\" class=\"mod-media   \">\n<figure role=\"button\" tabindex=\"0\" class=\"mod-figure \">\n<div class=\"placeholder \">\n<div class=\"com-image\"><picture><source media=\"(min-width: 768px)\" srcset=\"https:\/\/resizer.glanacion.com\/resizer\/v2\/otra-postal-del-encuentro-del-QPPI7LVDBNE7RHDO4IUUY34XUU.jpeg?auth=f39178f8600c8200f30d23f4f9ccdf7ffbcc9d84144144ef92578210f51c187b&amp;width=780&amp;height=439&amp;quality=70&amp;smart=true\"><\/source><img class=\"image com-image flex --cover\" decoding=\"async\" fetchpriority=\"low\" loading=\"lazy\" src=\"https:\/\/resizer.glanacion.com\/resizer\/v2\/otra-postal-del-encuentro-del-QPPI7LVDBNE7RHDO4IUUY34XUU.jpeg?auth=f39178f8600c8200f30d23f4f9ccdf7ffbcc9d84144144ef92578210f51c187b&amp;width=420&amp;height=236&amp;quality=70&amp;smart=true\" width=\"1600\" alt=\"Otra postal del encuentro del viernes\" height=\"900\"><\/picture><\/div>\n<\/div><figcaption class=\"mod-figcaption\"><span class=\"com-text --caption --twoxs\">Otra postal del encuentro del viernes<\/span><span class=\"com-text --credit --twoxs\">Aulacampo<\/span><\/figcaption><\/figure>\n<\/section>\n<\/div>\n<div class=\"ln-banner-container --caja2_mob\">\n<div id=\"caja2_mob\" class=\"ln-banner\" data-slot-group=\"nota\" data-device=\"mobile\" data-subscription=\"true\" data-ad-unit-path=\"\/133919216\/campo_mobile\/Nota\/caja2_mob\" data-targeting='{\"sitio\":\"lanacion\",\"seccion\":\"nota\"}' data-without-hide=\"true\" data-size=\"[[320,100],[300,250],[300,450],[1,1],[360,270],[320,180]]\" data-sizemap=\"[]\" data-prebid-enabled=\"true\"><\/div>\n<\/div>\n<p class=\"com-paragraph   --s\">Durante las jornadas, <strong>los estudiantes tienen la posibilidad de analizar el funcionamiento integral de los establecimientos, identificar desaf\u00edos productivos y compartir miradas desde la formaci\u00f3n acad\u00e9mica. La propuesta incluye modelos agr\u00edcolas, <\/strong>ganaderos y mixtos, as\u00ed como experiencias vinculadas a tecnolog\u00eda, gesti\u00f3n y sustentabilidad.<\/p>\n<div class=\"ln-banner-container --middle_2_dsk\">\n<div id=\"middle_2_dsk\" class=\"ln-banner\" data-slot-group=\"nota\" data-device=\"desktop\" data-subscription=\"true\" data-ad-unit-path=\"\/133919216\/campo_desktop\/Nota\/middle_2_dsk\" data-targeting='{\"sitio\":\"lanacion\",\"seccion\":\"nota\"}' data-without-hide=\"true\" data-size=\"[[1,1],[728,90]]\" data-sizemap=\"[]\" data-prebid-enabled=\"true\"><\/div>\n<\/div>\n<p class=\"com-paragraph   --s\">Desde la organizaci\u00f3n destacaron que el objetivo es acortar la distancia entre la universidad y el sector productivo, generando un espacio de intercambio que favorezca la construcci\u00f3n de redes y oportunidades a futuro. <strong>En ese sentido, Aulacampo busca fomentar el v\u00ednculo intergeneracional y posicionar el conocimiento pr\u00e1ctico como un componente central en la formaci\u00f3n de profesionales del agro.<\/strong><\/p>\n<div class=\"ln-banner-container --caja3_mob\">\n<div id=\"caja3_mob\" class=\"ln-banner\" data-slot-group=\"nota\" data-device=\"mobile\" data-subscription=\"false\" data-ad-unit-path=\"\/133919216\/campo_mobile\/Nota\/caja3_mob\" data-targeting='{\"sitio\":\"lanacion\",\"seccion\":\"nota\"}' data-without-hide=\"true\" data-size=\"[[320,100],[300,250],[1,1],[300,450],[360,270]]\" data-sizemap=\"[]\" data-prebid-enabled=\"true\"><\/div>\n<\/div>\n<div class=\"ln-banner-container --middle_2_tab\">\n<div id=\"middle_2_tab\" class=\"ln-banner\" data-slot-group=\"nota\" data-device=\"tablet\" data-subscription=\"false\" data-ad-unit-path=\"\/133919216\/campo_tablet\/Nota\/middle_2_tab\" data-targeting='{\"sitio\":\"lanacion\",\"seccion\":\"nota\"}' data-without-hide=\"true\" data-size=\"[[728,90],[640,480],[468,60],[1,1]]\" data-sizemap=\"[]\" data-prebid-enabled=\"true\"><\/div>\n<\/div>\n<p class=\"com-paragraph   --s\">El programa es impulsado por la Comisi\u00f3n Directiva de la entidad rural, <strong>presidida por Marcos Ant\u00eda, que asumi\u00f3 en julio de 2023 con el objetivo de promover iniciativas orientadas al desarrollo agr\u00edcola-ganadero del distrito<\/strong> y a la participaci\u00f3n de nuevas generaciones en la actividad.<\/p>\n<div class=\"content-media\">\n<section role=\"button\" class=\"mod-media   \">\n<figure role=\"button\" tabindex=\"0\" class=\"mod-figure \">\n<div class=\"placeholder \">\n<div class=\"com-image\"><picture><source media=\"(min-width: 768px)\" srcset=\"https:\/\/resizer.glanacion.com\/resizer\/v2\/las-recorridas-tecnicas-y-charlas-con-productores-RWV6VM6HIFH37LFJDCHXTMYEYM.jpeg?auth=0fde8f971f2236be70032f2c8f7a79fcaee3c4b140c268aff5d9cf2ca6076762&amp;width=780&amp;height=563&amp;quality=70&amp;smart=true\"><\/source><img class=\"image com-image flex --cover\" decoding=\"async\" fetchpriority=\"low\" loading=\"lazy\" src=\"https:\/\/resizer.glanacion.com\/resizer\/v2\/las-recorridas-tecnicas-y-charlas-con-productores-RWV6VM6HIFH37LFJDCHXTMYEYM.jpeg?auth=0fde8f971f2236be70032f2c8f7a79fcaee3c4b140c268aff5d9cf2ca6076762&amp;width=420&amp;height=303&amp;quality=70&amp;smart=true\" width=\"1600\" alt=\"Las recorridas t\u00e9cnicas y charlas con productores forman parte de la propuesta educativa de Aulacampo\" height=\"1155\"><\/picture><\/div>\n<\/div><figcaption class=\"mod-figcaption\"><span class=\"com-text --caption --twoxs\">Las recorridas t\u00e9cnicas y charlas con productores forman parte de la propuesta educativa de Aulacampo<\/span><\/figcaption><\/figure>\n<\/section>\n<\/div>\n<p class=\"com-paragraph   --s\">Adem\u00e1s de la participaci\u00f3n estudiantil, la propuesta convoca a productores locales a sumarse abriendo sus establecimientos para visitas t\u00e9cnicas, compartiendo sus experiencias y mostrando sus modelos de trabajo y decisiones de gesti\u00f3n. Seg\u00fan se detall\u00f3<strong>, la iniciativa no se limita a una recorrida, sino que plantea un espacio de intercambio donde el productor cumple un rol activo como referente del conocimiento pr\u00e1ctico.<\/strong><\/p>\n<div class=\"ln-banner-container --caja4_mob\">\n<div id=\"caja4_mob\" class=\"ln-banner\" data-slot-group=\"nota\" data-device=\"mobile\" data-subscription=\"false\" data-ad-unit-path=\"\/133919216\/campo_mobile\/Nota\/caja4_mob\" data-targeting='{\"sitio\":\"lanacion\",\"seccion\":\"nota\"}' data-without-hide=\"true\" data-size=\"[[320,100],[300,250],[1,1]]\" data-sizemap=\"[]\" data-prebid-enabled=\"true\"><\/div>\n<\/div>\n<p class=\"com-paragraph   --s\">Tras <strong>las ediciones realizadas en 2024 y 2025, que contaron con la participaci\u00f3n de universidades de la regi\u00f3n<\/strong>, Aulacampo se consolida como una propuesta que pone en valor el aprendizaje en campo y fortalece el v\u00ednculo entre el \u00e1mbito acad\u00e9mico y la producci\u00f3n agropecuaria local.<\/p>\n<div class=\"content-media\">\n<section role=\"button\" class=\"mod-media   \">\n<figure role=\"button\" tabindex=\"0\" class=\"mod-figure \">\n<div class=\"placeholder \">\n<div class=\"com-image\"><picture><source media=\"(min-width: 768px)\" srcset=\"https:\/\/resizer.glanacion.com\/resizer\/v2\/el-programa-reune-a-estudiantes-y-actores-del-CLTLAME5AFDU5MC5RAUDOGQGMM.jpeg?auth=ce10c95a0d95ae14cb827809fea916dd0dc281b83a366bc4d9796e712c4e3384&amp;width=780&amp;height=563&amp;quality=70&amp;smart=true\"><\/source><img class=\"image com-image flex --cover\" decoding=\"async\" fetchpriority=\"low\" loading=\"lazy\" src=\"https:\/\/resizer.glanacion.com\/resizer\/v2\/el-programa-reune-a-estudiantes-y-actores-del-CLTLAME5AFDU5MC5RAUDOGQGMM.jpeg?auth=ce10c95a0d95ae14cb827809fea916dd0dc281b83a366bc4d9796e712c4e3384&amp;width=420&amp;height=303&amp;quality=70&amp;smart=true\" width=\"1600\" alt=\"El programa re\u00fane a estudiantes y actores del sector agropecuario para fortalecer el v\u00ednculo entre universidad y producci\u00f3n\" height=\"1155\"><\/picture><\/div>\n<\/div><figcaption class=\"mod-figcaption\"><span class=\"com-text --caption --twoxs\">El programa re\u00fane a estudiantes y actores del sector agropecuario para fortalecer el v\u00ednculo entre universidad y producci\u00f3n<\/span><\/figcaption><\/figure>\n<\/section>\n<\/div>\n<div data-fusion-lazy-id=\"f0f2aQl9N0Nc5yq\"><\/div>\n<div data-fusion-lazy-id=\"f0fGQeo7N0Nc5He\"><\/div>\n<div class=\"ln-banner-container --caja5_mob\">\n<div id=\"caja5_mob\" class=\"ln-banner\" data-slot-group=\"nota\" data-device=\"mobile\" data-subscription=\"false\" data-ad-unit-path=\"\/133919216\/campo_mobile\/Nota\/caja5_mob\" data-targeting='{\"sitio\":\"lanacion\",\"seccion\":\"nota\"}' data-without-hide=\"true\" data-size='[[320,100],[300,250],[1,1],[\" fluid\"]]' data-sizemap=\"[]\" data-prebid-enabled=\"true\"><\/div>\n<\/div>\n<div data-fusion-lazy-id=\"f0fSc0ngN0Nc5KL\">\n<div><\/div>\n<\/div>\n<div class=\"ln-banner-container --middle_3_dsk\">\n<div id=\"middle_3_dsk\" class=\"ln-banner\" data-slot-group=\"nota\" data-device=\"desktop\" data-subscription=\"true\" data-ad-unit-path=\"\/133919216\/campo_desktop\/Nota\/middle_3_dsk\" data-targeting='{\"sitio\":\"lanacion\",\"seccion\":\"nota\"}' data-without-hide=\"true\" data-size=\"[[1,1],[728,90],[640,360],[728,360]]\" data-sizemap=\"[]\" data-prebid-enabled=\"true\"><\/div>\n<\/div>\n<\/div>\n","protected":false},"excerpt":{"rendered":"<p>La Sociedad Rural de General La Madrid llev\u00f3 adelante ayer y anteayer una nueva edici\u00f3n de Aulacampo, un programa educativo que busca acercar a estudiantes universitarios a la realidad productiva del sector agropecuario a trav\u00e9s de una experiencia directa en territorio. La iniciativa, que transita su tercera edici\u00f3n consecutiva, est\u00e1 orientada a alumnos de los [&hellip;]<\/p>\n","protected":false},"author":1,"featured_media":8105,"comment_status":"open","ping_status":"open","sticky":false,"template":"","format":"standard","meta":{"footnotes":""},"categories":[1],"tags":[],"class_list":["post-8104","post","type-post","status-publish","format-standard","has-post-thumbnail","hentry","category-uncategorized"],"_links":{"self":[{"href":"https:\/\/cliente1.publisher.highstack.com.ar\/index.php?rest_route=\/wp\/v2\/posts\/8104","targetHints":{"allow":["GET"]}}],"collection":[{"href":"https:\/\/cliente1.publisher.highstack.com.ar\/index.php?rest_route=\/wp\/v2\/posts"}],"about":[{"href":"https:\/\/cliente1.publisher.highstack.com.ar\/index.php?rest_route=\/wp\/v2\/types\/post"}],"author":[{"embeddable":true,"href":"https:\/\/cliente1.publisher.highstack.com.ar\/index.php?rest_route=\/wp\/v2\/users\/1"}],"replies":[{"embeddable":true,"href":"https:\/\/cliente1.publisher.highstack.com.ar\/index.php?rest_route=%2Fwp%2Fv2%2Fcomments&post=8104"}],"version-history":[{"count":0,"href":"https:\/\/cliente1.publisher.highstack.com.ar\/index.php?rest_route=\/wp\/v2\/posts\/8104\/revisions"}],"wp:featuredmedia":[{"embeddable":true,"href":"https:\/\/cliente1.publisher.highstack.com.ar\/index.php?rest_route=\/wp\/v2\/media\/8105"}],"wp:attachment":[{"href":"https:\/\/cliente1.publisher.highstack.com.ar\/index.php?rest_route=%2Fwp%2Fv2%2Fmedia&parent=8104"}],"wp:term":[{"taxonomy":"category","embeddable":true,"href":"https:\/\/cliente1.publisher.highstack.com.ar\/index.php?rest_route=%2Fwp%2Fv2%2Fcategories&post=8104"},{"taxonomy":"post_tag","embeddable":true,"href":"https:\/\/cliente1.publisher.highstack.com.ar\/index.php?rest_route=%2Fwp%2Fv2%2Ftags&post=8104"}],"curies":[{"name":"wp","href":"https:\/\/api.w.org\/{rel}","templated":true}]}}