{"id":8101,"date":"2026-04-26T04:10:29","date_gmt":"2026-04-26T07:10:29","guid":{"rendered":"https:\/\/cliente1.publisher.highstack.com.ar\/?p=8101"},"modified":"2026-04-26T04:10:29","modified_gmt":"2026-04-26T07:10:29","slug":"peronismo-2027-el-desorden-libertario-lo-obliga-a-ser-opcion-y-kicillof-toma-carrera","status":"publish","type":"post","link":"https:\/\/cliente1.publisher.highstack.com.ar\/?p=8101","title":{"rendered":"Peronismo 2027: el desorden libertario lo obliga a ser opci\u00f3n y Kicillof toma carrera"},"content":{"rendered":"<div class=\"article__content standard\" id=\"article-content\">\n<p>Los di\u00e1logos entre unos y otros se multiplicaron en el \u00faltimo mes. La crisis que atraviesa el oficialismo obliga a ordenarse a un peronismo que empieza a sentir que, con unidad y ampliaci\u00f3n, la posibilidad de 2027 asoma. Tambi\u00e9n es cierto que, cuando hay chances, la disputa interna por la candidatura puede recrudecer y hoy ning\u00fan dirigente tiene su nombre asegurado en la boleta.<\/p>\n<p>\u201cSi la elecci\u00f3n fuese hoy, los votos no los tiene\u201d, dice un importante peronista sobre la posibilidad de reelecci\u00f3n de Javier Milei. Pero admite que el tiempo que le queda al gobierno puede ayudar a su recuperaci\u00f3n. Hasta ac\u00e1, ante cada conflicto, el l\u00edder libertario supo demostrar una recuperaci\u00f3n casi milagrosa de su imagen y, por eso, nadie se anima a ensayar un resultado claro para el pr\u00f3ximo a\u00f1o. Sin embargo, saben que alguna posibilidad asoma.<\/p>\n<p>Axel Kicillof aparece como el candidato puesto. Sin embargo, su nombre a\u00fan debe atravesar la discusi\u00f3n interna. Aunque aglutine a distintos gobernadores y dirigentes, la pelea final ser\u00e1 con Cristina Kirchner y Sergio Massa, quienes hoy prefieren mantenerse fuera de la escena p\u00fablica.<\/p>\n<p>\u201cNo pod\u00e9s ser el heredero si est\u00e1s peleado con tu mam\u00e1\u201d, eval\u00faa un legislador nacional con di\u00e1logo con la dos veces presidenta. El gobernador bonaerense no pide permiso y arma. Kicillof necesita llegar posicionado a la discusi\u00f3n interna como la contracara del ajuste de Milei, dispuesto incluso a competir en una interna.<\/p>\n<p>Sergio Massa no lo admite, pero espera a que pase el mundial para \u201cempezar a carretear\u201d. El l\u00edder del Frente Renovador jug\u00f3 en 2023 sabiendo que la elecci\u00f3n era dif\u00edcil. El objetivo en aquel entonces fue que el gobierno de Alberto Fern\u00e1ndez terminara \u2014y lo hiciera lo m\u00e1s ordenado posible\u2014, asegurar la provincia de Buenos Aires y quitarle al PRO la posibilidad de regresar al poder.<\/p>\n<p>Sin lanzar candidatos, el 1 de mayo habr\u00e1 un acto en el que distintos dirigentes se reunir\u00e1n para empezar a ampliar Uni\u00f3n por la Patria. Uno de los hombres de mayor confianza de Massa est\u00e1 entre los nombres que planean aglutinar a un \u201cperonismo federal\u201d que a\u00fan no habla de posibles postulantes, pero s\u00ed busca plantear que primero est\u00e1n las ideas. Los diputados Guillermo Michel y Victoria Tolosa Paz, junto al armador porte\u00f1o Juan Manuel Olmos, buscar\u00e1n una foto con otros legisladores y dirigentes del interior el pr\u00f3ximo viernes. \u201cNo nos podemos quedar siendo solo un partido del AMBA que nos lleve a una derrota segura en el balotaje\u201d, dice uno de los referentes de este espacio.<\/p>\n<p>En la escena p\u00fablica irrumpi\u00f3 tambi\u00e9n el senador de San Juan, Sergio U\u00f1ac, quien pidi\u00f3 adelantar la discusi\u00f3n de candidaturas. Hay otros dirigentes que aparecen en los armados y que oscilan entre ser \u00e1rbitros y art\u00edfices de un espacio ganador, o lanzarse como candidatos, aunque lo primero parece el destino m\u00e1s probable. Es el caso de Ricardo Quintela (gobernador de La Rioja) y Gerardo Zamora (senador de Santiago del Estero).<\/p>\n<p>Por afuera, pero arrim\u00e1ndose a las distintas tribus del peronismo, aparecen tres nombres que podr\u00edan ser parte de un Frente de Todos ampliado: Miguel \u00c1ngel Pichetto, Emilio Monz\u00f3 y Nicol\u00e1s Massot se mueven, aunque ahora m\u00e1s enfocados en la idea de un outsider, como Jorge Brito.<\/p>\n<p>Pero esto no alcanza y en el peronismo tambi\u00e9n avanzan los di\u00e1logos con algunos radicales que no acompa\u00f1an las ideas libertarias y con gobernadores que fueron aliados de Milei y ahora sufren las consecuencias econ\u00f3micas en sus provincias.<\/p>\n<p>\u201cEs con todos y es lo que hay. Peor es perder\u201d, reconoce uno de los principales dirigentes de Uni\u00f3n por la Patria. El peronismo sabe que tiene que ordenarse mientras mira de reojo la debilidad oficialista.<\/p>\n<\/p><\/div>\n<p><\/p>\n","protected":false},"excerpt":{"rendered":"<p>        La crisis que atraviesa el oficialismo acelera la reorganizaci\u00f3n del peronismo con la mira en la pr\u00f3xima elecci\u00f3n presidencial. Los candidatos que asoman por los di\u00e1logos y\u00a0 negociaciones para ampliarse, las tensiones por el liderazgo y la definici\u00f3n de las reglas de juego con un escenario abierto. El gobernador bonaerense asoma como candidato pero todav\u00eda tiene un largo camino. Aunque aglutine a distintos gobernadores y dirigentes, la pelea final ser\u00e1 con Cristina Kirchner y Sergio Massa, quienes hoy prefieren mantenerse fuera de la escena p\u00fablica.<\/p>\n","protected":false},"author":1,"featured_media":8103,"comment_status":"open","ping_status":"open","sticky":false,"template":"","format":"standard","meta":{"footnotes":""},"categories":[1],"tags":[2],"class_list":["post-8101","post","type-post","status-publish","format-standard","has-post-thumbnail","hentry","category-uncategorized","tag-guillermo-michel"],"_links":{"self":[{"href":"https:\/\/cliente1.publisher.highstack.com.ar\/index.php?rest_route=\/wp\/v2\/posts\/8101","targetHints":{"allow":["GET"]}}],"collection":[{"href":"https:\/\/cliente1.publisher.highstack.com.ar\/index.php?rest_route=\/wp\/v2\/posts"}],"about":[{"href":"https:\/\/cliente1.publisher.highstack.com.ar\/index.php?rest_route=\/wp\/v2\/types\/post"}],"author":[{"embeddable":true,"href":"https:\/\/cliente1.publisher.highstack.com.ar\/index.php?rest_route=\/wp\/v2\/users\/1"}],"replies":[{"embeddable":true,"href":"https:\/\/cliente1.publisher.highstack.com.ar\/index.php?rest_route=%2Fwp%2Fv2%2Fcomments&post=8101"}],"version-history":[{"count":1,"href":"https:\/\/cliente1.publisher.highstack.com.ar\/index.php?rest_route=\/wp\/v2\/posts\/8101\/revisions"}],"predecessor-version":[{"id":8102,"href":"https:\/\/cliente1.publisher.highstack.com.ar\/index.php?rest_route=\/wp\/v2\/posts\/8101\/revisions\/8102"}],"wp:featuredmedia":[{"embeddable":true,"href":"https:\/\/cliente1.publisher.highstack.com.ar\/index.php?rest_route=\/wp\/v2\/media\/8103"}],"wp:attachment":[{"href":"https:\/\/cliente1.publisher.highstack.com.ar\/index.php?rest_route=%2Fwp%2Fv2%2Fmedia&parent=8101"}],"wp:term":[{"taxonomy":"category","embeddable":true,"href":"https:\/\/cliente1.publisher.highstack.com.ar\/index.php?rest_route=%2Fwp%2Fv2%2Fcategories&post=8101"},{"taxonomy":"post_tag","embeddable":true,"href":"https:\/\/cliente1.publisher.highstack.com.ar\/index.php?rest_route=%2Fwp%2Fv2%2Ftags&post=8101"}],"curies":[{"name":"wp","href":"https:\/\/api.w.org\/{rel}","templated":true}]}}