{"id":8092,"date":"2026-04-26T01:01:35","date_gmt":"2026-04-26T04:01:35","guid":{"rendered":"https:\/\/cliente1.publisher.highstack.com.ar\/?p=8092"},"modified":"2026-04-26T01:01:36","modified_gmt":"2026-04-26T04:01:36","slug":"el-gobierno-acelera-a-2027-con-el-riesgo-de-que-se-corra-el-eje-de-la-grieta-de-anti-k-a-anti-milei","status":"publish","type":"post","link":"https:\/\/cliente1.publisher.highstack.com.ar\/?p=8092","title":{"rendered":"El Gobierno acelera a 2027 con el riesgo de que se corra el eje de la grieta: de &#8220;anti K&#8221; a &#8220;anti Milei&#8221;"},"content":{"rendered":"<p><\/p>\n<div id=\"\">\n<p id=\"p-1777158100893-79640\" data-start=\"1597\" data-end=\"1927\">El  bloqueo del ingreso de los periodistas acreditados en la Casa Rosada es una muestra m\u00e1s de la estrategia. Sin embargo, pese a sus peleas con los medios \u2014el nuevo villano elegido por <strong data-start=\"1782\" data-end=\"1798\">Javier Milei<\/strong>\u2014 el Gobierno empieza a mostrar dificultades para enmarcar la conversaci\u00f3n en las redes, <strong data-start=\"1888\" data-end=\"1927\">la arena libertaria por excelencia.<\/strong><\/p>\n<p id=\"p-1777158100893-99516\" data-start=\"1929\" data-end=\"2220\">La llegada de la reforma pol\u00edtica al Congreso tambi\u00e9n coincide con movimientos cada vez m\u00e1s visibles en la oposici\u00f3n. El peronismo exhibe sus candidateables y otea las cartas. <strong>El PRO sigue con las giras federales con Mauricio Macri al frente <\/strong>y recibe presiones internas para plantar candidatos amarillos el a\u00f1o pr\u00f3ximo.<\/p>\n<p id=\"p-1777158100893-33706\" data-start=\"2222\" data-end=\"2368\">Tambi\u00e9n empieza a corporizarse la aspiraci\u00f3n de <strong data-start=\"2270\" data-end=\"2285\">Dante Gebel<\/strong>, quien hasta ac\u00e1 era m\u00e1s un rumor de sus armadores que una voz y una cara visible. El pastor se mostr\u00f3 en entrevistas, se reuni\u00f3n con pol\u00edticos, dirigentes y empresarios en su bunker local de Puerto Madero. Definir\u00e1 su candidatura despu\u00e9s del Mundial, seg\u00fan desliz\u00f3.<\/p>\n<h2 id=\"p-1777158100893-38017\" data-start=\"2375\" data-end=\"2417\"><strong data-start=\"2375\" data-end=\"2417\">La batalla por la conversaci\u00f3n p\u00fablica<\/strong><\/h2>\n<p id=\"p-1777158100893-23408\" data-start=\"2419\" data-end=\"2770\">La pelea con el periodismo es parte de una saga larga, que se acentu\u00f3 con la cobertura de los medios de los esc\u00e1ndalos que derivaron en causas judiciales, como el crecimiento patrimonial de Adorni, <strong data-start=\"2617\" data-end=\"2627\">$LIBRA<\/strong> o los presuntos retornos en <strong data-start=\"2656\" data-end=\"2665\">Andis<\/strong>. La difusi\u00f3n de encuestas con la ca\u00edda de la aprobaci\u00f3n del Gobierno tambi\u00e9n enfurece a <strong data-start=\"2754\" data-end=\"2769\">Balcarce 50<\/strong>.<\/p>\n<p id=\"p-1777158100893-66814\" data-start=\"2772\" data-end=\"2976\">Consultoras, sea cual sea su signo, marcan un deterioro de la imagen del Presidente y de sus principales funcionarios. Para el Gobierno, son maliciosas, aunque esos mismos profesionales antes ponderaban de forma positiva. Pero el s\u00edntoma tiene otras elocuencias: las redes tambi\u00e9n marcan ese desgaste. <strong data-start=\"2978\" data-end=\"2999\">No hay distancia.<\/strong><\/p>\n<p id=\"p-1777158100893-14684\" data-start=\"3001\" data-end=\"3198\">Un trabajo de <strong>Reputaci\u00f3n Digital<\/strong> marc\u00f3 la siguiente comparativa: las menciones en redes est\u00e1n en la misma l\u00ednea que la aprobaci\u00f3n que registr\u00f3 una de las consultoras de renombre, <strong data-start=\"3180\" data-end=\"3197\">Zuban C\u00f3rdoba<\/strong>.<\/p>\n<p id=\"p-1777158100893-37515\" data-start=\"3200\" data-end=\"3461\">\u201c\u00bfQu\u00e9 hicimos? Tomamos las 16 preguntas de la encuesta de Zuban C\u00f3rdoba y Asociados (2.200 casos, abril de 2026) y las respondimos desde otro lugar: lo que 3,7 millones de personas dijeron espont\u00e1neamente en redes sociales durante 44 d\u00edas\u201d, comienza el informe.<\/p>\n<p id=\"p-1777158100893-8214\" data-start=\"3463\" data-end=\"3741\">\u201cSobre la reelecci\u00f3n, los dos instrumentos dicen lo mismo: la mayor\u00eda est\u00e1 en contra. La encuesta marca 60,7% que no lo votar\u00eda. En redes, el 59,9% de la conversaci\u00f3n org\u00e1nica es contraria a Milei. <strong data-start=\"3661\" data-end=\"3711\">No importa c\u00f3mo lo midas, la se\u00f1al es la misma<\/strong>\u201d, explica Reputaci\u00f3n Digital.<\/p>\n<div contenteditable=\"false\" class=\"embed_cont type_imagen\" id=\"8216366-Libre-1685745895_wrap\">\n<p>conversacion digital 2 <span onclick=\"parent.parent.TinyMCETdcuerpo.preview_embed('8216366-Libre-1685745895')\" class=\"embed_colapse less\" id=\"8216366-Libre-1685745895_colapse\"\/>  <span onclick=\"parent.parent.TinyMCETdcuerpo.delete_embed('8216366-Libre-1685745895')\" class=\"embed_delete less\" id=\"8216366-Libre-1685745895_delete\"\/><\/p>\n<div id=\"8216366-Libre-1685745895_content\" class=\"embed_content\"><img data-td-src-property=\"https:\/\/media.ambito.com\/p\/798f38597fdb67351224664e2648152b\/adjuntos\/239\/imagenes\/043\/328\/0043328556\/730x0\/smart\/conversacion-digital-2.jpg\" alt=\"Fuente: Reputaci\u00f3n Digital\" title=\"Fuente: Reputaci\u00f3n Digital\" width=\"730\" height=\"undefined\" id=\"8216366-Libre-1685745895_embed\"\/><\/div>\n<div class=\"embed_wrapper-cont\" id=\"p-1777158818546-77778\">\n<div id=\"8216366-Libre-1685745895_epigrafe\" class=\"embed_epigrafe\">\n<p id=\"p-1777158855644-78554\">Fuente: Reputaci\u00f3n Digital<\/p>\n<\/div><\/div>\n<\/p><\/div>\n<p id=\"p-1777158100893-86506\" data-start=\"3743\" data-end=\"4010\">El <strong data-start=\"3746\" data-end=\"3782\">\u00cdndice de Sentimiento Neto (ISN)<\/strong>, un indicador de Reputaci\u00f3n Digital, marca \u221250,7. Significa que por cada comentario positivo hay tres negativos. El enojo domina toda la conversaci\u00f3n: 78% en menciones anti-Milei, 67% en promesas incumplidas, 64% en corrupci\u00f3n.<\/p>\n<p id=\"p-1777158100893-61490\" data-start=\"4012\" data-end=\"4352\">Otro estudio de la consultora <strong data-start=\"4042\" data-end=\"4056\">Tendencias<\/strong> coincide en el retroceso libertario en la calle digital. Seg\u00fan un trabajo publicado esta semana, durante los primeros cien d\u00edas de 2026 se exhibe \u201cuna ca\u00edda del 45,4% del apoyo digital del Presidente, y una ca\u00edda sostenida como espacio pol\u00edtico si se suman sus principales referentes y voceros\u201d.<\/p>\n<p id=\"p-1777158100893-27259\" data-start=\"4354\" data-end=\"4446\">Dicho de otro modo: <strong data-start=\"4374\" data-end=\"4446\">el term\u00f3metro digital empieza a parecerse demasiado al clima social.<\/strong><\/p>\n<p id=\"p-1777158100893-348\" data-start=\"4448\" data-end=\"4786\">Como fuera, el descontento social proyecta modificaciones sobre el escenario 2027. Hasta hace no mucho tiempo, el peronismo ten\u00eda una certeza: en un balotaje perd\u00eda con seguridad y solo pod\u00eda arribar a una victoria apostando a superar el 40% en primera vuelta y a partir el voto de Milei con el florecimiento de candidatos de centroderecha.<\/p>\n<p id=\"p-1777158100893-66502\" data-start=\"4788\" data-end=\"4922\">Hoy, en este clima din\u00e1mico, parece ser esa misma la ecuaci\u00f3n que hacen los libertarios: <strong data-start=\"4871\" data-end=\"4922\">ya no es segura una victoria en segunda vuelta. <\/strong>Empieza a insinuarse un cambio m\u00e1s profundo: <strong data-start=\"4969\" data-end=\"5072\">la l\u00ednea que divide a la pol\u00edtica deja de ser el kirchnerismo \u2014en retroceso\u2014 y empieza a ser Milei. <\/strong>Es decir, puede crearse un escenario complejo para el Gobierno donde ya no sea \u201ccualquier cosa menos los K\u201d, sino <strong data-start=\"5188\" data-end=\"5221\">\u201ccualquier cosa menos Milei\u201d.<\/strong><\/p>\n<p id=\"p-1777158100893-16686\" data-start=\"5223\" data-end=\"5369\">Por eso necesita agrupar a todos bajo el sello violeta y observa con preocupaci\u00f3n el desmarque de <strong data-start=\"5321\" data-end=\"5344\">Victoria Villarruel<\/strong> y la aparici\u00f3n de Gebel. Al mismo tiempo, necesitan un peronismo con m\u00faltiples candidaturas en la papeleta de la <strong data-start=\"5459\" data-end=\"5481\">Boleta \u00danica Papel<\/strong>. El sue\u00f1o mayor es que el PJ se presente como en <strong data-start=\"5531\" data-end=\"5551\">2003, atomizado.<\/strong><\/p>\n<p id=\"p-1777158100893-88947\" data-start=\"5553\" data-end=\"5658\">Si esa es la ecuaci\u00f3n, el fin de las PASO le calza como un guante al momento pol\u00edtico de los libertarios.<\/p>\n<h2 id=\"p-1777158100893-51588\" data-start=\"5665\" data-end=\"5694\"><strong data-start=\"5665\" data-end=\"5694\">El experimento libertario<\/strong><\/h2>\n<p id=\"p-1777158100893-56077\" data-start=\"5696\" data-end=\"5946\">Milei est\u00e1 dispuesto a ir a fondo, en especial en su batalla contra el periodismo. El cierre de la sala de prensa, medida apelada en la Justicia por \u00c1mbito, demuestra un rasgo del Presidente: como anarco-capitalista, reniega de las instituciones.<\/p>\n<p id=\"p-1777158100893-45578\" data-start=\"5948\" data-end=\"6151\">Porque, en rigor, evitar a los periodistas en los pasillos de la Casa Rosada fue anhelado por m\u00e1s de un jefe de Estado, pero nadie se anim\u00f3 para sostener el institucionalismo. Incluso gobiernos de facto.<\/p>\n<p id=\"p-1777158100893-92092\" data-start=\"6153\" data-end=\"6381\">La decisi\u00f3n coincidi\u00f3 con la presencia de <strong data-start=\"6195\" data-end=\"6210\">Peter Thiel<\/strong> en Balcarce 50, el magnate de <strong data-start=\"6241\" data-end=\"6259\">Silicon Valley<\/strong>, creador de <strong data-start=\"6272\" data-end=\"6282\">PayPal<\/strong> y luego de <strong data-start=\"6294\" data-end=\"6306\">Palantir<\/strong>, empresa que es la punta de lanza de su idea de un <strong data-start=\"6358\" data-end=\"6380\">Estado algor\u00edtmico<\/strong>.<\/p>\n<div contenteditable=\"false\" class=\"embed_cont type_imagen\" id=\"8215436-Libre-594028066_wrap\">\n<p>Milei Thiel <span onclick=\"parent.parent.TinyMCETdcuerpo.preview_embed('8215436-Libre-594028066')\" class=\"embed_colapse less\" id=\"8215436-Libre-594028066_colapse\"\/>  <span onclick=\"parent.parent.TinyMCETdcuerpo.delete_embed('8215436-Libre-594028066')\" class=\"embed_delete less\" id=\"8215436-Libre-594028066_delete\"\/><\/p>\n<div id=\"8215436-Libre-594028066_content\" class=\"embed_content\"><img data-td-src-property=\"https:\/\/media.ambito.com\/p\/2fd419d7d9ab1b47268148040b1c8be6\/adjuntos\/239\/imagenes\/043\/324\/0043324332\/730x0\/863x396:883x416\/milei-thiel.jpeg\" alt=\"Milei recibi\u00f3 a Thiel en una Casa Rosada sin acreditados.\" title=\"Milei recibi\u00f3 a Thiel en una Casa Rosada sin acreditados.\" width=\"730\" height=\"undefined\" id=\"8215436-Libre-594028066_embed\"\/><\/div>\n<div class=\"embed_wrapper-cont\" id=\"p-1777158993191-62497\">\n<div id=\"8215436-Libre-594028066_epigrafe\" class=\"embed_epigrafe\">\n<p id=\"p-1777159019402-36967\">Milei recibi\u00f3 a Thiel en una Casa Rosada sin acreditados.<\/p>\n<\/div>\n<p>@OPRa<\/p>\n<\/div><\/div>\n<p id=\"p-1777158100893-98657\" data-start=\"6383\" data-end=\"6580\">Un modelo donde la tecnolog\u00eda \u2014en especial la inteligencia artificial\u2014 se desarrolle sin control estatal y tome funciones que normalmente son del Estado, incluidas decisiones en materia de Defensa. Argentina podr\u00eda ser una suerte de <strong data-start=\"6617\" data-end=\"6635\">tubo de ensayo<\/strong> y al mismo tiempo un enclave para quienes comulgan con la idea mesi\u00e1nica del <strong data-start=\"6713\" data-end=\"6726\">Dios Tech<\/strong>. Los 22 puntos del Manifiesto de Palantir merecen ser le\u00eddos. La reuni\u00f3n Milei-Thiel se desarroll\u00f3 sin periodistas en el edificio oficial.<\/p>\n<p id=\"p-1777158100893-42322\" data-start=\"6868\" data-end=\"7084\">Un dato menos expresado en estos d\u00edas: Thiel es tambi\u00e9n inversor en la app <strong data-start=\"6943\" data-end=\"6956\">Objection<\/strong>, una plataforma que se alinea con los intereses de Milei, ya que se utiliza para evaluar \u2014y controvertir\u2014 piezas period\u00edsticas. La aplicaci\u00f3n ya es parte de la guerra de LLA contra los medios.<\/p>\n<p id=\"p-1777158100893-43853\" data-start=\"7152\" data-end=\"7366\">Spoiler: cuando vea a alg\u00fan militante poco sesudo desmenuzar una nota cr\u00edtica al Gobierno con un grado de an\u00e1lisis superior a sus capacidades para fustigar a un periodista, seguramente haya utilizado <strong data-start=\"7352\" data-end=\"7365\">Objection<\/strong>. El abono cuesta apenas <strong data-start=\"7391\" data-end=\"7403\">u$s2.000<\/strong>.<\/p>\n<h2 id=\"p-1777158100893-58301\" data-start=\"7411\" data-end=\"7456\"><strong data-start=\"7411\" data-end=\"7456\">El peronismo y la b\u00fasqueda de un moderado<\/strong><\/h2>\n<p id=\"p-1777158100893-68548\" data-start=\"7458\" data-end=\"7579\"><strong data-start=\"7458\" data-end=\"7475\"> Axel Kicillof<\/strong> ya se mueve como candidato presidencial. Su asunci\u00f3n al frente del PJ bonaerense fue otra demostraci\u00f3n. Antes, su paso por Barcelona, donde se mostr\u00f3 con l\u00edderes globales progresistas como <strong data-start=\"7666\" data-end=\"7683\">Pedro S\u00e1nchez<\/strong>, <strong data-start=\"7685\" data-end=\"7693\">Lula<\/strong> o <strong data-start=\"7696\" data-end=\"7717\">Claudia Sheinbaum<\/strong>.<\/p>\n<p id=\"p-1777158100893-76999\" data-start=\"7720\" data-end=\"7916\">No obstante, no son pocos en el universo peronista y entre los consultores que creen que ah\u00ed tambi\u00e9n radica su debilidad: <strong data-start=\"7842\" data-end=\"7916\">estar tan instalado un a\u00f1o y medio antes puede llevarlo a un desgaste. <\/strong>Tambi\u00e9n se observa que, si la grieta pol\u00edtica empieza a ordenarse alrededor de Milei, Kicillof puede convertirse en una llave para traer a <strong data-start=\"8057\" data-end=\"8078\">Cristina Kirchner<\/strong> nuevamente a la discusi\u00f3n.<\/p>\n<p id=\"p-1777158100893-9267\" data-start=\"8107\" data-end=\"8309\">Quienes miden los apoyos para el PJ observan que, para buena parte de la sociedad, el gobernador bonaerense sigue siendo parte de la esfera del kirchnerismo, por m\u00e1s esfuerzos que haga por distanciarse.<\/p>\n<div contenteditable=\"false\" class=\"embed_cont type_imagen\" id=\"8216217-Libre-1351737486_wrap\">\n<p>Kicillof PJ <span onclick=\"parent.parent.TinyMCETdcuerpo.preview_embed('8216217-Libre-1351737486')\" class=\"embed_colapse less\" id=\"8216217-Libre-1351737486_colapse\"\/>  <span onclick=\"parent.parent.TinyMCETdcuerpo.delete_embed('8216217-Libre-1351737486')\" class=\"embed_delete less\" id=\"8216217-Libre-1351737486_delete\"\/><\/p>\n<div id=\"8216217-Libre-1351737486_content\" class=\"embed_content\"><img data-td-src-property=\"https:\/\/media.ambito.com\/p\/f43b39038d1a0b0afd508dcb7cd522a5\/adjuntos\/239\/imagenes\/043\/327\/0043327843\/730x0\/smart\/kicillof-pj.jpg\" alt=\"Kicillof tom\u00f3 las riendas del PJ bonaerense.\" title=\"Kicillof tom\u00f3 las riendas del PJ bonaerense.\" width=\"730\" height=\"undefined\" id=\"8216217-Libre-1351737486_embed\"\/><\/div>\n<div class=\"embed_wrapper-cont\" id=\"p-1777159181074-59419\">\n<div id=\"8216217-Libre-1351737486_epigrafe\" class=\"embed_epigrafe\">\n<p id=\"p-1777159199219-10925\">Kicillof tom\u00f3 las riendas del PJ bonaerense.<\/p>\n<\/div><\/div>\n<\/p><\/div>\n<p id=\"p-1777158100893-40370\" data-start=\"8311\" data-end=\"8571\">\u201cOtro punto es que le queda un a\u00f1o para gobernar Buenos Aires sin un peso; la gesti\u00f3n puede ser muy dif\u00edcil para Axel, m\u00e1s si quiere mostrar resultados para proyectarse a la presidencial\u201d, mencion\u00f3 un consultor que trabaja con distintos sectores del peronismo. En ese escenario empieza a emerger la figura de <strong data-start=\"8621\" data-end=\"8636\">Sergio U\u00f1ac<\/strong>, el senador y exgobernador de San Juan que cuenta con la bendici\u00f3n de Cristina Kirchner.<\/p>\n<p id=\"p-1777158100893-65930\" data-start=\"8727\" data-end=\"8878\">En su entorno niegan que su aparici\u00f3n sea una forma de incomodar a Kicillof y aseguran que ya lo hab\u00edan ido a buscar desde otros espacios tiempo atr\u00e1s. \u201cTodos reconocen que el pr\u00f3ximo presidente va a ser un moderado, y Sergio es moderado, es capaz de congregar a actores\u201d, se\u00f1alan.<\/p>\n<p id=\"p-1777158100893-67963\" data-start=\"9011\" data-end=\"9157\">Parte del universo de los consultores se dio cita en <strong data-start=\"9064\" data-end=\"9078\">Montevideo<\/strong> esta semana para participar de la <strong data-start=\"9113\" data-end=\"9156\">Cumbre Mundial de Comunicaci\u00f3n Pol\u00edtica<\/strong>. Hab\u00eda cierta coincidencia en que algunos ejes del Gobierno de Milei perdurar\u00e1n, y que m\u00e1s que el modelo la sociedad est\u00e1 buscando <strong data-start=\"9289\" data-end=\"9336\">otro tipo de liderazgo, acaso m\u00e1s racional.<\/strong><\/p>\n<p id=\"p-1777158100893-37901\" data-start=\"9338\" data-end=\"9527\">Esa tesis lleva a buscar opciones de centro. Una posibilidad que vuelve a entusiasmar tambi\u00e9n a <strong data-start=\"9434\" data-end=\"9450\">Sergio Massa<\/strong>, que activa rondas de consultas y busca que las PASO se sostengan, como sea. En el caso de U\u00f1ac, deber\u00e1 romper una barrera de desconocimiento fuera de San Juan.<\/p>\n<p id=\"p-1777158100893-87446\" data-start=\"9614\" data-end=\"9849\">Entre sus armadores empieza a emerger la idea de que, si las primarias caen, las internas sean <strong data-start=\"9709\" data-end=\"9724\">\u201cfederales\u201d<\/strong>: hacer elecciones por regiones desde fin de este a\u00f1o, con distintas fechas, en un modelo similar al de los estados en EE.UU. Una forma, adem\u00e1s, de instalar candidatos durante meses, con movimiento en cada contienda. La otra tesis que asoma \u2014aunque con menos convencimiento\u2014 es <strong data-start=\"10004\" data-end=\"10044\">una gran PASO opositora contra Milei<\/strong>.<\/p>\n<p id=\"p-1777158100893-55592\" data-start=\"10047\" data-end=\"10182\">Los m\u00e1s cautos miran con reserva un espacio que mezcle a radicales, peronistas y un sinf\u00edn de partidos sin coincidencias program\u00e1ticas. \u201cEso espanta a la sociedad\u2026<strong> \u00bfqu\u00e9 tienen que ver Kicillof, Lousteau, Larreta o Monz\u00f3?<\/strong>\u201d, dicen quienes aconsejan descartar esa opci\u00f3n.<\/p>\n<p id=\"p-1777158100893-25763\" data-start=\"10318\" data-end=\"10568\">Por lo pronto, el peronismo intentar\u00e1 evitar el fin de las PASO. Tambi\u00e9n las necesitan tanto la <strong data-start=\"10414\" data-end=\"10421\">UCR<\/strong> como el <strong data-start=\"10430\" data-end=\"10437\">PRO<\/strong>, ya sea para integrar alianzas como para pulsear candidaturas dentro de una sociedad con los libertarios, en el caso del macrismo.<\/p>\n<p id=\"p-1777158100893-56968\" data-start=\"10570\" data-end=\"10747\">Con lo cual, el Gobierno buscar\u00e1 apoyo en los gobernadores dialoguistas con una prenda de cambio que nadie oculta: <strong data-start=\"10685\" data-end=\"10747\">no plantar candidatos violetas competitivos en esos pagos.<\/strong><\/p>\n<p id=\"p-1777158100893-68570\" data-start=\"10749\" data-end=\"10927\">La paradoja es que algunos legisladores que responden a mandatarios se ver\u00e1n en la encerrona de defender el fin de las PASO a nivel nacional cuando en sus distritos se mantienen. Hoy tienen PASO <strong data-start=\"10945\" data-end=\"11017\">Mendoza, Chaco, Buenos Aires, Entre R\u00edos, CABA, Santa Fe y Catamarca<\/strong>. Excepto Buenos Aires, el resto son distritos cercanos a la Casa Rosada.<\/p>\n<p id=\"p-1777158100893-97561\" data-start=\"11092\" data-end=\"11165\">Una contradicci\u00f3n que anticipa <strong data-start=\"11123\" data-end=\"11165\">una negociaci\u00f3n \u00e1spera en el Congreso.<\/strong><\/p>\n<\/p><\/div>\n<p><script>\n!function(f,b,e,v,n,t,s)\n{if(f.fbq)return;n=f.fbq=function(){n.callMethod?\nn.callMethod.apply(n,arguments):n.queue.push(arguments)};\nif(!f._fbq)f._fbq=n;n.push=n;n.loaded=!0;n.version='2.0';\nn.queue=[];t=b.createElement(e);t.async=!0;\nt.src=v;s=b.getElementsByTagName(e)[0];\ns.parentNode.insertBefore(t,s)}(window,document,'script',\n'\nfbq('init', '2047048335588113');\nfbq('track', 'PageView');\n<\/script><\/p>\n","protected":false},"excerpt":{"rendered":"<p>El bloqueo del ingreso de los periodistas acreditados en la Casa Rosada es una muestra m\u00e1s de la estrategia. Sin embargo, pese a sus peleas con los medios \u2014el nuevo villano elegido por Javier Milei\u2014 el Gobierno empieza a mostrar dificultades para enmarcar la conversaci\u00f3n en las redes, la arena libertaria por excelencia. La llegada [&hellip;]<\/p>\n","protected":false},"author":1,"featured_media":8093,"comment_status":"open","ping_status":"open","sticky":false,"template":"","format":"standard","meta":{"footnotes":""},"categories":[1],"tags":[4],"class_list":["post-8092","post","type-post","status-publish","format-standard","has-post-thumbnail","hentry","category-uncategorized","tag-entre-rios"],"_links":{"self":[{"href":"https:\/\/cliente1.publisher.highstack.com.ar\/index.php?rest_route=\/wp\/v2\/posts\/8092","targetHints":{"allow":["GET"]}}],"collection":[{"href":"https:\/\/cliente1.publisher.highstack.com.ar\/index.php?rest_route=\/wp\/v2\/posts"}],"about":[{"href":"https:\/\/cliente1.publisher.highstack.com.ar\/index.php?rest_route=\/wp\/v2\/types\/post"}],"author":[{"embeddable":true,"href":"https:\/\/cliente1.publisher.highstack.com.ar\/index.php?rest_route=\/wp\/v2\/users\/1"}],"replies":[{"embeddable":true,"href":"https:\/\/cliente1.publisher.highstack.com.ar\/index.php?rest_route=%2Fwp%2Fv2%2Fcomments&post=8092"}],"version-history":[{"count":1,"href":"https:\/\/cliente1.publisher.highstack.com.ar\/index.php?rest_route=\/wp\/v2\/posts\/8092\/revisions"}],"predecessor-version":[{"id":8094,"href":"https:\/\/cliente1.publisher.highstack.com.ar\/index.php?rest_route=\/wp\/v2\/posts\/8092\/revisions\/8094"}],"wp:featuredmedia":[{"embeddable":true,"href":"https:\/\/cliente1.publisher.highstack.com.ar\/index.php?rest_route=\/wp\/v2\/media\/8093"}],"wp:attachment":[{"href":"https:\/\/cliente1.publisher.highstack.com.ar\/index.php?rest_route=%2Fwp%2Fv2%2Fmedia&parent=8092"}],"wp:term":[{"taxonomy":"category","embeddable":true,"href":"https:\/\/cliente1.publisher.highstack.com.ar\/index.php?rest_route=%2Fwp%2Fv2%2Fcategories&post=8092"},{"taxonomy":"post_tag","embeddable":true,"href":"https:\/\/cliente1.publisher.highstack.com.ar\/index.php?rest_route=%2Fwp%2Fv2%2Ftags&post=8092"}],"curies":[{"name":"wp","href":"https:\/\/api.w.org\/{rel}","templated":true}]}}