{"id":8089,"date":"2026-04-26T00:52:31","date_gmt":"2026-04-26T03:52:31","guid":{"rendered":"https:\/\/cliente1.publisher.highstack.com.ar\/?p=8089"},"modified":"2026-04-26T00:52:31","modified_gmt":"2026-04-26T03:52:31","slug":"de-loredo-recorre-la-provincia-y-la-liga-ucr-queda-bajo-intensa-presion-politica","status":"publish","type":"post","link":"https:\/\/cliente1.publisher.highstack.com.ar\/?p=8089","title":{"rendered":"De Loredo recorre la provincia y la \u201cLiga\u201d UCR queda bajo intensa presi\u00f3n pol\u00edtica"},"content":{"rendered":"<div id=\"article-content\">\n<p>En clave 2027, <strong>Rodrigo de Loredo decidi\u00f3 acelerar su armado con un doble movimiento que ordena \u2014y tensiona\u2014 el tablero opositor<\/strong> en C\u00f3rdoba: por un lado un despliegue territorial para recorrer todos los departamentos y, por otro, la consolidaci\u00f3n, bajo presi\u00f3n externa, de \u201cLa Liga\u201d, <strong>un n\u00facleo duro de 70 intendentes radicales que lo respaldan como candidato a gobernador<\/strong>.<\/p>\n<p>El primer gesto de esa avanzada se concret\u00f3 en R\u00edo Primero, donde el exdiputado puso en marcha una gira destinada a cubrir todo el mapa cordob\u00e9s antes del mundial. <strong>La hoja de ruta de los pr\u00f3ximos d\u00edas incluye Villa Mar\u00eda, cabecera del departamento General San Mart\u00edn, y luego San Justo, territorio del gobernador Mart\u00edn Llaryora<\/strong>. No es un dato menor: cada escala tambi\u00e9n mide fuerzas con el peronismo en su propio terreno.<\/p>\n<p>En su entorno aseguran que los tiempos se ajustar\u00e1n para cumplir ese objetivo y que habr\u00e1 una segunda ronda tras la competencia mundial. Pero el prop\u00f3sito de fondo es otro: <strong>reconstruir volumen territorial y retomar contacto con la agenda social<\/strong>. \u201cNo va a hablar de los problemas de la pol\u00edtica, sino de los problemas de la gente\u201d, repiten, en un intento de correrse de la rosca sin salir de ella.<\/p>\n<p>En ese marco, De Loredo volvi\u00f3 a fijar posici\u00f3n sobre la ingenier\u00eda opositora.<strong> \u201cTenemos que estar todos juntos\u201d, insisti\u00f3, al tiempo que ratific\u00f3 su candidatura: \u201cVoy a ser candidato a gobernador el a\u00f1o que viene\u201d<\/strong>.<\/p>\n<p>Asimismo, redobl\u00f3 la apuesta con la idea de una interna abierta para ordenar un eventual frente amplio. <strong>\u201cNo se le puede tener miedo a que la gente ordene a la oposici\u00f3n\u201d, plante\u00f3. Sin embargo, la propuesta choca con el eje Gabriel Bornoroni \u2013 Luis Juez, donde advierten que la UCR \u201cno forma parte\u201d del esquema violeta y rechazan que intente fijar reglas<\/strong>. La disputa por el liderazgo opositor est\u00e1 en marcha.<\/p>\n<p>Pese a esa barrera, el n\u00facleo deloredista insiste en que la unidad es la \u00fanica v\u00eda para derrotar al PJ. \u201cSi uno gana y los otros acompa\u00f1an, le ganamos\u201d, repiten, mientras advierten que el oficialismo juega a bloquear ese acuerdo. <strong>\u201cEl peronismo est\u00e1 gastado, ya no tiene ideas para C\u00f3rdoba\u201d, lanz\u00f3 De Loredo<\/strong>, endureciendo el tono de campa\u00f1a.<\/p>\n<p>En medio de la interna opositora, el exdiputado busca construir un poder propio. Ah\u00ed entra \u201cLa Liga\u201d, el grupo de intendentes alineados detr\u00e1s de su candidatura. Ese m\u00fasculo territorial \u2014clave para cualquier aspiraci\u00f3n competitiva\u2014 enfrenta una presi\u00f3n creciente que, seg\u00fan la UCR, apunta a desarticular ese esquema.<\/p>\n<p>Ese tablero ofrece dos salidas para los jefes territoriales. Por un lado, <strong>confluir con el PJ en Hacemos Unidos por C\u00f3rdoba o saltar hacia La Libertad Avanza.<\/strong> \u201cHay una persecuta\u201d, sintetizan en el radicalismo. En paralelo, <strong>reconocen la advertencia libertaria: \u201cSi te qued\u00e1s en el radicalismo, te ponemos un candidato para arrastrarte\u201d. La disputa ahora es territorial y con costos concretos<\/strong>.<\/p>\n<p>Frente a ese escenario, en el deloredismo no descartan responder con la misma l\u00f3gica. \u201cEl que se va y traiciona un proyecto, gratis no se la va a llevar\u201d, desliz\u00f3 un interlocutor. Aun as\u00ed, buscan evitar una implosi\u00f3n interna, descartan una \u201ccaza de brujas\u201d y relativizan los pases. \u201cPor ahora es por goteo\u201d, dicen. Tambi\u00e9n rechazan la idea de arrastre autom\u00e1tico: \u201cLos votos son de la gente\u201d.<\/p>\n<h2>Una reuni\u00f3n muy dura<\/h2>\n<p>El v\u00ednculo con la Provincia suma tensi\u00f3n en este contexto. <strong>La reuni\u00f3n entre el Foro de Intendentes radicales y el ministro de Gobierno, Manuel Calvo, en el Centro C\u00edvico, expuso un clima \u00e1spero tras m\u00e1s de 70 d\u00edas sin di\u00e1logo<\/strong>.<\/p>\n<p>Seg\u00fan reconstruy\u00f3 Perfil C\u00f3rdoba, <strong>fue el intercambio m\u00e1s duro desde la llegada de Llaryora, con pases de factura al armado deloredista. Del otro lado, los intendentes descargaron reclamos por demoras en fondos, ca\u00edda de recursos y el impacto de la crisis en las finanzas locales<\/strong>.<\/p>\n<p>Hubo un gesto para descomprimir: la Provincia destrab\u00f3 pagos \u2014cerca de mil millones de pesos por acuerdos federales\u2014 y prometi\u00f3 asistencia para municipios que no puedan afrontar sueldos y aguinaldos. Pero la tensi\u00f3n no se disip\u00f3.<\/p>\n<p><strong>Los intendentes reclamaron previsibilidad, cuestionaron las deducciones en la coparticipaci\u00f3n<\/strong> \u2014que en algunos casos reduce a cero los recursos\u2014 y propusieron crear por ley un Fondo Complementario de Obras de Infraestructura (Focom). \u201cNecesitamos una distribuci\u00f3n justa\u201d, plantearon.<\/p>\n<p>En la lectura pol\u00edtica, ese v\u00ednculo financiero funciona como palanca de condicionamiento sobre los jefes territoriales que sostienen a De Loredo. <strong>La presi\u00f3n sobre \u201cLa Liga\u201d tambi\u00e9n se juega en la caja<\/strong>.<\/p>\n<h2>Herida abierta<\/h2>\n<p><strong>La relaci\u00f3n con Luis Juez sigue atravesada por una herida abierta desde 2023<\/strong>. Los reproches por la derrota \u2014a apenas tres puntos\u2014 siguen activos. En el juecismo sostienen que las decisiones de De Loredo da\u00f1aron el armado; en su entorno responden que \u201cfue Rodrigo quien dio el paso al costado\u201d para habilitar a Juez. <strong>\u201cEl radicalismo le jug\u00f3 limpio: abrimos los comit\u00e9s, trabajamos y dimos todo\u201d, se escuch\u00f3 en R\u00edo Primero. Esa herida persiste, aunque se convive con pragmatismo en los \u00e1mbitos parlamentarios<\/strong>.<\/p>\n<p>En la Unicameral, la oposici\u00f3n sostiene una agenda com\u00fan contra el peronismo, pero con intensidades distintas. <strong>El juecismo endurece su perfil con denuncias en la Justicia \u2014no acompa\u00f1adas por la UCR\u2014<\/strong> y cr\u00edticas directas a la gesti\u00f3n, mientras el radicalismo busca no quedar pegado a una l\u00f3gica de confrontaci\u00f3n permanente a pedido de sus intendentes.<\/p>\n<p>En el Concejo Deliberante, en cambio, apareci\u00f3 una se\u00f1al de convergencia. <strong>El apoyo del juecismo al proyecto radical para eliminar la Guardia Urbana \u2014una de las banderas de De Loredo\u2014 fue le\u00eddo como un gesto pol\u00edtico<\/strong>. \u201cCoincidimos en el diagn\u00f3stico\u201d, dijo Mart\u00edn Juez, incluso proponiendo transferir recursos a la Polic\u00eda. En el bloque que comanda Elisa Caffaratti anticipan que insistir\u00e1n con la iniciativa.<\/p>\n<h2>Se\u00f1ales<\/h2>\n<p>En paralelo, De Loredo empieza a filtrar sus propuestas para instalar en agenda. <strong>Adem\u00e1s de eliminar la Guardia Urbana \u2014\u201cm\u00e1s gasto, cero seguridad\u201d, cuestion\u00f3\u2014, impulsa subir la edad de retiro policial y mejorar salarios para aumentar la presencia en la calle<\/strong>, aunque el PJ ya le baj\u00f3 el precio. Son definiciones que, junto con el despliegue territorial, buscan darle volumen a su candidatura.<\/p>\n<p>Con este escenario, apuesta a consolidar poder propio sin bajar la idea del frente no peronista. \u201cEstamos abiertos a charlar\u201d, dijo un deloredista. Mientras tanto, el referente radical se concentra en su escuder\u00eda propia, apalancado en \u201cLa Liga\u201d y en una campa\u00f1a que busca cubrir cada rinc\u00f3n de la provincia antes de que el calendario electoral termine de ordenar las piezas.<\/p>\n<\/p><\/div>\n<p><script>\n                !function(f,b,e,v,n,t,s)\n                {if(f.fbq)return;n=f.fbq=function(){n.callMethod?\n                    n.callMethod.apply(n,arguments):n.queue.push(arguments)};\n                    if(!f._fbq)f._fbq=n;n.push=n;n.loaded=!0;n.version='2.0';\n                    n.queue=[];t=b.createElement(e);t.async=!0;\n                    t.src=v;s=b.getElementsByTagName(e)[0];\n                    s.parentNode.insertBefore(t,s)}(window, document,'script',\n                    'https:\/\/connect.facebook.net\/en_US\/fbevents.js');\n                window.paywallConfig.facebook_pixel=\"1000228364089342\"\n            <\/script><\/p>\n","protected":false},"excerpt":{"rendered":"<p>        Con recorridas por el interior y discurso de unidad opositora, De Loredo busca afirmarse en medio de una creciente disputa entre el PJ y LLA por los intendentes de la UCR. La \u201cLiga\u201d apalanca al exdiputado en su candidatura y le da m\u00fasculo al armado territorial. Visitar\u00e1 Villa Mar\u00eda, cabecera de General San Mart\u00edn, y la pr\u00f3xima semana ser\u00e1 el turno de San Justo. <\/p>\n","protected":false},"author":1,"featured_media":8091,"comment_status":"open","ping_status":"open","sticky":false,"template":"","format":"standard","meta":{"footnotes":""},"categories":[1],"tags":[1889,2197,282,549,57,2196,2192,1261,2193,2198,2195,380,2194],"class_list":["post-8089","post","type-post","status-publish","format-standard","has-post-thumbnail","hentry","category-uncategorized","tag-atn","tag-coparticipacion","tag-cordoba","tag-de-loredo","tag-gobernador","tag-intendentes","tag-llaryora","tag-luis-juez","tag-manuel-calvo","tag-panal","tag-san-francisco","tag-ucr","tag-villa-maria"],"_links":{"self":[{"href":"https:\/\/cliente1.publisher.highstack.com.ar\/index.php?rest_route=\/wp\/v2\/posts\/8089","targetHints":{"allow":["GET"]}}],"collection":[{"href":"https:\/\/cliente1.publisher.highstack.com.ar\/index.php?rest_route=\/wp\/v2\/posts"}],"about":[{"href":"https:\/\/cliente1.publisher.highstack.com.ar\/index.php?rest_route=\/wp\/v2\/types\/post"}],"author":[{"embeddable":true,"href":"https:\/\/cliente1.publisher.highstack.com.ar\/index.php?rest_route=\/wp\/v2\/users\/1"}],"replies":[{"embeddable":true,"href":"https:\/\/cliente1.publisher.highstack.com.ar\/index.php?rest_route=%2Fwp%2Fv2%2Fcomments&post=8089"}],"version-history":[{"count":1,"href":"https:\/\/cliente1.publisher.highstack.com.ar\/index.php?rest_route=\/wp\/v2\/posts\/8089\/revisions"}],"predecessor-version":[{"id":8090,"href":"https:\/\/cliente1.publisher.highstack.com.ar\/index.php?rest_route=\/wp\/v2\/posts\/8089\/revisions\/8090"}],"wp:featuredmedia":[{"embeddable":true,"href":"https:\/\/cliente1.publisher.highstack.com.ar\/index.php?rest_route=\/wp\/v2\/media\/8091"}],"wp:attachment":[{"href":"https:\/\/cliente1.publisher.highstack.com.ar\/index.php?rest_route=%2Fwp%2Fv2%2Fmedia&parent=8089"}],"wp:term":[{"taxonomy":"category","embeddable":true,"href":"https:\/\/cliente1.publisher.highstack.com.ar\/index.php?rest_route=%2Fwp%2Fv2%2Fcategories&post=8089"},{"taxonomy":"post_tag","embeddable":true,"href":"https:\/\/cliente1.publisher.highstack.com.ar\/index.php?rest_route=%2Fwp%2Fv2%2Ftags&post=8089"}],"curies":[{"name":"wp","href":"https:\/\/api.w.org\/{rel}","templated":true}]}}