{"id":8086,"date":"2026-04-26T00:20:30","date_gmt":"2026-04-26T03:20:30","guid":{"rendered":"https:\/\/cliente1.publisher.highstack.com.ar\/?p=8086"},"modified":"2026-04-26T00:20:30","modified_gmt":"2026-04-26T03:20:30","slug":"el-mito-del-voto-evangelico-en-cordoba","status":"publish","type":"post","link":"https:\/\/cliente1.publisher.highstack.com.ar\/?p=8086","title":{"rendered":"El mito del voto evang\u00e9lico en C\u00f3rdoba"},"content":{"rendered":"<div class=\"article__content standard\" id=\"article-content\">\n<p>Cada vez que el <strong>calendario electoral<\/strong> se activa o emerge una figura como la de <strong>Dante Gebel<\/strong>, reaparece una idea tan instalada como sobreactuada: la del <strong>\u201cvoto evang\u00e9lico\u201d<\/strong> como un bloque homog\u00e9neo, disciplinado y capaz de inclinar elecciones. En C\u00f3rdoba, esa hip\u00f3tesis est\u00e1 muy lejos de la realidad. <strong>Hay presencia territorial, hay trabajo social y hay v\u00ednculos pol\u00edticos<\/strong>. Pero no hay \u2014al menos por ahora\u2014 una capacidad que se torne decisiva a la hora de votar.<\/p>\n<p>Antes de la irrupci\u00f3n medi\u00e1tica de Gebel, el tema se instal\u00f3 tras el intento de conformar en la provincia el partido <strong>Una Nueva Oportunidad (UNO)<\/strong> un espacio, que ya logr\u00f3 personer\u00eda jur\u00eddica en <strong>Santa Fe y Entre R\u00edos<\/strong> y que busca (sin \u00e9xito) replicar ese esquema en C\u00f3rdoba. El objetivo, similar al de otras fuerzas transformar capital social en representaci\u00f3n pol\u00edtica. El problema es que el punto de partida es mucho m\u00e1s fragmentado de lo que suele suponerse.<\/p>\n<p>C\u00f3rdoba tiene una <strong>comunidad evang\u00e9lica numerosa y muy activa<\/strong>, especialmente en los barrios populares. All\u00ed donde el Estado llega tarde o mal, las iglesias sostienen comedores, merenderos, apoyo escolar y contenci\u00f3n frente a la violencia y las adicciones. Ese trabajo es real y valioso. Pero <strong>confundir influencia social con capacidad electoral es un error frecuente<\/strong> que destacan hasta los propios l\u00edderes evang\u00e9licos.<\/p>\n<p>A diferencia de lo que ocurre en otros distritos \u2014y ni hablar de Brasil\u2014 en C\u00f3rdoba no existe un liderazgo evang\u00e9lico \u00fanico ni una estructura capaz de \u201cordenar\u201d el voto. Los propios pastores lo admiten en off: <strong>los fieles votan de manera diversa, cruzados por pertenencias partidarias, trayectorias familiares y contextos locales<\/strong>. Si el voto estuviera realmente alineado, los evang\u00e9licos tendr\u00edan hoy muchos m\u00e1s representantes legislativos, aseguran.<\/p>\n<h2><strong>Coincidencias, no disciplinamiento<\/strong><\/h2>\n<p>Los <strong>v\u00ednculos con la pol\u00edtica existen<\/strong>, pero se construyen m\u00e1s sobre coincidencias de valores que sobre acuerdos electorales cerrados. El caso de Encuentro Vecinal y la figura de <strong>Aurelio Garc\u00eda Elorrio<\/strong> suele mencionarse como ejemplo: all\u00ed hubo sinton\u00eda ideol\u00f3gica y no un traslado autom\u00e1tico de votos.<\/p>\n<p>Algo similar ocurre con el di\u00e1logo que distintos gobiernos mantuvieron con referentes evang\u00e9licos. <strong>Desde Juan Schiaretti hasta Mart\u00edn Llaryora<\/strong>, pasando por gestiones municipales y legislativas, todos entendieron que <strong>la red evang\u00e9lica es un actor social relevante<\/strong>, pero ninguno la trat\u00f3 como un socio electoral determinante.<\/p>\n<p>La comparaci\u00f3n con Santa Fe ayuda a entender el l\u00edmite cordob\u00e9s. All\u00ed, el diputado <strong>Walter Ghione, presidente nacional de UNO<\/strong>, construy\u00f3 una relaci\u00f3n directa con el gobernador <strong>Maximiliano Pullaro<\/strong>. En ese contexto, el evangelismo funciona como aliado territorial del Estado, especialmente en la disputa contra el narcotr\u00e1fico en Rosario. C\u00f3rdoba es otra cosa. M\u00e1s grande, m\u00e1s fragmentada, con un sistema pol\u00edtico donde ning\u00fan sector religioso logra hegemonizar una porci\u00f3n relevante del electorado. La eventual constituci\u00f3n de UNO en la provincia podr\u00eda aportar visibilidad y organizaci\u00f3n, pero no altera ese dato estructural. Lo mismo si Gebel se decidiera a conformar un nuevo espacio en esta provincia.<\/p>\n<h2><strong>Mucho m\u00fasculo social, poco peso electoral<\/strong><\/h2>\n<p>El evangelismo cordob\u00e9s tiene potencial, pero <strong>su fortaleza hoy no est\u00e1 en las urnas sino en el territorio<\/strong>. Pretender que ese capital se convierta autom\u00e1ticamente en votos es desconocer c\u00f3mo se comporta el electorado provincial.<\/p>\n<p>Por eso, m\u00e1s que preguntarse cu\u00e1nto pesa el voto evang\u00e9lico, la pregunta m\u00e1s atinada ser\u00eda otra: <strong>qu\u00e9 proyecto pol\u00edtico puede interpelar a una comunidad diversa sin reducirla a un estereotipo electoral<\/strong>. Mientras esa respuesta no aparezca, el \u201cvoto evang\u00e9lico\u201d seguir\u00e1 siendo lo que es hoy en C\u00f3rdoba: un mito m\u00e1s potente en el discurso que en las urnas.<\/p>\n<\/p><\/div>\n<p><\/p>\n","protected":false},"excerpt":{"rendered":"<p>        Aunque el sector tiene fuerte presencia territorial y un fuerte trabajo social en barrios populares, no logra traducir esa influencia en poder electoral organizado. La fragmentaci\u00f3n interna, la diversidad de los fieles y la ausencia de liderazgos unificados diluyen su impacto en las urnas.<\/p>\n","protected":false},"author":1,"featured_media":8088,"comment_status":"open","ping_status":"open","sticky":false,"template":"","format":"standard","meta":{"footnotes":""},"categories":[1],"tags":[4],"class_list":["post-8086","post","type-post","status-publish","format-standard","has-post-thumbnail","hentry","category-uncategorized","tag-entre-rios"],"_links":{"self":[{"href":"https:\/\/cliente1.publisher.highstack.com.ar\/index.php?rest_route=\/wp\/v2\/posts\/8086","targetHints":{"allow":["GET"]}}],"collection":[{"href":"https:\/\/cliente1.publisher.highstack.com.ar\/index.php?rest_route=\/wp\/v2\/posts"}],"about":[{"href":"https:\/\/cliente1.publisher.highstack.com.ar\/index.php?rest_route=\/wp\/v2\/types\/post"}],"author":[{"embeddable":true,"href":"https:\/\/cliente1.publisher.highstack.com.ar\/index.php?rest_route=\/wp\/v2\/users\/1"}],"replies":[{"embeddable":true,"href":"https:\/\/cliente1.publisher.highstack.com.ar\/index.php?rest_route=%2Fwp%2Fv2%2Fcomments&post=8086"}],"version-history":[{"count":1,"href":"https:\/\/cliente1.publisher.highstack.com.ar\/index.php?rest_route=\/wp\/v2\/posts\/8086\/revisions"}],"predecessor-version":[{"id":8087,"href":"https:\/\/cliente1.publisher.highstack.com.ar\/index.php?rest_route=\/wp\/v2\/posts\/8086\/revisions\/8087"}],"wp:featuredmedia":[{"embeddable":true,"href":"https:\/\/cliente1.publisher.highstack.com.ar\/index.php?rest_route=\/wp\/v2\/media\/8088"}],"wp:attachment":[{"href":"https:\/\/cliente1.publisher.highstack.com.ar\/index.php?rest_route=%2Fwp%2Fv2%2Fmedia&parent=8086"}],"wp:term":[{"taxonomy":"category","embeddable":true,"href":"https:\/\/cliente1.publisher.highstack.com.ar\/index.php?rest_route=%2Fwp%2Fv2%2Fcategories&post=8086"},{"taxonomy":"post_tag","embeddable":true,"href":"https:\/\/cliente1.publisher.highstack.com.ar\/index.php?rest_route=%2Fwp%2Fv2%2Ftags&post=8086"}],"curies":[{"name":"wp","href":"https:\/\/api.w.org\/{rel}","templated":true}]}}