{"id":8060,"date":"2026-04-25T17:33:30","date_gmt":"2026-04-25T20:33:30","guid":{"rendered":"https:\/\/cliente1.publisher.highstack.com.ar\/?p=8060"},"modified":"2026-04-25T17:33:30","modified_gmt":"2026-04-25T20:33:30","slug":"alarma-en-rumania-por-los-primeros-danos-por-drones-rusos-desde-el-inicio-de-la-guerra","status":"publish","type":"post","link":"https:\/\/cliente1.publisher.highstack.com.ar\/?p=8060","title":{"rendered":"Alarma en Ruman\u00eda por los primeros da\u00f1os por drones rusos desde el inicio de la guerra"},"content":{"rendered":"<div class=\"visual__image image-initial-width\"><picture><source srcset=\"https:\/\/www.infobae.com\/resizer\/v2\/EOIJDSZCCBEB5EO4KB5X52BHPY.JPG?auth=79dddb3854482fe6a0495e96d822b4eb62b8e38ffd4ff42bacd6486d85f3a86e&amp;smart=true&amp;width=992&amp;height=662&amp;quality=85\" media=\"(min-width: 1000px)\"><\/source><source srcset=\"https:\/\/www.infobae.com\/resizer\/v2\/EOIJDSZCCBEB5EO4KB5X52BHPY.JPG?auth=79dddb3854482fe6a0495e96d822b4eb62b8e38ffd4ff42bacd6486d85f3a86e&amp;smart=true&amp;width=768&amp;height=512&amp;quality=85\" media=\"(min-width: 768px)\"><\/source><source srcset=\"https:\/\/www.infobae.com\/resizer\/v2\/EOIJDSZCCBEB5EO4KB5X52BHPY.JPG?auth=79dddb3854482fe6a0495e96d822b4eb62b8e38ffd4ff42bacd6486d85f3a86e&amp;smart=true&amp;width=577&amp;height=385&amp;quality=85\" media=\"(min-width: 580px)\"><\/source><source srcset=\"https:\/\/www.infobae.com\/resizer\/v2\/EOIJDSZCCBEB5EO4KB5X52BHPY.JPG?auth=79dddb3854482fe6a0495e96d822b4eb62b8e38ffd4ff42bacd6486d85f3a86e&amp;smart=true&amp;width=420&amp;height=280&amp;quality=85\" media=\"(min-width: 350px)\"><\/source><source srcset=\"https:\/\/www.infobae.com\/resizer\/v2\/EOIJDSZCCBEB5EO4KB5X52BHPY.JPG?auth=79dddb3854482fe6a0495e96d822b4eb62b8e38ffd4ff42bacd6486d85f3a86e&amp;smart=true&amp;width=350&amp;height=233&amp;quality=85\" media=\"(min-width: 80px)\"><\/source><img alt=\"Un dron ruso Geran 2 fue derribado en la ciudad rumana de Galati tras violar el espacio a\u00e9reo nacional (Reuters)\" class=\"global-image\" decoding=\"async\" fetchpriority=\"high\" height=\"1321\" loading=\"eager\" src=\"https:\/\/www.infobae.com\/resizer\/v2\/EOIJDSZCCBEB5EO4KB5X52BHPY.JPG?auth=79dddb3854482fe6a0495e96d822b4eb62b8e38ffd4ff42bacd6486d85f3a86e&amp;smart=true&amp;width=350&amp;height=233&amp;quality=85\" width=\"1981\"><\/picture><\/div>\n<p class=\"paragraph\">En la madrugada del s\u00e1bado, el gobierno de <a rel=\"noopener noreferrer\" href=\"https:\/\/www.infobae.com\/tag\/rumania\/\" target=\"_blank\" title=\"https:\/\/www.infobae.com\/tag\/rumania\/\">Ruman\u00eda<\/a> denunci\u00f3 la <b>violaci\u00f3n de su espacio a\u00e9reo<\/b> tras la ca\u00edda de fragmentos de un <b>dron ruso <\/b>en una zona residencial de la ciudad de Galati, ubicada en el sureste del pa\u00eds, cerca de la frontera con Ucrania. <\/p>\n<p class=\"paragraph\">Este episodio constituye el primer da\u00f1o material registrado en territorio rumano desde el inicio de la invasi\u00f3n rusa a Ucrania en febrero de 2022.<\/p>\n<div class=\"inline ad-wrapper\">\n<div class=\"dfpAd ad-inline ad-text\">\n<div id=\"infobae\/america\/mundo\/nota\/inline\" class=\"infobae\/america\/mundo\/nota\/inline arcad\"><\/div>\n<\/div>\n<\/div>\n<p class=\"paragraph\">Las autoridades rumanas confirmaron que un <b>dron modelo Geran 2,<\/b> versi\u00f3n rusa del Shahed de fabricaci\u00f3n iran\u00ed, incursion\u00f3 durante cuatro minutos en el espacio a\u00e9reo nacional y recorri\u00f3 15 kil\u00f3metros antes de ser destruido por un ataque proveniente de Ucrania. <\/p>\n<div class=\"visual__image\"><picture><source srcset=\"https:\/\/www.infobae.com\/resizer\/v2\/WOKEE3OTX5GL3DAOW7FFG3GE4U.JPG?auth=949ef33c8fd97fece863a5167dbb8c69a6249ff6b6558a9921a04b8e674d7341&amp;smart=true&amp;width=992&amp;height=664&amp;quality=85\" media=\"(min-width: 1000px)\"><\/source><source srcset=\"https:\/\/www.infobae.com\/resizer\/v2\/WOKEE3OTX5GL3DAOW7FFG3GE4U.JPG?auth=949ef33c8fd97fece863a5167dbb8c69a6249ff6b6558a9921a04b8e674d7341&amp;smart=true&amp;width=768&amp;height=514&amp;quality=85\" media=\"(min-width: 768px)\"><\/source><source srcset=\"https:\/\/www.infobae.com\/resizer\/v2\/WOKEE3OTX5GL3DAOW7FFG3GE4U.JPG?auth=949ef33c8fd97fece863a5167dbb8c69a6249ff6b6558a9921a04b8e674d7341&amp;smart=true&amp;width=577&amp;height=386&amp;quality=85\" media=\"(min-width: 580px)\"><\/source><source srcset=\"https:\/\/www.infobae.com\/resizer\/v2\/WOKEE3OTX5GL3DAOW7FFG3GE4U.JPG?auth=949ef33c8fd97fece863a5167dbb8c69a6249ff6b6558a9921a04b8e674d7341&amp;smart=true&amp;width=420&amp;height=281&amp;quality=85\" media=\"(min-width: 350px)\"><\/source><source srcset=\"https:\/\/www.infobae.com\/resizer\/v2\/WOKEE3OTX5GL3DAOW7FFG3GE4U.JPG?auth=949ef33c8fd97fece863a5167dbb8c69a6249ff6b6558a9921a04b8e674d7341&amp;smart=true&amp;width=350&amp;height=234&amp;quality=85\" media=\"(min-width: 80px)\"><\/source><img alt=\"El dron vol\u00f3 15 kil\u00f3metros a baja altitud antes de ser destruido durante un ataque ruso a Ucrania (Reuters)\" class=\"global-image\" decoding=\"async\" fetchpriority=\"low\" height=\"1200\" loading=\"lazy\" src=\"https:\/\/www.infobae.com\/resizer\/v2\/WOKEE3OTX5GL3DAOW7FFG3GE4U.JPG?auth=949ef33c8fd97fece863a5167dbb8c69a6249ff6b6558a9921a04b8e674d7341&amp;smart=true&amp;width=350&amp;height=234&amp;quality=85\" width=\"1792\"><\/picture><\/div>\n<p class=\"paragraph\">Fragmentos del aparato impactaron en un edificio anexo a una vivienda y da\u00f1aron un poste de electricidad en Galati, sin registrar v\u00edctimas pero s\u00ed da\u00f1os materiales. Un total de <b>535 personas<\/b> fueron evacuadas de la zona y se suspendi\u00f3 el <b>suministro de gas a 555 clientes<\/b>, entre domicilios y empresas.<\/p>\n<div class=\"inline_2 ad-wrapper\">\n<div class=\"dfpAd ad-inline ad-text\">\n<div id=\"infobae\/america\/mundo\/nota\/inline_2\" class=\"infobae\/america\/mundo\/nota\/inline_2 arcad\"><\/div>\n<\/div>\n<\/div>\n<p class=\"paragraph\">La alarma se activ\u00f3 tras la detecci\u00f3n de actividad de drones por parte de los radares militares durante un ataque ruso a Ucrania. El Ministerio de Defensa de Ruman\u00eda inform\u00f3 que dos aviones Eurofighter Typhoon de la Fuerza A\u00e9rea Brit\u00e1nica despegaron desde la base de Fetesti para patrullar la frontera y, seg\u00fan <i>Reuters<\/i>, detectaron un objeto a <b>1,5 kil\u00f3metros de la ciudad ucraniana de Reni<\/b>, lo que confirm\u00f3 la proximidad de los ataques rusos al territorio rumano.<\/p>\n<p class=\"paragraph\">El presidente de Ruman\u00eda, <b>Nicusor Dan<\/b>, calific\u00f3 el incidente como <b>\u201cun hito sumamente grave\u201d <\/b>en el contexto del conflicto, aunque reiter\u00f3 que el pa\u00eds no forma parte del enfrentamiento armado. Adem\u00e1s, subray\u00f3 que el apoyo de Bucarest a Ucrania fue una<b> decisi\u00f3n correcta<\/b>, pero reconoci\u00f3 la necesidad de fortalecer los programas de modernizaci\u00f3n militar para enfrentar los riesgos actuales. <\/p>\n<div class=\"ad_1 ad-wrapper\">\n<div class=\"dfpAd ad-1-al-6 ad-text\">\n<div id=\"infobae\/america\/mundo\/nota\/ad_1\" class=\"infobae\/america\/mundo\/nota\/ad_1 arcad\"><\/div>\n<\/div>\n<\/div>\n<div class=\"visual__image\"><picture><source srcset=\"https:\/\/www.infobae.com\/resizer\/v2\/UCEFSHT37RC4DBYD4FXHQ2XVZQ.JPG?auth=ebf19c8fe5c4da87233c94d1513c49387ef46497744f7065ac07703a28996fd7&amp;smart=true&amp;width=992&amp;height=662&amp;quality=85\" media=\"(min-width: 1000px)\"><\/source><source srcset=\"https:\/\/www.infobae.com\/resizer\/v2\/UCEFSHT37RC4DBYD4FXHQ2XVZQ.JPG?auth=ebf19c8fe5c4da87233c94d1513c49387ef46497744f7065ac07703a28996fd7&amp;smart=true&amp;width=768&amp;height=512&amp;quality=85\" media=\"(min-width: 768px)\"><\/source><source srcset=\"https:\/\/www.infobae.com\/resizer\/v2\/UCEFSHT37RC4DBYD4FXHQ2XVZQ.JPG?auth=ebf19c8fe5c4da87233c94d1513c49387ef46497744f7065ac07703a28996fd7&amp;smart=true&amp;width=577&amp;height=385&amp;quality=85\" media=\"(min-width: 580px)\"><\/source><source srcset=\"https:\/\/www.infobae.com\/resizer\/v2\/UCEFSHT37RC4DBYD4FXHQ2XVZQ.JPG?auth=ebf19c8fe5c4da87233c94d1513c49387ef46497744f7065ac07703a28996fd7&amp;smart=true&amp;width=420&amp;height=280&amp;quality=85\" media=\"(min-width: 350px)\"><\/source><source srcset=\"https:\/\/www.infobae.com\/resizer\/v2\/UCEFSHT37RC4DBYD4FXHQ2XVZQ.JPG?auth=ebf19c8fe5c4da87233c94d1513c49387ef46497744f7065ac07703a28996fd7&amp;smart=true&amp;width=350&amp;height=233&amp;quality=85\" media=\"(min-width: 80px)\"><\/source><img alt=\"Nicusor Dan, presidente de Ruman\u00eda, calific\u00f3 el incidente del dron como \u201cun hito sumamente grave\u201d (Reuters)\" class=\"global-image\" decoding=\"async\" fetchpriority=\"low\" height=\"3668\" loading=\"lazy\" src=\"https:\/\/www.infobae.com\/resizer\/v2\/UCEFSHT37RC4DBYD4FXHQ2XVZQ.JPG?auth=ebf19c8fe5c4da87233c94d1513c49387ef46497744f7065ac07703a28996fd7&amp;smart=true&amp;width=350&amp;height=233&amp;quality=85\" width=\"5500\"><\/picture><\/div>\n<p class=\"paragraph\">El Ministerio de Exteriores rumano acus\u00f3 a la Federaci\u00f3n Rusa de poner en peligro a la poblaci\u00f3n civil y de ignorar las normas fundamentales del derecho internacional. El comunicado enfatiz\u00f3 que el incidente representa una amenaza directa para la seguridad de los ciudadanos rumanos y para la estabilidad colectiva en el marco de la <b>Uni\u00f3n Europea y la OTAN<\/b>.<\/p>\n<p class=\"paragraph\">En las horas posteriores al impacto, las autoridades recibieron reportes sobre la presencia de fragmentos de drones cerca de una granja en <b>Vacareni<\/b>, en la comarca de Tulcea, lo que ampli\u00f3 la investigaci\u00f3n y las medidas de seguridad en la regi\u00f3n. <\/p>\n<div class=\"ad_2 ad-wrapper\">\n<div class=\"dfpAd ad-1-al-6 ad-text\">\n<div id=\"infobae\/america\/mundo\/nota\/ad_2\" class=\"infobae\/america\/mundo\/nota\/ad_2 arcad\"><\/div>\n<\/div>\n<\/div>\n<div class=\"visual__image\"><picture><source srcset=\"https:\/\/www.infobae.com\/resizer\/v2\/CWMFQENF2VDPZLHUYB3NHTBAEI.JPG?auth=a8d2e625264f2166e122c1f27e884d17c506f2e83b93f833e199c9b57c96cbc4&amp;smart=true&amp;width=992&amp;height=661&amp;quality=85\" media=\"(min-width: 1000px)\"><\/source><source srcset=\"https:\/\/www.infobae.com\/resizer\/v2\/CWMFQENF2VDPZLHUYB3NHTBAEI.JPG?auth=a8d2e625264f2166e122c1f27e884d17c506f2e83b93f833e199c9b57c96cbc4&amp;smart=true&amp;width=768&amp;height=512&amp;quality=85\" media=\"(min-width: 768px)\"><\/source><source srcset=\"https:\/\/www.infobae.com\/resizer\/v2\/CWMFQENF2VDPZLHUYB3NHTBAEI.JPG?auth=a8d2e625264f2166e122c1f27e884d17c506f2e83b93f833e199c9b57c96cbc4&amp;smart=true&amp;width=577&amp;height=385&amp;quality=85\" media=\"(min-width: 580px)\"><\/source><source srcset=\"https:\/\/www.infobae.com\/resizer\/v2\/CWMFQENF2VDPZLHUYB3NHTBAEI.JPG?auth=a8d2e625264f2166e122c1f27e884d17c506f2e83b93f833e199c9b57c96cbc4&amp;smart=true&amp;width=420&amp;height=280&amp;quality=85\" media=\"(min-width: 350px)\"><\/source><source srcset=\"https:\/\/www.infobae.com\/resizer\/v2\/CWMFQENF2VDPZLHUYB3NHTBAEI.JPG?auth=a8d2e625264f2166e122c1f27e884d17c506f2e83b93f833e199c9b57c96cbc4&amp;smart=true&amp;width=350&amp;height=233&amp;quality=85\" media=\"(min-width: 80px)\"><\/source><img alt=\"Equipos especializados inspeccionaron los restos del dron ante el riesgo de cargas explosivas (Reuters)\" class=\"global-image\" decoding=\"async\" fetchpriority=\"low\" height=\"1330\" loading=\"lazy\" src=\"https:\/\/www.infobae.com\/resizer\/v2\/CWMFQENF2VDPZLHUYB3NHTBAEI.JPG?auth=a8d2e625264f2166e122c1f27e884d17c506f2e83b93f833e199c9b57c96cbc4&amp;smart=true&amp;width=350&amp;height=233&amp;quality=85\" width=\"1995\"><\/picture><\/div>\n<p class=\"paragraph\">Este ataque se produjo en el contexto de una escalada en las tensiones regionales, en la que Ucrania y Ruman\u00eda han intensificado su cooperaci\u00f3n en materia de defensa. <\/p>\n<p class=\"paragraph\">A principios del mes de marzo, durante una visita oficial a Bucarest, ambos pa\u00edses firmaron un <b>acuerdo<\/b> para la producci\u00f3n conjunta de drones defensivos en territorio rumano y avanzaron en proyectos de <b>colaboraci\u00f3n energ\u00e9tica<\/b>, con el respaldo de una financiaci\u00f3n europea de hasta 200 millones de euros.<\/p>\n<div class=\"ad_3 ad-wrapper\">\n<div class=\"dfpAd ad-1-al-6 ad-text\">\n<div id=\"infobae\/america\/mundo\/nota\/ad_3\" class=\"infobae\/america\/mundo\/nota\/ad_3 arcad\"><\/div>\n<\/div>\n<\/div>\n<p class=\"paragraph\">Los presidentes Volod\u00edmir Zelensky y Nicusor Dan destacaron que estas iniciativas son clave para la seguridad regional. El objetivo es fortalecer la capacidad de respuesta y la estabilidad en la frontera oriental de Europa, ante la persistencia de riesgos derivados del conflicto.<\/p>\n<p class=\"paragraph\"><i>(Con informaci\u00f3n de EFE)<\/i><\/p>\n<div class=\"ad_4 ad-wrapper\">\n<div class=\"dfpAd ad-1-al-6 ad-text\">\n<div id=\"infobae\/america\/mundo\/nota\/ad_4\" class=\"infobae\/america\/mundo\/nota\/ad_4 arcad\"><\/div>\n<\/div>\n<\/div>\n","protected":false},"excerpt":{"rendered":"<p>M\u00e1s de 500 personas fueron retiradas de sus hogares luego de que restos de una aeronave no tripulada da\u00f1aran un edificio y postes el\u00e9ctricos, en un incidente que la OTAN y la Uni\u00f3n Europea observan como una amenaza directa a la estabilidad colectiva<\/p>\n","protected":false},"author":1,"featured_media":8062,"comment_status":"open","ping_status":"open","sticky":false,"template":"","format":"standard","meta":{"footnotes":""},"categories":[1],"tags":[],"class_list":["post-8060","post","type-post","status-publish","format-standard","has-post-thumbnail","hentry","category-uncategorized"],"_links":{"self":[{"href":"https:\/\/cliente1.publisher.highstack.com.ar\/index.php?rest_route=\/wp\/v2\/posts\/8060","targetHints":{"allow":["GET"]}}],"collection":[{"href":"https:\/\/cliente1.publisher.highstack.com.ar\/index.php?rest_route=\/wp\/v2\/posts"}],"about":[{"href":"https:\/\/cliente1.publisher.highstack.com.ar\/index.php?rest_route=\/wp\/v2\/types\/post"}],"author":[{"embeddable":true,"href":"https:\/\/cliente1.publisher.highstack.com.ar\/index.php?rest_route=\/wp\/v2\/users\/1"}],"replies":[{"embeddable":true,"href":"https:\/\/cliente1.publisher.highstack.com.ar\/index.php?rest_route=%2Fwp%2Fv2%2Fcomments&post=8060"}],"version-history":[{"count":1,"href":"https:\/\/cliente1.publisher.highstack.com.ar\/index.php?rest_route=\/wp\/v2\/posts\/8060\/revisions"}],"predecessor-version":[{"id":8061,"href":"https:\/\/cliente1.publisher.highstack.com.ar\/index.php?rest_route=\/wp\/v2\/posts\/8060\/revisions\/8061"}],"wp:featuredmedia":[{"embeddable":true,"href":"https:\/\/cliente1.publisher.highstack.com.ar\/index.php?rest_route=\/wp\/v2\/media\/8062"}],"wp:attachment":[{"href":"https:\/\/cliente1.publisher.highstack.com.ar\/index.php?rest_route=%2Fwp%2Fv2%2Fmedia&parent=8060"}],"wp:term":[{"taxonomy":"category","embeddable":true,"href":"https:\/\/cliente1.publisher.highstack.com.ar\/index.php?rest_route=%2Fwp%2Fv2%2Fcategories&post=8060"},{"taxonomy":"post_tag","embeddable":true,"href":"https:\/\/cliente1.publisher.highstack.com.ar\/index.php?rest_route=%2Fwp%2Fv2%2Ftags&post=8060"}],"curies":[{"name":"wp","href":"https:\/\/api.w.org\/{rel}","templated":true}]}}