{"id":8006,"date":"2026-04-25T02:24:02","date_gmt":"2026-04-25T05:24:02","guid":{"rendered":"https:\/\/cliente1.publisher.highstack.com.ar\/?p=8006"},"modified":"2026-04-25T02:24:02","modified_gmt":"2026-04-25T05:24:02","slug":"que-se-sabe-de-las-negociaciones-de-paz-en-pakistan","status":"publish","type":"post","link":"https:\/\/cliente1.publisher.highstack.com.ar\/?p=8006","title":{"rendered":"\u00bfQu\u00e9 se sabe de las negociaciones de paz en Pakist\u00e1n?"},"content":{"rendered":"<div class=\"visual__image image-initial-width\"><picture><source srcset=\"https:\/\/www.infobae.com\/resizer\/v2\/W7DVRCHVMRHPREFRS2TLXYIAN4.JPG?auth=4502b2c9c02e252a24708bcad828ff4b6e010836dcfe8d129680583f1fc871ed&amp;smart=true&amp;width=992&amp;height=660&amp;quality=85\" media=\"(min-width: 1000px)\"><\/source><source srcset=\"https:\/\/www.infobae.com\/resizer\/v2\/W7DVRCHVMRHPREFRS2TLXYIAN4.JPG?auth=4502b2c9c02e252a24708bcad828ff4b6e010836dcfe8d129680583f1fc871ed&amp;smart=true&amp;width=768&amp;height=511&amp;quality=85\" media=\"(min-width: 768px)\"><\/source><source srcset=\"https:\/\/www.infobae.com\/resizer\/v2\/W7DVRCHVMRHPREFRS2TLXYIAN4.JPG?auth=4502b2c9c02e252a24708bcad828ff4b6e010836dcfe8d129680583f1fc871ed&amp;smart=true&amp;width=577&amp;height=384&amp;quality=85\" media=\"(min-width: 580px)\"><\/source><source srcset=\"https:\/\/www.infobae.com\/resizer\/v2\/W7DVRCHVMRHPREFRS2TLXYIAN4.JPG?auth=4502b2c9c02e252a24708bcad828ff4b6e010836dcfe8d129680583f1fc871ed&amp;smart=true&amp;width=420&amp;height=280&amp;quality=85\" media=\"(min-width: 350px)\"><\/source><source srcset=\"https:\/\/www.infobae.com\/resizer\/v2\/W7DVRCHVMRHPREFRS2TLXYIAN4.JPG?auth=4502b2c9c02e252a24708bcad828ff4b6e010836dcfe8d129680583f1fc871ed&amp;smart=true&amp;width=350&amp;height=233&amp;quality=85\" media=\"(min-width: 80px)\"><\/source><img alt=\"El ministro de Asuntos Exteriores iran\u00ed, Abbas Araqchi, conversa con el ministro de Asuntos Exteriores de Pakist\u00e1n, Mohammad Ishaq Dar, y el jefe del Ej\u00e9rcito, el mariscal de campo Asim Munir, durante una reuni\u00f3n en Islamabad, Pakist\u00e1n, seg\u00fan esta fotograf\u00eda distribuida el 25 de abril de 2026 (REUTERS)\" class=\"global-image\" decoding=\"async\" fetchpriority=\"high\" height=\"852\" loading=\"eager\" src=\"https:\/\/www.infobae.com\/resizer\/v2\/W7DVRCHVMRHPREFRS2TLXYIAN4.JPG?auth=4502b2c9c02e252a24708bcad828ff4b6e010836dcfe8d129680583f1fc871ed&amp;smart=true&amp;width=350&amp;height=233&amp;quality=85\" width=\"1280\"><\/picture><\/div>\n<p class=\"paragraph\">La negociaciones de paz en Islamabad siguen llenas de incertidumbre y signos contradictorios despu\u00e9s de que Ir\u00e1n afirmara categ\u00f3ricamente que su ministro de Exteriores, <b>Abbas Araghchi<\/b>, presente en la capital pakistan\u00ed, no tiene previsto reunirse con los enviados de la Casa Blanca, <b>Steve Witkoff<\/b> y <b>Jared Kushner<\/b>, cuyo viaje fue anunciado por la administraci\u00f3n estadounidense.<\/p>\n<p class=\"paragraph\">Los mensajes del viernes, con una visita de <b>Araghchi <\/b>a Pakist\u00e1n que parec\u00eda abrir la puerta a la reanudaci\u00f3n de las conversaciones bilaterales directas, y la respuesta inmediata de Washington afirmando que sus enviados se reunir\u00edan con \u00e9l, se han enfriado con el paso de las horas para revelar una situaci\u00f3n a\u00fan compleja en la que ninguna de las partes quiere hacer ver que ha cedido un \u00e1pice.<\/p>\n<div class=\"inline ad-wrapper\">\n<div class=\"dfpAd ad-inline ad-text\">\n<div id=\"infobae\/america\/mundo\/nota\/inline\" class=\"infobae\/america\/mundo\/nota\/inline arcad\"><\/div>\n<\/div>\n<\/div>\n<h2 class=\"header headline-class-h2 headline\" id=\"un-deshielo\">\u00bfUn deshielo?<\/h2>\n<p class=\"paragraph\">\u201c<b>No se prev\u00e9 que ocurra ninguna reuni\u00f3n entre Ir\u00e1n y Estados Unidos. Las observaciones de Ir\u00e1n ser\u00edan comunicadas a Pakist\u00e1n<\/b>\u201d, afirmaron en la madrugada de este s\u00e1bado las autoridades iran\u00edes, cerrando de un portazo las especulaciones sobre un posible encuentro bilateral.<\/p>\n<p class=\"paragraph\">No est\u00e1 claro si el seco mensaje es solo para el consumo interno iran\u00ed y apaciguar a sus sectores m\u00e1s duros sin ceder un mil\u00edmetro en su l\u00ednea roja de eliminar el bloqueo naval antes de regresar a las negociaciones, pero lo cierto es que Teher\u00e1n siempre enmarc\u00f3 el viaje de Araqch\u00ed como un encuentro bilateral con sus contrapartes en Pakist\u00e1n, Om\u00e1n y Rusia.<\/p>\n<div class=\"inline_2 ad-wrapper\">\n<div class=\"dfpAd ad-inline ad-text\">\n<div id=\"infobae\/america\/mundo\/nota\/inline_2\" class=\"infobae\/america\/mundo\/nota\/inline_2 arcad\"><\/div>\n<\/div>\n<\/div>\n<p class=\"paragraph\">La presencia del diplom\u00e1tico, que no es el negociador designado para tratar con EEUU, se explica mejor por el simple hecho de que Ir\u00e1n quiere transmitir directamente a los mediadores su propuesta para reanudar o avanzar en las negociaciones.<\/p>\n<p class=\"paragraph\">Eso es ya de por s\u00ed un deshielo, tras casi una semana de silencios y negativas, aunque todav\u00eda est\u00e1 lejos de ser una luz verde para las negociaciones propiamente dichas.<\/p>\n<div class=\"ad_1 ad-wrapper\">\n<div class=\"dfpAd ad-1-al-6 ad-text\">\n<div id=\"infobae\/america\/mundo\/nota\/ad_1\" class=\"infobae\/america\/mundo\/nota\/ad_1 arcad\"><\/div>\n<\/div>\n<\/div>\n<p class=\"paragraph\">Adem\u00e1s, Ir\u00e1n parece querer ofrecer a Pakist\u00e1n un gesto de buena voluntad para demostrar que est\u00e1n interesados en el di\u00e1logo y premiar tambi\u00e9n la visita de tres d\u00edas que el jefe de las Fuerzas de Defensa pakistan\u00edes y principal mediador en este conflicto, Asim Munir, hizo a Ir\u00e1n la semana pasada.<\/p>\n<div class=\"visual__image\"><picture><source srcset=\"https:\/\/www.infobae.com\/resizer\/v2\/FKEI7WG6DVCETDPIF7SHBTPJPI.JPG?auth=b46356a9a439f4546b38196e1bf898f0251c719bab6862b4b1cbd9c93f289ada&amp;smart=true&amp;width=992&amp;height=529&amp;quality=85\" media=\"(min-width: 1000px)\"><\/source><source srcset=\"https:\/\/www.infobae.com\/resizer\/v2\/FKEI7WG6DVCETDPIF7SHBTPJPI.JPG?auth=b46356a9a439f4546b38196e1bf898f0251c719bab6862b4b1cbd9c93f289ada&amp;smart=true&amp;width=768&amp;height=409&amp;quality=85\" media=\"(min-width: 768px)\"><\/source><source srcset=\"https:\/\/www.infobae.com\/resizer\/v2\/FKEI7WG6DVCETDPIF7SHBTPJPI.JPG?auth=b46356a9a439f4546b38196e1bf898f0251c719bab6862b4b1cbd9c93f289ada&amp;smart=true&amp;width=577&amp;height=308&amp;quality=85\" media=\"(min-width: 580px)\"><\/source><source srcset=\"https:\/\/www.infobae.com\/resizer\/v2\/FKEI7WG6DVCETDPIF7SHBTPJPI.JPG?auth=b46356a9a439f4546b38196e1bf898f0251c719bab6862b4b1cbd9c93f289ada&amp;smart=true&amp;width=420&amp;height=224&amp;quality=85\" media=\"(min-width: 350px)\"><\/source><source srcset=\"https:\/\/www.infobae.com\/resizer\/v2\/FKEI7WG6DVCETDPIF7SHBTPJPI.JPG?auth=b46356a9a439f4546b38196e1bf898f0251c719bab6862b4b1cbd9c93f289ada&amp;smart=true&amp;width=350&amp;height=187&amp;quality=85\" media=\"(min-width: 80px)\"><\/source><img alt=\"El ministro de Asuntos Exteriores iran\u00ed, Abbas Araqchi, camina con el ministro de Asuntos Exteriores de Pakist\u00e1n, Mohammad Ishaq Dar, y el jefe del Ej\u00e9rcito, el mariscal de campo Asim Munir, a su llegada para discutir propuestas para reiniciar las conversaciones de paz con Estados Unidos, en Islamabad, Pakist\u00e1n, el 24 de abril de 2026 (REUTERS)\" class=\"global-image\" decoding=\"async\" fetchpriority=\"low\" height=\"853\" loading=\"lazy\" src=\"https:\/\/www.infobae.com\/resizer\/v2\/FKEI7WG6DVCETDPIF7SHBTPJPI.JPG?auth=b46356a9a439f4546b38196e1bf898f0251c719bab6862b4b1cbd9c93f289ada&amp;smart=true&amp;width=350&amp;height=187&amp;quality=85\" width=\"1600\"><\/picture><\/div>\n<p class=\"paragraph\">Pakist\u00e1n, embarcada en una incesante labor de mediaci\u00f3n, est\u00e1 transmitiendo incesantemente que la reuni\u00f3n puede ser inminente, y a\u00fan mantiene su capital bloqueada y bajo severas limitaciones de tr\u00e1nsito y seguridad.<\/p>\n<div class=\"ad_2 ad-wrapper\">\n<div class=\"dfpAd ad-1-al-6 ad-text\">\n<div id=\"infobae\/america\/mundo\/nota\/ad_2\" class=\"infobae\/america\/mundo\/nota\/ad_2 arcad\"><\/div>\n<\/div>\n<\/div>\n<p class=\"paragraph\">Islamabad quiere ver frutos a su esfuerzo pol\u00edtico y de prestigio lo antes posible.<\/p>\n<h2 class=\"header headline-class-h2 headline\" id=\"gira-regional\">Gira regional<\/h2>\n<p class=\"paragraph\">Tambi\u00e9n es relevante que el iran\u00ed se dirija a Om\u00e1n tras pasar por Pakist\u00e1n.<\/p>\n<div class=\"ad_3 ad-wrapper\">\n<div class=\"dfpAd ad-1-al-6 ad-text\">\n<div id=\"infobae\/america\/mundo\/nota\/ad_3\" class=\"infobae\/america\/mundo\/nota\/ad_3 arcad\"><\/div>\n<\/div>\n<\/div>\n<p class=\"paragraph\">Mascate fue el principal mediador entre EEUU e Ir\u00e1n antes de que el gobierno de Donald Trump decidiera iniciar la guerra contra Teher\u00e1n incluso mientras se trabajaba en mantener los canales diplom\u00e1ticos abiertos.<\/p>\n<p class=\"paragraph\">No cabe duda que en Mascate se dialogar\u00e1 sobre el cierre del estrecho de Ormuz, cuya soberan\u00eda comparte con Teher\u00e1n y cuya reapertura es clave para todas las partes en este conflicto y, de hecho, para toda la econom\u00eda global.<\/p>\n<div class=\"ad_4 ad-wrapper\">\n<div class=\"dfpAd ad-1-al-6 ad-text\">\n<div id=\"infobae\/america\/mundo\/nota\/ad_4\" class=\"infobae\/america\/mundo\/nota\/ad_4 arcad\"><\/div>\n<\/div>\n<\/div>\n<p class=\"paragraph\">Con Rusia, uno de los mayores aliados de Teher\u00e1n y un pa\u00eds que ahora tiene un canal directo con la administraci\u00f3n estadounidense, lo m\u00e1s probable es que el viaje se centre en el tema del programa nuclear iran\u00ed.<\/p>\n<div class=\"visual__image\"><picture><source srcset=\"https:\/\/www.infobae.com\/resizer\/v2\/EWSYUS5BGVDALIBX4HQ47GS5CM.JPG?auth=2e4a53259a9613d503d4f3697e3292f9859fc36cb93b020fb0ece37b182eeab7&amp;smart=true&amp;width=992&amp;height=650&amp;quality=85\" media=\"(min-width: 1000px)\"><\/source><source srcset=\"https:\/\/www.infobae.com\/resizer\/v2\/EWSYUS5BGVDALIBX4HQ47GS5CM.JPG?auth=2e4a53259a9613d503d4f3697e3292f9859fc36cb93b020fb0ece37b182eeab7&amp;smart=true&amp;width=768&amp;height=503&amp;quality=85\" media=\"(min-width: 768px)\"><\/source><source srcset=\"https:\/\/www.infobae.com\/resizer\/v2\/EWSYUS5BGVDALIBX4HQ47GS5CM.JPG?auth=2e4a53259a9613d503d4f3697e3292f9859fc36cb93b020fb0ece37b182eeab7&amp;smart=true&amp;width=577&amp;height=378&amp;quality=85\" media=\"(min-width: 580px)\"><\/source><source srcset=\"https:\/\/www.infobae.com\/resizer\/v2\/EWSYUS5BGVDALIBX4HQ47GS5CM.JPG?auth=2e4a53259a9613d503d4f3697e3292f9859fc36cb93b020fb0ece37b182eeab7&amp;smart=true&amp;width=420&amp;height=275&amp;quality=85\" media=\"(min-width: 350px)\"><\/source><source srcset=\"https:\/\/www.infobae.com\/resizer\/v2\/EWSYUS5BGVDALIBX4HQ47GS5CM.JPG?auth=2e4a53259a9613d503d4f3697e3292f9859fc36cb93b020fb0ece37b182eeab7&amp;smart=true&amp;width=350&amp;height=229&amp;quality=85\" media=\"(min-width: 80px)\"><\/source><img alt=\"Agentes de polic\u00eda montan guardia junto a una barricada cerca del Hotel Serena, mientras Pakist\u00e1n se prepara para recibir a Estados Unidos e Ir\u00e1n para la segunda ronda de conversaciones de paz, en Islamabad, Pakist\u00e1n, el 25 de abril de 2026 (REUTERS\/Asim Hafeez)\" class=\"global-image\" decoding=\"async\" fetchpriority=\"low\" height=\"3693\" loading=\"lazy\" src=\"https:\/\/www.infobae.com\/resizer\/v2\/EWSYUS5BGVDALIBX4HQ47GS5CM.JPG?auth=2e4a53259a9613d503d4f3697e3292f9859fc36cb93b020fb0ece37b182eeab7&amp;smart=true&amp;width=350&amp;height=229&amp;quality=85\" width=\"5637\"><\/picture><\/div>\n<p class=\"paragraph\">Rusia ya se ofreci\u00f3 en reiteradas ocasiones a recibir el uranio enriquecido iran\u00ed, y podr\u00eda ofrecer alguna salida al que parece ser el principal escollo para la paz.<\/p>\n<div class=\"ad_5 ad-wrapper\">\n<div class=\"dfpAd ad-1-al-6 ad-text\">\n<div id=\"infobae\/america\/mundo\/nota\/ad_5\" class=\"infobae\/america\/mundo\/nota\/ad_5 arcad\"><\/div>\n<\/div>\n<\/div>\n<p class=\"paragraph\">En cualquier caso adem\u00e1s, los tiempos y las distancias que Araghchi tiene previsto recorrer estos d\u00edas hacen inviable, salvo un cambio de programa de \u00faltima hora, una reuni\u00f3n en Islamabad.<\/p>\n<p class=\"paragraph\">Los enviados estadounidenses a\u00fan no han salido de su pa\u00eds y el viaje conlleva m\u00e1s de 15 horas. No parece que el diplom\u00e1tico vaya a quedarse aqu\u00ed todo ese tiempo.<\/p>\n<div class=\"ad_6 ad-wrapper\">\n<div class=\"dfpAd ad-1-al-6 ad-text\">\n<div id=\"infobae\/america\/mundo\/nota\/ad_6\" class=\"infobae\/america\/mundo\/nota\/ad_6 arcad\"><\/div>\n<\/div>\n<\/div>\n<p class=\"paragraph\">Si acaso, el encuentro bilateral podr\u00eda producirse despu\u00e9s de que el diplom\u00e1tico iran\u00ed culmine su paso por los tres pa\u00edses, ya con los resultados de su gira en la mano.<\/p>\n<h2 class=\"header headline-class-h2 headline\" id=\"retoricas-de-poder\">Ret\u00f3ricas de poder<\/h2>\n<p class=\"paragraph\">Mientras, tambi\u00e9n se hace evidente que ninguna de las partes quiere ceder, al menos en su esfuerzo para controlar el relato.<\/p>\n<p class=\"paragraph\"><b>Washington afirm\u00f3 ayer que Witkoff y Kushner viajar\u00edan tras haber identificado \u201calgunos avances\u201d por parte de Teher\u00e1n en los \u00faltimos d\u00edas<\/b>, y despu\u00e9s de que fuese Ir\u00e1n el que pidiera un encuentro directo, lo que da a entender que algunos canales diplom\u00e1ticos han permanecido abiertos estos d\u00edas.<\/p>\n<div class=\"visual__image\"><picture><source srcset=\"https:\/\/www.infobae.com\/resizer\/v2\/IBI5LT7L7RG5ROGK3UHALM7KGU.JPG?auth=5b5d2bc9ed2bde5e664772fe6561a48eebedd00fef09e2caf4d4ea0c9b3f9ad0&amp;smart=true&amp;width=992&amp;height=661&amp;quality=85\" media=\"(min-width: 1000px)\"><\/source><source srcset=\"https:\/\/www.infobae.com\/resizer\/v2\/IBI5LT7L7RG5ROGK3UHALM7KGU.JPG?auth=5b5d2bc9ed2bde5e664772fe6561a48eebedd00fef09e2caf4d4ea0c9b3f9ad0&amp;smart=true&amp;width=768&amp;height=512&amp;quality=85\" media=\"(min-width: 768px)\"><\/source><source srcset=\"https:\/\/www.infobae.com\/resizer\/v2\/IBI5LT7L7RG5ROGK3UHALM7KGU.JPG?auth=5b5d2bc9ed2bde5e664772fe6561a48eebedd00fef09e2caf4d4ea0c9b3f9ad0&amp;smart=true&amp;width=577&amp;height=385&amp;quality=85\" media=\"(min-width: 580px)\"><\/source><source srcset=\"https:\/\/www.infobae.com\/resizer\/v2\/IBI5LT7L7RG5ROGK3UHALM7KGU.JPG?auth=5b5d2bc9ed2bde5e664772fe6561a48eebedd00fef09e2caf4d4ea0c9b3f9ad0&amp;smart=true&amp;width=420&amp;height=280&amp;quality=85\" media=\"(min-width: 350px)\"><\/source><source srcset=\"https:\/\/www.infobae.com\/resizer\/v2\/IBI5LT7L7RG5ROGK3UHALM7KGU.JPG?auth=5b5d2bc9ed2bde5e664772fe6561a48eebedd00fef09e2caf4d4ea0c9b3f9ad0&amp;smart=true&amp;width=350&amp;height=233&amp;quality=85\" media=\"(min-width: 80px)\"><\/source><img alt=\"Jared Kushner y Steve Witkoff, enviado especial para misiones de paz (Jacquelyn Martin\/REUTERS\/Archivo)\" class=\"global-image\" decoding=\"async\" fetchpriority=\"low\" height=\"4000\" loading=\"lazy\" src=\"https:\/\/www.infobae.com\/resizer\/v2\/IBI5LT7L7RG5ROGK3UHALM7KGU.JPG?auth=5b5d2bc9ed2bde5e664772fe6561a48eebedd00fef09e2caf4d4ea0c9b3f9ad0&amp;smart=true&amp;width=350&amp;height=233&amp;quality=85\" width=\"6000\"><\/picture><\/div>\n<p class=\"paragraph\">De forma paralela, EEUU contin\u00faa deteniendo buques mercantes y petroleros iran\u00edes como parte del bloqueo naval que Trump orden\u00f3 mantener vigente pese a que es la principal l\u00ednea roja de Ir\u00e1n para regresar a las negociaciones directas.<\/p>\n<p class=\"paragraph\">Tambi\u00e9n impuso ayer mismo nuevas sanciones financieras al pa\u00eds persa, orientadas a atacar su comercio petrolero.<\/p>\n<p class=\"paragraph\">Las ret\u00f3ricas iran\u00edes y estadounidenses chocan abiertamente, con Washington queriendo transmitir que es Teher\u00e1n quien ha cedido y con los iran\u00edes negando por activa y pasiva esa posibilidad.<\/p>\n<p class=\"paragraph\"><i>(EFE)<\/i><\/p>\n","protected":false},"excerpt":{"rendered":"<p>Islamabad est\u00e1 embarcada en una incesante labor de mediaci\u00f3n y sigue transmitiendo incesantemente que la reuni\u00f3n entre EEUU e Ir\u00e1n puede ser inminente<\/p>\n","protected":false},"author":1,"featured_media":8008,"comment_status":"open","ping_status":"open","sticky":false,"template":"","format":"standard","meta":{"footnotes":""},"categories":[1],"tags":[],"class_list":["post-8006","post","type-post","status-publish","format-standard","has-post-thumbnail","hentry","category-uncategorized"],"_links":{"self":[{"href":"https:\/\/cliente1.publisher.highstack.com.ar\/index.php?rest_route=\/wp\/v2\/posts\/8006","targetHints":{"allow":["GET"]}}],"collection":[{"href":"https:\/\/cliente1.publisher.highstack.com.ar\/index.php?rest_route=\/wp\/v2\/posts"}],"about":[{"href":"https:\/\/cliente1.publisher.highstack.com.ar\/index.php?rest_route=\/wp\/v2\/types\/post"}],"author":[{"embeddable":true,"href":"https:\/\/cliente1.publisher.highstack.com.ar\/index.php?rest_route=\/wp\/v2\/users\/1"}],"replies":[{"embeddable":true,"href":"https:\/\/cliente1.publisher.highstack.com.ar\/index.php?rest_route=%2Fwp%2Fv2%2Fcomments&post=8006"}],"version-history":[{"count":1,"href":"https:\/\/cliente1.publisher.highstack.com.ar\/index.php?rest_route=\/wp\/v2\/posts\/8006\/revisions"}],"predecessor-version":[{"id":8007,"href":"https:\/\/cliente1.publisher.highstack.com.ar\/index.php?rest_route=\/wp\/v2\/posts\/8006\/revisions\/8007"}],"wp:featuredmedia":[{"embeddable":true,"href":"https:\/\/cliente1.publisher.highstack.com.ar\/index.php?rest_route=\/wp\/v2\/media\/8008"}],"wp:attachment":[{"href":"https:\/\/cliente1.publisher.highstack.com.ar\/index.php?rest_route=%2Fwp%2Fv2%2Fmedia&parent=8006"}],"wp:term":[{"taxonomy":"category","embeddable":true,"href":"https:\/\/cliente1.publisher.highstack.com.ar\/index.php?rest_route=%2Fwp%2Fv2%2Fcategories&post=8006"},{"taxonomy":"post_tag","embeddable":true,"href":"https:\/\/cliente1.publisher.highstack.com.ar\/index.php?rest_route=%2Fwp%2Fv2%2Ftags&post=8006"}],"curies":[{"name":"wp","href":"https:\/\/api.w.org\/{rel}","templated":true}]}}