{"id":8002,"date":"2026-04-25T01:57:29","date_gmt":"2026-04-25T04:57:29","guid":{"rendered":"https:\/\/cliente1.publisher.highstack.com.ar\/?p=8002"},"modified":"2026-04-25T01:57:29","modified_gmt":"2026-04-25T04:57:29","slug":"el-negocio-de-mas-dolares-preocupacion-por-alertas-de-la-union-europea-por-la-deteccion-de-una-soja-argentina-no-aprobada-en-ese-mercado","status":"publish","type":"post","link":"https:\/\/cliente1.publisher.highstack.com.ar\/?p=8002","title":{"rendered":"El negocio de m\u00e1s d\u00f3lares: preocupaci\u00f3n por alertas de la Uni\u00f3n Europea por la detecci\u00f3n de una soja argentina no aprobada en ese mercado"},"content":{"rendered":"<div class=\"col-12\">\n<p class=\"com-paragraph  --capital --s\">La <strong>Uni\u00f3n Europea<\/strong> le hizo <strong>llegar <\/strong>a la Argentina <strong>tres alertas<\/strong> por la <strong>detecci\u00f3n<\/strong> en embarques que llegaron a su territorio de trazas de <strong>harina de soja <\/strong>con el <strong>evento HB4,<\/strong> <strong>no aprobado en ese bloque a\u00fan para su comercializaci\u00f3n.<\/strong> La novedad, que involucra mercader\u00eda en Pa\u00edses Bajos, fue confirmada en el sector exportador a <strong>LA NACION, <\/strong>donde adem\u00e1s, un memo de la c\u00e1mara de la actividad, <strong>Ciara-CEC,<\/strong> dio cuenta de esta advertencia. Si bien esa mercader\u00eda se rechaz\u00f3, por ahora todo est\u00e1 en el marco de alertas sin una mayor afectaci\u00f3n al mercado.<\/p>\n<div class=\"ln-banner-container --caja1_mob\">\n<div id=\"caja1_mob\" class=\"ln-banner\" data-slot-group=\"nota\" data-device=\"mobile\" data-subscription=\"false\" data-ad-unit-path=\"\/133919216\/campo_mobile\/Nota\/caja1_mob\" data-targeting='{\"sitio\":\"lanacion\",\"seccion\":\"nota\"}' data-without-hide=\"true\" data-size=\"[[320,100],[300,250],[1,1],[300,450],[320,450]]\" data-sizemap=\"[]\" data-prebid-enabled=\"true\"><\/div>\n<\/div>\n<p class=\"com-paragraph   --s\"><strong>La harina de soja es el primer producto de exportaci\u00f3n de la Argentina, con unos US$10.500 millones, y Europa es el destino de casi el 30% de las ventas<\/strong>. <strong>Un negocio de unos US$3000 millones.<\/strong> Fuentes oficiales admitieron que se est\u00e1 trabajando en monitorear, controlar y en profundizar la trazabilidad del producto. En el pa\u00eds se implantaron unas 5000 hect\u00e1reas con esta soja. Bioceres, due\u00f1a de la tecnolog\u00eda, desarroll\u00f3 un sistema privado para el negocio del evento HB4 donde no cualquier productor puede acceder, salvo est\u00e9 ligado con la firma.<\/p>\n<p class=\"com-paragraph   --s\">\u201cEn los \u00faltimos d\u00edas han aparecido notificaciones de detecci\u00f3n del evento HB4 en env\u00edos de harina de soja desde Argentina y Brasil a la UE en el sistema RASFF. <strong>Al igual que Brasil, la Argentina ha planteado severos cuestionamientos t\u00e9cnicos respecto del m\u00e9todo de detecci\u00f3n utilizado por Pa\u00edses Bajos, en particular en relaci\u00f3n con su robustez, especificidad y validaci\u00f3n dentro del marco regulatorio de la Uni\u00f3n Europea\u201d,<\/strong> contaron fuentes oficiales a <strong>LA NACION.<\/strong><\/p>\n<p class=\"com-paragraph   --s\">Se\u00f1alaron que el gobierno argentino remiti\u00f3 una nota formal a la<strong> Comisi\u00f3n Europea (CE) <\/strong>detallando estos aspectos y solicitando las aclaraciones t\u00e9cnicas correspondientes.<strong> \u201cYa se han mantenido reuniones t\u00e9cnicas con la CE para abordar la situaci\u00f3n y avanzar en su adecuada evaluaci\u00f3n.<\/strong> En paralelo, se est\u00e1 trabajando a nivel interno con toda la cadena agroindustrial para reforzar los controles y <strong>minimizar cualquier riesgo, destacando que no existen variedades de soja HB4 registradas en el pa\u00eds y cualquier material que eventualmente pudiera contenerlo se encuentra fuera de los circuitos comerciales autorizados\u201d.<\/strong><\/p>\n<div class=\"ln-banner-container --caja2_mob\">\n<div id=\"caja2_mob\" class=\"ln-banner\" data-slot-group=\"nota\" data-device=\"mobile\" data-subscription=\"true\" data-ad-unit-path=\"\/133919216\/campo_mobile\/Nota\/caja2_mob\" data-targeting='{\"sitio\":\"lanacion\",\"seccion\":\"nota\"}' data-without-hide=\"true\" data-size=\"[[320,100],[300,250],[300,450],[1,1],[360,270],[320,180]]\" data-sizemap=\"[]\" data-prebid-enabled=\"true\"><\/div>\n<\/div>\n<p class=\"com-paragraph   --s\">Exportadores indicaron que se est\u00e1 trabajando bien el tema con la <strong>Secretar\u00eda de Agricultura<\/strong> y la compa\u00f1\u00eda Bioceres, que desarroll\u00f3 el evento HB4. Pese al caso, en esta firma una fuente apunt\u00f3: \u201cNo hay confirmaci\u00f3n oficial de autoridad alguna de la Uni\u00f3n Europea de que al momento se haya dado la detecci\u00f3n\u201d.<\/p>\n<div class=\"ln-banner-container --middle_2_dsk\">\n<div id=\"middle_2_dsk\" class=\"ln-banner\" data-slot-group=\"nota\" data-device=\"desktop\" data-subscription=\"true\" data-ad-unit-path=\"\/133919216\/campo_desktop\/Nota\/middle_2_dsk\" data-targeting='{\"sitio\":\"lanacion\",\"seccion\":\"nota\"}' data-without-hide=\"true\" data-size=\"[[1,1],[728,90]]\" data-sizemap=\"[]\" data-prebid-enabled=\"true\"><\/div>\n<\/div>\n<p class=\"com-paragraph   --s\"><strong>El evento HB4 es una tecnolog\u00eda de tolerancia a sequ\u00eda desarrollada por esa compa\u00f1\u00eda que lo tom\u00f3 de una investigaci\u00f3n de la experta Raquel Chan, de la Universidad Nacional del Litoral y el Conicet. Su equipo encontr\u00f3 la tolerancia en girasoles silvestres.<\/strong> El desarrollo fue tomado, como se dijo, por Bioceres, que lo puso en el trigo y en la soja. <strong>El evento de ese trigo est\u00e1 aprobado en mercados compradores importantes como Brasil, entre otros. En tanto, la soja, si bien tuvo su visto bueno en China, en 2022, no posee el permiso en la Uni\u00f3n Europea. Desde el Gobierno dijeron a este medio que \u201ccontin\u00faan las gestiones para avanzar en la aprobaci\u00f3n del evento HB4 en la Uni\u00f3n Europea\u201d.<\/strong><\/p>\n<div class=\"ln-banner-container --caja3_mob\">\n<div id=\"caja3_mob\" class=\"ln-banner\" data-slot-group=\"nota\" data-device=\"mobile\" data-subscription=\"false\" data-ad-unit-path=\"\/133919216\/campo_mobile\/Nota\/caja3_mob\" data-targeting='{\"sitio\":\"lanacion\",\"seccion\":\"nota\"}' data-without-hide=\"true\" data-size=\"[[320,100],[300,250],[1,1],[300,450],[360,270]]\" data-sizemap=\"[]\" data-prebid-enabled=\"true\"><\/div>\n<\/div>\n<div class=\"ln-banner-container --middle_2_tab\">\n<div id=\"middle_2_tab\" class=\"ln-banner\" data-slot-group=\"nota\" data-device=\"tablet\" data-subscription=\"false\" data-ad-unit-path=\"\/133919216\/campo_tablet\/Nota\/middle_2_tab\" data-targeting='{\"sitio\":\"lanacion\",\"seccion\":\"nota\"}' data-without-hide=\"true\" data-size=\"[[728,90],[640,480],[468,60],[1,1]]\" data-sizemap=\"[]\" data-prebid-enabled=\"true\"><\/div>\n<\/div>\n<div class=\"content-media\">\n<section role=\"button\" class=\"mod-media   \">\n<figure role=\"button\" tabindex=\"0\" class=\"mod-figure \">\n<div class=\"placeholder \">\n<div class=\"com-image\"><picture><source media=\"(min-width: 768px)\" srcset=\"https:\/\/resizer.glanacion.com\/resizer\/v2\/hay-preocupacion-por-las-alertas-de-UEIJ3UZUSJEHPFD6FR4HLRXNOM.JPG?auth=330088a00df3ded03d8c326c96ce7b1d59644a8a11746110bd510f5d1e7b0834&amp;width=780&amp;height=521&amp;quality=70&amp;smart=true\"><\/source><img class=\"image com-image flex --cover\" decoding=\"async\" fetchpriority=\"low\" loading=\"lazy\" src=\"https:\/\/resizer.glanacion.com\/resizer\/v2\/hay-preocupacion-por-las-alertas-de-UEIJ3UZUSJEHPFD6FR4HLRXNOM.JPG?auth=330088a00df3ded03d8c326c96ce7b1d59644a8a11746110bd510f5d1e7b0834&amp;width=420&amp;height=280&amp;quality=70&amp;smart=true\" width=\"2000\" alt=\"Hay preocupaci\u00f3n por las alertas de Europa\" height=\"1335\"><\/picture><\/div>\n<\/div><figcaption class=\"mod-figcaption\"><span class=\"com-text --caption --twoxs\">Hay preocupaci\u00f3n por las alertas de Europa<\/span><span class=\"com-text --credit --twoxs\">Marcelo Manera &#8211; LA NACION<\/span><\/figcaption><\/figure>\n<\/section>\n<\/div>\n<p class=\"com-paragraph   --s\">\u201cComo ustedes conocen de encuentros previos de trabajo, la soja HB4 no se encuentra autorizada en la UE, por lo que cualquier detecci\u00f3n es considerada ilegal\u201d, comienza el memo que empez\u00f3 a circular en las \u00faltimas horas de Ciara-CEC. Luego ampli\u00f3: <strong>\u201cEn los \u00faltimos d\u00edas hemos recibido tres alertas de detecci\u00f3n en la UE (Pa\u00edses Bajos) de embarques de harina de soja argentina, con el rechazo de esa mercader\u00eda. <\/strong>Estas alertas han generado un temor generalizado en importadores de harina (primer producto de exportaci\u00f3n de la Argentina la UE)\u201d. <\/p>\n<h2 class=\"com-title --font-primary --xl --font-extra\">Gestiones<\/h2>\n<p class=\"com-paragraph   --s\">En el escrito tambi\u00e9n se se\u00f1ala que se realizaron diversos encuentros en la Secretar\u00eda de Agricultura para \u201canalizar la situaci\u00f3n y para reaccionar ante la UE\u201d. Adem\u00e1s se hace un especial pedido para extremar cuidados y evitar problemas en el bloqueo europeo. <\/p>\n<div class=\"ln-banner-container --caja4_mob\">\n<div id=\"caja4_mob\" class=\"ln-banner\" data-slot-group=\"nota\" data-device=\"mobile\" data-subscription=\"false\" data-ad-unit-path=\"\/133919216\/campo_mobile\/Nota\/caja4_mob\" data-targeting='{\"sitio\":\"lanacion\",\"seccion\":\"nota\"}' data-without-hide=\"true\" data-size=\"[[320,100],[300,250],[1,1]]\" data-sizemap=\"[]\" data-prebid-enabled=\"true\"><\/div>\n<\/div>\n<p class=\"com-paragraph   --s\"><strong>\u201cM\u00e1s all\u00e1 de las conversaciones que est\u00e1n llevando a cabo entre el gobierno argentino y la Comisi\u00f3n Europea, resulta cr\u00edtico que todos los productores, acopios, cooperativas, corredores, y dem\u00e1s actores de la cadena, tomen sus propios recaudos para evitar que granos de soja HB4 sean comercializados hacia empresas con molienda de soja que finalice en la UE\u201d,<\/strong> dijeron. Tambi\u00e9n se consign\u00f3 que, \u201cen forma paralela, estamos trabajando con la empresa desarrolladora en todos los frentes para instrumentar medidas que eviten estos riesgos, asumiendo los costos de dichas acciones\u201d.<\/p>\n<p class=\"com-paragraph   --s\"><strong>Una fuente ligada a la producci\u00f3n de soja consultada expres\u00f3 su temor a que no se haya podido contener debidamente separada la soja HB4 de la soja que no tiene esa tecnolog\u00eda y se haya producido as\u00ed la presencia de restos en los embarques que llegaron a la UE.<\/strong><\/p>\n<div class=\"ln-banner-container --caja6_mob\">\n<div id=\"caja6_mob\" class=\"ln-banner\" data-slot-group=\"nota\" data-device=\"mobile\" data-subscription=\"false\" data-ad-unit-path=\"\/133919216\/campo_mobile\/Nota\/caja6_mob\" data-targeting='{\"sitio\":\"lanacion\",\"seccion\":\"nota\"}' data-without-hide=\"true\" data-size=\"[[300,250],[230,50],[300,450],[1,1],[320,100]]\" data-sizemap=\"[]\" data-prebid-enabled=\"true\"><\/div>\n<\/div>\n<div class=\"content-media\">\n<section role=\"button\" class=\"mod-media   \">\n<figure role=\"button\" tabindex=\"0\" class=\"mod-figure \">\n<div class=\"placeholder \">\n<div class=\"com-image\"><picture><source media=\"(min-width: 768px)\" srcset=\"https:\/\/resizer.glanacion.com\/resizer\/v2\/la-ue-representa-casi-el-30percent-de-las-RZN4OQQY5NFYNE3ONCWVSR5DYQ.jpg?auth=33a5911d20475ff5d729497203b3748de7b29b1245cc57592f68d080cbc48686&amp;width=780&amp;height=500&amp;quality=70&amp;smart=true\"><\/source><img class=\"image com-image flex --cover\" decoding=\"async\" fetchpriority=\"low\" loading=\"lazy\" src=\"https:\/\/resizer.glanacion.com\/resizer\/v2\/la-ue-representa-casi-el-30percent-de-las-RZN4OQQY5NFYNE3ONCWVSR5DYQ.jpg?auth=33a5911d20475ff5d729497203b3748de7b29b1245cc57592f68d080cbc48686&amp;width=420&amp;height=269&amp;quality=70&amp;smart=true\" width=\"2048\" alt=\"La UE representa casi el 30% de las compras\" height=\"1313\"><\/picture><\/div>\n<\/div><figcaption class=\"mod-figcaption\"><span class=\"com-text --caption --twoxs\">La UE representa casi el 30% de las compras<\/span><span class=\"com-text --credit --twoxs\">EUROPA PRESS &#8211; EUROPA PRESS<\/span><\/figcaption><\/figure>\n<\/section>\n<\/div>\n<p class=\"com-paragraph   --s\">\u201cEstamos convencidos que el trabajo conjunto va a resultar exitoso, mientras la empresa y el Estado argentino logran las aprobaciones correspondientes en la UE\u201d, apunt\u00f3 la informaci\u00f3n que circul\u00f3 en las \u00faltimas horas.<\/p>\n<div class=\"ln-banner-container --caja7_mob\">\n<div id=\"caja7_mob\" class=\"ln-banner\" data-slot-group=\"nota\" data-device=\"mobile\" data-subscription=\"true\" data-ad-unit-path=\"\/133919216\/campo_mobile\/Nota\/caja7_mob\" data-targeting='{\"sitio\":\"lanacion\",\"seccion\":\"nota\"}' data-without-hide=\"true\" data-size=\"[[300,250],[320,50],[300,450],[1,1],[320,100]]\" data-sizemap=\"[]\" data-prebid-enabled=\"true\"><\/div>\n<\/div>\n<p class=\"com-paragraph   --s\">La magnitud de la importaci\u00f3n de la harina de soja qued\u00f3 reflejada en un relevamiento de la <strong>Bolsa de Comercio de Rosario (BCR).<\/strong> \u201cDe todos los productos que la Argentina produce, el que el mundo m\u00e1s nos compra es la harina de soja. <strong>Este producto ha sido por d\u00e9cadas la principal exportaci\u00f3n del pa\u00eds, convirtiendo a la vez a la Argentina en el exportador n\u00famero uno del mundo de harina y pellets de soja. Tomando el promedio 2019-2024, la harina de soja ha representado m\u00e1s del 13% de las exportaciones nacionales. Asimismo, este producto por s\u00ed s\u00f3lo ha llegado a superar m\u00e1s del 17% del comercio exterior argentino en per\u00edodos como 2014-2016\u201d,<\/strong> se\u00f1al\u00f3.<\/p>\n<div class=\"content-media\">\n<section role=\"button\" class=\"mod-media   \">\n<figure role=\"button\" tabindex=\"0\" class=\"mod-figure \">\n<div class=\"placeholder \">\n<div class=\"com-image\"><picture><source media=\"(min-width: 768px)\" srcset=\"https:\/\/resizer.glanacion.com\/resizer\/v2\/el-acuerdo-busca-disenar-y-establecer-un-programa-CSIXNB6SNZB6LAPP5BEJPLNRM4.jpg?auth=5e42c4c92ebcbaa87509eb3af2d41d499bebca11ba5047f4a0c736c4c4275165&amp;width=780&amp;height=520&amp;quality=70&amp;smart=true\"><\/source><img class=\"image com-image flex --cover\" decoding=\"async\" fetchpriority=\"low\" loading=\"lazy\" src=\"https:\/\/resizer.glanacion.com\/resizer\/v2\/el-acuerdo-busca-disenar-y-establecer-un-programa-CSIXNB6SNZB6LAPP5BEJPLNRM4.jpg?auth=5e42c4c92ebcbaa87509eb3af2d41d499bebca11ba5047f4a0c736c4c4275165&amp;width=420&amp;height=280&amp;quality=70&amp;smart=true\" width=\"2000\" alt=\"La soja HB4 de Bioceres\" height=\"1333\"><\/picture><\/div>\n<\/div><figcaption class=\"mod-figcaption\"><span class=\"com-text --caption --twoxs\">La soja HB4 de Bioceres<\/span><span class=\"com-text --credit --twoxs\">Bioceres Crop Solutions Corp.<\/span><\/figcaption><\/figure>\n<\/section>\n<\/div>\n<div class=\"ln-banner-container --caja8_mob\">\n<div id=\"caja8_mob\" class=\"ln-banner\" data-slot-group=\"nota\" data-device=\"mobile\" data-subscription=\"true\" data-ad-unit-path=\"\/133919216\/campo_mobile\/Nota\/caja8_mob\" data-targeting='{\"sitio\":\"lanacion\",\"seccion\":\"nota\"}' data-without-hide=\"true\" data-size=\"[[300,250],[320,50],[300,450],[1,1],[320,100]]\" data-sizemap=\"[]\" data-prebid-enabled=\"true\"><\/div>\n<\/div>\n<p class=\"com-paragraph   --s\">Siempre seg\u00fan ese informe, en los primeros a\u00f1os de este siglo Europa era el destino por excelencia de la harina y pellets de soja y con el 54% del total exportado en la primera d\u00e9cada del 2000. El segundo lugar era el continente asi\u00e1tico, con el 30% de las exportaciones en el mismo per\u00edodo. Despu\u00e9s la UE perdi\u00f3 peso, cay\u00f3 a un 35% y ganaron mercados de Asia como Vietnam como gran comprador individual. <\/p>\n<div data-fusion-lazy-id=\"f0f2aQl9N0Nc5yq\"><\/div>\n<div data-fusion-lazy-id=\"f0fGQeo7N0Nc5He\"><\/div>\n<div class=\"ln-banner-container --caja5_mob\">\n<div id=\"caja5_mob\" class=\"ln-banner\" data-slot-group=\"nota\" data-device=\"mobile\" data-subscription=\"false\" data-ad-unit-path=\"\/133919216\/campo_mobile\/Nota\/caja5_mob\" data-targeting='{\"sitio\":\"lanacion\",\"seccion\":\"nota\"}' data-without-hide=\"true\" data-size='[[320,100],[300,250],[1,1],[\" fluid\"]]' data-sizemap=\"[]\" data-prebid-enabled=\"true\"><\/div>\n<\/div>\n<div data-fusion-lazy-id=\"f0fSc0ngN0Nc5KL\">\n<div><\/div>\n<\/div>\n<div class=\"ln-banner-container --middle_3_dsk\">\n<div id=\"middle_3_dsk\" class=\"ln-banner\" data-slot-group=\"nota\" data-device=\"desktop\" data-subscription=\"true\" data-ad-unit-path=\"\/133919216\/campo_desktop\/Nota\/middle_3_dsk\" data-targeting='{\"sitio\":\"lanacion\",\"seccion\":\"nota\"}' data-without-hide=\"true\" data-size=\"[[1,1],[728,90],[640,360],[728,360]]\" data-sizemap=\"[]\" data-prebid-enabled=\"true\"><\/div>\n<\/div>\n<\/div>\n","protected":false},"excerpt":{"rendered":"<p>La Uni\u00f3n Europea le hizo llegar a la Argentina tres alertas por la detecci\u00f3n en embarques que llegaron a su territorio de trazas de harina de soja con el evento HB4, no aprobado en ese bloque a\u00fan para su comercializaci\u00f3n. La novedad, que involucra mercader\u00eda en Pa\u00edses Bajos, fue confirmada en el sector exportador a [&hellip;]<\/p>\n","protected":false},"author":1,"featured_media":8003,"comment_status":"open","ping_status":"open","sticky":false,"template":"","format":"standard","meta":{"footnotes":""},"categories":[1],"tags":[],"class_list":["post-8002","post","type-post","status-publish","format-standard","has-post-thumbnail","hentry","category-uncategorized"],"_links":{"self":[{"href":"https:\/\/cliente1.publisher.highstack.com.ar\/index.php?rest_route=\/wp\/v2\/posts\/8002","targetHints":{"allow":["GET"]}}],"collection":[{"href":"https:\/\/cliente1.publisher.highstack.com.ar\/index.php?rest_route=\/wp\/v2\/posts"}],"about":[{"href":"https:\/\/cliente1.publisher.highstack.com.ar\/index.php?rest_route=\/wp\/v2\/types\/post"}],"author":[{"embeddable":true,"href":"https:\/\/cliente1.publisher.highstack.com.ar\/index.php?rest_route=\/wp\/v2\/users\/1"}],"replies":[{"embeddable":true,"href":"https:\/\/cliente1.publisher.highstack.com.ar\/index.php?rest_route=%2Fwp%2Fv2%2Fcomments&post=8002"}],"version-history":[{"count":0,"href":"https:\/\/cliente1.publisher.highstack.com.ar\/index.php?rest_route=\/wp\/v2\/posts\/8002\/revisions"}],"wp:featuredmedia":[{"embeddable":true,"href":"https:\/\/cliente1.publisher.highstack.com.ar\/index.php?rest_route=\/wp\/v2\/media\/8003"}],"wp:attachment":[{"href":"https:\/\/cliente1.publisher.highstack.com.ar\/index.php?rest_route=%2Fwp%2Fv2%2Fmedia&parent=8002"}],"wp:term":[{"taxonomy":"category","embeddable":true,"href":"https:\/\/cliente1.publisher.highstack.com.ar\/index.php?rest_route=%2Fwp%2Fv2%2Fcategories&post=8002"},{"taxonomy":"post_tag","embeddable":true,"href":"https:\/\/cliente1.publisher.highstack.com.ar\/index.php?rest_route=%2Fwp%2Fv2%2Ftags&post=8002"}],"curies":[{"name":"wp","href":"https:\/\/api.w.org\/{rel}","templated":true}]}}