{"id":7999,"date":"2026-04-24T22:55:43","date_gmt":"2026-04-25T01:55:43","guid":{"rendered":"https:\/\/cliente1.publisher.highstack.com.ar\/?p=7999"},"modified":"2026-04-24T22:55:43","modified_gmt":"2026-04-25T01:55:43","slug":"alejandro-werner-con-cuatro-anos-de-prudencia-argentina-puede-salir-del-fmi","status":"publish","type":"post","link":"https:\/\/cliente1.publisher.highstack.com.ar\/?p=7999","title":{"rendered":"Alejandro Werner: \u201cCon cuatro a\u00f1os de prudencia, Argentina puede salir del FMI\u201d"},"content":{"rendered":"<div class=\"jwplayer-ctn\"><script src=\"https:\/\/census-web.scorecardresearch.com\/plugins\/streaming-jwplayer\/v2\/current.js\"><\/script><\/p>\n<div>\n<div id=\"VZUHTJ4VRJCNFGMZEQNNSOC4PA-custom_embed0\"><\/div>\n<\/div><figcaption class=\"jwplayer-figcaption\">Alejandro Werner sostiene que Argentina puede salir del FMI si mantiene la disciplina fiscal durante cuatro a\u00f1os de gesti\u00f3n estable<\/figcaption><\/div>\n<p class=\"paragraph\">El economista <b>Alejandro Werner<\/b> analiz\u00f3 los 70 a\u00f1os de v\u00ednculo entre Argentina y el <a href=\"https:\/\/www.infobae.com\/tag\/fondo-monetario-internacional\/\" target=\"_blank\" rel=\"noreferrer\" title=\"https:\/\/www.infobae.com\/tag\/fondo-monetario-internacional\/\"><b>Fondo Monetario Internacional<\/b><\/a> (FMI) en una entrevista exclusiva con <a href=\"https:\/\/www.infobae.com\/tag\/infobae-al-regreso\/\" target=\"_blank\" rel=\"noreferrer\" title=\"https:\/\/www.infobae.com\/tag\/infobae-al-regreso\/\"><b>Infobae al Regreso<\/b><\/a>.<\/p>\n<p class=\"paragraph\">Durante el intercambio, Werner detall\u00f3 que el cr\u00e9dito vigente para el pa\u00eds representa el <b>1.000% de la cuota argentina<\/b> dentro del organismo y describi\u00f3 los desaf\u00edos para alcanzar una salida definitiva de la dependencia financiera. Adem\u00e1s, el exdirector del Departamento del Hemisferio Occidental del FMI anticip\u00f3 la presentaci\u00f3n de su libro \u201cLa Argentina en el Fondo\u201d, escrito junto a <b>Mart\u00edn Kanenguiser<\/b>, donde revela episodios in\u00e9ditos de las negociaciones y el funcionamiento interno del Fondo.<\/p>\n<div class=\"inline ad-wrapper\">\n<div class=\"dfpAd ad-inline ad-text\">\n<div id=\"infobae\/economia\/nota\/inline\" class=\"infobae\/economia\/nota\/inline arcad\"><\/div>\n<\/div>\n<\/div>\n<div class=\"streaming-feed streaming-feed-powerup\">\n<p class=\"streaming-feed-title\">Nueva Programaci\u00f3n<\/p>\n<div class=\"streaming-feed-slider\"><svg class=\"prev-arrow prev-slider-sf-30fac3dd-08f3-42d8-82ff-5138425e40f3\" viewbox=\"0 0 50 50\" xmlns=\"http:\/\/www.w3.org\/2000\/svg\"><g transform=\"translate(.159 .327)\"><circle cx=\"25\" cy=\"25\" r=\"25\" fill=\"#fff\" style=\"isolation:isolate;opacity:0.89\"><\/circle><path d=\"M28.09 13.71a1.426 1.426 0 0 1 .96 2.48l-9.55 8.78 9.55 8.78c.58.53.62 1.44.09 2.02-.54.58-1.44.62-2.02.09l-10.69-9.83c-.29-.27-.46-.65-.46-1.05s.17-.78.46-1.05l10.69-9.83c.27-.25.62-.38.97-.38Z\" fill=\"#3b3b3b\"><\/path><\/g><\/svg><\/p>\n<div class=\"swiper\">\n<div class=\"swiper-wrapper\">\n<div class=\"swiper-slide streaming-feed-slide\"><a class=\"streaming-feed-card\" href=\"https:\/\/www.youtube.com\/@Infobae\" target=\"_blank\" rel=\"noopener noreferrer\"><img alt=\"streaming-image\" class=\"streaming-feed-card-image\" decoding=\"auto\" fetchpriority=\"low\" loading=\"lazy\" src=\"https:\/\/www.infobae.com\/resizer\/v2\/YDYIWXRF4FEVVNHPOA7LF3YDXA.png?auth=3f092edca7a56a9b6ec277bcecc898433dbaed898d5824790bccc739588cd7c8\"><\/p>\n<div class=\"streaming-feed-card-content\">\n<p class=\"streaming-feed-card-title\">INFOBAE AL AMANECER<\/p>\n<p class=\"streaming-feed-card-description\">Infobae En Vivo inicia su jornada con una primera edici\u00f3n informativa pensada para arrancar el d\u00eda bien informado. Un espacio \u00e1gil y plural, con las noticias clave de la ma\u00f1ana, an\u00e1lisis temprano y contexto para anticipar la agenda del d\u00eda.<\/p>\n<p class=\"streaming-feed-card-schedule\">De Lun a Vie 10 a 12 hs<\/p>\n<\/div>\n<p><\/a><\/div>\n<div class=\"swiper-slide streaming-feed-slide\"><a class=\"streaming-feed-card\" href=\"https:\/\/www.youtube.com\/@Infobae\" target=\"_blank\" rel=\"noopener noreferrer\"><img alt=\"streaming-image\" class=\"streaming-feed-card-image\" decoding=\"auto\" fetchpriority=\"low\" loading=\"lazy\" src=\"https:\/\/www.infobae.com\/resizer\/v2\/J6FOZY4QKZHRRI4YGGQCG3WWPA.png?auth=a21d17528ba5cb775b32e68980de2cfc03021664949b235e2d678e2a27f192a7\"><\/p>\n<div class=\"streaming-feed-card-content\">\n<p class=\"streaming-feed-card-title\">INFOBAE A LAS NUEVE<\/p>\n<p class=\"streaming-feed-card-description\">La edici\u00f3n am abordar\u00e1 la informaci\u00f3n que define el d\u00eda, en un formato \u00e1gil que atrapa a la audiencia.<\/p>\n<p class=\"streaming-feed-card-schedule\">De Lun a Vie 12 a 15 hs<\/p>\n<\/div>\n<p><\/a><\/div>\n<div class=\"swiper-slide streaming-feed-slide\"><a class=\"streaming-feed-card\" href=\"https:\/\/www.youtube.com\/@Infobae\" target=\"_blank\" rel=\"noopener noreferrer\"><img alt=\"streaming-image\" class=\"streaming-feed-card-image\" decoding=\"auto\" fetchpriority=\"low\" loading=\"lazy\" src=\"https:\/\/www.infobae.com\/resizer\/v2\/7OCB73OBF5CCNGT4BSPIPOSKQE.png?auth=573ea9cf95fa2e04247a1d6e62a635b74b612e11246d5b9b4e4c40cd4996e691\"><\/p>\n<div class=\"streaming-feed-card-content\">\n<p class=\"streaming-feed-card-title\">INFOBAE AL MEDIOD\u00cdA<\/p>\n<p class=\"streaming-feed-card-description\">La edici\u00f3n del mediod\u00eda propone una mirada amplia de la actualidad, con contenidos diversos, foco internacional y el respaldo de las redacciones de Infobae en el mundo.<\/p>\n<p class=\"streaming-feed-card-schedule\">De Lun a Vie 15 a 18 hs<\/p>\n<\/div>\n<p><\/a><\/div>\n<div class=\"swiper-slide streaming-feed-slide\"><a class=\"streaming-feed-card\" href=\"https:\/\/www.youtube.com\/@Infobae\" target=\"_blank\" rel=\"noopener noreferrer\"><img alt=\"streaming-image\" class=\"streaming-feed-card-image\" decoding=\"auto\" fetchpriority=\"low\" loading=\"lazy\" src=\"https:\/\/www.infobae.com\/resizer\/v2\/UIRLFN4CTZBJ5OK7BHQHPOAQMI.png?auth=504d631b6dbc42d9a7efdb0ed2658616679575e57b56059b777e5b2e5a838c92\"><\/p>\n<div class=\"streaming-feed-card-content\">\n<p class=\"streaming-feed-card-title\">INFOBAE A LA TARDE<\/p>\n<p class=\"streaming-feed-card-description\">La edici\u00f3n de la tarde propone un espacio de an\u00e1lisis y debate sobre los temas que marcan la agenda del d\u00eda, con un enfoque din\u00e1mico, elocuente y profundo.<\/p>\n<p class=\"streaming-feed-card-schedule\">De Lun a Vie 18 a 21 hs<\/p>\n<\/div>\n<p><\/a><\/div>\n<div class=\"swiper-slide streaming-feed-slide\"><a class=\"streaming-feed-card\" href=\"https:\/\/www.youtube.com\/@Infobae\" target=\"_blank\" rel=\"noopener noreferrer\"><img alt=\"streaming-image\" class=\"streaming-feed-card-image\" decoding=\"auto\" fetchpriority=\"low\" loading=\"lazy\" src=\"https:\/\/www.infobae.com\/resizer\/v2\/74XNX45OL5GYXIQFH3EKCODQUI.png?auth=cf05033654359b754eed9c9742064e31ef7d5ddd15f6077e2d00af964476875e\"><\/p>\n<div class=\"streaming-feed-card-content\">\n<p class=\"streaming-feed-card-title\">INFOBAE AL REGRESO<\/p>\n<p class=\"streaming-feed-card-description\">La edici\u00f3n PM se centra en el an\u00e1lisis pol\u00edtico de la jornada, con contexto, debate y las claves de la agenda del d\u00eda siguiente.<\/p>\n<p class=\"streaming-feed-card-schedule\">De Lun a Vie 21 a 0 hs<\/p>\n<\/div>\n<p><\/a><\/div>\n<div class=\"swiper-slide streaming-feed-slide\"><a class=\"streaming-feed-card in-stream\" href=\"https:\/\/www.youtube.com\/@Infobae\" target=\"_blank\" rel=\"noopener noreferrer\"><img alt=\"streaming-image\" class=\"streaming-feed-card-image\" decoding=\"auto\" fetchpriority=\"low\" loading=\"lazy\" src=\"https:\/\/www.infobae.com\/resizer\/v2\/SNT34ZF4PFFZRPH4D5Q5HB6DBQ.png?auth=4df6862f4cc8b56ed2002f5d05755d47ea9da2668983c75e1466d803eda6239a\"><\/p>\n<div class=\"streaming-feed-card-content\">\n<p class=\"streaming-feed-card-title\">INFOBAE A LA NOCHE<\/p>\n<p class=\"streaming-feed-card-description\">A partir de las 21hs y hasta las 7am, inicia Infobae de Noche, una propuesta musical que completa la grilla y acompa\u00f1a a la audiencia.<\/p>\n<p class=\"streaming-feed-card-schedule\">De Lun a Dom 0 a 10 hs<\/p>\n<\/div>\n<p><\/a><\/div>\n<\/div>\n<\/div>\n<p><svg class=\"next-arrow next-slider-sf-30fac3dd-08f3-42d8-82ff-5138425e40f3\" viewbox=\"0 0 50 50\" xmlns=\"http:\/\/www.w3.org\/2000\/svg\"><g transform=\"translate(.159 .327)\"><circle cx=\"25\" cy=\"25\" r=\"25\" fill=\"#fff\" style=\"isolation:isolate;opacity:0.89\"><\/circle><path d=\"M21.91 36.29a1.426 1.426 0 0 1-.96-2.48l9.55-8.78-9.55-8.78c-.58-.53-.62-1.44-.09-2.02.54-.58 1.44-.62 2.02-.09l10.69 9.83c.29.27.46.65.46 1.05s-.17.78-.46 1.05L22.88 35.9c-.27.25-.62.38-.97.38Z\" fill=\"#3b3b3b\"><\/path><\/g><\/svg><\/div>\n<\/div>\n<h2 class=\"header headline-class-h2 headline\" id=\"setenta-anos-de-una-relacion-compleja:-la-vision-de-alejandro-werner\">Setenta a\u00f1os de una relaci\u00f3n compleja: la visi\u00f3n de Alejandro Werner<\/h2>\n<p class=\"paragraph\"><b>\u201cEl cr\u00e9dito argentino es como de 1.000% de la cuota\u201d<\/b>, precis\u00f3 Werner al dimensionar la magnitud del acuerdo vigente con el FMI. Explic\u00f3 que, si bien la suma es in\u00e9dita en la historia argentina, existen antecedentes a\u00fan m\u00e1s extremos en Europa:<b> \u201cEl cr\u00e9dito a Grecia durante la crisis financiera global fue mucho m\u00e1s grande como proporci\u00f3n de la cuota, igual que el de Portugal\u201d<\/b>.<\/p>\n<p class=\"paragraph\">Werner remarc\u00f3 la l\u00f3gica institucional: <b>\u201cEl Fondo Monetario es una cooperativa. Los due\u00f1os del Fondo son los pa\u00edses\u201d<\/b>. Seg\u00fan su perspectiva, la imagen del FMI como un ente ajeno y hostil responde a \u201cciertas concepciones equivocadas de c\u00f3mo funciona la instituci\u00f3n y c\u00f3mo interact\u00faa con Argentina y con los pa\u00edses\u201d.<\/p>\n<div class=\"inline_2 ad-wrapper\">\n<div class=\"dfpAd ad-inline ad-text\">\n<div id=\"infobae\/economia\/nota\/inline_2\" class=\"infobae\/economia\/nota\/inline_2 arcad\"><\/div>\n<\/div>\n<\/div>\n<div class=\"visual__image\"><picture><source srcset=\"https:\/\/www.infobae.com\/resizer\/v2\/7XQERBHRPZAZHPAUWVTG5KZVZA.JPG?auth=fa92b5d9933fb6f5da998134d8e3acd8da37e983a4ae6616c256066b8270bf70&amp;smart=true&amp;width=992&amp;height=667&amp;quality=85\" media=\"(min-width: 1000px)\"><\/source><source srcset=\"https:\/\/www.infobae.com\/resizer\/v2\/7XQERBHRPZAZHPAUWVTG5KZVZA.JPG?auth=fa92b5d9933fb6f5da998134d8e3acd8da37e983a4ae6616c256066b8270bf70&amp;smart=true&amp;width=768&amp;height=516&amp;quality=85\" media=\"(min-width: 768px)\"><\/source><source srcset=\"https:\/\/www.infobae.com\/resizer\/v2\/7XQERBHRPZAZHPAUWVTG5KZVZA.JPG?auth=fa92b5d9933fb6f5da998134d8e3acd8da37e983a4ae6616c256066b8270bf70&amp;smart=true&amp;width=577&amp;height=388&amp;quality=85\" media=\"(min-width: 580px)\"><\/source><source srcset=\"https:\/\/www.infobae.com\/resizer\/v2\/7XQERBHRPZAZHPAUWVTG5KZVZA.JPG?auth=fa92b5d9933fb6f5da998134d8e3acd8da37e983a4ae6616c256066b8270bf70&amp;smart=true&amp;width=420&amp;height=282&amp;quality=85\" media=\"(min-width: 350px)\"><\/source><source srcset=\"https:\/\/www.infobae.com\/resizer\/v2\/7XQERBHRPZAZHPAUWVTG5KZVZA.JPG?auth=fa92b5d9933fb6f5da998134d8e3acd8da37e983a4ae6616c256066b8270bf70&amp;smart=true&amp;width=350&amp;height=235&amp;quality=85\" media=\"(min-width: 80px)\"><\/source><img alt=\"Werner resalta que el FMI otorga pr\u00e9stamos con tasas de inter\u00e9s inferiores a las ofrecidas por los bancos convencionales (REUTERS\/Johannes P. Christo)\" class=\"global-image\" decoding=\"async\" fetchpriority=\"low\" height=\"1926\" loading=\"lazy\" src=\"https:\/\/www.infobae.com\/resizer\/v2\/7XQERBHRPZAZHPAUWVTG5KZVZA.JPG?auth=fa92b5d9933fb6f5da998134d8e3acd8da37e983a4ae6616c256066b8270bf70&amp;smart=true&amp;width=350&amp;height=235&amp;quality=85\" width=\"2866\"><\/picture><\/div>\n<p class=\"paragraph\">Frente a la pregunta sobre si el organismo es el \u00faltimo recurso para un pa\u00eds en crisis, Werner aclar\u00f3: \u201cCuando tus fuentes tradicionales de cr\u00e9dito se cierran porque los mercados no conf\u00edan que el pa\u00eds tiene las condiciones para repagar, hay dos alternativas: o recortar todos los gastos, lo cual puede generar una recesi\u00f3n muy severa, o acudir a los organismos multilaterales, principalmente al Fondo Monetario\u201d. A\u00f1adi\u00f3 que, lejos de ser el prestamista m\u00e1s caro, <b>\u201cel Fondo te presta a una tasa probablemente menor que la que te ven\u00edan prestando los bancos\u201d<\/b>.<\/p>\n<h2 class=\"header headline-class-h2 headline\" id=\"el-debate-por-la-soberania-y-el-rol-politico-del-fmi-en-argentina\">El debate por la soberan\u00eda y el rol pol\u00edtico del FMI en Argentina<\/h2>\n<p class=\"paragraph\">Consultado sobre las cr\u00edticas en torno a la supuesta p\u00e9rdida de soberan\u00eda, Werner sostuvo: \u201cEsa percepci\u00f3n es equivocada en la medida que el pa\u00eds ambiciona regresar a los mercados financieros internacionales\u201d. Asegur\u00f3 que la condicionalidad que impone el Fondo responde a una l\u00f3gica de mercado: <b>\u201cLo que pide el Fondo es muy parecido a lo que los participantes en el mercado creen que es bueno\u201d<\/b>.<\/p>\n<div class=\"ad_1 ad-wrapper\">\n<div class=\"dfpAd ad-1-al-6 ad-text\">\n<div id=\"infobae\/economia\/nota\/ad_1\" class=\"infobae\/economia\/nota\/ad_1 arcad\"><\/div>\n<\/div>\n<\/div>\n<p class=\"paragraph\">Al analizar los ciclos pol\u00edticos y la implementaci\u00f3n de los acuerdos, record\u00f3 los momentos de mayor tensi\u00f3n durante la gesti\u00f3n de Mauricio Macri: <b>\u201cCon Luis Caputo hubo fricciones importantes, sobre todo cuando estuvo en el Banco Central\u201d<\/b>. Para Werner, uno de los errores t\u00e9cnicos fue \u201cno poner controles de capitales antes, porque el riesgo pol\u00edtico era tan grande\u201d.<\/p>\n<p class=\"paragraph\">Adem\u00e1s, describi\u00f3 c\u00f3mo el Fondo eval\u00faa la capacidad de pago de un pa\u00eds: \u201cHay una evaluaci\u00f3n de la capacidad del gobierno, capacidad pol\u00edtica y t\u00e9cnica de implementar las medidas. En esa evaluaci\u00f3n, la relaci\u00f3n con el equipo econ\u00f3mico es clave\u201d.<\/p>\n<div class=\"ad_2 ad-wrapper\">\n<div class=\"dfpAd ad-1-al-6 ad-text\">\n<div id=\"infobae\/economia\/nota\/ad_2\" class=\"infobae\/economia\/nota\/ad_2 arcad\"><\/div>\n<\/div>\n<\/div>\n<p class=\"paragraph\">Sobre el per\u00edodo de Alberto Fern\u00e1ndez, explic\u00f3 que el FMI \u201cminimiz\u00f3 su capacidad de negociaci\u00f3n\u201d y que \u201cse pod\u00eda imponer, apretar un poco m\u00e1s\u201d. Sin embargo, reconoci\u00f3 que \u201ccon el gobierno actual, el Fondo trae un d\u00e9ficit de credibilidad por lo que hizo antes\u201d, y destac\u00f3: \u201cEn lo fiscal, Milei ha hecho m\u00e1s de lo que el Fondo le hubiese pedido\u201d.<\/p>\n<div class=\"visual__image\"><picture><source srcset=\"https:\/\/www.infobae.com\/resizer\/v2\/G5UOBRGGFRFZVCW2ZVF627HLAY.png?auth=ce3ed09424beb38206d7402f270dcd439c644fddd58ba6008bac230b34bd1a87&amp;smart=true&amp;width=992&amp;height=582&amp;quality=85\" media=\"(min-width: 1000px)\"><\/source><source srcset=\"https:\/\/www.infobae.com\/resizer\/v2\/G5UOBRGGFRFZVCW2ZVF627HLAY.png?auth=ce3ed09424beb38206d7402f270dcd439c644fddd58ba6008bac230b34bd1a87&amp;smart=true&amp;width=768&amp;height=451&amp;quality=85\" media=\"(min-width: 768px)\"><\/source><source srcset=\"https:\/\/www.infobae.com\/resizer\/v2\/G5UOBRGGFRFZVCW2ZVF627HLAY.png?auth=ce3ed09424beb38206d7402f270dcd439c644fddd58ba6008bac230b34bd1a87&amp;smart=true&amp;width=577&amp;height=339&amp;quality=85\" media=\"(min-width: 580px)\"><\/source><source srcset=\"https:\/\/www.infobae.com\/resizer\/v2\/G5UOBRGGFRFZVCW2ZVF627HLAY.png?auth=ce3ed09424beb38206d7402f270dcd439c644fddd58ba6008bac230b34bd1a87&amp;smart=true&amp;width=420&amp;height=246&amp;quality=85\" media=\"(min-width: 350px)\"><\/source><source srcset=\"https:\/\/www.infobae.com\/resizer\/v2\/G5UOBRGGFRFZVCW2ZVF627HLAY.png?auth=ce3ed09424beb38206d7402f270dcd439c644fddd58ba6008bac230b34bd1a87&amp;smart=true&amp;width=350&amp;height=205&amp;quality=85\" media=\"(min-width: 80px)\"><\/source><img alt=\"(Infobae en Vivo)\" class=\"global-image\" decoding=\"async\" fetchpriority=\"low\" height=\"561\" loading=\"lazy\" src=\"https:\/\/www.infobae.com\/resizer\/v2\/G5UOBRGGFRFZVCW2ZVF627HLAY.png?auth=ce3ed09424beb38206d7402f270dcd439c644fddd58ba6008bac230b34bd1a87&amp;smart=true&amp;width=350&amp;height=205&amp;quality=85\" width=\"956\"><\/picture><\/div>\n<h2 class=\"header headline-class-h2 headline\" id=\"el-futuro:-es-posible-una-argentina-sin-el-fondo-monetario\">El futuro: \u00bfEs posible una Argentina sin el Fondo Monetario?<\/h2>\n<p class=\"paragraph\">Werner consider\u00f3 viable que el pa\u00eds salga de la \u00f3rbita del FMI: \u201cClaro que s\u00ed, porque ya hay un presente de Per\u00fa sin el Fondo, de Chile, de M\u00e9xico\u201d. Se\u00f1al\u00f3 que la condici\u00f3n central es la continuidad de pol\u00edticas fiscales prudentes: <b>\u201cSi Argentina tiene cuatro a\u00f1os m\u00e1s de un gobierno fiscalmente prudente, independientemente de qui\u00e9n sea el presidente, y mantiene algunas reformas monetarias, probablemente se puede transitar ah\u00ed\u201d<\/b>.<\/p>\n<div class=\"ad_3 ad-wrapper\">\n<div class=\"dfpAd ad-1-al-6 ad-text\">\n<div id=\"infobae\/economia\/nota\/ad_3\" class=\"infobae\/economia\/nota\/ad_3 arcad\"><\/div>\n<\/div>\n<\/div>\n<p class=\"paragraph\">El economista remarc\u00f3 la experiencia de estabilidad en otros pa\u00edses de la regi\u00f3n, citando a Per\u00fa: <b>\u201cHace 19 a\u00f1os, Julio Velarde es el presidente del Banco Central de Per\u00fa. Emiti\u00f3 cero pesos para financiar al Estado\u201d<\/b>. Contrast\u00f3 esa situaci\u00f3n con la dificultad argentina para sostener la independencia de su banco central.<\/p>\n<p class=\"paragraph\">Durante la presentaci\u00f3n del libro en la Feria del Libro, Werner y Kanenguiser propusieron abrir el debate sobre el verdadero rol del FMI en la Argentina: \u201cVal\u00eda la pena escribir un libro donde contara lo que vi y tratar de ver d\u00f3nde est\u00e1 el equilibrio entre donde cree la Argentina que est\u00e1 el Fondo y donde tal vez cre\u00eda yo como funcionario del Fondo\u201d.<\/p>\n<div class=\"ad_4 ad-wrapper\">\n<div class=\"dfpAd ad-1-al-6 ad-text\">\n<div id=\"infobae\/economia\/nota\/ad_4\" class=\"infobae\/economia\/nota\/ad_4 arcad\"><\/div>\n<\/div>\n<\/div>\n<p class=\"paragraph\">&#8212;<\/p>\n<p class=\"paragraph\"><b>Infobae <\/b>te acompa\u00f1a cada d\u00eda en YouTube con entrevistas, an\u00e1lisis y la informaci\u00f3n m\u00e1s destacada, en un formato cercano y din\u00e1mico.<\/p>\n<div class=\"ad_5 ad-wrapper\">\n<div class=\"dfpAd ad-1-al-6 ad-text\">\n<div id=\"infobae\/economia\/nota\/ad_5\" class=\"infobae\/economia\/nota\/ad_5 arcad\"><\/div>\n<\/div>\n<\/div>\n<p class=\"paragraph\">\u2022 De 7 a 9: <b>Infobae al Amanecer<\/b>: Nacho Giron, Luciana Rubinska y Bel\u00e9n Escobar.<\/p>\n<p class=\"paragraph\">\u2022 De 9 a 12: <b>Infobae a las Nueve<\/b>: Gonzalo S\u00e1nchez, Tatiana Schapiro, Ram\u00f3n Indart y Cecilia Boufflet.<\/p>\n<div class=\"ad_6 ad-wrapper\">\n<div class=\"dfpAd ad-1-al-6 ad-text\">\n<div id=\"infobae\/economia\/nota\/ad_6\" class=\"infobae\/economia\/nota\/ad_6 arcad\"><\/div>\n<\/div>\n<\/div>\n<p class=\"paragraph\">\u2022 De 12 a 15: <b>Infobae al Mediodia<\/b>: Maru Duffard, Andrei Serbin Pont, Jimena Grandinetti, Fede Mayol y Facundo Kablan.<\/p>\n<p class=\"paragraph\">\u2022 De 15 a 18: <b>Infobae a la Tarde<\/b>: Manu Jove, Maia Jastreblansky y Paula Guardia Bourdin; rotan en la semana Marcos Shaw, Lara L\u00f3pez Calvo y Tom\u00e1s Trap\u00e9<\/p>\n<p class=\"paragraph\">\u2022 De 18 a 21: <b>Infobae al Regreso<\/b>: Gonzalo Aziz, Diego Iglesias, Malena de los R\u00edos y Mat\u00edas Barber\u00eda; rotan en la semana Gustavo Lazzari, Mart\u00edn Tetaz y Mica Mendelevich<\/p>\n<p class=\"paragraph\">Seguinos en nuestro canal de <b>YouTube <\/b>@infobae.<\/p>\n","protected":false},"excerpt":{"rendered":"<p>En Infobae al Regreso, el exdirector del FMI explic\u00f3 los requisitos para que el pa\u00eds deje atr\u00e1s siete d\u00e9cadas de acuerdos y condicionamientos, y analiz\u00f3 los avances y desaf\u00edos del v\u00ednculo con el organismo bajo el actual gobierno<\/p>\n","protected":false},"author":1,"featured_media":8001,"comment_status":"open","ping_status":"open","sticky":false,"template":"","format":"standard","meta":{"footnotes":""},"categories":[1],"tags":[],"class_list":["post-7999","post","type-post","status-publish","format-standard","has-post-thumbnail","hentry","category-uncategorized"],"_links":{"self":[{"href":"https:\/\/cliente1.publisher.highstack.com.ar\/index.php?rest_route=\/wp\/v2\/posts\/7999","targetHints":{"allow":["GET"]}}],"collection":[{"href":"https:\/\/cliente1.publisher.highstack.com.ar\/index.php?rest_route=\/wp\/v2\/posts"}],"about":[{"href":"https:\/\/cliente1.publisher.highstack.com.ar\/index.php?rest_route=\/wp\/v2\/types\/post"}],"author":[{"embeddable":true,"href":"https:\/\/cliente1.publisher.highstack.com.ar\/index.php?rest_route=\/wp\/v2\/users\/1"}],"replies":[{"embeddable":true,"href":"https:\/\/cliente1.publisher.highstack.com.ar\/index.php?rest_route=%2Fwp%2Fv2%2Fcomments&post=7999"}],"version-history":[{"count":1,"href":"https:\/\/cliente1.publisher.highstack.com.ar\/index.php?rest_route=\/wp\/v2\/posts\/7999\/revisions"}],"predecessor-version":[{"id":8000,"href":"https:\/\/cliente1.publisher.highstack.com.ar\/index.php?rest_route=\/wp\/v2\/posts\/7999\/revisions\/8000"}],"wp:featuredmedia":[{"embeddable":true,"href":"https:\/\/cliente1.publisher.highstack.com.ar\/index.php?rest_route=\/wp\/v2\/media\/8001"}],"wp:attachment":[{"href":"https:\/\/cliente1.publisher.highstack.com.ar\/index.php?rest_route=%2Fwp%2Fv2%2Fmedia&parent=7999"}],"wp:term":[{"taxonomy":"category","embeddable":true,"href":"https:\/\/cliente1.publisher.highstack.com.ar\/index.php?rest_route=%2Fwp%2Fv2%2Fcategories&post=7999"},{"taxonomy":"post_tag","embeddable":true,"href":"https:\/\/cliente1.publisher.highstack.com.ar\/index.php?rest_route=%2Fwp%2Fv2%2Ftags&post=7999"}],"curies":[{"name":"wp","href":"https:\/\/api.w.org\/{rel}","templated":true}]}}