{"id":7991,"date":"2026-04-24T22:18:25","date_gmt":"2026-04-25T01:18:25","guid":{"rendered":"https:\/\/cliente1.publisher.highstack.com.ar\/?p=7991"},"modified":"2026-04-24T22:18:25","modified_gmt":"2026-04-25T01:18:25","slug":"villarruel-reclamo-union-a-milei-y-aseguro-que-las-diferencias-se-zanjan-en-privado","status":"publish","type":"post","link":"https:\/\/cliente1.publisher.highstack.com.ar\/?p=7991","title":{"rendered":"Villarruel reclam\u00f3 &#8220;uni\u00f3n&#8221; a Milei y asegur\u00f3 que las diferencias se zanjan &#8220;en privado&#8221;"},"content":{"rendered":"<div id=\"article-content\">\n<p>La vicepresidenta <strong><a target=\"_blank\" href=\"https:\/\/www.perfil.com\/noticias\/politica\/la-justicia-desestimo-la-denuncia-de-victoria-villarruel-contra-luis-petri-y-priorizo-la-libertad-de-expresion-politica.phtml\">Victoria Villarruel<\/a><\/strong> visit\u00f3 este viernes 24 la provincia de <strong>Santa Cruz<\/strong> y se refiri\u00f3 a su v\u00ednculo con el presidente. La vice del Ejecutivo fue recibida por la senadora <strong>Natalia Gadano<\/strong>, del bloque <strong>Movere Santa Cruz<\/strong>, alineado con el gobernador <strong>Claudio Vidal<\/strong>.<\/p>\n<p><iframe id=\"vrudo\" class=\"vrudo\" src=\"https:\/\/rudo.video\/vod\/bWqzjn?volume=0\" width=\"100%\" height=\"100%\" allowscriptaccess=\"always\" allowfullscreen=\"true\" webkitallowfullscreen=\"true\" frameborder=\"0\" scrolling=\"no\" allow=\"autoplay; fullscreen\" loading=\"lazy\" title=\"Contenido embebido\"><\/iframe><\/p>\n<p>Cerca de <strong>Caleta Olivia<\/strong>, en la costa patag\u00f3nica, la consultaron sobre su relaci\u00f3n con <strong>Javier Milei<\/strong>. &#8220;Nos falta uni\u00f3n, pero para eso tenemos que trabajar todos, todos, no solo algunos&#8221;, se\u00f1al\u00f3. Luego agreg\u00f3: &#8220;Las desavenencias con el Presidente, bueno&#8230; eso se tendr\u00e1 que resolver en la instancia que corresponda y en la privacidad, como corresponde.&#8221;<\/p>\n<p>La funcionaria hizo referencia en pocas oportunidades a su <strong>distanciamiento con Milei<\/strong>. Desde el entorno del presidente acusan a <strong>Villarruel<\/strong> de \u201ctraici\u00f3n\u201d, pero sin especificar el motivo.<\/p>\n<div style=\"text-align:center\">\n<figure class=\"image\" style=\"display:inline-block\"><picture><source media=\"(max-width: 440px)\" srcset=\"https:\/\/fotos.perfil.com\/\/2026\/04\/24\/440\/0\/victoria-villarruel-fue-recibida-en-las-heras-pcia-de-santa-cruz-20260424-2227292.jpg?webp\"\/><source media=\"(max-width: 1019px)\" srcset=\"https:\/\/fotos.perfil.com\/\/2026\/04\/24\/712\/0\/victoria-villarruel-fue-recibida-en-las-heras-pcia-de-santa-cruz-20260424-2227292.jpg?webp\"\/><img decoding=\"async\" style=\"max-width: 100%; width: 100%;\" alt=\"Victoria Villarruel fu\u00e9 recibida en Las Heras, pcia de Santa Cruz 20260424\" src=\"https:\/\/fotos.perfil.com\/\/2026\/04\/24\/900\/0\/victoria-villarruel-fue-recibida-en-las-heras-pcia-de-santa-cruz-20260424-2227292.jpg?webp\" loading=\"lazy\"\/><\/picture><figcaption>Victoria Villarruel fue recibida en Las Heras, provincia de Santa Cruz<\/figcaption><\/figure>\n<\/p><\/div>\n<p>La visita a <strong>Santa Cruz<\/strong> se produjo d\u00edas despu\u00e9s de que <strong>Villarruel<\/strong> decidiera no concurrir a la misa en la <strong>Bas\u00edlica de Luj\u00e1n<\/strong> por el primer aniversario del fallecimiento del <strong>Papa Francisco<\/strong>. Seg\u00fan trascendi\u00f3, la vice prefiri\u00f3 evitar compartir el acto con el jefe de Gabinete, <strong>Manuel Adorni<\/strong>. Su ausencia reson\u00f3 con las palabras del arzobispo de Buenos Aires, <strong>Jorge Garc\u00eda Cuerva<\/strong>, quien durante la ceremonia apunt\u00f3 a la dirigencia pol\u00edtica: &#8220;Ni siquiera somos capaces de poder sentarnos en el mismo banco de una Iglesia.&#8221;<\/p>\n<p>&#8220;Desde ese punto de vista yo estoy haciendo lo que me corresponde como presidente del Senado, como casa de las provincias, que es recorrer el pa\u00eds y esto es lo que quiero dejar como mensaje principalmente&#8221;, expres\u00f3 sin involucrar a <strong>Milei<\/strong> en sus decisiones.<\/p>\n<p style=\"text-align:center\"><picture><source media=\"(max-width: 440px)\" srcset=\"https:\/\/fotos.perfil.com\/\/2026\/04\/24\/440\/0\/victoria-villarruel-fue-recibida-en-las-heras-pcia-de-santa-cruz-20260424-2227293.jpg?webp\"\/><source media=\"(max-width: 1019px)\" srcset=\"https:\/\/fotos.perfil.com\/\/2026\/04\/24\/712\/0\/victoria-villarruel-fue-recibida-en-las-heras-pcia-de-santa-cruz-20260424-2227293.jpg?webp\"\/><img decoding=\"async\" style=\"max-width: 100%; width: 100%;\" alt=\"Victoria Villarruel fu\u00e9 recibida en Las Heras, pcia de Santa Cruz 20260424\" src=\"https:\/\/fotos.perfil.com\/\/2026\/04\/24\/900\/0\/victoria-villarruel-fue-recibida-en-las-heras-pcia-de-santa-cruz-20260424-2227293.jpg?webp\" loading=\"lazy\"\/><\/picture><\/p>\n<p>Adem\u00e1s de reunirse con <strong>Gadano<\/strong>, <strong>Villarruel<\/strong> confirm\u00f3 que se ver\u00e1 con el senador <strong>Jos\u00e9 Mar\u00eda Carambia<\/strong> y que avis\u00f3 telef\u00f3nicamente al gobernador <strong>Vidal<\/strong> sobre su recorrida. &#8220;Espero poder verlo&#8221;, dijo y a\u00f1adi\u00f3 \u201cestoy muy contenta de estar en <strong>Santa Cruz<\/strong>. Quiero, con el senador <strong>Carambia<\/strong> y <strong>Gadano<\/strong>, poder conocer algunos de los departamentos que tiene la provincia\u201d.<\/p>\n<p><iframe id=\"vrudo\" class=\"vrudo\" src=\"https:\/\/rudo.video\/vod\/bWqzij?volume=0\" width=\"100%\" height=\"100%\" allowscriptaccess=\"always\" allowfullscreen=\"true\" webkitallowfullscreen=\"true\" frameborder=\"0\" scrolling=\"no\" allow=\"autoplay; fullscreen\" loading=\"lazy\" title=\"Contenido embebido\"><\/iframe><\/p>\n<p>Asimismo, enfatiz\u00f3 su intenci\u00f3n de <strong>descentralizar el poder<\/strong> y de darle voz al resto de las provincias. \u201cLa <strong>Rep\u00fablica Argentina<\/strong> no es solo la <strong>Capital Federal<\/strong>; son las dem\u00e1s provincias y necesitamos hacer presencia efectiva; as\u00ed que, desde ese punto de vista y con esa intenci\u00f3n es mi recorrida por todo el pa\u00eds, hoy le toca a <strong>Santa Cruz<\/strong>\u201d.<\/p>\n<p>Antes de retirarse, la consultaron sobre si tiene pensado ser candidata en <strong>2027<\/strong>. &#8220;No lo s\u00e9 todav\u00eda. Es muy temprano para afirmar algo as\u00ed&#8221;, respondi\u00f3 sin cerrar las puertas.<\/p>\n<p style=\"text-align:center\"><picture><source media=\"(max-width: 440px)\" srcset=\"https:\/\/fotos.perfil.com\/\/2026\/04\/24\/440\/0\/victoria-villarruel-fue-recibida-en-las-heras-pcia-de-santa-cruz-20260424-2227295.jpg?webp\"\/><source media=\"(max-width: 1019px)\" srcset=\"https:\/\/fotos.perfil.com\/\/2026\/04\/24\/712\/0\/victoria-villarruel-fue-recibida-en-las-heras-pcia-de-santa-cruz-20260424-2227295.jpg?webp\"\/><img decoding=\"async\" style=\"max-width: 100%; width: 100%;\" alt=\"Victoria Villarruel fu\u00e9 recibida en Las Heras, pcia de Santa Cruz 20260424\" src=\"https:\/\/fotos.perfil.com\/\/2026\/04\/24\/900\/0\/victoria-villarruel-fue-recibida-en-las-heras-pcia-de-santa-cruz-20260424-2227295.jpg?webp\" loading=\"lazy\"\/><\/picture><\/p>\n<p>Tambi\u00e9n la consultaron por el estado de la <strong>Ruta Nacional 3<\/strong>, cuyo deterioro es evidente a lo largo de buena parte del trayecto. La vice dijo que el s\u00e1bado, cuando recorra la provincia por tierra, podr\u00e1 brindar un panorama m\u00e1s completo.<\/p>\n<p><em>RG\/DCQ<\/em><\/p>\n<\/p><\/div>\n<p><script>\n                !function(f,b,e,v,n,t,s)\n                {if(f.fbq)return;n=f.fbq=function(){n.callMethod?\n                    n.callMethod.apply(n,arguments):n.queue.push(arguments)};\n                    if(!f._fbq)f._fbq=n;n.push=n;n.loaded=!0;n.version='2.0';\n                    n.queue=[];t=b.createElement(e);t.async=!0;\n                    t.src=v;s=b.getElementsByTagName(e)[0];\n                    s.parentNode.insertBefore(t,s)}(window, document,'script',\n                    'https:\/\/connect.facebook.net\/en_US\/fbevents.js');\n                window.paywallConfig.facebook_pixel=\"1000228364089342\"\n            <\/script><\/p>\n","protected":false},"excerpt":{"rendered":"<p>        La vicepresidenta fue de visita a la provincia de la Patagonia y, despu\u00e9s de mucho tiempo, se expres\u00f3 sobre su distanciamiento con Milei<\/p>\n","protected":false},"author":1,"featured_media":7993,"comment_status":"open","ping_status":"open","sticky":false,"template":"","format":"standard","meta":{"footnotes":""},"categories":[1],"tags":[2184,304,2026],"class_list":["post-7991","post","type-post","status-publish","format-standard","has-post-thumbnail","hentry","category-uncategorized","tag-enfrentamiento","tag-milei","tag-villarruel"],"_links":{"self":[{"href":"https:\/\/cliente1.publisher.highstack.com.ar\/index.php?rest_route=\/wp\/v2\/posts\/7991","targetHints":{"allow":["GET"]}}],"collection":[{"href":"https:\/\/cliente1.publisher.highstack.com.ar\/index.php?rest_route=\/wp\/v2\/posts"}],"about":[{"href":"https:\/\/cliente1.publisher.highstack.com.ar\/index.php?rest_route=\/wp\/v2\/types\/post"}],"author":[{"embeddable":true,"href":"https:\/\/cliente1.publisher.highstack.com.ar\/index.php?rest_route=\/wp\/v2\/users\/1"}],"replies":[{"embeddable":true,"href":"https:\/\/cliente1.publisher.highstack.com.ar\/index.php?rest_route=%2Fwp%2Fv2%2Fcomments&post=7991"}],"version-history":[{"count":1,"href":"https:\/\/cliente1.publisher.highstack.com.ar\/index.php?rest_route=\/wp\/v2\/posts\/7991\/revisions"}],"predecessor-version":[{"id":7992,"href":"https:\/\/cliente1.publisher.highstack.com.ar\/index.php?rest_route=\/wp\/v2\/posts\/7991\/revisions\/7992"}],"wp:featuredmedia":[{"embeddable":true,"href":"https:\/\/cliente1.publisher.highstack.com.ar\/index.php?rest_route=\/wp\/v2\/media\/7993"}],"wp:attachment":[{"href":"https:\/\/cliente1.publisher.highstack.com.ar\/index.php?rest_route=%2Fwp%2Fv2%2Fmedia&parent=7991"}],"wp:term":[{"taxonomy":"category","embeddable":true,"href":"https:\/\/cliente1.publisher.highstack.com.ar\/index.php?rest_route=%2Fwp%2Fv2%2Fcategories&post=7991"},{"taxonomy":"post_tag","embeddable":true,"href":"https:\/\/cliente1.publisher.highstack.com.ar\/index.php?rest_route=%2Fwp%2Fv2%2Ftags&post=7991"}],"curies":[{"name":"wp","href":"https:\/\/api.w.org\/{rel}","templated":true}]}}