{"id":7989,"date":"2026-04-24T22:10:52","date_gmt":"2026-04-25T01:10:52","guid":{"rendered":"https:\/\/cliente1.publisher.highstack.com.ar\/?p=7989"},"modified":"2026-04-24T22:10:52","modified_gmt":"2026-04-25T01:10:52","slug":"contralor-de-fiscalizacion-con-sturzenegger-el-gobierno-le-presentara-al-campo-una-propuesta-de-propiedad-intelectual-en-semillas","status":"publish","type":"post","link":"https:\/\/cliente1.publisher.highstack.com.ar\/?p=7989","title":{"rendered":"\u201cContralor de fiscalizaci\u00f3n\u201d: con Sturzenegger, el Gobierno le presentar\u00e1 al campo una propuesta de propiedad intelectual en semillas"},"content":{"rendered":"<div class=\"col-12\">\n<p class=\"com-paragraph  --capital --s\">El <strong>Gobierno<\/strong> convoc\u00f3 a la<strong> Mesa de Enlace<\/strong> a una reuni\u00f3n el pr\u00f3ximo lunes para<strong> presentar a los dirigentes un documento sobre el proyecto de ley<\/strong> que busca impulsar en el <strong>Congreso<\/strong> por la adhesi\u00f3n al tratado internacional <strong>UPOV-91<\/strong> y <strong>la actualizaci\u00f3n de la propiedad intelectual en semillas<\/strong>. En marzo pasado, las entidades rurales acercaron una propuesta de proyecto de ley a las autoridades de la Secretar\u00eda de Agricultura para que sea analizada y debatida con las partes antes de que el <a href=\"https:\/\/www.lanacion.com.ar\/economia\/campo\/ley-de-semillas-que-dice-una-propuesta-que-la-mesa-de-enlace-espera-consensuar-para-presentarle-al-nid08032026\/\" target=\"_self\" title=\"https:\/\/www.lanacion.com.ar\/economia\/campo\/ley-de-semillas-que-dice-una-propuesta-que-la-mesa-de-enlace-espera-consensuar-para-presentarle-al-nid08032026\/\" class=\"com-link break-word\" data-mrf-recirculation=\"n_link_parrafo\"><strong>proyecto de adhesi\u00f3n al convenio de UPOV-91 se env\u00ede al Congreso <\/strong><\/a><\/p>\n<div class=\"ln-banner-container --caja1_mob\">\n<div id=\"caja1_mob\" class=\"ln-banner\" data-slot-group=\"nota\" data-device=\"mobile\" data-subscription=\"false\" data-ad-unit-path=\"\/133919216\/campo_mobile\/Nota\/caja1_mob\" data-targeting='{\"sitio\":\"lanacion\",\"seccion\":\"nota\"}' data-without-hide=\"true\" data-size=\"[[320,100],[300,250],[1,1],[300,450],[320,450]]\" data-sizemap=\"[]\" data-prebid-enabled=\"true\"><\/div>\n<\/div>\n<p class=\"com-paragraph   --s\">Seg\u00fan pudo saber <strong>LA NACION<\/strong>, participar\u00e1n de la reuni\u00f3n, adem\u00e1s de los representantes de las entidades ruralistas, <strong>el ministro de Desregulaci\u00f3n y Transformaci\u00f3n del Estado, Federico Sturzenegger,<\/strong> y funcionarios de la Secretar\u00eda de Agricultura, entre ellos su titular, <strong>Sergio Iraeta, <\/strong>y el presidente del Instituto Nacional de Semillas (Inase),<strong> Mart\u00edn Famulari,<\/strong> con quienes llevan adelante una mesa de trabajo desde la \u00faltima edici\u00f3n de <strong>Expoagro. Adem\u00e1s participar\u00e1n las autoridades de CREA, Aapresid <\/strong>y<strong> la Asociaci\u00f3n de Semilleros Argentinos (ASA).<\/strong><\/p>\n<p class=\"com-paragraph   --s\">En el caso de la <strong>Federaci\u00f3n Agraria Argentina<\/strong> (FAA), asistir\u00e1 <strong>Andr\u00e9s Dom\u00ednguez<\/strong> en representaci\u00f3n de la entidad, ya que su presidenta, <strong>Andrea Sarnari,<\/strong> confirm\u00f3 que no estar\u00e1 en el encuentro previsto para las 17 horas. \u201c<strong>Venimos pidiendo hace 20 a\u00f1os que fortalezcan el Inase y que haya m\u00e1s control<\/strong>\u201d, afirm\u00f3 Sarnari. Agrega que en ese tono ir\u00e1 Dom\u00ednguez a la reuni\u00f3n, ya que en el Gobierno se hab\u00edan comprometido a trabajar en una <strong>\u201cpropuesta de fortalecimiento\u201d<\/strong>.<\/p>\n<p class=\"com-paragraph   --s\">El encuentro del lunes ser\u00eda, en principio, una instancia de presentaci\u00f3n por parte del Gobierno. \u201c<strong>Nos convoc\u00f3 la Secretar\u00eda de Agricultura y nos vendr\u00edan a traer una propuesta de contralor de fiscalizaci\u00f3n de semillas<\/strong>\u201c, dijo. En ese sentido, adelant\u00f3 que la postura inicial de la entidad ser\u00e1 escuchar el planteo oficial sin tomar definiciones inmediatas.<\/p>\n<div class=\"ln-banner-container --caja2_mob\">\n<div id=\"caja2_mob\" class=\"ln-banner\" data-slot-group=\"nota\" data-device=\"mobile\" data-subscription=\"true\" data-ad-unit-path=\"\/133919216\/campo_mobile\/Nota\/caja2_mob\" data-targeting='{\"sitio\":\"lanacion\",\"seccion\":\"nota\"}' data-without-hide=\"true\" data-size=\"[[320,100],[300,250],[300,450],[1,1],[360,270],[320,180]]\" data-sizemap=\"[]\" data-prebid-enabled=\"true\"><\/div>\n<\/div>\n<div class=\"content-media\">\n<section role=\"button\" class=\"mod-media   \">\n<figure role=\"button\" tabindex=\"0\" class=\"mod-figure \">\n<div class=\"placeholder \">\n<div class=\"com-image\"><picture><source media=\"(min-width: 768px)\" srcset=\"https:\/\/resizer.glanacion.com\/resizer\/v2\/la-convocatoria-busca-presentar-el-borrador-sobre-RTXRQZBY2RAZXNYA2QTO5D76PE.jpeg?auth=abe9292d4a2991fae79674957f0bfe2cd3065aa9ed29ecf2369b873a25732a20&amp;width=780&amp;height=514&amp;quality=70&amp;smart=true\"><\/source><img class=\"image com-image flex --cover\" decoding=\"async\" fetchpriority=\"low\" loading=\"lazy\" src=\"https:\/\/resizer.glanacion.com\/resizer\/v2\/la-convocatoria-busca-presentar-el-borrador-sobre-RTXRQZBY2RAZXNYA2QTO5D76PE.jpeg?auth=abe9292d4a2991fae79674957f0bfe2cd3065aa9ed29ecf2369b873a25732a20&amp;width=420&amp;height=277&amp;quality=70&amp;smart=true\" width=\"833\" alt=\"La convocatoria busca presentar el borrador sobre UPOV-91 y abrir el intercambio con entidades rurales\" height=\"549\"><\/picture><\/div>\n<\/div><figcaption class=\"mod-figcaption\"><span class=\"com-text --caption --twoxs\">La convocatoria busca presentar el borrador sobre UPOV-91 y abrir el intercambio con entidades rurales<\/span><span class=\"com-text --credit --twoxs\">Gentileza<\/span><\/figcaption><\/figure>\n<\/section>\n<\/div>\n<div class=\"ln-banner-container --middle_2_dsk\">\n<div id=\"middle_2_dsk\" class=\"ln-banner\" data-slot-group=\"nota\" data-device=\"desktop\" data-subscription=\"true\" data-ad-unit-path=\"\/133919216\/campo_desktop\/Nota\/middle_2_dsk\" data-targeting='{\"sitio\":\"lanacion\",\"seccion\":\"nota\"}' data-without-hide=\"true\" data-size=\"[[1,1],[728,90]]\" data-sizemap=\"[]\" data-prebid-enabled=\"true\"><\/div>\n<\/div>\n<p class=\"com-paragraph   --s\">\u201cSi hay una propuesta de control de la <strong>semilla fiscalizada, en principio estamos de acuerdo con ese objetivo.<\/strong> Hay que ver c\u00f3mo se implementa y qu\u00e9 es lo que est\u00e1n pensando. Despu\u00e9s hablaremos y daremos respuesta de lo que nos proponen\u201d, sostuvo.<\/p>\n<div class=\"ln-banner-container --caja3_mob\">\n<div id=\"caja3_mob\" class=\"ln-banner\" data-slot-group=\"nota\" data-device=\"mobile\" data-subscription=\"false\" data-ad-unit-path=\"\/133919216\/campo_mobile\/Nota\/caja3_mob\" data-targeting='{\"sitio\":\"lanacion\",\"seccion\":\"nota\"}' data-without-hide=\"true\" data-size=\"[[320,100],[300,250],[1,1],[300,450],[360,270]]\" data-sizemap=\"[]\" data-prebid-enabled=\"true\"><\/div>\n<\/div>\n<div class=\"ln-banner-container --middle_2_tab\">\n<div id=\"middle_2_tab\" class=\"ln-banner\" data-slot-group=\"nota\" data-device=\"tablet\" data-subscription=\"false\" data-ad-unit-path=\"\/133919216\/campo_tablet\/Nota\/middle_2_tab\" data-targeting='{\"sitio\":\"lanacion\",\"seccion\":\"nota\"}' data-without-hide=\"true\" data-size=\"[[728,90],[640,480],[468,60],[1,1]]\" data-sizemap=\"[]\" data-prebid-enabled=\"true\"><\/div>\n<\/div>\n<p class=\"com-paragraph   --s\">Sarnari remarc\u00f3 que desde la entidad consideran central<strong> el fortalecimiento del Inase como organismo de control<\/strong>, con mayor presencia territorial y <strong>capacidad de fiscalizaci\u00f3n<\/strong>. En particular, mencion\u00f3 la necesidad de avanzar sobre el control de la denominada <strong>\u201cbolsa blanca\u201d, a la que defini\u00f3 como \u201cel problema hist\u00f3rico de la semilla de soja\u201d. <\/strong>Seg\u00fan dijo, el uso propio es una pr\u00e1ctica legal, mientras que el circuito informal de semillas responde a d\u00e9ficits en los controles.<\/p>\n<p class=\"com-paragraph   --s\">Respecto de<strong> la posibilidad de transferir funciones de control al sector privado, <\/strong>una alternativa que sugiri\u00f3 <a href=\"https:\/\/www.lanacion.com.ar\/economia\/campo\/semillas-sturzenegger-hablo-de-transferir-el-control-al-sector-privado-nid23042026\/\" target=\"_self\" title=\"https:\/\/www.lanacion.com.ar\/economia\/campo\/semillas-sturzenegger-hablo-de-transferir-el-control-al-sector-privado-nid23042026\/\" class=\"com-link break-word\" data-mrf-recirculation=\"n_link_parrafo\">el ministro Sturzenegger en un programa de televisi\u00f3n<\/a>, Sarnari se\u00f1al\u00f3 que la FAA no tiene una posici\u00f3n cerrada, aunque advirti\u00f3 que<strong> el organismo estatal no deber\u00eda perder su rol central.<\/strong> \u201cNo estamos ni a favor ni en contra. Puede haber acuerdos puntuales con privados, por ejemplo en materia de laboratorios, donde el Inase no tiene infraestructura.<strong> Pero el contralor en el territorio lo tiene que seguir ejerciendo el Inase<\/strong>\u201d, manifest\u00f3. <\/p>\n<div class=\"content-media\">\n<section role=\"button\" class=\"mod-media   \">\n<figure role=\"button\" tabindex=\"0\" class=\"mod-figure \">\n<div class=\"placeholder \">\n<div class=\"com-image\"><picture><source media=\"(min-width: 768px)\" srcset=\"https:\/\/resizer.glanacion.com\/resizer\/v2\/consideran-central-el-fortalecimiento-del-inase-JSC52GVDUJETXBKZVPPHORGGI4.png?auth=7df2e7974bfd4a03bdce2221b9d804e5d0b73b2494325187b5af66bf8ce7feb8&amp;width=780&amp;height=520&amp;quality=70&amp;smart=true\"><\/source><img class=\"image com-image flex --cover\" decoding=\"async\" fetchpriority=\"low\" loading=\"lazy\" src=\"https:\/\/resizer.glanacion.com\/resizer\/v2\/consideran-central-el-fortalecimiento-del-inase-JSC52GVDUJETXBKZVPPHORGGI4.png?auth=7df2e7974bfd4a03bdce2221b9d804e5d0b73b2494325187b5af66bf8ce7feb8&amp;width=420&amp;height=280&amp;quality=70&amp;smart=true\" width=\"2000\" alt=\"Consideran central el fortalecimiento del Inase como organismo de control\" height=\"1333\"><\/picture><\/div>\n<\/div><figcaption class=\"mod-figcaption\"><span class=\"com-text --caption --twoxs\">Consideran central el fortalecimiento del Inase como organismo de control<\/span><span class=\"com-text --credit --twoxs\">INASE<\/span><\/figcaption><\/figure>\n<\/section>\n<\/div>\n<div class=\"ln-banner-container --caja4_mob\">\n<div id=\"caja4_mob\" class=\"ln-banner\" data-slot-group=\"nota\" data-device=\"mobile\" data-subscription=\"false\" data-ad-unit-path=\"\/133919216\/campo_mobile\/Nota\/caja4_mob\" data-targeting='{\"sitio\":\"lanacion\",\"seccion\":\"nota\"}' data-without-hide=\"true\" data-size=\"[[320,100],[300,250],[1,1]]\" data-sizemap=\"[]\" data-prebid-enabled=\"true\"><\/div>\n<\/div>\n<p class=\"com-paragraph   --s\">Sobre ese punto dijo que el organismo tiene la capacidad de contralor en territorio, sobre los cultivos, la producci\u00f3n y la comercializaci\u00f3n. \u201c<strong>Lo ha hecho y es capaz de seguir haci\u00e9ndolo. Hay que fortalecerlo<\/strong>. No queremos que se desarme; que siga teniendo el control. Despu\u00e9s, si hay que acudir a alg\u00fan privado para alguna colaboraci\u00f3n, se puede acudir&#8221;, a\u00f1adi\u00f3.<\/p>\n<p class=\"com-paragraph   --s\">Respecto de las palabras del ministro Sturzenegger de que la \u201cArgentina no est\u00e1 protegida por la propiedad intelectual\u201d, <strong>la dirigente sostuvo que en la Argentina existe protecci\u00f3n<\/strong> de la propiedad intelectual y que el pago por tecnolog\u00eda ya se realiza a trav\u00e9s de la compra de semilla fiscalizada. \u201c<strong>En la Argentina hay propiedad intelectual, est\u00e1 resguardada y se paga en la compra de la bolsa<\/strong>. Despu\u00e9s hay uso propio, que es legal, y tambi\u00e9n hay un abuso de la bolsa blanca por falta de control del Inase\u201d, explic\u00f3. <\/p>\n<div class=\"ln-banner-container --caja6_mob\">\n<div id=\"caja6_mob\" class=\"ln-banner\" data-slot-group=\"nota\" data-device=\"mobile\" data-subscription=\"false\" data-ad-unit-path=\"\/133919216\/campo_mobile\/Nota\/caja6_mob\" data-targeting='{\"sitio\":\"lanacion\",\"seccion\":\"nota\"}' data-without-hide=\"true\" data-size=\"[[300,250],[230,50],[300,450],[1,1],[320,100]]\" data-sizemap=\"[]\" data-prebid-enabled=\"true\"><\/div>\n<\/div>\n<p class=\"com-paragraph   --s\">Record\u00f3 tambi\u00e9n que el organismo de<strong> control de semillas carece desde hace dos d\u00e9cadas de un consejo directivo previsto por ley<\/strong>. \u201cNunca se conform\u00f3. Solo se designa al presidente desde la Secretar\u00eda, pero el esquema institucional qued\u00f3 incompleto\u201d, afirm\u00f3.<\/p>\n<div id=\"fusion-static-enter:scriptJwVideoNote\" style=\"display:none\" data-fusion-component=\"scriptJwVideoNote\"><\/div>\n<p><script defer src=\"https:\/\/www.lanacion.com.ar\/pf\/resources\/js\/LN\/scriptJwVideoNote.min.js?d=1996\"><\/script><\/p>\n<div id=\"fusion-static-exit:scriptJwVideoNote\" style=\"display:none\" data-fusion-component=\"scriptJwVideoNote\"><\/div>\n<div id=\"fusion-static-enter:bAQbnNBU\" style=\"display:none\" data-fusion-component=\"bAQbnNBU\"><\/div>\n<div class=\"content-media cursor-pointer container-center-100\">\n<section class=\"media-container relative ratio-16-9 mod-media pb-32\">\n<figure class=\"mod-video\">\n<div class=\"video-player bg-black ratio-16-9\" data-has-jwplayer=\"true\" data-video-id-jw=\"bAQbnNBU\" data-config='{\"title\":\"El ministro Sturzenegger en la TV P\u00fablica \",\"mediaId\":\"bAQbnNBU\",\"playerId\":\"ih0086X3\",\"playlist\":[{\"mediaid\":\"bAQbnNBU\",\"sources\":[{\"file\":\"https:\/\/cdn.jwplayer.com\/manifests\/bAQbnNBU.m3u8\",\"type\":\"application\/vnd.apple.mpegurl\"},{\"bitrate\":312874,\"file\":\"https:\/\/cdn.jwplayer.com\/videos\/bAQbnNBU-kTExGaWf.mp4\",\"filesize\":4106483,\"framerate\":30,\"height\":320,\"label\":\"180p\",\"type\":\"video\/mp4\",\"width\":180},{\"bitrate\":471724,\"file\":\"https:\/\/cdn.jwplayer.com\/videos\/bAQbnNBU-K8B0kybS.mp4\",\"filesize\":6191388,\"framerate\":30,\"height\":480,\"label\":\"270p\",\"type\":\"video\/mp4\",\"width\":270},{\"bitrate\":1329172,\"file\":\"https:\/\/cdn.jwplayer.com\/videos\/bAQbnNBU-46NIuRKO.mp4\",\"filesize\":17445394,\"framerate\":30,\"height\":1280,\"label\":\"720p\",\"type\":\"video\/mp4\",\"width\":720},{\"bitrate\":113499,\"file\":\"https:\/\/cdn.jwplayer.com\/videos\/bAQbnNBU-hz5z2Tv4.m4a\",\"filesize\":1489680,\"label\":\"AAC Audio\",\"type\":\"audio\/mp4\"},{\"bitrate\":544568,\"file\":\"https:\/\/cdn.jwplayer.com\/videos\/bAQbnNBU-FnZGUVnC.mp4\",\"filesize\":7147463,\"framerate\":30,\"height\":640,\"label\":\"360p\",\"type\":\"video\/mp4\",\"width\":360},{\"bitrate\":914794,\"file\":\"https:\/\/cdn.jwplayer.com\/videos\/bAQbnNBU-0G6Pwvlw.mp4\",\"filesize\":12006676,\"framerate\":30,\"height\":960,\"label\":\"540p\",\"type\":\"video\/mp4\",\"width\":540}]}],\"hasAutoplay\":false,\"autostart\":true,\"tagsUrl\":\"https:\/\/pubads.g.doubleclick.net\/gampad\/ads?slotname=\/133919216\/la_nacion_video\/nota\/preroll&amp;sz=640x480|400x300&amp;ciu_szs=300x250&amp;unviewed_position_start=1&amp;output=vast&amp;impl=s&amp;env=vp&amp;gdfp_req=1&amp;ad_rule=0&amp;vad_type=linear&amp;vpos=preroll&amp;cust_params=tags_nuevos%3Dte_agricultura%2Cte_federico_sturzenegger%2Cte_actualidad_economica%2Cte_actualidad%2Cte_comunidad_de_negocios%2Cca_campo%2Cca_economia%2Cau_belkis_martinez%2CGATHQ7D2YZC6FCXVUIBYUYQZ6U&amp;pod=3&amp;ppos=1&amp;lip=true&amp;min_ad_duration=0&amp;max_ad_duration=30000&amp;vrid=6256&amp;url=https%3A%2F%2Fwww.lanacion.com.ar%2Feconomia%2Fcampo%2Fcontralor-de-fiscalizacion-con-sturzenegger-el-gobierno-le-presentara-al-campo-una-propuesta-de-nid24042026%2F%3Fvariant%3DA&amp;description_url=https%3A%2F%2Fwww.lanacion.com.ar%2Feconomia%2Fcampo%2Fcontralor-de-fiscalizacion-con-sturzenegger-el-gobierno-le-presentara-al-campo-una-propuesta-de-nid24042026%2F%3Fvariant%3DA&amp;video_doc_id=short_onecue&amp;cmsid=496&amp;kfa=0&amp;tfcd=0&amp;correlator=1777078599625\",\"arcSite\":\"la-nacion-ar\",\"duration\":\"105000\"}'>\n<div id=\"facade-bAQbnNBU\" class=\"content-facade-jw relative bg-black ratio-16-9\">\n<div id=\"button-play\" class=\"absolute flex w-100 h-100 jc-center ai-center z-15\"><svg width=\"64\" height=\"64\" viewbox=\"0 0 64 64\" fill=\"none\" xmlns=\"http:\/\/www.w3.org\/2000\/svg\" class=\"relative z-15\"><g opacity=\"0.65\"><rect width=\"64\" height=\"64\" rx=\"32\" fill=\"#1C1C1F\"><\/rect><path d=\"M41.8347 32.5547L27.7027 41.976C27.6023 42.0428 27.4857 42.0811 27.3652 42.0869C27.2448 42.0927 27.125 42.0656 27.0187 42.0087C26.9124 41.9518 26.8235 41.8671 26.7615 41.7637C26.6995 41.6602 26.6667 41.5419 26.6667 41.4213V22.5787C26.6667 22.4581 26.6995 22.3398 26.7615 22.2363C26.8235 22.1329 26.9124 22.0482 27.0187 21.9913C27.125 21.9344 27.2448 21.9074 27.3652 21.9131C27.4857 21.9189 27.6023 21.9572 27.7027 22.024L41.8347 31.4453C41.926 31.5062 42.0009 31.5887 42.0526 31.6855C42.1044 31.7822 42.1315 31.8903 42.1315 32C42.1315 32.1098 42.1044 32.2178 42.0526 32.3146C42.0009 32.4113 41.926 32.4938 41.8347 32.5547V32.5547Z\" fill=\"#FEFEFE\"><\/path><\/g><\/svg><\/div>\n<picture><source media=\"(max-width: 767px)\" srcset=\"https:\/\/resizer.glanacion.com\/resizer\/v2\/https%3A%2F%2Fcdn.jwplayer.com%2Fv2%2Fmedia%2FbAQbnNBU%2Fposter.jpg%3Fwidth%3D720?auth=ad051b3164ae3ea5aa3ee6358a3af0e0f82e4c6804aa6dd4a2438cd0e27ffa75&amp;width=480&amp;quality=70&amp;smart=false\"><\/source><img class=\"image com-image flex --cover\" decoding=\"async\" fetchpriority=\"low\" loading=\"lazy\" src=\"https:\/\/resizer.glanacion.com\/resizer\/v2\/https%3A%2F%2Fcdn.jwplayer.com%2Fv2%2Fmedia%2FbAQbnNBU%2Fposter.jpg%3Fwidth%3D720?auth=ad051b3164ae3ea5aa3ee6358a3af0e0f82e4c6804aa6dd4a2438cd0e27ffa75&amp;width=720&amp;quality=70&amp;smart=false\" alt=\"El ministro Sturzenegger en la TV P\u00fablica \"><\/picture><\/div>\n<div id=\"bAQbnNBU\"><\/div>\n<\/div><figcaption class=\"border border-1 border-bottom border-light-300 relative px-16 py-8 min-h-36 w-100_md px-0_l mb-8 bg-white\"><span class=\"text ln-text text-16 block\">El ministro Sturzenegger en la TV P\u00fablica <\/span><\/figcaption><\/figure>\n<p><script type=\"application\/ld+json\">{\n  \"@context\": \"https:\/\/schema.org\",\n  \"@type\": \"VideoObject\",\n  \"name\": \"LA NACION - Noticia\",\n  \"description\": \"Video publicado el 23\/04\/2026 por LA NACION\",\n  \"thumbnailUrl\": [\n    \"https:\/\/resizer.glanacion.com\/resizer\/v2\/https%3A%2F%2Fcdn.jwplayer.com%2Fv2%2Fmedia%2FbAQbnNBU%2Fposter.jpg%3Fwidth%3D720?auth=ad051b3164ae3ea5aa3ee6358a3af0e0f82e4c6804aa6dd4a2438cd0e27ffa75&width=720&quality=70&smart=false\"\n  ],\n  \"uploadDate\": \"2026-04-23T14:49:28Z\",\n  \"embedUrl\": \"https:\/\/cdn.jwplayer.com\/videos\/bAQbnNBU-kTExGaWf.mp4\",\n  \"duration\": \"PT1M45S\"\n}<\/script><\/section>\n<\/div>\n<div id=\"fusion-static-exit:bAQbnNBU\" style=\"display:none\" data-fusion-component=\"bAQbnNBU\"><\/div>\n<p class=\"com-paragraph   --s\">Sobre el esquema de <strong>\u201cuso propio\u201d<\/strong>, la dirigente indic\u00f3 que <strong>la propuesta de las entidades es mantener el pago de la tecnolog\u00eda<\/strong> en la compra de semilla y permitir el uso propio sin costo en una primera instancia, para luego evaluar mecanismos de pago sobre incrementos productivos. \u201c<strong>Hasta ah\u00ed llegamos las entidades de productores.<\/strong> Sin eso no tuvimos respuesta\u201d, se\u00f1al\u00f3.<\/p>\n<div class=\"ln-banner-container --caja7_mob\">\n<div id=\"caja7_mob\" class=\"ln-banner\" data-slot-group=\"nota\" data-device=\"mobile\" data-subscription=\"true\" data-ad-unit-path=\"\/133919216\/campo_mobile\/Nota\/caja7_mob\" data-targeting='{\"sitio\":\"lanacion\",\"seccion\":\"nota\"}' data-without-hide=\"true\" data-size=\"[[300,250],[320,50],[300,450],[1,1],[320,100]]\" data-sizemap=\"[]\" data-prebid-enabled=\"true\"><\/div>\n<\/div>\n<p class=\"com-paragraph   --s\">Advirti\u00f3, adem\u00e1s, sobre la falta de previsibilidad en el sistema actual y la existencia de contratos entre privados que, seg\u00fan indic\u00f3,<strong> exceden lo establecido por la normativa vigente.<\/strong> &#8220;<strong>Alguien tiene que poner un l\u00edmite y ese es el Estado<\/strong>. Estamos pidiendo que la ley sea de orden p\u00fablico para que esos l\u00edmites se cumplan\u201d, explic\u00f3.<\/p>\n<p class=\"com-paragraph   --s\">En tanto que la propuesta del ruralismo busca <strong>equilibrar el reconocimiento<\/strong> de la propiedad intelectual con el uso propio. El esquema plantea que<strong> el productor pueda guardar semilla adquirida legalmente<\/strong> (como soja o trigo) pero pagando una retribuci\u00f3n acordada por hasta tres multiplicaciones,<strong> <\/strong>con la opci\u00f3n de cancelar ese monto desde el inicio al comprar la bolsa. Al mismo tiempo, introduce <strong>un umbral de hasta 500 hect\u00e1reas con uso propio gratuito<\/strong> durante tres campa\u00f1as y un sistema \u201c<strong>incremental<\/strong>\u201d, donde si se ampl\u00eda la superficie sembrada m\u00e1s all\u00e1 de la original, solo se paga por ese excedente.<\/p>\n<div data-fusion-lazy-id=\"f0f2aQl9N0Nc5yq\"><\/div>\n<div data-fusion-lazy-id=\"f0fGQeo7N0Nc5He\"><\/div>\n<div class=\"ln-banner-container --caja5_mob\">\n<div id=\"caja5_mob\" class=\"ln-banner\" data-slot-group=\"nota\" data-device=\"mobile\" data-subscription=\"false\" data-ad-unit-path=\"\/133919216\/campo_mobile\/Nota\/caja5_mob\" data-targeting='{\"sitio\":\"lanacion\",\"seccion\":\"nota\"}' data-without-hide=\"true\" data-size='[[320,100],[300,250],[1,1],[\" fluid\"]]' data-sizemap=\"[]\" data-prebid-enabled=\"true\"><\/div>\n<\/div>\n<div data-fusion-lazy-id=\"f0fSc0ngN0Nc5KL\">\n<div><\/div>\n<\/div>\n<div class=\"ln-banner-container --middle_3_dsk\">\n<div id=\"middle_3_dsk\" class=\"ln-banner\" data-slot-group=\"nota\" data-device=\"desktop\" data-subscription=\"true\" data-ad-unit-path=\"\/133919216\/campo_desktop\/Nota\/middle_3_dsk\" data-targeting='{\"sitio\":\"lanacion\",\"seccion\":\"nota\"}' data-without-hide=\"true\" data-size=\"[[1,1],[728,90],[640,360],[728,360]]\" data-sizemap=\"[]\" data-prebid-enabled=\"true\"><\/div>\n<\/div>\n<\/div>\n","protected":false},"excerpt":{"rendered":"<p>El Gobierno convoc\u00f3 a la Mesa de Enlace a una reuni\u00f3n el pr\u00f3ximo lunes para presentar a los dirigentes un documento sobre el proyecto de ley que busca impulsar en el Congreso por la adhesi\u00f3n al tratado internacional UPOV-91 y la actualizaci\u00f3n de la propiedad intelectual en semillas. En marzo pasado, las entidades rurales acercaron [&hellip;]<\/p>\n","protected":false},"author":1,"featured_media":7990,"comment_status":"open","ping_status":"open","sticky":false,"template":"","format":"standard","meta":{"footnotes":""},"categories":[1],"tags":[],"class_list":["post-7989","post","type-post","status-publish","format-standard","has-post-thumbnail","hentry","category-uncategorized"],"_links":{"self":[{"href":"https:\/\/cliente1.publisher.highstack.com.ar\/index.php?rest_route=\/wp\/v2\/posts\/7989","targetHints":{"allow":["GET"]}}],"collection":[{"href":"https:\/\/cliente1.publisher.highstack.com.ar\/index.php?rest_route=\/wp\/v2\/posts"}],"about":[{"href":"https:\/\/cliente1.publisher.highstack.com.ar\/index.php?rest_route=\/wp\/v2\/types\/post"}],"author":[{"embeddable":true,"href":"https:\/\/cliente1.publisher.highstack.com.ar\/index.php?rest_route=\/wp\/v2\/users\/1"}],"replies":[{"embeddable":true,"href":"https:\/\/cliente1.publisher.highstack.com.ar\/index.php?rest_route=%2Fwp%2Fv2%2Fcomments&post=7989"}],"version-history":[{"count":0,"href":"https:\/\/cliente1.publisher.highstack.com.ar\/index.php?rest_route=\/wp\/v2\/posts\/7989\/revisions"}],"wp:featuredmedia":[{"embeddable":true,"href":"https:\/\/cliente1.publisher.highstack.com.ar\/index.php?rest_route=\/wp\/v2\/media\/7990"}],"wp:attachment":[{"href":"https:\/\/cliente1.publisher.highstack.com.ar\/index.php?rest_route=%2Fwp%2Fv2%2Fmedia&parent=7989"}],"wp:term":[{"taxonomy":"category","embeddable":true,"href":"https:\/\/cliente1.publisher.highstack.com.ar\/index.php?rest_route=%2Fwp%2Fv2%2Fcategories&post=7989"},{"taxonomy":"post_tag","embeddable":true,"href":"https:\/\/cliente1.publisher.highstack.com.ar\/index.php?rest_route=%2Fwp%2Fv2%2Ftags&post=7989"}],"curies":[{"name":"wp","href":"https:\/\/api.w.org\/{rel}","templated":true}]}}