{"id":25300,"date":"2026-09-06T17:09:54","date_gmt":"2026-09-06T20:09:54","guid":{"rendered":"https:\/\/cliente1.publisher.highstack.com.ar\/?p=25300"},"modified":"2026-09-06T17:09:54","modified_gmt":"2026-09-06T20:09:54","slug":"dos-personas-murieron-y-otra-resulto-gravemente-herida-en-un-choque-multiple-en-rio-negro","status":"publish","type":"post","link":"https:\/\/cliente1.publisher.highstack.com.ar\/?p=25300","title":{"rendered":"Dos personas murieron y otra result\u00f3 gravemente herida en un choque m\u00faltiple en R\u00edo Negro"},"content":{"rendered":"<p><\/p>\n<div>\n<p>El choque m\u00faltiple registrado este s\u00e1bado en el kil\u00f3metro 158 de la Ruta Nacional 251, cerca de General Conesa, en R\u00edo Negro, provoc\u00f3 la muerte de dos personas y dej\u00f3 a una tercera gravemente herida. En el siniestro estuvieron involucrados tres veh\u00edculos. <\/p>\n<p><!-- is a <br \/>--><\/p>\n<p>\u00a0<\/p>\n<p><!-- is a <br \/>--><\/p>\n<p>Tras el impacto, el herido fue trasladado de urgencia al Hospital de General Conesa, mientras que las dos v\u00edctimas murieron en el lugar.  <\/p>\n<p><!-- is a <br \/>--><\/p>\n<p><!-- is a object --><br \/>\n<!-- embed start --><\/p>\n<figure class=\"embed\">\n<p>    <img decoding=\"async\" src=\"https:\/\/elonce-media.elonce.com\/fotos\/2026\/09\/06\/e_1788723603_999.webp\" loading=\"lazy\" width=\"600\" height=\"400\" alt=\"\"\/><\/p>\n<\/figure>\n<p><!-- embed end --><br \/>\n<!-- end object --><\/p>\n<p>Equipos sanitarios, efectivos de la Polic\u00eda de Tr\u00e1nsito y bomberos trabajaron durante varias horas en el sector para asistir a las v\u00edctimas, ordenar la circulaci\u00f3n y preservar la escena donde se realizaron las primeras pericias. <\/p>\n<p><!-- is a <br \/>--><\/p>\n<p><!-- is a object --><br \/>\n<!-- embed start --><!-- embed end --><br \/>\n<!-- end object --><\/p>\n<p><!-- is a object --><\/p>\n<h2>Investigan c\u00f3mo se produjo el choque<\/h2>\n<p><!-- end object --><\/p>\n<p>\u00a0<\/p>\n<p><!-- is a <br \/>--><\/p>\n<p>De acuerdo con la informaci\u00f3n preliminar, en el accidente estuvieron involucrados <b>un cami\u00f3n, una camioneta Ford Ranger y un autom\u00f3vil Nissan<\/b>. La mec\u00e1nica del hecho todav\u00eda no hab\u00eda sido establecida y permanec\u00eda bajo investigaci\u00f3n. <\/p>\n<p><!-- is a <br \/>--><\/p>\n<p><!-- is a object --><br \/>\n<!-- embed start --><\/p>\n<figure class=\"embed\">\n<p>    <img decoding=\"async\" src=\"https:\/\/elonce-media.elonce.com\/fotos\/2026\/09\/06\/e_1788723603_56968.webp\" loading=\"lazy\" width=\"600\" height=\"400\" alt=\"\"\/><\/p>\n<\/figure>\n<p><!-- embed end --><br \/>\n<!-- end object --><\/p>\n<p>Fuentes policiales se\u00f1alaron inicialmente que el conductor de la camioneta habr\u00eda impactado contra el cami\u00f3n en el tramo situado a unos 157 kil\u00f3metros al noroeste de Viedma. Sin embargo, esa hip\u00f3tesis deber\u00e1 ser corroborada mediante las pericias accidentol\u00f3gicas. <\/p>\n<p><!-- is a <br \/>--><\/p>\n<p><!-- is a object --><br \/>\n<!-- embed start --><!-- embed end --><br \/>\n<!-- end object --><\/p>\n<p>El tercer veh\u00edculo involucrado, un autom\u00f3vil Nissan, habr\u00eda sufrido da\u00f1os menores en comparaci\u00f3n con los dem\u00e1s rodados. Los investigadores analizaban la trayectoria de cada unidad y las circunstancias que desencadenaron la colisi\u00f3n fatal. <\/p>\n<p><!-- is a <br \/>--><\/p>\n<p>\u00a0<\/p>\n<p><!-- is a <br \/>--><\/p>\n<p><!-- is a object --><\/p>\n<h2>La camioneta qued\u00f3 partida a la mitad<\/h2>\n<p><!-- end object --><\/p>\n<p>\u00a0<\/p>\n<p><!-- is a <br \/>--><\/p>\n<p>La violencia del impacto qued\u00f3 reflejada en el estado de la camioneta, que termin\u00f3 completamente destruida y partida a la mitad. Las im\u00e1genes difundidas por medios locales mostraron restos del veh\u00edculo esparcidos sobre la calzada y sus alrededores. <\/p>\n<p><!-- is a <br \/>--><\/p>\n<p><!-- is a object --><br \/>\n<!-- embed start --><!-- embed end --><br \/>\n<!-- end object --><\/p>\n<p><!-- is a object --><br \/>\n<!-- embed start --><\/p>\n<figure class=\"embed\">\n<p>    <img decoding=\"async\" src=\"https:\/\/elonce-media.elonce.com\/fotos\/2026\/09\/06\/e_1788723603_285.webp\" loading=\"lazy\" width=\"600\" height=\"400\" alt=\"\"\/><\/p>\n<\/figure>\n<p><!-- embed end --><br \/>\n<!-- end object --><\/p>\n<p>Durante las tareas de emergencia, las autoridades solicitaron a quienes transitaban por la Ruta Nacional 251 que circularan con extrema precauci\u00f3n. La circulaci\u00f3n estuvo condicionada por el operativo desplegado en la zona.<\/p>\n<\/p><\/div>\n","protected":false},"excerpt":{"rendered":"<p>El choque m\u00faltiple registrado este s\u00e1bado en el kil\u00f3metro 158 de la Ruta Nacional 251, cerca de General Conesa, en R\u00edo Negro, provoc\u00f3 la muerte de dos personas y dej\u00f3 a una tercera gravemente herida. En el siniestro estuvieron involucrados tres veh\u00edculos. \u00a0 Tras el impacto, el herido fue trasladado de urgencia al Hospital de [&hellip;]<\/p>\n","protected":false},"author":1,"featured_media":25301,"comment_status":"open","ping_status":"open","sticky":false,"template":"","format":"standard","meta":{"footnotes":""},"categories":[1],"tags":[],"class_list":["post-25300","post","type-post","status-publish","format-standard","has-post-thumbnail","hentry","category-uncategorized"],"_links":{"self":[{"href":"https:\/\/cliente1.publisher.highstack.com.ar\/index.php?rest_route=\/wp\/v2\/posts\/25300","targetHints":{"allow":["GET"]}}],"collection":[{"href":"https:\/\/cliente1.publisher.highstack.com.ar\/index.php?rest_route=\/wp\/v2\/posts"}],"about":[{"href":"https:\/\/cliente1.publisher.highstack.com.ar\/index.php?rest_route=\/wp\/v2\/types\/post"}],"author":[{"embeddable":true,"href":"https:\/\/cliente1.publisher.highstack.com.ar\/index.php?rest_route=\/wp\/v2\/users\/1"}],"replies":[{"embeddable":true,"href":"https:\/\/cliente1.publisher.highstack.com.ar\/index.php?rest_route=%2Fwp%2Fv2%2Fcomments&post=25300"}],"version-history":[{"count":0,"href":"https:\/\/cliente1.publisher.highstack.com.ar\/index.php?rest_route=\/wp\/v2\/posts\/25300\/revisions"}],"wp:featuredmedia":[{"embeddable":true,"href":"https:\/\/cliente1.publisher.highstack.com.ar\/index.php?rest_route=\/wp\/v2\/media\/25301"}],"wp:attachment":[{"href":"https:\/\/cliente1.publisher.highstack.com.ar\/index.php?rest_route=%2Fwp%2Fv2%2Fmedia&parent=25300"}],"wp:term":[{"taxonomy":"category","embeddable":true,"href":"https:\/\/cliente1.publisher.highstack.com.ar\/index.php?rest_route=%2Fwp%2Fv2%2Fcategories&post=25300"},{"taxonomy":"post_tag","embeddable":true,"href":"https:\/\/cliente1.publisher.highstack.com.ar\/index.php?rest_route=%2Fwp%2Fv2%2Ftags&post=25300"}],"curies":[{"name":"wp","href":"https:\/\/api.w.org\/{rel}","templated":true}]}}