{"id":25298,"date":"2026-09-06T17:06:34","date_gmt":"2026-09-06T20:06:34","guid":{"rendered":"https:\/\/cliente1.publisher.highstack.com.ar\/?p=25298"},"modified":"2026-09-06T17:06:34","modified_gmt":"2026-09-06T20:06:34","slug":"el-gobierno-descarta-sumar-a-la-ucr-a-la-mesa-con-el-pro-pero-busca-acuerdos-con-el-ala-dialoguista","status":"publish","type":"post","link":"https:\/\/cliente1.publisher.highstack.com.ar\/?p=25298","title":{"rendered":"El Gobierno descarta sumar a la UCR a la mesa con el PRO, pero busca acuerdos con el ala dialoguista"},"content":{"rendered":"<div>\n<div class=\"visual__image image-initial-width\"><picture><source srcset=\"https:\/\/www.infobae.com\/resizer\/v2\/ST4FTMQPANAXHEUVGGGI3I6ORI.png?auth=560195af04a1a5a38cc749af5e8e205015f7c2b1a17a466c94dbc4968f1886c0&amp;smart=true&amp;width=992&amp;height=554&amp;quality=85\" media=\"(min-width: 1000px)\"\/><source srcset=\"https:\/\/www.infobae.com\/resizer\/v2\/ST4FTMQPANAXHEUVGGGI3I6ORI.png?auth=560195af04a1a5a38cc749af5e8e205015f7c2b1a17a466c94dbc4968f1886c0&amp;smart=true&amp;width=768&amp;height=429&amp;quality=85\" media=\"(min-width: 768px)\"\/><source srcset=\"https:\/\/www.infobae.com\/resizer\/v2\/ST4FTMQPANAXHEUVGGGI3I6ORI.png?auth=560195af04a1a5a38cc749af5e8e205015f7c2b1a17a466c94dbc4968f1886c0&amp;smart=true&amp;width=577&amp;height=322&amp;quality=85\" media=\"(min-width: 580px)\"\/><source srcset=\"https:\/\/www.infobae.com\/resizer\/v2\/ST4FTMQPANAXHEUVGGGI3I6ORI.png?auth=560195af04a1a5a38cc749af5e8e205015f7c2b1a17a466c94dbc4968f1886c0&amp;smart=true&amp;width=420&amp;height=235&amp;quality=85\" media=\"(min-width: 350px)\"\/><source srcset=\"https:\/\/www.infobae.com\/resizer\/v2\/ST4FTMQPANAXHEUVGGGI3I6ORI.png?auth=560195af04a1a5a38cc749af5e8e205015f7c2b1a17a466c94dbc4968f1886c0&amp;smart=true&amp;width=350&amp;height=195&amp;quality=85\" media=\"(min-width: 80px)\"\/><\/picture><\/div>\n<div class=\"sharebar-container display_flex sharebar-new\" style=\"opacity:1\">\n<p><span class=\"sharebar-article-date\">06 Sep, 2026 03:27 p. m. EST<\/span><\/p>\n<\/div>\n<p class=\"paragraph\" data-paragraph-number=\"1\">Con la reelecci\u00f3n del presidente <b>Javier Milei<\/b> como prioridad, el Gobierno trabaja en ampliar las alianzas en clave electoral, pero <b>descarta sumar formalmente a la Uni\u00f3n C\u00edvica Radical (UCR) como partido<\/b> a la mesa t\u00e9cnica que mantiene con referentes del PRO para discutir potenciales acuerdos rumbo a las presidenciales de 2027. Sin embargo, en el oficialismo aseguran que <b>mantienen conversaciones \u201cde manera individual\u201d con dirigentes radicales<\/b>, en particular con aquellos que integran el ala dialoguista del espacio. <\/p>\n<p class=\"paragraph\" data-paragraph-number=\"2\">En paralelo a <a rel=\"noopener\" href=\"\" target=\"_blank\" title=\"\">las reuniones<\/a> que mantienen los primos Menem con <b>Diego Santilli<\/b> y los diputados del PRO <b>Cristian Ritondo<\/b> y <b>Fernando De Andreis<\/b>, La Libertad Avanza tiende puentes con dirigentes radicales alineados con la Casa Rosada. El principal impedimento para sumar a la UCR como estructura partidaria es el sector que conduce el senador <b>Mart\u00edn Lousteau<\/b>, uno de los dirigentes m\u00e1s cr\u00edticos de las pol\u00edticas de gesti\u00f3n.<\/p>\n<p class=\"paragraph\" data-paragraph-number=\"3\"><b>\u201cCon la UCR como partido es dif\u00edcil porque tambi\u00e9n contempla a los que responden a Lousteau\u201d<\/b>, explic\u00f3 una voz del armado. \u201cNo lo veo viable. Aunque haya conversaciones individuales, <b>hay sectores del propio partido que no quieren cerrar con nosotros<\/b>\u201d, argument\u00f3 una importante fuente con acceso al despacho presidencial. <\/p>\n<p class=\"paragraph\" data-paragraph-number=\"4\">En los \u00faltimos d\u00edas, el titular de la UCR, <b>Leonel Chiarella<\/b>, anunci\u00f3 la construcci\u00f3n de una alternativa nacional \u201ca la grieta\u201d durante una gira por la Patagonia. \u201cCuando no se roba y no hay corrupci\u00f3n en el Estado, las cosas pueden ser mucho mejor y eso lo demostramos en cada una de nuestras gestiones con honestidad y coraje como nos ense\u00f1aron Arturo Illia y Ra\u00fal Alfons\u00edn. <b>Por eso, Argentina necesita que construyamos una propuesta alternativa a la grieta<\/b>\u201d, sentenci\u00f3.<\/p>\n<div class=\"visual__image\"><picture><source srcset=\"https:\/\/www.infobae.com\/resizer\/v2\/GSG5OU4VUNA7BIHUIY5YDZPIBY.jpeg?auth=0840cf65bc66d4bed51e7ed082537e9332d94d4f22e5b92f8df018242b4c9ef6&amp;smart=true&amp;width=992&amp;height=661&amp;quality=85\" media=\"(min-width: 1000px)\"\/><source srcset=\"https:\/\/www.infobae.com\/resizer\/v2\/GSG5OU4VUNA7BIHUIY5YDZPIBY.jpeg?auth=0840cf65bc66d4bed51e7ed082537e9332d94d4f22e5b92f8df018242b4c9ef6&amp;smart=true&amp;width=768&amp;height=512&amp;quality=85\" media=\"(min-width: 768px)\"\/><source srcset=\"https:\/\/www.infobae.com\/resizer\/v2\/GSG5OU4VUNA7BIHUIY5YDZPIBY.jpeg?auth=0840cf65bc66d4bed51e7ed082537e9332d94d4f22e5b92f8df018242b4c9ef6&amp;smart=true&amp;width=577&amp;height=385&amp;quality=85\" media=\"(min-width: 580px)\"\/><source srcset=\"https:\/\/www.infobae.com\/resizer\/v2\/GSG5OU4VUNA7BIHUIY5YDZPIBY.jpeg?auth=0840cf65bc66d4bed51e7ed082537e9332d94d4f22e5b92f8df018242b4c9ef6&amp;smart=true&amp;width=420&amp;height=280&amp;quality=85\" media=\"(min-width: 350px)\"\/><source srcset=\"https:\/\/www.infobae.com\/resizer\/v2\/GSG5OU4VUNA7BIHUIY5YDZPIBY.jpeg?auth=0840cf65bc66d4bed51e7ed082537e9332d94d4f22e5b92f8df018242b4c9ef6&amp;smart=true&amp;width=350&amp;height=233&amp;quality=85\" media=\"(min-width: 80px)\"\/><img alt=\"El presidente de la UCR Leonel Chiarella junto al intendente de Trelew Gerardo Merino\" class=\"global-image\" decoding=\"async\" fetchpriority=\"low\" height=\"1280\" loading=\"lazy\" src=\"https:\/\/www.infobae.com\/resizer\/v2\/GSG5OU4VUNA7BIHUIY5YDZPIBY.jpeg?auth=0840cf65bc66d4bed51e7ed082537e9332d94d4f22e5b92f8df018242b4c9ef6&amp;smart=true&amp;width=350&amp;height=233&amp;quality=85\" width=\"1920\"\/><\/picture><\/div>\n<p class=\"paragraph\" data-paragraph-number=\"5\">\u201c\u00bfLa grieta? Volvemos a los mismos t\u00e9rminos de siempre. <b>Ya est\u00e1 todo inventado, pero tienen derecho a querer presentar alternativas.<\/b> Tenemos di\u00e1logo con todos, pero vamos a tener en cuenta a todos los que coincidan\u201c, respondi\u00f3 un funcionario ante este medio tras el lanzamiento del Chiarella. <\/p>\n<p class=\"paragraph\" data-paragraph-number=\"6\">Pese a las diferencias con <b>Lousteau<\/b>, la administraci\u00f3n libertaria mantiene di\u00e1logo directo con dirigentes como los exdiputados <b>Rodrigo De Loredo<\/b> y <b>Mart\u00edn Berhongaray<\/b>, los senadores <b>Daniel Kroneberger<\/b> y Maximiliano Abad. Tambi\u00e9n gobernadores del espacio, entre ellos <b>Alfredo Cornejo<\/b> (Mendoza) y <b>Leandro Zdero<\/b> (Chaco).<\/p>\n<p class=\"paragraph\" data-paragraph-number=\"7\">Si bien los libertarios evitan dar precisiones sobre los potenciales acuerdos y argumentan que a\u00fan faltan meses para las elecciones de 2027, <b>Zdero y Cornejo son dos de los cinco gobernadores radicales con los que el oficialismo considera posible avanzar en un entendimiento electoral<\/b>. <\/p>\n<p class=\"paragraph\" data-paragraph-number=\"8\">Distinta es la situaci\u00f3n de <b>Maximiliano Pullaro<\/b> (Santa Fe), <b>Juan Pablo Vald\u00e9s<\/b> (Corrientes) y <b>Carlos Sadir<\/b> (Jujuy). A pesar de la buena sinton\u00eda existente, tanto Pullaro como Sadir no ven viable un acuerdo con el sello que fund\u00f3 el libertario y, en su lugar, podr\u00edan habilitar una conversaci\u00f3n para establecer las condiciones de lo que definen como una <b>\u201cconfrontaci\u00f3n acordada\u201d<\/b>.<\/p>\n<div class=\"visual__image\"><picture><source srcset=\"https:\/\/www.infobae.com\/resizer\/v2\/R4VNOJGZGNAPRFX5B4Z7IW5RUM.jpg?auth=0fb23ba0fc9451473ff3c0c525518630407f89a16e4e9977088ac15f5a5ae788&amp;smart=true&amp;width=992&amp;height=661&amp;quality=85\" media=\"(min-width: 1000px)\"\/><source srcset=\"https:\/\/www.infobae.com\/resizer\/v2\/R4VNOJGZGNAPRFX5B4Z7IW5RUM.jpg?auth=0fb23ba0fc9451473ff3c0c525518630407f89a16e4e9977088ac15f5a5ae788&amp;smart=true&amp;width=768&amp;height=512&amp;quality=85\" media=\"(min-width: 768px)\"\/><source srcset=\"https:\/\/www.infobae.com\/resizer\/v2\/R4VNOJGZGNAPRFX5B4Z7IW5RUM.jpg?auth=0fb23ba0fc9451473ff3c0c525518630407f89a16e4e9977088ac15f5a5ae788&amp;smart=true&amp;width=577&amp;height=385&amp;quality=85\" media=\"(min-width: 580px)\"\/><source srcset=\"https:\/\/www.infobae.com\/resizer\/v2\/R4VNOJGZGNAPRFX5B4Z7IW5RUM.jpg?auth=0fb23ba0fc9451473ff3c0c525518630407f89a16e4e9977088ac15f5a5ae788&amp;smart=true&amp;width=420&amp;height=280&amp;quality=85\" media=\"(min-width: 350px)\"\/><source srcset=\"https:\/\/www.infobae.com\/resizer\/v2\/R4VNOJGZGNAPRFX5B4Z7IW5RUM.jpg?auth=0fb23ba0fc9451473ff3c0c525518630407f89a16e4e9977088ac15f5a5ae788&amp;smart=true&amp;width=350&amp;height=233&amp;quality=85\" media=\"(min-width: 80px)\"\/><img alt=\"La secretaria general de la Presidencia, Karina Milei, junto a la mesa electoral con los gobernadores Alfredo Cornejo y Rogelio Frigerio\" class=\"global-image\" decoding=\"async\" fetchpriority=\"low\" height=\"853\" loading=\"lazy\" src=\"https:\/\/www.infobae.com\/resizer\/v2\/R4VNOJGZGNAPRFX5B4Z7IW5RUM.jpg?auth=0fb23ba0fc9451473ff3c0c525518630407f89a16e4e9977088ac15f5a5ae788&amp;smart=true&amp;width=350&amp;height=233&amp;quality=85\" width=\"1280\"\/><\/picture><\/div>\n<p class=\"paragraph\" data-paragraph-number=\"9\"><b>Con los hermanos Vald\u00e9s, el v\u00ednculo es m\u00e1s complejo.<\/b> En las legislativas de 2025, el oficialismo se encaminaba a cerrar un acuerdo conjunto para competir en la provincia, pero a \u00faltimo momento los hermanos rechazaron la posibilidad y decidieron competir con listas separadas.<\/p>\n<p class=\"paragraph\" data-paragraph-number=\"10\">En esa l\u00ednea, el senador radical <b>Gustavo Vald\u00e9s<\/b> admiti\u00f3 que a\u00fan no hay canales de di\u00e1logo abiertos con el espacio del mandatario. \u201cTodav\u00eda no tenemos di\u00e1logo pol\u00edtico con <b>La Libertad Avanza<\/b>. Tuve s\u00ed un cambio de sinton\u00eda a partir de que el jefe de Gabinete es <b>Diego Santilli<\/b>, quien es un hombre que conozco hace muchos a\u00f1os, con quien tenemos muy buena relaci\u00f3n y por ah\u00ed tenemos di\u00e1logo\u201d, expres\u00f3.<\/p>\n<p class=\"paragraph\" data-paragraph-number=\"11\">En medio de la decisi\u00f3n del Gobierno de habilitar el debate sobre la reforma electoral, <b>Zdero dio una muestra de sinton\u00eda con el Poder Ejecutivo<\/b> luego de que la Legislatura de Chaco aprobara la suspensi\u00f3n de las elecciones <b>primarias, abiertas, simult\u00e1neas y obligatorias (PASO)<\/b>. La iniciativa fue recibida con optimismo en Balcarce 50, donde se entusiasman con la posibilidad de avanzar en una discusi\u00f3n que comenzar\u00e1 el pr\u00f3ximo <b>15 de septiembre<\/b> en el Senado, como anticip\u00f3 este medio.<\/p>\n<\/div>\n<p><script defer>try{!function(f,b,e,v,n,t,s) {if(f.fbq)return;n=f.fbq=function(){n.callMethod? n.callMethod.apply(n,arguments):n.queue.push(arguments)}; if(!f._fbq)f._fbq=n;n.push=n;n.loaded=!0;n.version='2.0'; n.queue=[];t=b.createElement(e);t.async=!0; t.src=v;s=b.getElementsByTagName(e)[0]; s.parentNode.insertBefore(t,s)}(window, document,'script', ' fbq('init', '336383993555320'); fbq('track', 'PageView'); fbq('track', 'ViewContent');}catch(error){console.log(\"Error al inicializar facebookPixelRawCodeScript:\",error);}<\/script><\/p>\n","protected":false},"excerpt":{"rendered":"<p>06 Sep, 2026 03:27 p. m. EST Con la reelecci\u00f3n del presidente Javier Milei como prioridad, el Gobierno trabaja en ampliar las alianzas en clave electoral, pero descarta sumar formalmente a la Uni\u00f3n C\u00edvica Radical (UCR) como partido a la mesa t\u00e9cnica que mantiene con referentes del PRO para discutir potenciales acuerdos rumbo a las [&hellip;]<\/p>\n","protected":false},"author":1,"featured_media":25299,"comment_status":"open","ping_status":"open","sticky":false,"template":"","format":"standard","meta":{"footnotes":""},"categories":[1],"tags":[3],"class_list":["post-25298","post","type-post","status-publish","format-standard","has-post-thumbnail","hentry","category-uncategorized","tag-rogelio-frigerio"],"_links":{"self":[{"href":"https:\/\/cliente1.publisher.highstack.com.ar\/index.php?rest_route=\/wp\/v2\/posts\/25298","targetHints":{"allow":["GET"]}}],"collection":[{"href":"https:\/\/cliente1.publisher.highstack.com.ar\/index.php?rest_route=\/wp\/v2\/posts"}],"about":[{"href":"https:\/\/cliente1.publisher.highstack.com.ar\/index.php?rest_route=\/wp\/v2\/types\/post"}],"author":[{"embeddable":true,"href":"https:\/\/cliente1.publisher.highstack.com.ar\/index.php?rest_route=\/wp\/v2\/users\/1"}],"replies":[{"embeddable":true,"href":"https:\/\/cliente1.publisher.highstack.com.ar\/index.php?rest_route=%2Fwp%2Fv2%2Fcomments&post=25298"}],"version-history":[{"count":0,"href":"https:\/\/cliente1.publisher.highstack.com.ar\/index.php?rest_route=\/wp\/v2\/posts\/25298\/revisions"}],"wp:featuredmedia":[{"embeddable":true,"href":"https:\/\/cliente1.publisher.highstack.com.ar\/index.php?rest_route=\/wp\/v2\/media\/25299"}],"wp:attachment":[{"href":"https:\/\/cliente1.publisher.highstack.com.ar\/index.php?rest_route=%2Fwp%2Fv2%2Fmedia&parent=25298"}],"wp:term":[{"taxonomy":"category","embeddable":true,"href":"https:\/\/cliente1.publisher.highstack.com.ar\/index.php?rest_route=%2Fwp%2Fv2%2Fcategories&post=25298"},{"taxonomy":"post_tag","embeddable":true,"href":"https:\/\/cliente1.publisher.highstack.com.ar\/index.php?rest_route=%2Fwp%2Fv2%2Ftags&post=25298"}],"curies":[{"name":"wp","href":"https:\/\/api.w.org\/{rel}","templated":true}]}}