{"id":25290,"date":"2026-09-06T15:23:30","date_gmt":"2026-09-06T18:23:30","guid":{"rendered":"https:\/\/cliente1.publisher.highstack.com.ar\/?p=25290"},"modified":"2026-09-06T15:23:30","modified_gmt":"2026-09-06T18:23:30","slug":"nacionalismo-inmigracion-y-seguridad-afd-el-partido-aleman-de-ultraderecha-que-busca-romper-con-europa","status":"publish","type":"post","link":"https:\/\/cliente1.publisher.highstack.com.ar\/?p=25290","title":{"rendered":"Nacionalismo, inmigraci\u00f3n y seguridad: AfD, el partido alem\u00e1n de ultraderecha que busca romper con Europa"},"content":{"rendered":"<div id=\"\">\n<p id=\"p-1788717728047-9685\" class=\"\">La <strong><a href=\"https:\/\/www.lanacion.com.ar\/agencias\/los-emmy-podrian-dar-muchos-premios-a-the-pitt-hacks-y-pluribus-bad-bunny-ya-es-ganador-nid06092026\/\" target=\"_blank\" rel=\"follow\">Alternativa para Alemania (AfD)<\/a><\/strong> naci\u00f3 en 2013 como una fuerza de derecha euroesc\u00e9ptica, pero con el paso de los a\u00f1os fue desplazando su eje hacia posiciones cada vez m\u00e1s duras en materia de inmigraci\u00f3n, identidad nacional, seguridad y pol\u00edtica europea. Hoy es considerada una formaci\u00f3n de extrema derecha y su avance electoral volvi\u00f3 a colocarla en el centro de la pol\u00edtica alemana.<\/p>\n<\/div>\n<div id=\"\">\n<p id=\"p-1788717728047-76615\" class=\"\">El crecimiento de AfD qued\u00f3 nuevamente expuesto en las elecciones regionales de Sajonia-Anhalt, donde los sondeos a pie de urna le atribuyeron alrededor del 44% de los votos. Una eventual llegada al gobierno regional ser\u00eda hist\u00f3rica: ning\u00fan partido de extrema derecha ha gobernado un estado alem\u00e1n desde el final de la Segunda Guerra Mundial.<\/p>\n<\/div>\n<div id=\"\">\n<h2 id=\"p-1788717728048-47256\"> Qu\u00e9 es AfD<\/h2>\n<p id=\"p-1788717728048-37648\" class=\"\">AfD significa <strong>Alternative f\u00fcr Deutschland (Alternativa para Alemania)<\/strong>. Fue fundada en 2013 inicialmente como una fuerza contraria al euro y a los rescates financieros europeos durante la crisis de deuda. Con el tiempo, la inmigraci\u00f3n, el rechazo a determinadas pol\u00edticas de la Uni\u00f3n Europea y el nacionalismo fueron ganando peso dentro de su discurso.<\/p>\n<\/div>\n<div id=\"\">\n<p id=\"p-1788717728048-40997\" class=\"\">El partido atraves\u00f3 una transformaci\u00f3n ideol\u00f3gica. AfD pas\u00f3 de ser un partido democr\u00e1tico de derechas con una minor\u00eda de extrema derecha a convertirse en un partido de extrema derecha con una minor\u00eda democr\u00e1tica de derechas.<\/p>\n<\/div>\n<div id=\"\">\n<div contenteditable=\"false\" class=\"embed_cont type_imagen\" id=\"8274597-Libre-1032213491_wrap\">\n<div id=\"8274597-Libre-1032213491_content\" class=\"embed_content\"><img src=\"https:\/\/media.ambito.com\/p\/c80073698d6eac86301744e7cc509260\/adjuntos\/239\/imagenes\/043\/625\/0043625485\/730x0\/466x368:486x388\/ulrich-siegmund-afd-alemania-ultraderecha.jpg\" decoding=\"async\" fetchpriority=\"low\" loading=\"lazy\" alt=\"Ulrich Siegmund, el l\u00edder que gan\u00f3 las elecciones regionales de Alta-Sajonia.\" title=\"Ulrich Siegmund, el l\u00edder que gan\u00f3 las elecciones regionales de Alta-Sajonia.\" width=\"730\" height=\"undefined\" id=\"8274597-Libre-1032213491_embed\"\/><\/div>\n<div class=\"embed_wrapper-cont\" id=\"p-1788718768432-44884\">\n<div id=\"8274597-Libre-1032213491_epigrafe\" class=\"embed_epigrafe\">\n<p>Ulrich Siegmund, el l\u00edder que gan\u00f3 las elecciones regionales de Alta-Sajonia.<\/p>\n<\/div><\/div>\n<\/p><\/div>\n<p id=\"p-1788717728048-19107\" class=\"\">En Alemania, adem\u00e1s, AfD se encuentra bajo observaci\u00f3n de la Oficina Federal para la Protecci\u00f3n de la Constituci\u00f3n por sospechas de extremismo de derecha. La discusi\u00f3n sobre su naturaleza ideol\u00f3gica es especialmente sensible en un pa\u00eds marcado por el pasado del nazismo.<\/p>\n<\/div>\n<div id=\"\">\n<h2 id=\"p-1788717728048-51945\">Inmigraci\u00f3n y deportaciones<\/h2>\n<p id=\"p-1788717728048-78076\" class=\"\">La inmigraci\u00f3n es uno de los principales ejes de AfD. El partido propone endurecer considerablemente el control de las fronteras, limitar el ingreso de migrantes y acelerar las deportaciones de personas que no tengan derecho a permanecer en Alemania. En su programa nacional tambi\u00e9n plantea reforzar el control de las fronteras exteriores de la Uni\u00f3n Europea y restringir el sistema de asilo.<\/p>\n<p id=\"p-1788717728048-18801\" class=\"\">En Sajonia-Anhalt, el programa de la formaci\u00f3n plantea una pol\u00edtica todav\u00eda m\u00e1s restrictiva, con una ofensiva para deportar migrantes y una revisi\u00f3n de la protecci\u00f3n otorgada a determinados refugiados, incluidos ucranianos.<\/p>\n<p id=\"p-1788717728048-88730\" class=\"\">El concepto de <strong>\u201cremigraci\u00f3n\u201d<\/strong> tambi\u00e9n ocupa un lugar central en sectores del partido. La palabra es particularmente controvertida en Alemania porque fue utilizada hist\u00f3ricamente por movimientos de extrema derecha y actualmente se asocia con proyectos de expulsi\u00f3n o retorno de personas de origen extranjero.<\/p>\n<h2 id=\"p-1788717728048-81115\">Nacionalismo e identidad alemana<\/h2>\n<p id=\"p-1788717728048-92995\" class=\"\">AfD coloca la identidad nacional en el centro de su propuesta pol\u00edtica. El partido reivindica una concepci\u00f3n m\u00e1s homog\u00e9nea de la sociedad alemana y cuestiona pol\u00edticas de integraci\u00f3n y multiculturalismo.<\/p>\n<p id=\"p-1788717728048-7209\" class=\"\">En Sajonia-Anhalt, por ejemplo, su programa propone reforzar contenidos vinculados con la historia y la identidad alemana en las escuelas, promover s\u00edmbolos nacionales y restringir determinados s\u00edmbolos asociados con movimientos LGBTIQ+ o expresiones religiosas en instituciones educativas.<\/p>\n<p id=\"p-1788717728048-47268\" class=\"\">Esta concepci\u00f3n de la naci\u00f3n es uno de los motivos por los que especialistas vinculan al partido con una corriente denominada <strong>\u201cv\u00f6lkisch\u201d<\/strong>, un concepto nacionalista que hist\u00f3ricamente estuvo asociado a una idea \u00e9tnica del pueblo alem\u00e1n y que precedi\u00f3 al nacionalsocialismo.<\/p>\n<h2 id=\"p-1788717728048-45674\">Contra el rumbo de la Uni\u00f3n Europea<\/h2>\n<p id=\"p-1788717728048-22265\" class=\"\">AfD mantiene una posici\u00f3n fuertemente cr\u00edtica hacia la Uni\u00f3n Europea. En su programa nacional sostiene que el bloque se convirti\u00f3 en una estructura excesivamente burocr\u00e1tica y reclama recuperar competencias para los Estados nacionales.<\/p>\n<p id=\"p-1788717728048-72504\" class=\"\">El partido fue creado originalmente alrededor de su rechazo al euro y, con el tiempo, sectores de AfD avanzaron hacia una posici\u00f3n mucho m\u00e1s radical sobre la integraci\u00f3n europea. En determinados sectores de la formaci\u00f3n se plantea incluso la posibilidad de que Alemania abandone la moneda com\u00fan y, en \u00faltima instancia, la propia Uni\u00f3n Europea.<\/p>\n<h2 id=\"p-1788717728048-56668\">Energ\u00eda y econom\u00eda<\/h2>\n<p id=\"p-1788717728048-1691\" class=\"\">En materia econ\u00f3mica, AfD combina una defensa del mercado y de la industria alemana con una fuerte cr\u00edtica a las pol\u00edticas clim\u00e1ticas de la Uni\u00f3n Europea.<\/p>\n<p id=\"p-1788717728048-95697\" class=\"\">La formaci\u00f3n reclama reducir impuestos y regulaciones, bajar los costos energ\u00e9ticos y eliminar la tasa sobre las emisiones de CO. Tambi\u00e9n propone recuperar la generaci\u00f3n nuclear y extender el uso de centrales de carb\u00f3n para garantizar una energ\u00eda m\u00e1s barata y estable para hogares y empresas.<\/p>\n<p id=\"p-1788717728048-75604\" class=\"\">El partido sostiene que las pol\u00edticas clim\u00e1ticas y el abandono de la energ\u00eda nuclear perjudicaron especialmente a la industria alemana y reclama priorizar la competitividad frente a los objetivos de transici\u00f3n energ\u00e9tica.<\/p>\n<h2 id=\"p-1788717728048-57393\">Familia y sociedad<\/h2>\n<p id=\"p-1788717728048-3682\" class=\"\">AfD tambi\u00e9n plantea un giro conservador en cuestiones sociales. Su discurso reivindica la familia tradicional y propone incentivos econ\u00f3micos para aumentar la natalidad alemana.<\/p>\n<p id=\"p-1788717728048-39511\" class=\"\">En Sajonia-Anhalt, la formaci\u00f3n propone beneficios para familias consideradas parte de la poblaci\u00f3n nativa y rechaza pol\u00edticas de inclusi\u00f3n de g\u00e9nero y determinadas prestaciones vinculadas con tratamientos de afirmaci\u00f3n de g\u00e9nero para menores.<\/p>\n<h2 id=\"p-1788717728048-90746\">Seguridad, cultura y medios<\/h2>\n<p id=\"p-1788717728048-60041\" class=\"\">El partido propone endurecer las pol\u00edticas de seguridad y reforzar las competencias del Estado frente al delito y la inmigraci\u00f3n irregular. Al mismo tiempo, cuestiona el funcionamiento de los medios p\u00fablicos alemanes y plantea una profunda reforma de la radiodifusi\u00f3n p\u00fablica.<\/p>\n<p id=\"p-1788717728048-11920\" class=\"\">En el plano cultural, AfD sostiene que el Estado debe recuperar un papel m\u00e1s activo en la defensa de la identidad y la cultura alemana. Sus cr\u00edticos consideran que varias de estas propuestas podr\u00edan afectar el pluralismo y los mecanismos de protecci\u00f3n democr\u00e1tica.<\/p>\n<\/div>\n<p><script>\n!function(f,b,e,v,n,t,s)\n{if(f.fbq)return;n=f.fbq=function(){n.callMethod?\nn.callMethod.apply(n,arguments):n.queue.push(arguments)};\nif(!f._fbq)f._fbq=n;n.push=n;n.loaded=!0;n.version='2.0';\nn.queue=[];t=b.createElement(e);t.async=!0;\nt.src=v;s=b.getElementsByTagName(e)[0];\ns.parentNode.insertBefore(t,s)}(window,document,'script',\n'\nfbq('init', '2047048335588113');\nfbq('track', 'PageView');\n<\/script><\/p>\n","protected":false},"excerpt":{"rendered":"<p>La Alternativa para Alemania (AfD) naci\u00f3 en 2013 como una fuerza de derecha euroesc\u00e9ptica, pero con el paso de los a\u00f1os fue desplazando su eje hacia posiciones cada vez m\u00e1s duras en materia de inmigraci\u00f3n, identidad nacional, seguridad y pol\u00edtica europea. Hoy es considerada una formaci\u00f3n de extrema derecha y su avance electoral volvi\u00f3 a [&hellip;]<\/p>\n","protected":false},"author":1,"featured_media":25291,"comment_status":"open","ping_status":"open","sticky":false,"template":"","format":"standard","meta":{"footnotes":""},"categories":[1],"tags":[],"class_list":["post-25290","post","type-post","status-publish","format-standard","has-post-thumbnail","hentry","category-uncategorized"],"_links":{"self":[{"href":"https:\/\/cliente1.publisher.highstack.com.ar\/index.php?rest_route=\/wp\/v2\/posts\/25290","targetHints":{"allow":["GET"]}}],"collection":[{"href":"https:\/\/cliente1.publisher.highstack.com.ar\/index.php?rest_route=\/wp\/v2\/posts"}],"about":[{"href":"https:\/\/cliente1.publisher.highstack.com.ar\/index.php?rest_route=\/wp\/v2\/types\/post"}],"author":[{"embeddable":true,"href":"https:\/\/cliente1.publisher.highstack.com.ar\/index.php?rest_route=\/wp\/v2\/users\/1"}],"replies":[{"embeddable":true,"href":"https:\/\/cliente1.publisher.highstack.com.ar\/index.php?rest_route=%2Fwp%2Fv2%2Fcomments&post=25290"}],"version-history":[{"count":0,"href":"https:\/\/cliente1.publisher.highstack.com.ar\/index.php?rest_route=\/wp\/v2\/posts\/25290\/revisions"}],"wp:featuredmedia":[{"embeddable":true,"href":"https:\/\/cliente1.publisher.highstack.com.ar\/index.php?rest_route=\/wp\/v2\/media\/25291"}],"wp:attachment":[{"href":"https:\/\/cliente1.publisher.highstack.com.ar\/index.php?rest_route=%2Fwp%2Fv2%2Fmedia&parent=25290"}],"wp:term":[{"taxonomy":"category","embeddable":true,"href":"https:\/\/cliente1.publisher.highstack.com.ar\/index.php?rest_route=%2Fwp%2Fv2%2Fcategories&post=25290"},{"taxonomy":"post_tag","embeddable":true,"href":"https:\/\/cliente1.publisher.highstack.com.ar\/index.php?rest_route=%2Fwp%2Fv2%2Ftags&post=25290"}],"curies":[{"name":"wp","href":"https:\/\/api.w.org\/{rel}","templated":true}]}}