{"id":25288,"date":"2026-09-06T14:50:20","date_gmt":"2026-09-06T17:50:20","guid":{"rendered":"https:\/\/cliente1.publisher.highstack.com.ar\/?p=25288"},"modified":"2026-09-06T14:50:20","modified_gmt":"2026-09-06T17:50:20","slug":"la-ultraderecha-da-el-golpe-en-alemania-con-una-victoria-historica-de-afd-en-elecciones-regionales","status":"publish","type":"post","link":"https:\/\/cliente1.publisher.highstack.com.ar\/?p=25288","title":{"rendered":"La ultraderecha da el golpe en Alemania con una victoria hist\u00f3rica de AfD en elecciones regionales"},"content":{"rendered":"<div id=\"\">\n<p id=\"p-1788716664282-10820\" class=\"\">La ultraderecha alemana logr\u00f3 este domingo<strong> una amplia victoria<\/strong> en el estado de Alta-Sajonia, una regi\u00f3n de la antigua Rep\u00fablica Democr\u00e1tica Alemana. Se trata de un paso in\u00e9dito en el pa\u00eds desde 1945. El resultado representa un avance sin precedentes para AfD a nivel regional.<\/p>\n<\/div>\n<div id=\"\">\n<p id=\"p-1788716717597-55489\" class=\"\">De confirmarse las proyecciones, el partido obtendr\u00eda 39 de los 83 esca\u00f1os del Parlamento regional y quedar\u00eda a solo tres bancas de la mayor\u00eda absoluta. En las elecciones de 2021 hab\u00eda conseguido un resultado considerablemente menor, por lo que el salto vuelve a poner en evidencia el crecimiento de la ultraderecha en el este de Alemania.<\/p>\n<\/div>\n<div id=\"\">\n<h2 id=\"p-1788716752042-16175\"> La ultraderecha gana con contundencia y desaf\u00eda a Merz en Alemania<\/h2>\n<p id=\"p-1788716782603-96406\">La regi\u00f3n, ubicada al este de Alemania y con unos 2,1 millones de habitantes, representa hasta ahora la oportunidad m\u00e1s concreta para que la AfD llegue al poder a nivel estatal. El resultado tambi\u00e9n ser\u00e1 seguido de cerca por el gobierno nacional, en un momento de fuerte malestar entre los votantes por la situaci\u00f3n econ\u00f3mica.<\/p>\n<\/div>\n<div id=\"\">\n<p id=\"p-1788716548092-27254\" class=\"\">El candidato de AfD en el estado, <strong>Ulrich Siegmund<\/strong>, celebr\u00f3 el resultado como un momento hist\u00f3rico y sostuvo que la formaci\u00f3n est\u00e1 cada vez m\u00e1s cerca de convertirse en una fuerza con capacidad de gobierno. La elecci\u00f3n tambi\u00e9n supone un duro golpe para la CDU, que sufri\u00f3 una fuerte ca\u00edda en su representaci\u00f3n y deber\u00e1 analizar ahora c\u00f3mo responder ante el avance de su principal rival por la derecha.<\/p>\n<\/div>\n<div id=\"\">\n<p id=\"p-1788716548092-63347\" class=\"\">La gran inc\u00f3gnita ser\u00e1 si AfD consigue formar gobierno. Aunque qued\u00f3 muy cerca de la mayor\u00eda absoluta, necesitar\u00eda apoyos para controlar el Parlamento regional. La CDU mantiene su rechazo a cualquier alianza con AfD, mientras que el partido de izquierda BSW, que ronda el umbral necesario para obtener representaci\u00f3n, podr\u00eda adquirir un papel decisivo en las negociaciones.<\/p>\n<\/div>\n<div id=\"\">\n<p id=\"p-1788716548092-15731\" class=\"\">El resultado se produce adem\u00e1s en un contexto de fuerte movilizaci\u00f3n electoral. La participaci\u00f3n alcanz\u00f3 el 65,3% a las 16, frente al 41% registrado a la misma hora en 2021, y termin\u00f3 superando el nivel de participaci\u00f3n total de aquella elecci\u00f3n. Los comicios fueron seguidos con especial atenci\u00f3n por el impacto que una eventual llegada de AfD al gobierno tendr\u00eda sobre el mapa pol\u00edtico alem\u00e1n.<\/p>\n<p id=\"p-1788716548092-98741\">El avance de AfD vuelve a tensionar el llamado \u201ccord\u00f3n sanitario\u201d que los principales partidos alemanes mantienen para impedir que la formaci\u00f3n ultraderechista llegue al poder. Una victoria de esta magnitud en Sajonia-Anhalt refuerza su posici\u00f3n de cara a las pr\u00f3ximas disputas electorales y supone un nuevo desaf\u00edo para el gobierno de Merz y para el sistema tradicional de alianzas de Alemania.<\/p>\n<h2 id=\"p-1788701312479-81668\">&#8220;Escribiremos historia&#8221;<\/h2>\n<p id=\"p-1788701312479-39784\">El candidato de la AfD para ocupar el cargo de gobernador, <strong>Ulrich Siegmund<\/strong>, asegur\u00f3<strong> durante la campa\u00f1a que \u201caqu\u00ed escribiremos historia\u201d<\/strong>. Sin embargo, el triunfo electoral no necesariamente garantizar\u00eda que pueda formar un gobierno. Para conseguirlo, la fuerza necesita alcanzar una mayor\u00eda absoluta en el Parlamento regional.<\/p>\n<p id=\"p-1788701312479-1334\">El principal obst\u00e1culo es el llamado<strong> \u201ccortafuegos\u201d<\/strong>, la pol\u00edtica de los partidos tradicionales de evitar acuerdos con la AfD. La rama regional de la formaci\u00f3n fue clasificada por los servicios de inteligencia internos como un grupo de ultraderecha, una decisi\u00f3n que reforz\u00f3 el rechazo de otras fuerzas a negociar con ella.<\/p>\n<p id=\"p-1788701312479-87349\">Los dirigentes nacionales de la AfD,<strong> Alice Weidel<\/strong> y <strong>Tino Chrupalla,<\/strong> defendieron la posibilidad de que el partido gobierne y plantearon la inmigraci\u00f3n como uno de los principales ejes de su campa\u00f1a. Ambos sostuvieron que una mayor\u00eda absoluta ser\u00eda <strong>\u201ccasi la \u00fanica oportunidad de cambiar de rumbo\u201d<\/strong>.<\/p>\n<h2 id=\"p-1788701924858-99179\">Merz advierte por el impacto de una victoria de la AfD<\/h2>\n<p id=\"p-1788701312479-65303\">Desde la Uni\u00f3n Dem\u00f3crata Cristiana (CDU), el canciller <strong>Friedrich Merz <\/strong>advirti\u00f3 sobre las <strong>consecuencias econ\u00f3micas <\/strong>de una eventual mayor\u00eda de la AfD. Seg\u00fan se\u00f1al\u00f3, una victoria de un<strong> \u201cpartido populista de derecha\u201d podr\u00eda generar dudas entre los inversores internacionales a la hora de apostar por Sajonia-Anhalt<\/strong>.<\/p>\n<p id=\"p-1788701312479-19417\">El actual gobernador, <strong>Sven Schulze<\/strong>,<strong> pertenece a la CDU y descart\u00f3 trabajar con la AfD<\/strong>. Si la formaci\u00f3n de extrema derecha consigue el primer lugar pero no alcanza la mayor\u00eda absoluta, Schulze podr\u00eda intentar formar una alianza con otros partidos. Ese escenario, sin embargo, tambi\u00e9n presenta dificultades debido a la negativa de la CDU a pactar con la izquierda.<\/p>\n<p id=\"p-1788701312479-82649\">La jornada electoral ser\u00e1 adem\u00e1s una se\u00f1al para el resto del pa\u00eds. Alemania tendr\u00e1 nuevas votaciones regionales el 20 de septiembre en Mecklemburgo-Pomerania Occidental y Berl\u00edn, por lo que el resultado de Sajonia-Anhalt podr\u00eda anticipar parte del escenario pol\u00edtico que enfrentar\u00e1 la CDU y el gobierno de Merz.<\/p>\n<\/p><\/div>\n<p><script>\n!function(f,b,e,v,n,t,s)\n{if(f.fbq)return;n=f.fbq=function(){n.callMethod?\nn.callMethod.apply(n,arguments):n.queue.push(arguments)};\nif(!f._fbq)f._fbq=n;n.push=n;n.loaded=!0;n.version='2.0';\nn.queue=[];t=b.createElement(e);t.async=!0;\nt.src=v;s=b.getElementsByTagName(e)[0];\ns.parentNode.insertBefore(t,s)}(window,document,'script',\n'\nfbq('init', '2047048335588113');\nfbq('track', 'PageView');\n<\/script><\/p>\n","protected":false},"excerpt":{"rendered":"<p>La ultraderecha alemana logr\u00f3 este domingo una amplia victoria en el estado de Alta-Sajonia, una regi\u00f3n de la antigua Rep\u00fablica Democr\u00e1tica Alemana. Se trata de un paso in\u00e9dito en el pa\u00eds desde 1945. El resultado representa un avance sin precedentes para AfD a nivel regional. De confirmarse las proyecciones, el partido obtendr\u00eda 39 de los [&hellip;]<\/p>\n","protected":false},"author":1,"featured_media":25289,"comment_status":"open","ping_status":"open","sticky":false,"template":"","format":"standard","meta":{"footnotes":""},"categories":[1],"tags":[],"class_list":["post-25288","post","type-post","status-publish","format-standard","has-post-thumbnail","hentry","category-uncategorized"],"_links":{"self":[{"href":"https:\/\/cliente1.publisher.highstack.com.ar\/index.php?rest_route=\/wp\/v2\/posts\/25288","targetHints":{"allow":["GET"]}}],"collection":[{"href":"https:\/\/cliente1.publisher.highstack.com.ar\/index.php?rest_route=\/wp\/v2\/posts"}],"about":[{"href":"https:\/\/cliente1.publisher.highstack.com.ar\/index.php?rest_route=\/wp\/v2\/types\/post"}],"author":[{"embeddable":true,"href":"https:\/\/cliente1.publisher.highstack.com.ar\/index.php?rest_route=\/wp\/v2\/users\/1"}],"replies":[{"embeddable":true,"href":"https:\/\/cliente1.publisher.highstack.com.ar\/index.php?rest_route=%2Fwp%2Fv2%2Fcomments&post=25288"}],"version-history":[{"count":0,"href":"https:\/\/cliente1.publisher.highstack.com.ar\/index.php?rest_route=\/wp\/v2\/posts\/25288\/revisions"}],"wp:featuredmedia":[{"embeddable":true,"href":"https:\/\/cliente1.publisher.highstack.com.ar\/index.php?rest_route=\/wp\/v2\/media\/25289"}],"wp:attachment":[{"href":"https:\/\/cliente1.publisher.highstack.com.ar\/index.php?rest_route=%2Fwp%2Fv2%2Fmedia&parent=25288"}],"wp:term":[{"taxonomy":"category","embeddable":true,"href":"https:\/\/cliente1.publisher.highstack.com.ar\/index.php?rest_route=%2Fwp%2Fv2%2Fcategories&post=25288"},{"taxonomy":"post_tag","embeddable":true,"href":"https:\/\/cliente1.publisher.highstack.com.ar\/index.php?rest_route=%2Fwp%2Fv2%2Ftags&post=25288"}],"curies":[{"name":"wp","href":"https:\/\/api.w.org\/{rel}","templated":true}]}}