{"id":25282,"date":"2026-09-06T13:34:42","date_gmt":"2026-09-06T16:34:42","guid":{"rendered":"https:\/\/cliente1.publisher.highstack.com.ar\/?p=25282"},"modified":"2026-09-06T13:34:42","modified_gmt":"2026-09-06T16:34:42","slug":"futbolista-murio-tras-descompensarse-en-pleno-partido-de-liga-amateur-en-san-juan","status":"publish","type":"post","link":"https:\/\/cliente1.publisher.highstack.com.ar\/?p=25282","title":{"rendered":"Futbolista muri\u00f3 tras descompensarse en pleno partido de liga amateur en San Juan\u00a0"},"content":{"rendered":"<p><\/p>\n<div>\n<p>Un <b>futbolista muri\u00f3 tras descompensarse en pleno partido<\/b> durante un encuentro del torneo de veteranos disputado en Rodeo, departamento Iglesia, en la provincia de San Juan. La v\u00edctima fue identificada como Gerardo Manghi, conocido en el ambiente deportivo como el \u201cGringo del Mate\u201d. <\/p>\n<p><!-- is a <br \/>--><\/p>\n<p>\u00a0<\/p>\n<p><!-- is a <br \/>--><\/p>\n<p>El episodio ocurri\u00f3 en la cancha de Los Coloraditos, mientras se desarrollaba la segunda fecha del Torneo de Veteranos \u201cHomenaje a Rodolfo Morales\u201d. Manghi defend\u00eda los colores de Bajo Colola, que se enfrentaba a Bella Vista FC. <\/p>\n<p><!-- is a <br \/>--><\/p>\n<p><!-- is a object --><br \/>\n<!-- embed start --><!-- embed end --><br \/>\n<!-- end object --><\/p>\n<p>Durante el segundo tiempo, el jugador sufri\u00f3 una descompensaci\u00f3n y cay\u00f3 dentro del campo de juego. Integrantes de ambos equipos y personas que se encontraban en el predio acudieron inmediatamente para brindarle asistencia. <\/p>\n<p><!-- is a <br \/>--><\/p>\n<p>\u00a0<\/p>\n<p><!-- is a <br \/>--><\/p>\n<p><!-- is a object --><\/p>\n<h2>Intentaron reanimarlo en el hospital<\/h2>\n<p><!-- end object --><\/p>\n<p>\u00a0<\/p>\n<p><!-- is a <br \/>--><\/p>\n<p>Mientras aguardaban la llegada de una ambulancia, los presentes realizaron las primeras maniobras para tratar de auxiliarlo. Luego, Manghi fue trasladado al hospital Tom\u00e1s Per\u00f3n de Rodeo. <\/p>\n<p><!-- is a <br \/>--><\/p>\n<p><!-- is a object --><br \/>\n<!-- embed start --><!-- embed end --><br \/>\n<!-- end object --><\/p>\n<p>El personal de guardia efectu\u00f3 maniobras de reanimaci\u00f3n, pero no consigui\u00f3 revertir el cuadro. Posteriormente, las autoridades sanitarias confirmaron su fallecimiento. <\/p>\n<p><!-- is a <br \/>--><\/p>\n<p><!-- is a object --><br \/>\n<!-- embed start --><!-- embed end --><br \/>\n<!-- end object --><\/p>\n<p>Manghi era oriundo de Buenos Aires, aunque desde hac\u00eda varios a\u00f1os resid\u00eda en Rodeo, donde hab\u00eda construido numerosos v\u00ednculos personales y manten\u00eda una participaci\u00f3n activa en las competencias de f\u00fatbol local, public\u00f3 <i>Infobae<\/i>.  <\/p>\n<p><!-- is a <br \/>--><\/p>\n<p>\u00a0<\/p>\n<p><!-- is a <br \/>--><\/p>\n<p><!-- is a object --><\/p>\n<h2>Dolor en el ambiente futbol\u00edstico<\/h2>\n<p><!-- end object --><\/p>\n<p>\u00a0<\/p>\n<p><!-- is a <br \/>--><\/p>\n<p>El \u201cGringo del Mate\u201d, como era conocido dentro y fuera de las canchas, hab\u00eda integrado diferentes equipos de la categor\u00eda Veteranos y tambi\u00e9n tuvo un paso por la Liguilla. En la actualidad jugaba para Bajo Colola. <\/p>\n<p><!-- is a <br \/>--><\/p>\n<p><!-- is a object --><br \/>\n<!-- embed start --><\/p>\n<figure class=\"embed\">\n<p>    <img decoding=\"async\" src=\"https:\/\/elonce-media.elonce.com\/fotos\/2026\/09\/06\/e_1788711270_29624.webp\" loading=\"lazy\" width=\"600\" height=\"400\" alt=\"\"\/><\/p>\n<\/figure>\n<p><!-- embed end --><br \/>\n<!-- end object --><\/p>\n<p>Despu\u00e9s de conocerse el fallecimiento, clubes, jugadores, amigos y allegados publicaron mensajes de despedida en las redes sociales. La noticia gener\u00f3 una profunda conmoci\u00f3n entre quienes compartieron con \u00e9l los torneos y encuentros deportivos de cada fin de semana. <\/p>\n<p><!-- is a <br \/>--><\/p>\n<p><!-- is a object --><br \/>\n<!-- embed start --><!-- embed end --><br \/>\n<!-- end object --><\/p>\n<p>Sus restos ser\u00e1n velados en una sala de Rodeo y el sepelio estaba previsto para las 14 en el Cementerio Municipal de la localidad.<\/p>\n<\/p><\/div>\n","protected":false},"excerpt":{"rendered":"<p>Un futbolista muri\u00f3 tras descompensarse en pleno partido durante un encuentro del torneo de veteranos disputado en Rodeo, departamento Iglesia, en la provincia de San Juan. La v\u00edctima fue identificada como Gerardo Manghi, conocido en el ambiente deportivo como el \u201cGringo del Mate\u201d. \u00a0 El episodio ocurri\u00f3 en la cancha de Los Coloraditos, mientras se [&hellip;]<\/p>\n","protected":false},"author":1,"featured_media":25283,"comment_status":"open","ping_status":"open","sticky":false,"template":"","format":"standard","meta":{"footnotes":""},"categories":[1],"tags":[],"class_list":["post-25282","post","type-post","status-publish","format-standard","has-post-thumbnail","hentry","category-uncategorized"],"_links":{"self":[{"href":"https:\/\/cliente1.publisher.highstack.com.ar\/index.php?rest_route=\/wp\/v2\/posts\/25282","targetHints":{"allow":["GET"]}}],"collection":[{"href":"https:\/\/cliente1.publisher.highstack.com.ar\/index.php?rest_route=\/wp\/v2\/posts"}],"about":[{"href":"https:\/\/cliente1.publisher.highstack.com.ar\/index.php?rest_route=\/wp\/v2\/types\/post"}],"author":[{"embeddable":true,"href":"https:\/\/cliente1.publisher.highstack.com.ar\/index.php?rest_route=\/wp\/v2\/users\/1"}],"replies":[{"embeddable":true,"href":"https:\/\/cliente1.publisher.highstack.com.ar\/index.php?rest_route=%2Fwp%2Fv2%2Fcomments&post=25282"}],"version-history":[{"count":0,"href":"https:\/\/cliente1.publisher.highstack.com.ar\/index.php?rest_route=\/wp\/v2\/posts\/25282\/revisions"}],"wp:featuredmedia":[{"embeddable":true,"href":"https:\/\/cliente1.publisher.highstack.com.ar\/index.php?rest_route=\/wp\/v2\/media\/25283"}],"wp:attachment":[{"href":"https:\/\/cliente1.publisher.highstack.com.ar\/index.php?rest_route=%2Fwp%2Fv2%2Fmedia&parent=25282"}],"wp:term":[{"taxonomy":"category","embeddable":true,"href":"https:\/\/cliente1.publisher.highstack.com.ar\/index.php?rest_route=%2Fwp%2Fv2%2Fcategories&post=25282"},{"taxonomy":"post_tag","embeddable":true,"href":"https:\/\/cliente1.publisher.highstack.com.ar\/index.php?rest_route=%2Fwp%2Fv2%2Ftags&post=25282"}],"curies":[{"name":"wp","href":"https:\/\/api.w.org\/{rel}","templated":true}]}}