{"id":25276,"date":"2026-09-06T12:30:02","date_gmt":"2026-09-06T15:30:02","guid":{"rendered":"https:\/\/cliente1.publisher.highstack.com.ar\/?p=25276"},"modified":"2026-09-06T12:30:02","modified_gmt":"2026-09-06T15:30:02","slug":"james-heckman-nobel-de-economia-milei-tiene-una-mente-muy-activa-fue-muy-estimulante-hablar-con-el","status":"publish","type":"post","link":"https:\/\/cliente1.publisher.highstack.com.ar\/?p=25276","title":{"rendered":"James Heckman, Nobel de Econom\u00eda: \u201cMilei tiene una mente muy activa, fue muy estimulante hablar con \u00e9l\u201d"},"content":{"rendered":"<div class=\"visual__image image-initial-width\"><picture><source srcset=\"https:\/\/www.infobae.com\/resizer\/v2\/ULHMKYQ3RRCMHI5Z32C3YBFAXE.jpg?auth=8ce792e259142dec5d2552076949ec0cb3dabf5a099203ed6479b8a028439259&amp;smart=true&amp;width=992&amp;height=661&amp;quality=85\" media=\"(min-width: 1000px)\"><\/source><source srcset=\"https:\/\/www.infobae.com\/resizer\/v2\/ULHMKYQ3RRCMHI5Z32C3YBFAXE.jpg?auth=8ce792e259142dec5d2552076949ec0cb3dabf5a099203ed6479b8a028439259&amp;smart=true&amp;width=768&amp;height=512&amp;quality=85\" media=\"(min-width: 768px)\"><\/source><source srcset=\"https:\/\/www.infobae.com\/resizer\/v2\/ULHMKYQ3RRCMHI5Z32C3YBFAXE.jpg?auth=8ce792e259142dec5d2552076949ec0cb3dabf5a099203ed6479b8a028439259&amp;smart=true&amp;width=577&amp;height=385&amp;quality=85\" media=\"(min-width: 580px)\"><\/source><source srcset=\"https:\/\/www.infobae.com\/resizer\/v2\/ULHMKYQ3RRCMHI5Z32C3YBFAXE.jpg?auth=8ce792e259142dec5d2552076949ec0cb3dabf5a099203ed6479b8a028439259&amp;smart=true&amp;width=420&amp;height=280&amp;quality=85\" media=\"(min-width: 350px)\"><\/source><source srcset=\"https:\/\/www.infobae.com\/resizer\/v2\/ULHMKYQ3RRCMHI5Z32C3YBFAXE.jpg?auth=8ce792e259142dec5d2552076949ec0cb3dabf5a099203ed6479b8a028439259&amp;smart=true&amp;width=350&amp;height=233&amp;quality=85\" media=\"(min-width: 80px)\"><\/source><img alt=\"Entrevista a James Heckman\" class=\"global-image\" decoding=\"async\" fetchpriority=\"high\" height=\"2998\" loading=\"eager\" src=\"https:\/\/www.infobae.com\/resizer\/v2\/ULHMKYQ3RRCMHI5Z32C3YBFAXE.jpg?auth=8ce792e259142dec5d2552076949ec0cb3dabf5a099203ed6479b8a028439259&amp;smart=true&amp;width=350&amp;height=233&amp;quality=85\" width=\"4497\"><\/picture><\/div>\n<div class=\"sharebar-container display_flex sharebar-new\" style=\"opacity:1\">\n<div class=\"share-bar-article-date-container \"><span class=\"sharebar-article-date\">06 Sep, 2026 11:03 a. m. EST<\/span><\/div>\n<div class=\"sharebar-buttons-container display_flex\">\n<div aria-label=\"Guardar\" class=\"sharebar-buttons button-save\" role=\"button\" tabindex=\"0\"><svg width=\"9\" height=\"12\" viewbox=\"0 0 8 10\" fill=\"none\" xmlns=\"http:\/\/www.w3.org\/2000\/svg\" class=\"saved-icon saved\"><path d=\"M6.64286 0.5V9.31687L4.1116 7.16407L4.11106 7.16361C3.79894 6.89891 3.34392 6.89891 3.03179 7.16361L3.03126 7.16407L0.5 9.31687V0.5H6.64286Z\"><\/path><\/svg><span class=\"buttons-save-text\">Guardar<\/span><\/div>\n<div class=\"sharebar-buttons-separator\"><\/div>\n<p><button class=\"sharemenu-buttons display_flex\" aria-label=\"Compartir en Telegram\"><svg width=\"38\" height=\"38\" viewbox=\"0 0 38 38\" fill=\"none\" xmlns=\"http:\/\/www.w3.org\/2000\/svg\"><rect x=\"0.5\" y=\"0.5\" width=\"37\" height=\"37\" rx=\"18.5\" fill=\"white\"><\/rect><rect x=\"0.5\" y=\"0.5\" width=\"37\" height=\"37\" rx=\"18.5\" stroke=\"#C2C2C2\"><\/rect><path d=\"M24.9696 12.5511L10.3405 18.0494C10.0623 18.151 9.92701 18.4484 10.0398 18.7168C10.0999 18.8619 10.2277 18.9779 10.3856 19.0214L14.1068 20.0805L15.4975 24.3312C15.6028 24.6576 15.9636 24.839 16.2944 24.7374C16.3921 24.7084 16.4823 24.6504 16.5575 24.5778L18.482 22.6846L22.2558 25.354C22.6091 25.6006 23.0977 25.5281 23.3533 25.1872C23.421 25.1001 23.4661 24.9986 23.4887 24.897L25.9845 13.3707C26.0672 12.979 25.8116 12.5946 25.4056 12.5148C25.2628 12.4858 25.1124 12.5003 24.9771 12.5511M23.1429 15.1116L16.347 20.9147C16.2793 20.9727 16.2342 21.0525 16.2267 21.1395L15.9636 23.381C15.9636 23.4172 15.926 23.4462 15.8884 23.439C15.8583 23.439 15.8358 23.4172 15.8283 23.3955L14.7533 20.0442C14.7007 19.8919 14.7683 19.7251 14.9111 19.638L22.9399 14.836C23.0226 14.7852 23.1353 14.8142 23.1804 14.894C23.2255 14.9666 23.2105 15.0536 23.1504 15.1116\" fill=\"#555555\"><\/path><\/svg><\/button><button class=\"sharemenu-buttons display_flex\" aria-label=\"Compartir en Linkedin\"><svg width=\"38\" height=\"38\" viewbox=\"0 0 38 38\" fill=\"none\" xmlns=\"http:\/\/www.w3.org\/2000\/svg\"><rect x=\"0.5\" y=\"0.5\" width=\"37\" height=\"37\" rx=\"18.5\" fill=\"white\"><\/rect><rect x=\"0.5\" y=\"0.5\" width=\"37\" height=\"37\" rx=\"18.5\" stroke=\"#C2C2C2\"><\/rect><path d=\"M16.5556 27V16.2231H19.963V17.6949C20.0185 17.6368 20.0648 17.5787 20.1111 17.5206C20.8611 16.349 22.2037 15.739 23.537 15.981C25.3889 16.1359 26.8426 17.7046 26.9259 19.6411C26.9722 20.0478 27 20.4641 27 20.8708C27 22.817 27 24.7633 27 26.7095V26.9806H23.5741V26.6805C23.5741 24.8892 23.5741 23.0882 23.5741 21.2969C23.5741 20.8805 23.5278 20.4545 23.4259 20.0478C23.1945 19.1279 22.2963 18.5663 21.4074 18.8084C21.2037 18.8665 21 18.9633 20.8333 19.0989C20.3333 19.4281 20.0185 19.9897 19.9907 20.6094C19.9722 21.1419 19.9722 21.6842 19.9722 22.2167V26.9903H16.5648L16.5556 27ZM11.2222 27V16.2037H11.7407C12.6204 16.2037 13.5 16.2037 14.3796 16.2037C14.5833 16.2037 14.6482 16.2328 14.6482 16.4748V26.9903H11.2222V27ZM11.0093 12.8825C11.0093 11.8465 11.8055 11.0041 12.787 11.0041C12.8426 11.0041 12.8982 11.0041 12.9537 11.0041C13.9445 10.9363 14.7963 11.7206 14.8611 12.7567C14.8611 12.7954 14.8611 12.8438 14.8611 12.8825C14.8426 13.9283 14.0278 14.761 13.0278 14.7416C12.9907 14.7416 12.9537 14.7416 12.9259 14.7416H12.9074C11.9259 14.8191 11.0741 14.0445 11 13.0181C11 12.9697 11 12.931 11 12.8825H11.0093Z\" fill=\"#555555\"><\/path><\/svg><\/button><button class=\"sharemenu-buttons display_flex\" aria-label=\"Compartir en Twitter\"><svg width=\"38\" height=\"38\" viewbox=\"0 0 38 38\" fill=\"none\" xmlns=\"http:\/\/www.w3.org\/2000\/svg\"><rect x=\"0.5\" y=\"0.5\" width=\"37\" height=\"37\" rx=\"18.5\" fill=\"white\"><\/rect><rect x=\"0.5\" y=\"0.5\" width=\"37\" height=\"37\" rx=\"18.5\" stroke=\"#C2C2C2\"><\/rect><path d=\"M11.0391 11L17.2165 19.8249L11 27H12.399L17.8415 20.7182L22.2389 27H27L20.475 17.6786L26.2613 11H24.8623L19.85 16.7855L15.8001 11H11.0391ZM13.0965 12.101H15.2838L24.9423 25.8987H22.7551L13.0965 12.101Z\" fill=\"#555555\"><\/path><\/svg><\/button><button class=\"sharemenu-buttons display_flex\" aria-label=\"Compartir en Facebook\"><svg width=\"38\" height=\"38\" viewbox=\"0 0 38 38\" fill=\"none\" xmlns=\"http:\/\/www.w3.org\/2000\/svg\"><rect x=\"0.5\" y=\"0.5\" width=\"37\" height=\"37\" rx=\"18.5\" fill=\"white\"><\/rect><rect x=\"0.5\" y=\"0.5\" width=\"37\" height=\"37\" rx=\"18.5\" stroke=\"#C2C2C2\"><\/rect><path d=\"M17.3544 26.9921V18.9235H15V16.3346H17.3544V16.0805C17.3544 15.3816 17.3291 14.6748 17.3882 13.976C17.3882 12.8642 18.0633 11.8556 19.1266 11.3712C19.5232 11.1965 19.9452 11.0853 20.3755 11.0376C21.2532 10.9741 22.1308 10.99 23 11.0932V13.4201H22.7722C22.2743 13.4201 21.7848 13.4201 21.2869 13.436C20.73 13.4042 20.2489 13.8013 20.2152 14.3254C20.2152 14.373 20.2152 14.4128 20.2152 14.4604C20.1983 15.0481 20.2152 15.6357 20.2152 16.2234C20.2152 16.2552 20.2152 16.2949 20.2321 16.3267H22.9409C22.8228 17.2082 22.7046 18.0579 22.5865 18.9315H20.2236V27H17.3629L17.3544 26.9921Z\" fill=\"#555555\"><\/path><\/svg><\/button><button class=\"sharemenu-buttons display_flex\" aria-label=\"Compartir en Whatsapp\"><svg width=\"38\" height=\"38\" viewbox=\"0 0 38 38\" fill=\"none\" xmlns=\"http:\/\/www.w3.org\/2000\/svg\"><rect x=\"0.5\" y=\"0.5\" width=\"37\" height=\"37\" rx=\"18.5\" fill=\"white\"><\/rect><rect x=\"0.5\" y=\"0.5\" width=\"37\" height=\"37\" rx=\"18.5\" stroke=\"#C2C2C2\"><\/rect><path d=\"M21.2863 19.9439C21.0997 19.8551 20.9664 19.9262 20.8419 20.0861C20.6731 20.3261 20.4687 20.5483 20.2909 20.7794C20.1665 20.9393 20.0243 20.9749 19.8376 20.8949C18.6645 20.4239 17.7757 19.6506 17.1269 18.5841C17.0292 18.4242 17.038 18.2997 17.1536 18.1575C17.3225 17.9531 17.4824 17.7576 17.6157 17.5354C17.678 17.4287 17.7135 17.2599 17.678 17.1532C17.4735 16.6111 17.2425 16.0867 17.0114 15.5535C16.9669 15.4557 16.8781 15.3313 16.7892 15.3224C16.4248 15.2602 16.0426 15.1891 15.7316 15.4912C15.1094 16.0778 14.8784 16.7977 15.0383 17.6243C15.1805 18.3619 15.5983 18.9663 16.0426 19.5618C16.887 20.6638 17.8646 21.6237 19.1622 22.1925C19.7932 22.4769 20.4331 22.7613 21.1441 22.7613C21.2685 22.7613 21.393 22.7613 21.5085 22.7346C22.4506 22.5391 23.1172 22.0058 23.0816 21.0193C23.0816 20.9216 23.0194 20.7794 22.9483 20.7438C22.3973 20.4594 21.8462 20.2017 21.2863 19.9439Z\" fill=\"#555555\"><\/path><path d=\"M26.9482 17.8724C26.3972 13.4642 22.1401 10.3447 17.7229 11.1179C12.6481 11.9977 9.71521 17.2859 11.6883 21.9963C12.1948 22.6629 12.0615 23.3472 11.8216 24.0849C11.5105 25.027 11.2794 26.0046 11.0039 27C11.1194 26.9733 11.1994 26.9644 11.2794 26.9378C12.5059 26.6178 13.7324 26.3068 14.9411 25.9868C15.1544 25.9335 15.3144 25.9602 15.5099 26.0579C17.1719 26.8667 18.9227 27.0978 20.718 26.7067C24.833 25.7913 27.4548 22.0496 26.9305 17.8902L26.9482 17.8724ZM20.0515 25.4624C18.4784 25.7113 17.003 25.3913 15.6166 24.6003C15.5099 24.5381 15.3411 24.5115 15.2077 24.547C14.4612 24.7248 13.7146 24.9292 12.9147 25.1336C13.1192 24.3693 13.3058 23.6672 13.5102 22.9473C13.5635 22.7606 13.5369 22.6273 13.4391 22.4673C11.0039 18.5479 13.1014 13.5442 17.6163 12.5043C21.2868 11.6511 25.0285 14.1841 25.5884 17.908C26.1395 21.5519 23.6954 24.8936 20.0515 25.4624Z\" fill=\"#555555\"><\/path><\/svg><\/button><\/div>\n<\/div>\n<p class=\"paragraph\" data-paragraph-number=\"1\"><b>James Heckman<\/b>, premio Nobel de Econom\u00eda 2000, visit\u00f3 la Argentina, donde recibi\u00f3 el Doctorado Honoris Causa de la Universidad del Cema (Ucema) y particip\u00f3 en el evento \u201cVientos de Cambio\u201d, del que tambi\u00e9n fueron parte el presidente <a rel=\"noopener noreferrer\" href=\"https:\/\/www.infobae.com\/politica\/2026\/09\/02\/javier-milei-piden-que-flexibilicemos-nuestra-politica-monetaria-y-fiscal-la-respuesta-es-no\/\" target=\"_blank\" title=\"https:\/\/www.infobae.com\/politica\/2026\/09\/02\/javier-milei-piden-que-flexibilicemos-nuestra-politica-monetaria-y-fiscal-la-respuesta-es-no\/\"><b>Javier Milei<\/b><\/a><b> <\/b>y los ministros de Econom\u00eda, <a rel=\"noopener noreferrer\" href=\"https:\/\/www.infobae.com\/economia\/2026\/09\/04\/caputo-hablo-de-la-mora-record-no-representa-ningun-riesgo-sistemico-y-es-algo-que-estan-resolviendo-bien-los-bancos\/\" target=\"_blank\" title=\"https:\/\/www.infobae.com\/economia\/2026\/09\/04\/caputo-hablo-de-la-mora-record-no-representa-ningun-riesgo-sistemico-y-es-algo-que-estan-resolviendo-bien-los-bancos\/\"><b>Luis Caputo<\/b><\/a>, y de Desregulaci\u00f3n,<b> Federico Sturzenegger.<\/b><\/p>\n<div class=\"marfeel-recommender marfeel-recommender-1\"><\/div>\n<p class=\"paragraph\" data-paragraph-number=\"2\">La Ucema distingui\u00f3 a Heckman como figura emblem\u00e1tica de la tradici\u00f3n de Chicago, que integra teor\u00eda, evidencia y dise\u00f1o de pol\u00edticas. Fundador y director del <i>Center for the Economics of Human Development<\/i> y cofundador de la <i>Harris School of Public Policy<\/i>, figura en tercer lugar del ranking mundial agregado de economistas de RePEc\/IDEAS (2026) y es el segundo del mundo por n\u00famero de citas. <\/p>\n<div class=\"inline ad-wrapper dfpAd ad-inline ad-text ad-component-container\" style=\"--ad-shell-height:250px;--ad-shell-width:300px\" data-ad-wrapper=\"arcad\" data-ad-type=\"inline\" data-ad-slot=\"infobae\/economia\/nota\/inline\" data-ad-container=\"dfp\" data-ad-slot-name=\"infobae\/economia\/nota\/inline\">\n<p class=\"ad-shell-label\">PUBLICIDAD<\/p>\n<div id=\"infobae\/economia\/nota\/inline\" class=\"infobae\/economia\/nota\/inline arcad ad-slot-node ad-slot-node--boxed\" data-ad-slot-id=\"infobae\/economia\/nota\/inline\"><\/div>\n<\/div>\n<p class=\"paragraph\" data-paragraph-number=\"3\">Sus dos grandes aportes fueron la llamada <b>\u201ccorrecci\u00f3n de Heckman\u201d<\/b>, para eliminar el sesgo de autoselecci\u00f3n que aparece cuando quienes participan de un programa son, desde el inicio, distintos de quienes no lo hacen, y la demostraci\u00f3n de que la inversi\u00f3n en primera infancia \u2014hasta los cinco a\u00f1os\u2014 genera los mayores retornos econ\u00f3micos, pues la estimulaci\u00f3n cognitiva y socioemocional en entornos vulnerables reduce la desigualdad y el crimen y mejora la salud y la productividad a largo plazo. El mensaje b\u00e1sico es que igualar oportunidades desde el arranque es mejor y menos costoso que cualquier pol\u00edtica redistributiva posterior.<\/p>\n<div class=\"marfeel-recommender marfeel-recommender-3\"><\/div>\n<p class=\"paragraph\" data-paragraph-number=\"4\">Antes de partir de regreso a Chicago, Heckman recibi\u00f3 a <b>Infobae<\/b> junto a la rectora de la Ucema, <b>Carola Pessino<\/b>, quien subray\u00f3 que el economista \u201cmerec\u00eda dos premios Nobel\u201d, por sus contribuciones te\u00f3ricas y emp\u00edricas.<\/p>\n<div class=\"inline_2 ad-wrapper dfpAd ad-inline ad-text ad-component-container\" style=\"--ad-shell-height:250px;--ad-shell-width:300px\" data-ad-wrapper=\"arcad\" data-ad-type=\"inline_2\" data-ad-slot=\"infobae\/economia\/nota\/inline_2\" data-ad-container=\"dfp\" data-ad-slot-name=\"infobae\/economia\/nota\/inline_2\">\n<p class=\"ad-shell-label\">PUBLICIDAD<\/p>\n<div id=\"infobae\/economia\/nota\/inline_2\" class=\"infobae\/economia\/nota\/inline_2 arcad ad-slot-node ad-slot-node--boxed\" data-ad-slot-id=\"infobae\/economia\/nota\/inline_2\"><\/div>\n<\/div>\n<p class=\"paragraph\" data-paragraph-number=\"5\"><b>\u2014 Usted ha estado en contacto con Argentina durante casi 30 a\u00f1os. En esta visita, \u00bfc\u00f3mo eval\u00faa la evoluci\u00f3n de la econom\u00eda y los programas econ\u00f3micos actuales? Y, en ese sentido, \u00bfqu\u00e9 percibi\u00f3 en el evento Winds of Change?<\/b><\/p>\n<div class=\"marfeel-recommender marfeel-recommender-5\"><\/div>\n<p class=\"paragraph\" data-paragraph-number=\"6\">\u2014 Me gust\u00f3 el evento. Mi impresi\u00f3n general fue de optimismo, esperanza y planes para cambiar las regulaciones y la estructura r\u00edgida de gobernanza que sofoc\u00f3 a la econom\u00eda y su desarrollo. <\/p>\n<div class=\"ad_1 ad-wrapper dfpAd ad-1-al-6 ad-text ad-component-container\" style=\"--ad-shell-height:250px;--ad-shell-width:300px\" data-ad-wrapper=\"arcad\" data-ad-type=\"ad_1\" data-ad-slot=\"infobae\/economia\/nota\/ad_1\" data-ad-container=\"dfp\" data-ad-slot-name=\"infobae\/economia\/nota\/ad_1\">\n<p class=\"ad-shell-label\">PUBLICIDAD<\/p>\n<div id=\"infobae\/economia\/nota\/ad_1\" class=\"infobae\/economia\/nota\/ad_1 arcad ad-slot-node ad-slot-node--boxed\" data-ad-slot-id=\"infobae\/economia\/nota\/ad_1\"><\/div>\n<\/div>\n<div class=\"blockquote\">\n<blockquote class=\"color_figcaption\"><p>\u201cEl optimismo es bueno, pero hubo menos detalles de los que me habr\u00eda gustado ver. Fueron m\u00e1s declaraciones de principios generales que sobre pol\u00edticas espec\u00edficas\u201d<\/p><\/blockquote>\n<\/div>\n<p class=\"paragraph\" data-paragraph-number=\"7\">El optimismo es bueno, pero hubo menos detalles de los que me habr\u00eda gustado ver. Fueron m\u00e1s declaraciones de principios generales que sobre pol\u00edticas espec\u00edficas. No vi muchas propuestas pr\u00e1cticas.<\/p>\n<p class=\"paragraph\" data-paragraph-number=\"8\"><b>\u2014 \u00bfA qu\u00e9 tipo de propuestas o detalles se refiere?<\/b><\/p>\n<p class=\"paragraph\" data-paragraph-number=\"9\">\u2014 A los <b>programas de ayuda en primera infancia<\/b>, por ejemplo. Y tambi\u00e9n cosas relacionadas con c\u00f3mo se financiar\u00e1 la seguridad social, cu\u00e1l ser\u00e1 la forma en que se organizar\u00e1. Parte de esto se discuti\u00f3: c\u00f3mo podr\u00edamos reformarla individualmente, en conversaciones privadas o semiprivadas que tuvimos con algunos ministros del gabinete. Propusimos formas de fortalecer la escuela intermedia y contar con una fuerza laboral m\u00e1s capacitada, pero con foco en habilidades m\u00e1s all\u00e1 de la educaci\u00f3n universitaria. Habilidades pr\u00e1cticas de servicios, certificados y cuestiones de ese tipo.<\/p>\n<div class=\"ad_2 ad-wrapper dfpAd ad-1-al-6 ad-text ad-component-container\" style=\"--ad-shell-height:250px;--ad-shell-width:300px\" data-ad-wrapper=\"arcad\" data-ad-type=\"ad_2\" data-ad-slot=\"infobae\/economia\/nota\/ad_2\" data-ad-container=\"dfp\" data-ad-slot-name=\"infobae\/economia\/nota\/ad_2\">\n<p class=\"ad-shell-label\">PUBLICIDAD<\/p>\n<div id=\"infobae\/economia\/nota\/ad_2\" class=\"infobae\/economia\/nota\/ad_2 arcad ad-slot-node ad-slot-node--boxed\" data-ad-slot-id=\"infobae\/economia\/nota\/ad_2\"><\/div>\n<\/div>\n<h2 class=\"text-align-left vertical-align-top line-height-100 header headline-class-h2 headline\" id=\"las-reformas-y-la-teoria-del-segundo-mejor\">Las reformas y la teor\u00eda del segundo mejor<\/h2>\n<p class=\"paragraph\" data-paragraph-number=\"10\"><b>\u2014 En el evento, el presidente Milei respondi\u00f3 frontalmente a cr\u00edticas a sus pol\u00edticas. \u00bfC\u00f3mo deben balancearse las convicciones sobre cu\u00e1l es una pol\u00edtica correcta con los resultados econ\u00f3micos, pol\u00edticos y sociales, que suelen tardar m\u00e1s tiempo y tener m\u00e1s matices?<\/b><\/p>\n<p class=\"paragraph\" data-paragraph-number=\"11\">\u2014 Hay algo en econom\u00eda que se llama la teor\u00eda del segundo mejor, que trata sobre c\u00f3mo se hace una reforma desde una situaci\u00f3n distorsionada. Supongamos que tenemos alg\u00fan tipo de impuesto, una pol\u00edtica migratoria o alguna distorsi\u00f3n en alguna parte. <\/p>\n<div class=\"ad_3 ad-wrapper dfpAd ad-1-al-6 ad-text ad-component-container\" style=\"--ad-shell-height:250px;--ad-shell-width:300px\" data-ad-wrapper=\"arcad\" data-ad-type=\"ad_3\" data-ad-slot=\"infobae\/economia\/nota\/ad_3\" data-ad-container=\"dfp\" data-ad-slot-name=\"infobae\/economia\/nota\/ad_3\">\n<p class=\"ad-shell-label\">PUBLICIDAD<\/p>\n<div id=\"infobae\/economia\/nota\/ad_3\" class=\"infobae\/economia\/nota\/ad_3 arcad ad-slot-node ad-slot-node--boxed\" data-ad-slot-id=\"infobae\/economia\/nota\/ad_3\"><\/div>\n<\/div>\n<p class=\"paragraph\" data-paragraph-number=\"12\">El instinto natural de muchos economistas es decir que deber\u00edamos eliminar esas pol\u00edticas que distorsionan. Eso es bueno. Pero si hay muchas distorsiones, no necesariamente eliminar una mejora la situaci\u00f3n. Es posible que se necesite un paquete. <b>Si elimino una distorsi\u00f3n y quedan muchas otras, puede que el resultado sea incluso peor<\/b>. Si alivio la presi\u00f3n en un lado de la econom\u00eda, puedo crear una presi\u00f3n mucho mayor en otro. Por eso hay que pensar en todo el sistema y c\u00f3mo hacer las reformas. Las de la seguridad social, el mercado laboral y la salud deben ir juntas porque afectan el presupuesto.<\/p>\n<p class=\"paragraph\" data-paragraph-number=\"13\"><b>\u2014 \u00bfDeben ir todas juntas o deber\u00eda haber una secuencia?<\/b><\/p>\n<p class=\"paragraph\" data-paragraph-number=\"14\">\u2014 Puede haber una secuencia, pero tambi\u00e9n puede haber un paquete. Y la raz\u00f3n por la que podr\u00eda ser un paquete es que las personas pagan por esos servicios. Si se cambia el precio de un servicio, pero se mantienen distorsionados los otros, se podr\u00eda acentuar la distorsi\u00f3n en los dem\u00e1s sectores. <\/p>\n<div class=\"ad_4 ad-wrapper dfpAd ad-1-al-6 ad-text ad-component-container\" style=\"--ad-shell-height:250px;--ad-shell-width:300px\" data-ad-wrapper=\"arcad\" data-ad-type=\"ad_4\" data-ad-slot=\"infobae\/economia\/nota\/ad_4\" data-ad-container=\"dfp\" data-ad-slot-name=\"infobae\/economia\/nota\/ad_4\">\n<p class=\"ad-shell-label\">PUBLICIDAD<\/p>\n<div id=\"infobae\/economia\/nota\/ad_4\" class=\"infobae\/economia\/nota\/ad_4 arcad ad-slot-node ad-slot-node--boxed\" data-ad-slot-id=\"infobae\/economia\/nota\/ad_4\"><\/div>\n<\/div>\n<div class=\"blockquote\">\n<blockquote class=\"color_figcaption\"><p> \u201cSi aumenta la inversi\u00f3n debido al impuesto m\u00e1s bajo, lo que puede ocurrir es que el mayor volumen de inversi\u00f3n atra\u00eddo inicialmente ejerza una presi\u00f3n muy fuerte sobre los sistemas restantes: el tipo de cambio y otras partes del sistema\u201d<\/p><\/blockquote>\n<\/div>\n<p class=\"paragraph\" data-paragraph-number=\"15\">Imagine que hay m\u00faltiples distorsiones impositivas y se elimina una sobre la inversi\u00f3n. Ahora las personas pueden invertir y colocar capital en ese sistema. Pero, si aumenta la inversi\u00f3n debido al impuesto m\u00e1s bajo, lo que puede ocurrir es que el mayor volumen de inversi\u00f3n atra\u00eddo inicialmente ejerza una presi\u00f3n muy fuerte sobre los sistemas restantes: el tipo de cambio y otras partes del sistema.<\/p>\n<p class=\"paragraph\" data-paragraph-number=\"16\"><b>\u2014 Algunos economistas dicen que es lo que est\u00e1 ocurriendo ahora en la Argentina. Tambi\u00e9n hay una tensi\u00f3n sobre incluidos y excluidos en la discusi\u00f3n p\u00fablica acerca de la pol\u00edtica econ\u00f3mica.<\/b><\/p>\n<div class=\"ad_5 ad-wrapper dfpAd ad-1-al-6 ad-text ad-component-container\" style=\"--ad-shell-height:250px;--ad-shell-width:300px\" data-ad-wrapper=\"arcad\" data-ad-type=\"ad_5\" data-ad-slot=\"infobae\/economia\/nota\/ad_5\" data-ad-container=\"dfp\" data-ad-slot-name=\"infobae\/economia\/nota\/ad_5\">\n<p class=\"ad-shell-label\">PUBLICIDAD<\/p>\n<div id=\"infobae\/economia\/nota\/ad_5\" class=\"infobae\/economia\/nota\/ad_5 arcad ad-slot-node ad-slot-node--boxed\" data-ad-slot-id=\"infobae\/economia\/nota\/ad_5\"><\/div>\n<\/div>\n<p class=\"paragraph\" data-paragraph-number=\"17\">\u2014 Exacto. Es un asunto enorme dentro de la coalici\u00f3n. Esto <b>es cierto en muchos Estados de bienestar. Assar Lindbeck<\/b> (economista sueco) y <b>Dennis Snower <\/b>(alem\u00e1n) mostraron que muchas pol\u00edticas favorecen al grupo que est\u00e1 dentro. Por ejemplo, los sindicatos protegen el statu quo de los trabajadores individuales. Pero, si los precios \u2014salarios\u2014 suben y la demanda baja, minor\u00edas, mujeres y otros grupos quedan excluidos del sistema. Se crea un grupo de personas protegidas y otro de excluidas.<\/p>\n<div class=\"visual__image\"><picture><source srcset=\"https:\/\/www.infobae.com\/resizer\/v2\/JW3GYAZOPJDKVNBACE4QUHWZ54.jpg?auth=cc0556b82290fc6fad60627d97506bdac0030b0f7753493d63502d483abc921f&amp;smart=true&amp;width=992&amp;height=663&amp;quality=85\" media=\"(min-width: 1000px)\"><\/source><source srcset=\"https:\/\/www.infobae.com\/resizer\/v2\/JW3GYAZOPJDKVNBACE4QUHWZ54.jpg?auth=cc0556b82290fc6fad60627d97506bdac0030b0f7753493d63502d483abc921f&amp;smart=true&amp;width=768&amp;height=513&amp;quality=85\" media=\"(min-width: 768px)\"><\/source><source srcset=\"https:\/\/www.infobae.com\/resizer\/v2\/JW3GYAZOPJDKVNBACE4QUHWZ54.jpg?auth=cc0556b82290fc6fad60627d97506bdac0030b0f7753493d63502d483abc921f&amp;smart=true&amp;width=577&amp;height=386&amp;quality=85\" media=\"(min-width: 580px)\"><\/source><source srcset=\"https:\/\/www.infobae.com\/resizer\/v2\/JW3GYAZOPJDKVNBACE4QUHWZ54.jpg?auth=cc0556b82290fc6fad60627d97506bdac0030b0f7753493d63502d483abc921f&amp;smart=true&amp;width=420&amp;height=281&amp;quality=85\" media=\"(min-width: 350px)\"><\/source><source srcset=\"https:\/\/www.infobae.com\/resizer\/v2\/JW3GYAZOPJDKVNBACE4QUHWZ54.jpg?auth=cc0556b82290fc6fad60627d97506bdac0030b0f7753493d63502d483abc921f&amp;smart=true&amp;width=350&amp;height=234&amp;quality=85\" media=\"(min-width: 80px)\"><\/source><img alt=\"Javier Milei habla en el encuentro \u201cVientos de Cambio: Avanza la Libertad en Argentina y las Am\u00e9ricas\u201d\" class=\"global-image\" decoding=\"async\" fetchpriority=\"low\" height=\"1337\" loading=\"lazy\" src=\"https:\/\/www.infobae.com\/resizer\/v2\/JW3GYAZOPJDKVNBACE4QUHWZ54.jpg?auth=cc0556b82290fc6fad60627d97506bdac0030b0f7753493d63502d483abc921f&amp;smart=true&amp;width=350&amp;height=234&amp;quality=85\" width=\"2000\"><\/picture><\/div>\n<p class=\"paragraph\" data-paragraph-number=\"18\"><b>\u2014 \u00bfC\u00f3mo se balancea sostener pol\u00edticas basadas en convicciones, como las que tiene Milei, y los resultados econ\u00f3micos y pol\u00edticos, que pueden condicionar el \u00e9xito o la viabilidad de esas pol\u00edticas?<\/b><\/p>\n<div class=\"ad_6 ad-wrapper dfpAd ad-1-al-6 ad-text ad-component-container\" style=\"--ad-shell-height:250px;--ad-shell-width:300px\" data-ad-wrapper=\"arcad\" data-ad-type=\"ad_6\" data-ad-slot=\"infobae\/economia\/nota\/ad_6\" data-ad-container=\"dfp\" data-ad-slot-name=\"infobae\/economia\/nota\/ad_6\">\n<p class=\"ad-shell-label\">PUBLICIDAD<\/p>\n<div id=\"infobae\/economia\/nota\/ad_6\" class=\"infobae\/economia\/nota\/ad_6 arcad ad-slot-node ad-slot-node--boxed\" data-ad-slot-id=\"infobae\/economia\/nota\/ad_6\"><\/div>\n<\/div>\n<p class=\"paragraph\" data-paragraph-number=\"19\">\u2014 Es una buena pregunta. Como respuesta, se podr\u00eda decir: \u201cBueno, en el largo plazo estar\u00e1n mejor\u201d. Es lo que me preocupa que est\u00e9 sucediendo. Las personas dicen: \u201cVamos a hacer todos estos recortes, vamos a cambiar la econom\u00eda y tal vez los beneficios se cosechen dentro de cuatro a\u00f1os, despu\u00e9s de las elecciones\u201d. Muchas pol\u00edticas p\u00fablicas tienen retorno a largo plazo. Es un equilibrio muy delicado. Hay un problema similar en Estados Unidos. La Oficina de Administraci\u00f3n y Presupuesto, la OMB, tiene un criterio seg\u00fan el cual los beneficios deben valorarse en un per\u00edodo m\u00e1ximo de siete a\u00f1os.<\/p>\n<p class=\"paragraph\" data-paragraph-number=\"20\">En este punto, Carola Pessino afirma que \u201cen Argentina el Gobierno elimin\u00f3 el d\u00e9ficit fiscal del 5% del PBI, la econom\u00eda creci\u00f3 y se redujo la pobreza, en un \u201cbuen equilibrio\u201d. En la mayor\u00eda de los pa\u00edses, se\u00f1ala, un recorte del 2% del PBI produce una gran recesi\u00f3n, que ac\u00e1 no hubo. <\/p>\n<div class=\"blockquote\">\n<blockquote class=\"color_figcaption\"><p>El Gobierno elimin\u00f3 el d\u00e9ficit fiscal del 5% del PBI, la econom\u00eda creci\u00f3 y se redujo la pobreza, en un buen equilibrio (Pessino)<\/p><\/blockquote>\n<\/div>\n<p class=\"paragraph\" data-paragraph-number=\"21\">Se trata de un equilibrio delicado, acota Heckman, y retoma la palabra. <\/p>\n<p class=\"paragraph\" data-paragraph-number=\"22\">\u2014 Se act\u00faa con cierta ignorancia. No es una ignorancia deliberada, sino que <b>no conocemos realmente todos los componentes de un sistema determinado<\/b>. Por eso existe el riesgo de ir demasiado lejos en una direcci\u00f3n y no avanzar en otra. Creo que, hasta ahora, eso no ha ocurrido con estas reformas en Argentina, pero siempre se transita un camino peligroso. <\/p>\n<p class=\"paragraph\" data-paragraph-number=\"23\">Argentina construy\u00f3 muchos ferrocarriles en el siglo XIX, pero los beneficios tardaron a\u00f1os en llegar porque se desarrollaron los pueblos y todo el pa\u00eds se adapt\u00f3 a la disponibilidad de ese transporte. Pero lleva tiempo. <\/p>\n<p class=\"paragraph\" data-paragraph-number=\"24\">Lo mismo ocurre con la educaci\u00f3n. <b>El beneficio de educar a un ni\u00f1o llegar\u00e1 20 o 30 a\u00f1os despu\u00e9s<\/b>. El p\u00fablico debe estar informado o debe conocer esas consecuencias, comprenderlas y, de buena fe, acompa\u00f1ar la idea de que esto llevar\u00e1 a un mayor progreso. Es el equilibrio intertemporal que debe lograrse, el hecho de que los beneficios llegar\u00e1n m\u00e1s adelante. Los pol\u00edticos tienen problemas con eso. Tambi\u00e9n ocurre en mi pa\u00eds.<\/p>\n<div class=\"visual__image\"><picture><source srcset=\"https:\/\/www.infobae.com\/resizer\/v2\/RNQA6X33RNEFNO34NHGZOG5BSY.jpg?auth=28a6c54989b9894c308adbe1ff89b670f67597b4ab1254860b529fa4af7d21c7&amp;smart=true&amp;width=992&amp;height=661&amp;quality=85\" media=\"(min-width: 1000px)\"><\/source><source srcset=\"https:\/\/www.infobae.com\/resizer\/v2\/RNQA6X33RNEFNO34NHGZOG5BSY.jpg?auth=28a6c54989b9894c308adbe1ff89b670f67597b4ab1254860b529fa4af7d21c7&amp;smart=true&amp;width=768&amp;height=512&amp;quality=85\" media=\"(min-width: 768px)\"><\/source><source srcset=\"https:\/\/www.infobae.com\/resizer\/v2\/RNQA6X33RNEFNO34NHGZOG5BSY.jpg?auth=28a6c54989b9894c308adbe1ff89b670f67597b4ab1254860b529fa4af7d21c7&amp;smart=true&amp;width=577&amp;height=385&amp;quality=85\" media=\"(min-width: 580px)\"><\/source><source srcset=\"https:\/\/www.infobae.com\/resizer\/v2\/RNQA6X33RNEFNO34NHGZOG5BSY.jpg?auth=28a6c54989b9894c308adbe1ff89b670f67597b4ab1254860b529fa4af7d21c7&amp;smart=true&amp;width=420&amp;height=280&amp;quality=85\" media=\"(min-width: 350px)\"><\/source><source srcset=\"https:\/\/www.infobae.com\/resizer\/v2\/RNQA6X33RNEFNO34NHGZOG5BSY.jpg?auth=28a6c54989b9894c308adbe1ff89b670f67597b4ab1254860b529fa4af7d21c7&amp;smart=true&amp;width=350&amp;height=233&amp;quality=85\" media=\"(min-width: 80px)\"><\/source><img alt=\"Entrevista a James Heckman\" class=\"global-image\" decoding=\"async\" fetchpriority=\"low\" height=\"2911\" loading=\"lazy\" src=\"https:\/\/www.infobae.com\/resizer\/v2\/RNQA6X33RNEFNO34NHGZOG5BSY.jpg?auth=28a6c54989b9894c308adbe1ff89b670f67597b4ab1254860b529fa4af7d21c7&amp;smart=true&amp;width=350&amp;height=233&amp;quality=85\" width=\"4367\"><\/picture><\/div>\n<p class=\"paragraph\" data-paragraph-number=\"25\"><b>\u2014 \u00bfHabl\u00f3 con funcionarios del gobierno?<\/b><\/p>\n<p class=\"paragraph\" data-paragraph-number=\"26\">\u2014 Habl\u00e9 con Milei, Luis Caputo y <b>Jose Luis Daza<\/b>, del Ministerio de Econom\u00eda, y con <b>Sandra Pettovello<\/b>, de Capital Humano. Milei tiene una mente muy activa, encontr\u00e9 muy estimulante hablar con \u00e9l. Est\u00e1 interesado en muchas ideas. Tiene mucho entusiasmo. Es muy ambicioso y tiene ideas b\u00e1sicamente buenas, pero no entramos en detalles, as\u00ed que no puedo comentar espec\u00edficamente sobre ning\u00fan plan en particular. Lo que s\u00ed puedo decir es que el clima general es bueno. <\/p>\n<p class=\"paragraph\" data-paragraph-number=\"27\">S\u00ed entramos en algunos detalles con Caputo, Daza y tambi\u00e9n con Pettovello sobre formas de mejorar la capacitaci\u00f3n de trabajadores semicualificados: personas que no van a la universidad, pero necesitan habilidades, como plomer\u00eda, electricidad, reparaci\u00f3n de computadoras y capacidades t\u00e9cnicas asociadas con las nuevas tecnolog\u00edas. <\/p>\n<div class=\"blockquote\">\n<blockquote class=\"color_figcaption\"><p>\u201cTener una base s\u00f3lida antes de entrar a la escuela era muy importante para alcanzar resultados en la escuela o recibir capacitaci\u00f3n laboral despu\u00e9s\u201d<\/p><\/blockquote>\n<\/div>\n<p class=\"paragraph\" data-paragraph-number=\"28\">Por caso,<b> la salud utiliza cada vez m\u00e1s tecnolog\u00edas avanzadas y las personas podr\u00edan capacitarse<\/b> en esas tecnolog\u00edas en un per\u00edodo relativamente corto: tal vez en seis meses. Pronto saldr\u00e1n nuevas m\u00e1quinas de General Electric y de empresas alemanas de equipos el\u00e9ctricos y electr\u00f3nicos para la salud: m\u00e1quinas de rayos X o de diagn\u00f3stico que requieren cierta capacitaci\u00f3n. Mi percepci\u00f3n fue que en Argentina \u2014y creo que ellos estuvieron de acuerdo\u2014 hay demasiado \u00e9nfasis en la educaci\u00f3n acad\u00e9mica en comparaci\u00f3n con este otro tipo de educaci\u00f3n pr\u00e1ctica, orientada a las habilidades, que podr\u00eda promover capacidades, facilitar la adaptaci\u00f3n y atraer a m\u00e1s empresas y trabajadores.<\/p>\n<h3 class=\"text-align-left vertical-align-top line-height-100 header headline-class-h3 headline\" id=\"la-inversion-en-los-primeros-anos\">La inversi\u00f3n en los primeros a\u00f1os<\/h3>\n<p class=\"paragraph\" data-paragraph-number=\"29\"><b>\u2014 \u00bfC\u00f3mo lleg\u00f3 a la conclusi\u00f3n de que la ayuda m\u00e1s importante es la que se recibe entre el nacimiento y los cinco a\u00f1os de edad?<\/b><\/p>\n<p class=\"paragraph\" data-paragraph-number=\"30\">\u2014 Yo trabaj\u00e9 muchos a\u00f1os en la formaci\u00f3n de habilidades, en programas de capacitaci\u00f3n laboral y econom\u00eda de la educaci\u00f3n. A medida que trabajaba sobre estas cuestiones, comprend\u00ed que tener una base s\u00f3lida antes de entrar a la escuela era muy importante para alcanzar resultados en la escuela o recibir capacitaci\u00f3n laboral despu\u00e9s.<\/p>\n<p class=\"paragraph\" data-paragraph-number=\"31\"><b>\u2014 Usted enfatiz\u00f3 que el desarrollo durante la primera infancia es clave para lograr buenos resultados. Se entiende, por motivos como la nutrici\u00f3n y el desarrollo cognitivo, pero llama la atenci\u00f3n porque b\u00e1sicamente excluye casi todos los a\u00f1os de formaci\u00f3n escolar.<\/b><\/p>\n<p class=\"paragraph\" data-paragraph-number=\"32\">\u2014 El per\u00edodo del que hablamos llega, al menos seg\u00fan los conceptos de Estados Unidos, hasta algo as\u00ed como el tercer grado. <b>No es solo una cuesti\u00f3n de cero a cinco a\u00f1os. Hay mucho trabajo que sugiere flexibilidad en la formaci\u00f3n<\/b>. Hay un per\u00edodo, hacia los \u00faltimos a\u00f1os de la escuela primaria y los a\u00f1os previos a la escuela intermedia, en el cual el desarrollo de habilidades no se ralentiza, pero tampoco prospera con tanta rapidez. Luego hay otro en el cual vuelve a acelerarse, durante la adolescencia. Tiene que ver con fen\u00f3menos biol\u00f3gicos. <\/p>\n<div class=\"visual__image\"><picture><source srcset=\"https:\/\/www.infobae.com\/resizer\/v2\/VLSOX3CV7VANXM3WMBNMBPUUWU.png?auth=6f1ae4d041f8274d508e21ea3626084c4b73125a238a85f97321e818db5a3a78&amp;smart=true&amp;width=992&amp;height=554&amp;quality=85\" media=\"(min-width: 1000px)\"><\/source><source srcset=\"https:\/\/www.infobae.com\/resizer\/v2\/VLSOX3CV7VANXM3WMBNMBPUUWU.png?auth=6f1ae4d041f8274d508e21ea3626084c4b73125a238a85f97321e818db5a3a78&amp;smart=true&amp;width=768&amp;height=429&amp;quality=85\" media=\"(min-width: 768px)\"><\/source><source srcset=\"https:\/\/www.infobae.com\/resizer\/v2\/VLSOX3CV7VANXM3WMBNMBPUUWU.png?auth=6f1ae4d041f8274d508e21ea3626084c4b73125a238a85f97321e818db5a3a78&amp;smart=true&amp;width=577&amp;height=322&amp;quality=85\" media=\"(min-width: 580px)\"><\/source><source srcset=\"https:\/\/www.infobae.com\/resizer\/v2\/VLSOX3CV7VANXM3WMBNMBPUUWU.png?auth=6f1ae4d041f8274d508e21ea3626084c4b73125a238a85f97321e818db5a3a78&amp;smart=true&amp;width=420&amp;height=234&amp;quality=85\" media=\"(min-width: 350px)\"><\/source><source srcset=\"https:\/\/www.infobae.com\/resizer\/v2\/VLSOX3CV7VANXM3WMBNMBPUUWU.png?auth=6f1ae4d041f8274d508e21ea3626084c4b73125a238a85f97321e818db5a3a78&amp;smart=true&amp;width=350&amp;height=195&amp;quality=85\" media=\"(min-width: 80px)\"><\/source><img alt=\"Una maestra con guardapolvo blanco da clase a estudiantes con guardapolvos blancos en un aula con pupitres, pizarr\u00f3n, ventanas y carteles.\" class=\"global-image\" decoding=\"async\" fetchpriority=\"low\" height=\"1536\" loading=\"lazy\" src=\"https:\/\/www.infobae.com\/resizer\/v2\/VLSOX3CV7VANXM3WMBNMBPUUWU.png?auth=6f1ae4d041f8274d508e21ea3626084c4b73125a238a85f97321e818db5a3a78&amp;smart=true&amp;width=350&amp;height=195&amp;quality=85\" width=\"2752\"><\/picture><\/div>\n<p class=\"paragraph\" data-paragraph-number=\"33\">Las personas desarrollan entonces la corteza prefrontal, control y capacidad de decisi\u00f3n. Hacen cosas que, como contraparte biol\u00f3gica, surgen durante los a\u00f1os de la adolescencia. Los primeros a\u00f1os son muy importantes para sentar las bases, pero el aprendizaje es continuo. Siempre se aprenden nuevas habilidades. A medida que avanzamos en el ciclo de vida, estas se vuelven m\u00e1s sofisticadas y m\u00e1s profundas. Se construyen unas sobre otras, pero son distintas y tienen estructuras muy diferentes.<\/p>\n<p class=\"paragraph\" data-paragraph-number=\"34\"><b>\u2014 El gobierno de Milei recort\u00f3 algunos presupuestos sociales y educativos, pero aument\u00f3 en t\u00e9rminos reales otros, como la Asignaci\u00f3n Universal por Hijo (AUH), orientada a la primera infancia. \u00bfSer\u00eda el enfoque correcto? <\/b>(Carola Pessino aclara que Heckman habla de trabajar con la familia, no de dar transferencias de dinero.<\/p>\n<p class=\"paragraph\" data-paragraph-number=\"35\">\u2014 Exacto. Cuando vemos el uso de transferencias en Estados Unidos, las estudiamos. Hay todo un movimiento que fue muy popular y todav\u00eda tiene seguidores a favor de una renta b\u00e1sica universal o alg\u00fan apoyo para los ni\u00f1os en sus primeros a\u00f1os, mediante transferencias de efectivo. Pero esas medidas son mucho menos eficaces de lo que se pensaba. <\/p>\n<p class=\"paragraph\" data-paragraph-number=\"36\">Algunos estudios recientes lo han calculado, con seguimiento de largo plazo, y concluyeron que b\u00e1sicamente no hay beneficios de estos programas de transferencias en efectivo para promover las habilidades que importan en la vida. <\/p>\n<div class=\"blockquote\">\n<blockquote class=\"color_figcaption\"><p>\u201cLos programas efectivos tienen mucho m\u00e1s que ver con la interacci\u00f3n directa con el ni\u00f1o. Y la forma en la que esa interacci\u00f3n se desarrolla suele ser con el padre o la madre y en entornos que generen apego\u201d<\/p><\/blockquote>\n<\/div>\n<p class=\"paragraph\" data-paragraph-number=\"37\">Los programas efectivos tienen mucho m\u00e1s que ver con la interacci\u00f3n directa con el ni\u00f1o. Y la forma en la que esa interacci\u00f3n se desarrolla suele ser con el padre o la madre y en entornos que generen apego o permitan que el ni\u00f1o experimente, pruebe ideas, falle y as\u00ed sucesivamente. Eso es m\u00e1s eficaz que las transferencias de efectivo.<\/p>\n<h3 class=\"text-align-left vertical-align-top line-height-100 header headline-class-h3 headline\" id=\"el-papel-de-los-padres-y-cuidadores\">El papel de los padres y cuidadores<\/h3>\n<p class=\"paragraph\" data-paragraph-number=\"38\"><b>\u2014 \u00bfY qui\u00e9n hace eso?<\/b><\/p>\n<p class=\"paragraph\" data-paragraph-number=\"39\">\u2014 Los padres, cuidadores sustitutos o personas relacionadas. Muchos padres o potenciales padres no entienden realmente su propia importancia para ayudar a moldear las habilidades de los ni\u00f1os. La subestiman. Y no tienen una buena orientaci\u00f3n sobre c\u00f3mo interactuar con sus hijos para desarrollar esas habilidades. Por fortuna, se hicieron muchos estudios que muestran, en esencia, c\u00f3mo se pueden producir esas habilidades de manera eficaz. <\/p>\n<div class=\"visual__image\"><picture><source srcset=\"https:\/\/www.infobae.com\/resizer\/v2\/H3FFXIN3VVDHBADYYFOA6GLBME.png?auth=2cdcceaaf9d3a782fe1bab72f3c36d763d9e5280813f08c32e3a3c89181d627e&amp;smart=true&amp;width=992&amp;height=652&amp;quality=85\" media=\"(min-width: 1000px)\"><\/source><source srcset=\"https:\/\/www.infobae.com\/resizer\/v2\/H3FFXIN3VVDHBADYYFOA6GLBME.png?auth=2cdcceaaf9d3a782fe1bab72f3c36d763d9e5280813f08c32e3a3c89181d627e&amp;smart=true&amp;width=768&amp;height=504&amp;quality=85\" media=\"(min-width: 768px)\"><\/source><source srcset=\"https:\/\/www.infobae.com\/resizer\/v2\/H3FFXIN3VVDHBADYYFOA6GLBME.png?auth=2cdcceaaf9d3a782fe1bab72f3c36d763d9e5280813f08c32e3a3c89181d627e&amp;smart=true&amp;width=577&amp;height=379&amp;quality=85\" media=\"(min-width: 580px)\"><\/source><source srcset=\"https:\/\/www.infobae.com\/resizer\/v2\/H3FFXIN3VVDHBADYYFOA6GLBME.png?auth=2cdcceaaf9d3a782fe1bab72f3c36d763d9e5280813f08c32e3a3c89181d627e&amp;smart=true&amp;width=420&amp;height=276&amp;quality=85\" media=\"(min-width: 350px)\"><\/source><source srcset=\"https:\/\/www.infobae.com\/resizer\/v2\/H3FFXIN3VVDHBADYYFOA6GLBME.png?auth=2cdcceaaf9d3a782fe1bab72f3c36d763d9e5280813f08c32e3a3c89181d627e&amp;smart=true&amp;width=350&amp;height=230&amp;quality=85\" media=\"(min-width: 80px)\"><\/source><img alt=\"Un hombre, una ni\u00f1a y una mujer sentados en un sof\u00e1 gris, cada uno mirando y sosteniendo un tel\u00e9fono m\u00f3vil\" class=\"global-image\" decoding=\"async\" fetchpriority=\"low\" height=\"597\" loading=\"lazy\" src=\"https:\/\/www.infobae.com\/resizer\/v2\/H3FFXIN3VVDHBADYYFOA6GLBME.png?auth=2cdcceaaf9d3a782fe1bab72f3c36d763d9e5280813f08c32e3a3c89181d627e&amp;smart=true&amp;width=350&amp;height=230&amp;quality=85\" width=\"909\"><\/picture><\/div>\n<p class=\"paragraph\" data-paragraph-number=\"40\">Si estimulamos esos primeros a\u00f1os al incorporar a los padres, porque los padres est\u00e1n con los ni\u00f1os durante toda su vida, o a los cuidadores, eso ofrece una nueva v\u00eda de acci\u00f3n. No se trata de una escuela a la que los ni\u00f1os asisten o se inscriben. Se trata, en esencia, de que los padres interact\u00faen con los ni\u00f1os, los estimulen y quiz\u00e1s incluso trabajen con ellos en el aprendizaje escolar. Pero la interacci\u00f3n es lo central.<\/p>\n<p class=\"paragraph\" data-paragraph-number=\"41\"><b>\u2014 \u00bfQu\u00e9 ocurre si los padres son parte del problema o no pueden brindar esa asistencia?<\/b><\/p>\n<p class=\"paragraph\" data-paragraph-number=\"42\">\u2014 Hay dos etapas en eso. Nosotros trabajamos mucho en China, por ejemplo, con la Fundaci\u00f3n para la Investigaci\u00f3n del Desarrollo de China. Hay un joven profesor asociado de la Universidad de Hong Kong llamado<b> Zhou Chen<\/b> y un grupo de personas de la Fundaci\u00f3n que trabajan en esto. Hemos analizado y aplicado este enfoque en el oeste de China, y luego en todo el pa\u00eds. <\/p>\n<div class=\"blockquote\">\n<blockquote class=\"color_figcaption\"><p>\u201cEn China muchas personas migran del oeste a la costa este, donde est\u00e1n las f\u00e1bricas, y dejan a sus hijos atr\u00e1s. Entonces las intervenciones tienen lugar con los cuidadores\u201d<\/p><\/blockquote>\n<\/div>\n<p class=\"paragraph\" data-paragraph-number=\"43\">Lo menciono porque en China muchas personas migran del oeste a la costa este, donde est\u00e1n las f\u00e1bricas, y dejan a sus hijos atr\u00e1s. Entonces las intervenciones tienen lugar con los cuidadores. Con frecuencia son los abuelos, hermanos mayores u otros familiares. Aunque es menos probable que la madre se vaya, a veces s\u00ed se va. Entonces la intervenci\u00f3n vuelve a realizarse con el cuidador, que con el tiempo ser\u00e1 un familiar cercano o un amigo que cuide al ni\u00f1o. <\/p>\n<p class=\"paragraph\" data-paragraph-number=\"44\">Es una modalidad muy extendida. \u00bfEs igual de eficaz? La respuesta es no. <b>Cuando se trabaja directamente con los padres, es mucho mejor<\/b>, en parte porque los cuidadores de los ni\u00f1os tienen menos educaci\u00f3n. Son mayores. Muchos son los abuelos del ni\u00f1o y son menos \u00e1giles, menos activos, menos involucrados; por eso obtenemos efectos menores. Pero de todos modos se logran efectos. <\/p>\n<p class=\"paragraph\" data-paragraph-number=\"45\">El peor escenario ser\u00eda que el ni\u00f1o estuviera en un orfanato o que no tuviera a nadie que lo apoyara. En algunas sociedades occidentales, eso es un problema mucho mayor. La idea de familias que abandonan a sus hijos es bastante poco frecuente. Pero en Estados Unidos y otros pa\u00edses, sin dudas, es mucho m\u00e1s com\u00fan.<\/p>\n","protected":false},"excerpt":{"rendered":"<p>06 Sep, 2026 11:03 a. m. EST Guardar James Heckman, premio Nobel de Econom\u00eda 2000, visit\u00f3 la Argentina, donde recibi\u00f3 el Doctorado Honoris Causa de la Universidad del Cema (Ucema) y particip\u00f3 en el evento \u201cVientos de Cambio\u201d, del que tambi\u00e9n fueron parte el presidente Javier Milei y los ministros de Econom\u00eda, Luis Caputo, y [&hellip;]<\/p>\n","protected":false},"author":1,"featured_media":25277,"comment_status":"open","ping_status":"open","sticky":false,"template":"","format":"standard","meta":{"footnotes":""},"categories":[1],"tags":[],"class_list":["post-25276","post","type-post","status-publish","format-standard","has-post-thumbnail","hentry","category-uncategorized"],"_links":{"self":[{"href":"https:\/\/cliente1.publisher.highstack.com.ar\/index.php?rest_route=\/wp\/v2\/posts\/25276","targetHints":{"allow":["GET"]}}],"collection":[{"href":"https:\/\/cliente1.publisher.highstack.com.ar\/index.php?rest_route=\/wp\/v2\/posts"}],"about":[{"href":"https:\/\/cliente1.publisher.highstack.com.ar\/index.php?rest_route=\/wp\/v2\/types\/post"}],"author":[{"embeddable":true,"href":"https:\/\/cliente1.publisher.highstack.com.ar\/index.php?rest_route=\/wp\/v2\/users\/1"}],"replies":[{"embeddable":true,"href":"https:\/\/cliente1.publisher.highstack.com.ar\/index.php?rest_route=%2Fwp%2Fv2%2Fcomments&post=25276"}],"version-history":[{"count":0,"href":"https:\/\/cliente1.publisher.highstack.com.ar\/index.php?rest_route=\/wp\/v2\/posts\/25276\/revisions"}],"wp:featuredmedia":[{"embeddable":true,"href":"https:\/\/cliente1.publisher.highstack.com.ar\/index.php?rest_route=\/wp\/v2\/media\/25277"}],"wp:attachment":[{"href":"https:\/\/cliente1.publisher.highstack.com.ar\/index.php?rest_route=%2Fwp%2Fv2%2Fmedia&parent=25276"}],"wp:term":[{"taxonomy":"category","embeddable":true,"href":"https:\/\/cliente1.publisher.highstack.com.ar\/index.php?rest_route=%2Fwp%2Fv2%2Fcategories&post=25276"},{"taxonomy":"post_tag","embeddable":true,"href":"https:\/\/cliente1.publisher.highstack.com.ar\/index.php?rest_route=%2Fwp%2Fv2%2Ftags&post=25276"}],"curies":[{"name":"wp","href":"https:\/\/api.w.org\/{rel}","templated":true}]}}