{"id":25274,"date":"2026-09-06T12:23:23","date_gmt":"2026-09-06T15:23:23","guid":{"rendered":"https:\/\/cliente1.publisher.highstack.com.ar\/?p=25274"},"modified":"2026-09-06T12:23:23","modified_gmt":"2026-09-06T15:23:23","slug":"una-nena-de-seis-anos-murio-atrapada-en-el-incendio-de-una-vivienda-precaria-en-berisso","status":"publish","type":"post","link":"https:\/\/cliente1.publisher.highstack.com.ar\/?p=25274","title":{"rendered":"Una nena de seis a\u00f1os muri\u00f3 atrapada en el incendio de una vivienda precaria en Berisso"},"content":{"rendered":"<p><\/p>\n<div>\n<p>Una nena de seis a\u00f1os muri\u00f3 atrapada en el incendio de una vivienda precaria durante la noche de este s\u00e1bado, en la localidad bonaerense de Berisso. La v\u00edctima fue identificada como Dalia \u00c1ngeles Colman. <\/p>\n<p><!-- is a <br \/>--><\/p>\n<p><!-- is a object --><br \/>\n<!-- embed start --><!-- embed end --><br \/>\n<!-- end object --><\/p>\n<p>El siniestro ocurri\u00f3 minutos antes de las 21 en una propiedad situada sobre calle 127, entre 28 y 29. Oficiales del Comando de Patrullas llegaron al lugar luego de que una llamada al 911 alertara sobre el fuego en una casa construida con madera y chapa. <\/p>\n<p><!-- is a <br \/>--><\/p>\n<p><!-- is a object --><br \/>\n<!-- embed start --><!-- embed end --><br \/>\n<!-- end object --><\/p>\n<p>Los efectivos solicitaron la intervenci\u00f3n de los bomberos y dos dotaciones de la Estaci\u00f3n El Carmen, perteneciente al Cuartel de Bomberos de Berisso, trabajaron para controlar las llamas. <\/p>\n<p><!-- is a <br \/>--><\/p>\n<p><!-- is a object --><br \/>\n<!-- embed start --><!-- embed end --><br \/>\n<!-- end object --><\/p>\n<p><!-- is a object --><\/p>\n<h2>Encontraron a la ni\u00f1a dentro de una habitaci\u00f3n<\/h2>\n<p><!-- end object --><\/p>\n<p>\u00a0<\/p>\n<p><!-- is a <br \/>--><\/p>\n<p>Una vez extinguido el foco \u00edgneo, los rescatistas ingresaron a la vivienda y encontraron a la menor dentro de una de las habitaciones. Posteriormente, un m\u00e9dico del Sistema de Atenci\u00f3n M\u00e9dica de Emergencias (SAME) constat\u00f3 su fallecimiento. <\/p>\n<p><!-- is a <br \/>--><\/p>\n<p><!-- is a object --><br \/>\n<!-- embed start --><!-- embed end --><br \/>\n<!-- end object --><\/p>\n<p>La madre de la ni\u00f1a, Mar\u00eda Victoria Villar, de 25 a\u00f1os, declar\u00f3 que la familia no contaba con suministro el\u00e9ctrico y hab\u00eda encendido una vela para iluminar la casa. <\/p>\n<p><!-- is a <br \/>--><\/p>\n<p><!-- is a object --><br \/>\n<!-- embed start --><!-- embed end --><br \/>\n<!-- end object --><\/p>\n<p>De acuerdo con su relato, el elemento habr\u00eda ca\u00eddo y provocado el inicio del fuego, que despu\u00e9s se propag\u00f3 por toda la construcci\u00f3n. <\/p>\n<p><!-- is a <br \/>--><\/p>\n<p><!-- is a object --><br \/>\n<!-- embed start --><!-- embed end --><br \/>\n<!-- end object --><\/p>\n<p>La mujer y otro de sus hijos consiguieron salir de la propiedad antes de que avanzaran las llamas. Fuentes vinculadas con el operativo confirmaron a <i>NA<\/i> que no se registraron otras personas lesionadas. <\/p>\n<p><!-- is a <br \/>--><\/p>\n<p><!-- is a object --><br \/>\n<!-- embed start --><!-- embed end --><br \/>\n<!-- end object --><\/p>\n<p><!-- is a object --><\/p>\n<h2>Investigan c\u00f3mo comenz\u00f3 el incendio<\/h2>\n<p><!-- end object --><\/p>\n<p>\u00a0<\/p>\n<p><!-- is a <br \/>--><\/p>\n<p>En el lugar tambi\u00e9n intervinieron agentes de Defensa Civil y efectivos de la Comisar\u00eda Tercera de Berisso, quienes realizaron las primeras actuaciones para establecer las circunstancias de la tragedia. <\/p>\n<p><!-- is a <br \/>--><\/p>\n<p><!-- is a object --><br \/>\n<!-- embed start --><!-- embed end --><br \/>\n<!-- end object --><\/p>\n<p>La investigaci\u00f3n qued\u00f3 caratulada como \u201cIncendio y otros estragos\/Averiguaci\u00f3n de causales de muerte\u201d. Las autoridades procuraban determinar mediante las pericias correspondientes si la ca\u00edda de la vela fue efectivamente la causa del siniestro.<\/p>\n<\/p><\/div>\n","protected":false},"excerpt":{"rendered":"<p>Una nena de seis a\u00f1os muri\u00f3 atrapada en el incendio de una vivienda precaria durante la noche de este s\u00e1bado, en la localidad bonaerense de Berisso. La v\u00edctima fue identificada como Dalia \u00c1ngeles Colman. El siniestro ocurri\u00f3 minutos antes de las 21 en una propiedad situada sobre calle 127, entre 28 y 29. Oficiales del [&hellip;]<\/p>\n","protected":false},"author":1,"featured_media":25275,"comment_status":"open","ping_status":"open","sticky":false,"template":"","format":"standard","meta":{"footnotes":""},"categories":[1],"tags":[],"class_list":["post-25274","post","type-post","status-publish","format-standard","has-post-thumbnail","hentry","category-uncategorized"],"_links":{"self":[{"href":"https:\/\/cliente1.publisher.highstack.com.ar\/index.php?rest_route=\/wp\/v2\/posts\/25274","targetHints":{"allow":["GET"]}}],"collection":[{"href":"https:\/\/cliente1.publisher.highstack.com.ar\/index.php?rest_route=\/wp\/v2\/posts"}],"about":[{"href":"https:\/\/cliente1.publisher.highstack.com.ar\/index.php?rest_route=\/wp\/v2\/types\/post"}],"author":[{"embeddable":true,"href":"https:\/\/cliente1.publisher.highstack.com.ar\/index.php?rest_route=\/wp\/v2\/users\/1"}],"replies":[{"embeddable":true,"href":"https:\/\/cliente1.publisher.highstack.com.ar\/index.php?rest_route=%2Fwp%2Fv2%2Fcomments&post=25274"}],"version-history":[{"count":0,"href":"https:\/\/cliente1.publisher.highstack.com.ar\/index.php?rest_route=\/wp\/v2\/posts\/25274\/revisions"}],"wp:featuredmedia":[{"embeddable":true,"href":"https:\/\/cliente1.publisher.highstack.com.ar\/index.php?rest_route=\/wp\/v2\/media\/25275"}],"wp:attachment":[{"href":"https:\/\/cliente1.publisher.highstack.com.ar\/index.php?rest_route=%2Fwp%2Fv2%2Fmedia&parent=25274"}],"wp:term":[{"taxonomy":"category","embeddable":true,"href":"https:\/\/cliente1.publisher.highstack.com.ar\/index.php?rest_route=%2Fwp%2Fv2%2Fcategories&post=25274"},{"taxonomy":"post_tag","embeddable":true,"href":"https:\/\/cliente1.publisher.highstack.com.ar\/index.php?rest_route=%2Fwp%2Fv2%2Ftags&post=25274"}],"curies":[{"name":"wp","href":"https:\/\/api.w.org\/{rel}","templated":true}]}}