{"id":25272,"date":"2026-09-06T11:39:54","date_gmt":"2026-09-06T14:39:54","guid":{"rendered":"https:\/\/cliente1.publisher.highstack.com.ar\/?p=25272"},"modified":"2026-09-06T11:39:54","modified_gmt":"2026-09-06T14:39:54","slug":"malvinas-mas-de-40-entidades-de-la-agroindustria-respaldaron-con-un-fuerte-mensaje-los-anuncios-de-milei-para-reivindicar-la-soberania","status":"publish","type":"post","link":"https:\/\/cliente1.publisher.highstack.com.ar\/?p=25272","title":{"rendered":"Malvinas: m\u00e1s de 40 entidades de la agroindustria respaldaron, con un fuerte mensaje, los anuncios de Milei para reivindicar la soberan\u00eda"},"content":{"rendered":"<div class=\"col-12\">\n<div data-tw=\"true\" style=\"display:contents\">\n<div role=\"none\"><\/div>\n<\/div>\n<p class=\"com-paragraph --capital --s\">El Consejo Agroindustrial Argentino <strong>(CAA) respald\u00f3<\/strong> los anuncios realizados por el Gobierno sobre <strong>Malvinas.<\/strong> El CAA est\u00e1 formado institucionalmente por m\u00e1s de 40 organizaciones. <\/p>\n<div class=\"ln-banner-container --no-app --caja1_mob\">\n<div id=\"caja1_mob\" class=\"ln-banner\" data-slot-group=\"nota\" data-device=\"mobile\" data-subscription=\"false\" data-ad-unit-path=\"\/133919216\/campo_mobile\/Nota\/caja1_mob\" data-targeting='{\"sitio\":\"lanacion\",\"seccion\":\"nota\"}' data-without-hide=\"true\" data-size=\"[[320,100],[300,250],[1,1],[300,450],[320,450]]\" data-sizemap=\"[]\" data-prebid-enabled=\"true\"><\/div>\n<\/div>\n<p class=\"com-paragraph --s\">El jueves pasado, en cadena nacional, para reforzar la soberan\u00eda sobre el archipi\u00e9lago el presidente <strong>Javier Milei<\/strong> comunic\u00f3 diversas medidas. Entre ellas, la ampliaci\u00f3n de los recursos del Ministerio de Defensa para avanzar en la construcci\u00f3n de una Base Naval Integrada en Tierra del Fuego. Adem\u00e1s, se enviar\u00e1 un proyecto de ley de Defensa de la Soberan\u00eda Nacional para modificar la Ley N\u00b0 26.659 con el objetivo de sancionar a las compa\u00f1\u00edas vinculadas a operaciones no autorizadas. Tambi\u00e9n se incorporar\u00e1n declaraciones juradas en tr\u00e1mites hidrocarbur\u00edferos y el RIGI.<\/p>\n<div class=\"ln-banner-container --no-app --middle_1_dsk\">\n<div id=\"middle_1_dsk\" class=\"ln-banner\" data-slot-group=\"nota\" data-device=\"desktop\" data-subscription=\"true\" data-ad-unit-path=\"\/133919216\/campo_desktop\/Nota\/middle_1_dsk\" data-targeting='{\"sitio\":\"lanacion\",\"seccion\":\"nota\"}' data-without-hide=\"true\" data-size=\"[[1,1],[640,360],[640,480],[728,90]]\" data-sizemap=\"[]\" data-prebid-enabled=\"true\"><\/div>\n<\/div>\n<p class=\"com-paragraph --s\">\u201cRespaldamos los anuncios recientes del gobierno nacional destinados a la defensa integral de los derechos soberanos en el Atl\u00e1ntico Sur y las Islas Malvinas\u201d, se\u00f1al\u00f3 el CAA en un posteo en X donde mencion\u00f3 a Milei y al canciller Pablo Quirno. <\/p>\n<p class=\"com-paragraph --s\"><strong>\u201cEl resguardo de nuestros recursos naturales y la aplicaci\u00f3n rigurosa de sanciones a operaciones no autorizadas protegen la integridad territorial y el potencial econ\u00f3mico mar\u00edtimo de la Argentina. No hay desarrollo sostenible sin defensa de lo propio\u201d,<\/strong> agreg\u00f3 la declaraci\u00f3n.<\/p>\n<div class=\"ln-banner-container --no-app --caja2_mob\">\n<div id=\"caja2_mob\" class=\"ln-banner\" data-slot-group=\"nota\" data-device=\"mobile\" data-subscription=\"true\" data-ad-unit-path=\"\/133919216\/campo_mobile\/Nota\/caja2_mob\" data-targeting='{\"sitio\":\"lanacion\",\"seccion\":\"nota\"}' data-without-hide=\"true\" data-size=\"[[320,100],[300,250],[300,450],[1,1],[360,270],[320,180]]\" data-sizemap=\"[]\" data-prebid-enabled=\"true\"><\/div>\n<\/div>\n<div class=\"com-embed --twitter container-center-100\">\n<blockquote class=\"twitter-tweet\">\n<p lang=\"es\" dir=\"ltr\">Desde <a href=\"https:\/\/x.com\/AgroindArg?ref_src=twsrc%5Etfw\">@AgroIndArg<\/a> respaldamos los anuncios recientes del Gobierno Nacional destinados a la defensa integral de los derechos soberanos en el Atl\u00e1ntico Sur y las Islas Malvinas. \ud83e\uddf5\ud83d\udc47<a href=\"https:\/\/x.com\/pabloquirno?ref_src=twsrc%5Etfw\">@pabloquirno<\/a> <a href=\"https:\/\/x.com\/JMilei?ref_src=twsrc%5Etfw\">@JMilei<\/a><\/p>\n<p>\u2014 Consejo Agroindustrial Argentino (@AgroindArg) <a href=\"https:\/\/x.com\/AgroindArg\/status\/2096584730015584473?ref_src=twsrc%5Etfw\">September 6, 2026<\/a><\/p><\/blockquote>\n<\/div>\n<div class=\"ln-banner-container --no-app --middle_2_dsk\">\n<div id=\"middle_2_dsk\" class=\"ln-banner\" data-slot-group=\"nota\" data-device=\"desktop\" data-subscription=\"true\" data-ad-unit-path=\"\/133919216\/campo_desktop\/Nota\/middle_2_dsk\" data-targeting='{\"sitio\":\"lanacion\",\"seccion\":\"nota\"}' data-without-hide=\"true\" data-size=\"[[1,1],[728,90]]\" data-sizemap=\"[]\" data-prebid-enabled=\"true\"><\/div>\n<\/div>\n<p class=\"com-paragraph --s\">El CAA remarc\u00f3: \u201cLa consolidaci\u00f3n de la presencia argentina en Tierra del Fuego y el Atl\u00e1ntico Sur refuerza un eje log\u00edstico, biooce\u00e1nico e industrial clave para el comercio exterior, la pesca y la proyecci\u00f3n econ\u00f3mica integral de las provincias del sur\u201d.<\/p>\n<div class=\"ln-banner-container --no-app --caja3_mob\">\n<div id=\"caja3_mob\" class=\"ln-banner\" data-slot-group=\"nota\" data-device=\"mobile\" data-subscription=\"false\" data-ad-unit-path=\"\/133919216\/campo_mobile\/Nota\/caja3_mob\" data-targeting='{\"sitio\":\"lanacion\",\"seccion\":\"nota\"}' data-without-hide=\"true\" data-size=\"[[320,100],[300,250],[1,1],[300,450],[360,270]]\" data-sizemap=\"[]\" data-prebid-enabled=\"true\"><\/div>\n<\/div>\n<div class=\"ln-banner-container --no-app --middle_2_tab\">\n<div id=\"middle_2_tab\" class=\"ln-banner\" data-slot-group=\"nota\" data-device=\"tablet\" data-subscription=\"false\" data-ad-unit-path=\"\/133919216\/campo_tablet\/Nota\/middle_2_tab\" data-targeting='{\"sitio\":\"lanacion\",\"seccion\":\"nota\"}' data-without-hide=\"true\" data-size=\"[[728,90],[640,480],[468,60],[1,1]]\" data-sizemap=\"[]\" data-prebid-enabled=\"true\"><\/div>\n<\/div>\n<p class=\"com-paragraph --s\">La entidad, que preside <strong>Gustavo Id\u00edgoras,<\/strong> finaliz\u00f3: \u201cApoyamos las herramientas legales, diplom\u00e1ticas y de gesti\u00f3n p\u00fablica que priorizan la defensa de la camiseta argentina y los intereses nacionales. Soberan\u00eda, regla de ley y desarrollo productivo para todo el pa\u00eds\u201d.<\/p>\n<div class=\"content-media\">\n<section role=\"button\" class=\"mod-media   \">\n<figure role=\"button\" tabindex=\"0\" class=\"mod-figure \">\n<div class=\"placeholder \">\n<div class=\"com-image\"><picture><source media=\"(min-width: 768px)\" srcset=\"https:\/\/www.lanacion.com.ar\/resizer\/v2\/la-entidad-que-preside-gustavo-idigoras-indico-GHZIU7YHZZBFZCCXBYYIXQKGRE.jpg?auth=d4dbae6bf40293c26e6d0f369a19c47907b5c31fadba8d182240a36b64fe8169&amp;width=780&amp;height=520&amp;quality=70&amp;smart=true\"><\/source><img class=\"image com-image flex --cover\" decoding=\"async\" fetchpriority=\"low\" loading=\"lazy\" src=\"https:\/\/www.lanacion.com.ar\/resizer\/v2\/la-entidad-que-preside-gustavo-idigoras-indico-GHZIU7YHZZBFZCCXBYYIXQKGRE.jpg?auth=d4dbae6bf40293c26e6d0f369a19c47907b5c31fadba8d182240a36b64fe8169&amp;width=420&amp;height=280&amp;quality=70&amp;smart=true\" width=\"1280\" alt='La entidad que preside Gustavo Id\u00edgoras indic\u00f3: \"Soberan\u00eda, regla de ley y desarrollo productivo para todo el pa\u00eds\"' height=\"854\"><\/picture><\/div>\n<\/div><figcaption class=\"mod-figcaption\"><span class=\"com-text --caption --twoxs\">La entidad que preside Gustavo Id\u00edgoras indic\u00f3: &#8220;Soberan\u00eda, regla de ley y desarrollo productivo para todo el pa\u00eds&#8221;<\/span><span class=\"com-text --credit --twoxs\">Gentileza Clera<\/span><\/figcaption><\/figure>\n<\/section>\n<\/div>\n<p class=\"com-paragraph --s\">En el CAA est\u00e1n entidades de exportadores, organizaciones por cadenas de cultivos, bolsas de cereales y diversas agrupaciones de econom\u00edas regionales. De las tradicionales entidades gremiales de productores solo se encuentra Coninagro. <\/p>\n<div class=\"ln-banner-container --no-app --caja4_mob\">\n<div id=\"caja4_mob\" class=\"ln-banner\" data-slot-group=\"nota\" data-device=\"mobile\" data-subscription=\"false\" data-ad-unit-path=\"\/133919216\/campo_mobile\/Nota\/caja4_mob\" data-targeting='{\"sitio\":\"lanacion\",\"seccion\":\"nota\"}' data-without-hide=\"true\" data-size=\"[[320,100],[300,250],[1,1]]\" data-sizemap=\"[]\" data-prebid-enabled=\"true\"><\/div>\n<\/div>\n<div data-tw=\"true\" style=\"display:contents\">\n<h2 class=\"font-primary font-w-bold text-subheading-lg text-left container-center-100 mb-8\"><span>El mensaje de la Rural<\/span><\/h2>\n<\/div>\n<p class=\"com-paragraph --s\">El mismo d\u00eda en que Milei realiz\u00f3 los anuncios se hab\u00eda pronunciado la <strong>Sociedad Rural Argentina (SRA). <\/strong>\u201cExpresamos nuestro apoyo al mensaje del Gobierno Nacional sobre el reclamo de la soberan\u00eda de las Islas Malvinas y al paquete de medidas que anunci\u00f3 el Presidente de la Naci\u00f3n para resguardar los recursos naturales del pa\u00eds\u201d, dijo la Rural. <\/p>\n<div class=\"com-embed --twitter container-center-100\">\n<blockquote class=\"twitter-tweet\">\n<p lang=\"es\" dir=\"ltr\">Expresamos nuestro apoyo al mensaje del Gobierno Nacional sobre el reclamo de la soberan\u00eda de la Islas Malvinas y al paquete de medidas que anunci\u00f3 el Presidente de la Naci\u00f3n para resguardar los recursos naturales del pa\u00eds.<br \/>La defensa de la soberan\u00eda nacional es una prioridad\u2026<\/p>\n<p>\u2014 Sociedad Rural Argentina (@SociedadRural) <a href=\"https:\/\/x.com\/SociedadRural\/status\/2095674889768231406?ref_src=twsrc%5Etfw\">September 4, 2026<\/a><\/p><\/blockquote>\n<\/div>\n<div class=\"ln-banner-container --no-app --caja6_mob\">\n<div id=\"caja6_mob\" class=\"ln-banner\" data-slot-group=\"nota\" data-device=\"mobile\" data-subscription=\"false\" data-ad-unit-path=\"\/133919216\/campo_mobile\/Nota\/caja6_mob\" data-targeting='{\"sitio\":\"lanacion\",\"seccion\":\"nota\"}' data-without-hide=\"true\" data-size=\"[[300,250],[230,50],[300,450],[1,1],[320,100]]\" data-sizemap=\"[]\" data-prebid-enabled=\"true\"><\/div>\n<\/div>\n<p class=\"com-paragraph --s\">\u201cLa defensa de la soberan\u00eda nacional es una prioridad hist\u00f3rica que nos convoca a trabajar juntos por el futuro y el desarrollo de nuestro pa\u00eds\u201d, a\u00f1adi\u00f3 la entidad que preside <strong>Nicol\u00e1s Pino.<\/strong><\/p>\n<div class=\"ln-banner-container --no-app --caja5_mob\">\n<div id=\"caja5_mob\" class=\"ln-banner\" data-slot-group=\"nota\" data-device=\"mobile\" data-subscription=\"false\" data-ad-unit-path=\"\/133919216\/campo_mobile\/Nota\/caja5_mob\" data-targeting='{\"sitio\":\"lanacion\",\"seccion\":\"nota\"}' data-without-hide=\"true\" data-size='[[320,100],[300,250],[1,1],[\" fluid\"]]' data-sizemap=\"[]\" data-prebid-enabled=\"true\"><\/div>\n<\/div>\n<div data-fusion-lazy-id=\"f0fLHi7Wfcy22C4\"><\/div>\n<div class=\"ln-banner-container --no-app --middle_3_dsk\">\n<div id=\"middle_3_dsk\" class=\"ln-banner\" data-slot-group=\"nota\" data-device=\"desktop\" data-subscription=\"true\" data-ad-unit-path=\"\/133919216\/campo_desktop\/Nota\/middle_3_dsk\" data-targeting='{\"sitio\":\"lanacion\",\"seccion\":\"nota\"}' data-without-hide=\"true\" data-size=\"[[1,1],[728,90],[640,360],[728,360]]\" data-sizemap=\"[]\" data-prebid-enabled=\"true\"><\/div>\n<\/div>\n<\/div>\n","protected":false},"excerpt":{"rendered":"<p>El Consejo Agroindustrial Argentino (CAA) respald\u00f3 los anuncios realizados por el Gobierno sobre Malvinas. El CAA est\u00e1 formado institucionalmente por m\u00e1s de 40 organizaciones. El jueves pasado, en cadena nacional, para reforzar la soberan\u00eda sobre el archipi\u00e9lago el presidente Javier Milei comunic\u00f3 diversas medidas. Entre ellas, la ampliaci\u00f3n de los recursos del Ministerio de Defensa [&hellip;]<\/p>\n","protected":false},"author":1,"featured_media":25273,"comment_status":"open","ping_status":"open","sticky":false,"template":"","format":"standard","meta":{"footnotes":""},"categories":[1],"tags":[],"class_list":["post-25272","post","type-post","status-publish","format-standard","has-post-thumbnail","hentry","category-uncategorized"],"_links":{"self":[{"href":"https:\/\/cliente1.publisher.highstack.com.ar\/index.php?rest_route=\/wp\/v2\/posts\/25272","targetHints":{"allow":["GET"]}}],"collection":[{"href":"https:\/\/cliente1.publisher.highstack.com.ar\/index.php?rest_route=\/wp\/v2\/posts"}],"about":[{"href":"https:\/\/cliente1.publisher.highstack.com.ar\/index.php?rest_route=\/wp\/v2\/types\/post"}],"author":[{"embeddable":true,"href":"https:\/\/cliente1.publisher.highstack.com.ar\/index.php?rest_route=\/wp\/v2\/users\/1"}],"replies":[{"embeddable":true,"href":"https:\/\/cliente1.publisher.highstack.com.ar\/index.php?rest_route=%2Fwp%2Fv2%2Fcomments&post=25272"}],"version-history":[{"count":0,"href":"https:\/\/cliente1.publisher.highstack.com.ar\/index.php?rest_route=\/wp\/v2\/posts\/25272\/revisions"}],"wp:featuredmedia":[{"embeddable":true,"href":"https:\/\/cliente1.publisher.highstack.com.ar\/index.php?rest_route=\/wp\/v2\/media\/25273"}],"wp:attachment":[{"href":"https:\/\/cliente1.publisher.highstack.com.ar\/index.php?rest_route=%2Fwp%2Fv2%2Fmedia&parent=25272"}],"wp:term":[{"taxonomy":"category","embeddable":true,"href":"https:\/\/cliente1.publisher.highstack.com.ar\/index.php?rest_route=%2Fwp%2Fv2%2Fcategories&post=25272"},{"taxonomy":"post_tag","embeddable":true,"href":"https:\/\/cliente1.publisher.highstack.com.ar\/index.php?rest_route=%2Fwp%2Fv2%2Ftags&post=25272"}],"curies":[{"name":"wp","href":"https:\/\/api.w.org\/{rel}","templated":true}]}}