{"id":25269,"date":"2026-09-06T11:10:34","date_gmt":"2026-09-06T14:10:34","guid":{"rendered":"https:\/\/cliente1.publisher.highstack.com.ar\/?p=25269"},"modified":"2026-09-06T11:10:34","modified_gmt":"2026-09-06T14:10:34","slug":"retirado-del-ejercito-comandaba-banda-que-asalto-inmobiliaria-secuestraron-armas-y-hay-dos-profugos","status":"publish","type":"post","link":"https:\/\/cliente1.publisher.highstack.com.ar\/?p=25269","title":{"rendered":"Retirado del Ej\u00e9rcito comandaba banda que asalt\u00f3 inmobiliaria: secuestraron armas y hay dos pr\u00f3fugos"},"content":{"rendered":"<p><\/p>\n<div>\n<p>Un <b>retirado del Ej\u00e9rcito comandaba la banda que asalt\u00f3 una inmobiliaria<\/b> y que estar\u00eda vinculada con otros dos robos calificados ocurridos durante los \u00faltimos d\u00edas en Concordia, seg\u00fan la investigaci\u00f3n policial. Cuatro allanamientos realizados este s\u00e1bado terminaron con tres personas detenidas, mientras que otros dos sospechosos permanec\u00edan pr\u00f3fugos y con pedido de captura. <\/p>\n<p><!-- is a <br \/>--><\/p>\n<p>\u00a0<\/p>\n<p><!-- is a <br \/>--><\/p>\n<p>Entre los detenidos se encuentra un hombre de apellido Garc\u00eda, retirado del Ej\u00e9rcito Argentino y propietario de una camioneta Volkswagen Amarok que, de acuerdo con la pesquisa, habr\u00eda sido utilizada para trasladar a los integrantes de la organizaci\u00f3n y escapar despu\u00e9s de los atracos. La Polic\u00eda sostiene adem\u00e1s que habr\u00eda proporcionado las armas empleadas por el grupo. <\/p>\n<p><!-- is a <br \/>--><\/p>\n<p><!-- is a object --><br \/>\n<!-- embed start --><\/p>\n<figure class=\"embed\">\n<p>    <img decoding=\"async\" src=\"https:\/\/elonce-media.elonce.com\/fotos\/2026\/09\/06\/e_1788701988_29362.webp\" loading=\"lazy\" width=\"600\" height=\"400\" alt=\"\"\/><\/p>\n<\/figure>\n<p><!-- embed end --><br \/>\n<!-- end object --><\/p>\n<p>Los procedimientos permitieron secuestrar la camioneta, dos pistolas calibre 9 mil\u00edmetros con cartucher\u00eda y otra calibre 22. La investigaci\u00f3n est\u00e1 relacionada con tres robos calificados: dos cometidos en la zona de La Bianca y otro registrado el viernes en una inmobiliaria ubicada en el centro concordiense. <\/p>\n<p><!-- is a <br \/>--><\/p>\n<p>\u00a0<\/p>\n<p><!-- is a <br \/>--><\/p>\n<p><!-- is a object --><\/p>\n<h2>Cuatro allanamientos tras una investigaci\u00f3n contrarreloj<\/h2>\n<p><!-- end object --><\/p>\n<p>\u00a0<\/p>\n<p><!-- is a <br \/>--><\/p>\n<p>El jefe de la Polic\u00eda Departamental Concordia, comisario Jos\u00e9 Mar\u00eda Rosatelli, explic\u00f3 que los procedimientos surgieron del an\u00e1lisis de testimonios y c\u00e1maras de seguridad. Las im\u00e1genes permitieron reconstruir desplazamientos, identificar el veh\u00edculo utilizado y avanzar sobre las personas que presuntamente integraban el grupo. <\/p>\n<p><!-- is a <br \/>--><\/p>\n<p>\u00a0<\/p>\n<p><!-- is a <br \/>--><\/p>\n<p><b>\u201cEsta semana hemos tenido tres robos calificados. Dos en jurisdicci\u00f3n de La Bianca y otro en la zona c\u00e9ntrica. A partir de ah\u00ed se comienza un trabajo marat\u00f3nico, porque el \u00faltimo hecho hab\u00eda ocurrido apenas 24 horas antes\u201d<\/b>, se\u00f1al\u00f3 Rosatelli. <\/p>\n<p><!-- is a <br \/>--><\/p>\n<p>\u00a0<\/p>\n<p><!-- is a <br \/>--><\/p>\n<p>Con las evidencias reunidas y la intervenci\u00f3n del fiscal Mart\u00edn N\u00fa\u00f1ez y el juez de Garant\u00edas Mauricio Guerrero, se solicitaron las \u00f3rdenes correspondientes. Durante la tarde del s\u00e1bado fueron concretados cuatro allanamientos que culminaron con tres sospechosos detenidos. <\/p>\n<p><!-- is a <br \/>--><\/p>\n<blockquote class=\"instagram-media\" data-instgrm-captioned=\"\" data-instgrm-permalink=\"https:\/\/www.instagram.com\/reel\/Dc7eFgONfH6\/?utm_source=ig_embed&amp;utm_campaign=loading\" data-instgrm-version=\"14\" style=\" background:#FFF; border:0; border-radius:3px; box-shadow:0 0 1px 0 rgba(0,0,0,0.5),0 1px 10px 0 rgba(0,0,0,0.15); margin: 1px; max-width:540px; min-width:326px; padding:0; width:99.375%; width:-webkit-calc(100% - 2px); width:calc(100% - 2px);\"\/><p> <!-- is a <br \/>--><br \/>\n<!-- is a <br \/>--><\/p>\n<p><!-- is a object --><\/p>\n<h2>El rol atribuido al retirado del Ej\u00e9rcito<\/h2>\n<p><!-- end object --><\/p>\n<p>\u00a0<\/p>\n<p><!-- is a <br \/>--><\/p>\n<p>Uno de los principales avances estuvo relacionado con la Volkswagen Amarok que presuntamente utilizaba la organizaci\u00f3n. El veh\u00edculo fue localizado en la zona c\u00e9ntrica de Concordia, frente a la Asistencia P\u00fablica, y qued\u00f3 secuestrado como parte de la causa. <\/p>\n<p><!-- is a <br \/>--><\/p>\n<p>\u00a0<\/p>\n<p><!-- is a <br \/>--><\/p>\n<p>Seg\u00fan Rosatelli, Garc\u00eda habr\u00eda tenido una funci\u00f3n relevante dentro del grupo. <b>\u201cEs el propietario de la camioneta y, seg\u00fan nuestra investigaci\u00f3n y los elementos encontrados, no solamente pon\u00eda la movilidad y trasladaba a los integrantes, sino que tambi\u00e9n habr\u00eda aportado las armas de fuego\u201d<\/b>, explic\u00f3 a <i>7P\u00e1ginas<\/i>. <\/p>\n<p><!-- is a <br \/>--><\/p>\n<p>\u00a0<\/p>\n<p><!-- is a <br \/>--><\/p>\n<p>La Polic\u00eda tambi\u00e9n estableci\u00f3 que otro de los detenidos habr\u00eda recuperado recientemente la libertad luego de cumplir una condena. Los investigadores sostienen que varios de los sospechosos cuentan con antecedentes relacionados con robos calificados. <\/p>\n<p><!-- is a <br \/>--><\/p>\n<p>\u00a0<\/p>\n<p><!-- is a <br \/>--><\/p>\n<p><!-- is a object --><\/p>\n<h2>Una banda con funciones distribuidas<\/h2>\n<p><!-- end object --><\/p>\n<p>\u00a0<\/p>\n<p><!-- is a <br \/>--><\/p>\n<p>De acuerdo con la hip\u00f3tesis policial, no se tratar\u00eda de hechos improvisados, sino de una organizaci\u00f3n en la que cada integrante desempe\u00f1aba una tarea determinada. Los sospechosos tendr\u00edan entre 40 y 50 a\u00f1os y algunos contar\u00edan con experiencia delictiva previa. <\/p>\n<p><!-- is a <br \/>--><\/p>\n<p>\u00a0<\/p>\n<p><!-- is a <br \/>--><\/p>\n<p><b>\u201cEra una banda organizada, con personas con experiencia, algunas de ellas que hab\u00edan salido recientemente de la c\u00e1rcel, con antecedentes y con armas de fuego de importante poder. Cada uno cumpl\u00eda una funci\u00f3n\u201d<\/b>, afirm\u00f3 el jefe departamental. <\/p>\n<p><!-- is a <br \/>--><\/p>\n<p><!-- is a object --><br \/>\n<!-- embed start --><\/p>\n<figure class=\"embed\">\n<p>    <img decoding=\"async\" src=\"https:\/\/elonce-media.elonce.com\/fotos\/2026\/09\/06\/e_1788701988_65751.webp\" loading=\"lazy\" width=\"600\" height=\"400\" alt=\"\"\/><\/p>\n<\/figure>\n<p><!-- embed end --><br \/>\n<!-- end object --><\/p>\n<p>Mientras avanzaban las medidas sobre los tres detenidos, continuaba la b\u00fasqueda de otros dos hombres mayores de edad. Ambos fueron identificados durante la investigaci\u00f3n y cuentan con pedidos de captura. <\/p>\n<p><!-- is a <br \/>--><\/p>\n<p>\u00a0<\/p>\n<p><!-- is a <br \/>--><\/p>\n<p><!-- is a object --><\/p>\n<h2>El violento asalto a la inmobiliaria<\/h2>\n<p><!-- end object --><\/p>\n<p>\u00a0<\/p>\n<p><!-- is a <br \/>--><\/p>\n<p>El episodio m\u00e1s reciente ocurri\u00f3 pasadas las 15 del viernes en una inmobiliaria de calle Avellaneda, a pocos metros de Sarmiento. Dos delincuentes llegaron hasta el establecimiento y tocaron el timbre para intentar ingresar. <\/p>\n<p><!-- is a <br \/>--><\/p>\n<p>\u00a0<\/p>\n<p><!-- is a <br \/>--><\/p>\n<p>Una trabajadora se acerc\u00f3 a abrir, pero inicialmente no encontr\u00f3 a nadie. Cuando intentaba cerrar nuevamente la puerta, los dos hombres irrumpieron violentamente. Seg\u00fan las primeras declaraciones de las v\u00edctimas, ambos ten\u00edan el rostro cubierto y al menos uno portaba un arma de fuego. <\/p>\n<p><!-- is a <br \/>--><\/p>\n<p>\u00a0<\/p>\n<p><!-- is a <br \/>--><\/p>\n<p>Una vez adentro, amenazaron a las personas presentes y se apoderaron de dinero en efectivo y tres tel\u00e9fonos celulares. Despu\u00e9s abandonaron r\u00e1pidamente la inmobiliaria y se dirigieron hacia la esquina de calle Sarmiento. <\/p>\n<p><!-- is a <br \/>--><\/p>\n<p><!-- is a object --><br \/>\n<!-- embed start --><\/p>\n<figure class=\"embed\">\n<p>    <img decoding=\"async\" src=\"https:\/\/elonce-media.elonce.com\/fotos\/2026\/09\/06\/e_1788701988_69588.webp\" loading=\"lazy\" width=\"600\" height=\"400\" alt=\"\"\/><\/p>\n<\/figure>\n<p><!-- embed end --><br \/>\n<!-- end object --><\/p>\n<p><!-- is a object --><\/p>\n<h2>Una camioneta los esperaba para escapar<\/h2>\n<p><!-- end object --><\/p>\n<p>\u00a0<\/p>\n<p><!-- is a <br \/>--><\/p>\n<p>De acuerdo con el relato de las v\u00edctimas, en las inmediaciones esperaba una camioneta blanca en la que los delincuentes continuaron la fuga. Esa caracter\u00edstica posteriormente resultar\u00eda relevante para vincular el episodio con otros atracos investigados por la Polic\u00eda. <\/p>\n<p><!-- is a <br \/>--><\/p>\n<p>\u00a0<\/p>\n<p><!-- is a <br \/>--><\/p>\n<p>Durante la huida, uno de los tel\u00e9fonos celulares sustra\u00eddos habr\u00eda sido descartado. El aparato fue encontrado posteriormente en inmediaciones de Santa Mar\u00eda de Oro y Humberto Primo, en la zona sur de Concordia. <\/p>\n<p><!-- is a <br \/>--><\/p>\n<p>\u00a0<\/p>\n<p><!-- is a <br \/>--><\/p>\n<p>La modalidad llam\u00f3 inmediatamente la atenci\u00f3n de los investigadores porque presentaba similitudes con otro violento asalto ocurrido apenas un d\u00eda antes en un comercio ubicado sobre avenida Independencia, en barrio La Bianca. <\/p>\n<p><!-- is a <br \/>--><\/p>\n<p>\u00a0<\/p>\n<p><!-- is a <br \/>--><\/p>\n<p><!-- is a object --><\/p>\n<h2>Los otros robos que investigan<\/h2>\n<p><!-- end object --><\/p>\n<p>\u00a0<\/p>\n<p><!-- is a <br \/>--><\/p>\n<p>En aquel episodio, dos hombres ingresaron al comercio, amenazaron a la persona que se encontraba atendiendo y se apoderaron de dinero en efectivo. Despu\u00e9s escaparon en una camioneta que los aguardaba en las inmediaciones. <\/p>\n<p><!-- is a <br \/>--><\/p>\n<p><!-- is a object --><br \/>\n<!-- embed start --><\/p>\n<figure class=\"embed\">\n<p>    <img decoding=\"async\" src=\"https:\/\/elonce-media.elonce.com\/fotos\/2026\/09\/06\/e_1788701988_29226.webp\" loading=\"lazy\" width=\"600\" height=\"400\" alt=\"\"\/><\/p>\n<\/figure>\n<p><!-- embed end --><br \/>\n<!-- end object --><\/p>\n<p>Un tercer robo calificado ocurrido recientemente en jurisdicci\u00f3n de La Bianca tambi\u00e9n qued\u00f3 incorporado a la pesquisa. Las coincidencias entre los hechos llevaron a los investigadores a analizar la posibilidad de que detr\u00e1s de los tres episodios estuviera la misma organizaci\u00f3n. <\/p>\n<p><!-- is a <br \/>--><\/p>\n<p>\u00a0<\/p>\n<p><!-- is a <br \/>--><\/p>\n<p>El veh\u00edculo utilizado, la cantidad de participantes y la distribuci\u00f3n de tareas fueron algunos de los aspectos considerados. A partir de esos datos, la Polic\u00eda comenz\u00f3 a reconstruir el recorrido de la camioneta y a identificar a quienes presuntamente intervinieron en los atracos. <\/p>\n<p><!-- is a <br \/>--><\/p>\n<p>\u00a0<\/p>\n<p><!-- is a <br \/>--><\/p>\n<p><!-- is a object --><\/p>\n<h2>Las c\u00e1maras, una pieza clave de la investigaci\u00f3n<\/h2>\n<p><!-- end object --><\/p>\n<p>\u00a0<\/p>\n<p><!-- is a <br \/>--><\/p>\n<p>Las im\u00e1genes obtenidas de c\u00e1maras pertenecientes al sistema de videovigilancia y de dispositivos particulares resultaron fundamentales para el avance de la causa. Los investigadores analizaron las grabaciones de distintos sectores para seguir los movimientos posteriores a cada robo. <\/p>\n<p><!-- is a <br \/>--><\/p>\n<p>\u00a0<\/p>\n<p><!-- is a <br \/>--><\/p>\n<p>Las filmaciones permitieron identificar caracter\u00edsticas de la camioneta y relacionarla posteriormente con sus presuntos ocupantes. Esa informaci\u00f3n fue complementada con testimonios y otros elementos incorporados durante las primeras horas posteriores a los hechos. <\/p>\n<p><!-- is a <br \/>--><\/p>\n<p>\u00a0<\/p>\n<p><!-- is a <br \/>--><\/p>\n<p>En los allanamientos tambi\u00e9n se buscaban prendas de vestir presuntamente utilizadas durante los asaltos, tel\u00e9fonos celulares y parte del dinero robado. Todo el material secuestrado ser\u00e1 sometido a las pericias correspondientes para establecer su eventual relaci\u00f3n con cada episodio. <\/p>\n<p><!-- is a <br \/>--><\/p>\n<p><!-- is a object --><br \/>\n<!-- embed start --><\/p>\n<figure class=\"embed\">\n<p>    <img decoding=\"async\" src=\"https:\/\/elonce-media.elonce.com\/fotos\/2026\/09\/06\/e_1788701988_70842.webp\" loading=\"lazy\" width=\"600\" height=\"400\" alt=\"\"\/><\/p>\n<\/figure>\n<p><!-- embed end --><br \/>\n<!-- end object --><\/p>\n<p><!-- is a object --><\/p>\n<h2>Tres armas secuestradas<\/h2>\n<p><!-- end object --><\/p>\n<p>\u00a0<\/p>\n<p><!-- is a <br \/>--><\/p>\n<p>Entre los elementos de mayor importancia para los investigadores aparecen las tres armas de fuego incautadas durante los procedimientos: dos pistolas calibre 9 mil\u00edmetros con cartucher\u00eda y una pistola calibre 22. <\/p>\n<p><!-- is a <br \/>--><\/p>\n<p>\u00a0<\/p>\n<p><!-- is a <br \/>--><\/p>\n<p>La Polic\u00eda deber\u00e1 determinar ahora si alguna de ellas fue utilizada efectivamente durante los robos. En el asalto a la inmobiliaria, las v\u00edctimas hab\u00edan relatado que al menos uno de los delincuentes portaba un arma cuando ingres\u00f3 al establecimiento. <\/p>\n<p><!-- is a <br \/>--><\/p>\n<p>\u00a0<\/p>\n<p><!-- is a <br \/>--><\/p>\n<p><b>\u201cCon los elementos reunidos y los secuestros realizados existe un importante caudal probatorio que permitir\u00e1 a la Fiscal\u00eda avanzar en las indagatorias y en las medidas procesales correspondientes\u201d<\/b>, sostuvo Rosatelli a <i>7P\u00e1ginas<\/i> sobre el resultado de los procedimientos. <\/p>\n<p><!-- is a <br \/>--><\/p>\n<p>\u00a0<\/p>\n<p><!-- is a <br \/>--><\/p>\n<p><!-- is a object --><\/p>\n<h2>Buscan a los dos sospechosos pr\u00f3fugos<\/h2>\n<p><!-- end object --><\/p>\n<p>\u00a0<\/p>\n<p><!-- is a <br \/>--><\/p>\n<p>La investigaci\u00f3n no termin\u00f3 con los allanamientos. La Polic\u00eda manten\u00eda este domingo la b\u00fasqueda de los dos hombres que todav\u00eda permanec\u00edan pr\u00f3fugos y sobre quienes pesan pedidos de captura. <\/p>\n<p><!-- is a <br \/>--><\/p>\n<p>\u00a0<\/p>\n<p><!-- is a <br \/>--><\/p>\n<p>En paralelo, la Fiscal\u00eda deber\u00e1 analizar las evidencias reunidas para establecer qu\u00e9 participaci\u00f3n habr\u00eda tenido cada uno de los tres detenidos en los diferentes hechos. La hip\u00f3tesis policial sostiene que exist\u00eda una divisi\u00f3n de funciones para ingresar a los lugares, concretar los robos, aportar armas y garantizar la movilidad durante las fugas. <\/p>\n<p><!-- is a <br \/>--><\/p>\n<p>\u00a0<\/p>\n<p><!-- is a <br \/>--><\/p>\n<p>Las actuaciones continuar\u00e1n con el an\u00e1lisis de las armas, tel\u00e9fonos, c\u00e1maras y dem\u00e1s elementos secuestrados. La Justicia deber\u00e1 determinar finalmente las responsabilidades individuales y establecer si los tres robos calificados investigados fueron efectivamente cometidos por la misma organizaci\u00f3n.<\/p>\n<\/p><\/div>\n<p><script async src=\"\/\/www.instagram.com\/embed.js\"><\/script><\/p>\n","protected":false},"excerpt":{"rendered":"<p>Un retirado del Ej\u00e9rcito comandaba la banda que asalt\u00f3 una inmobiliaria y que estar\u00eda vinculada con otros dos robos calificados ocurridos durante los \u00faltimos d\u00edas en Concordia, seg\u00fan la investigaci\u00f3n policial. Cuatro allanamientos realizados este s\u00e1bado terminaron con tres personas detenidas, mientras que otros dos sospechosos permanec\u00edan pr\u00f3fugos y con pedido de captura. \u00a0 Entre [&hellip;]<\/p>\n","protected":false},"author":1,"featured_media":25270,"comment_status":"open","ping_status":"open","sticky":false,"template":"","format":"standard","meta":{"footnotes":""},"categories":[1],"tags":[],"class_list":["post-25269","post","type-post","status-publish","format-standard","has-post-thumbnail","hentry","category-uncategorized"],"_links":{"self":[{"href":"https:\/\/cliente1.publisher.highstack.com.ar\/index.php?rest_route=\/wp\/v2\/posts\/25269","targetHints":{"allow":["GET"]}}],"collection":[{"href":"https:\/\/cliente1.publisher.highstack.com.ar\/index.php?rest_route=\/wp\/v2\/posts"}],"about":[{"href":"https:\/\/cliente1.publisher.highstack.com.ar\/index.php?rest_route=\/wp\/v2\/types\/post"}],"author":[{"embeddable":true,"href":"https:\/\/cliente1.publisher.highstack.com.ar\/index.php?rest_route=\/wp\/v2\/users\/1"}],"replies":[{"embeddable":true,"href":"https:\/\/cliente1.publisher.highstack.com.ar\/index.php?rest_route=%2Fwp%2Fv2%2Fcomments&post=25269"}],"version-history":[{"count":0,"href":"https:\/\/cliente1.publisher.highstack.com.ar\/index.php?rest_route=\/wp\/v2\/posts\/25269\/revisions"}],"wp:featuredmedia":[{"embeddable":true,"href":"https:\/\/cliente1.publisher.highstack.com.ar\/index.php?rest_route=\/wp\/v2\/media\/25270"}],"wp:attachment":[{"href":"https:\/\/cliente1.publisher.highstack.com.ar\/index.php?rest_route=%2Fwp%2Fv2%2Fmedia&parent=25269"}],"wp:term":[{"taxonomy":"category","embeddable":true,"href":"https:\/\/cliente1.publisher.highstack.com.ar\/index.php?rest_route=%2Fwp%2Fv2%2Fcategories&post=25269"},{"taxonomy":"post_tag","embeddable":true,"href":"https:\/\/cliente1.publisher.highstack.com.ar\/index.php?rest_route=%2Fwp%2Fv2%2Ftags&post=25269"}],"curies":[{"name":"wp","href":"https:\/\/api.w.org\/{rel}","templated":true}]}}